{"id":41556,"date":"2016-11-25T08:20:55","date_gmt":"2016-11-25T10:20:55","guid":{"rendered":"https:\/\/colinahomolog.com.br\/dev\/just-real-moms\/?p=41556"},"modified":"2016-11-24T18:52:09","modified_gmt":"2016-11-24T20:52:09","slug":"programacao-infantil-no-rio-de-janeiro-por-rio-kids-2","status":"publish","type":"post","link":"https:\/\/colinahomolog.com.br\/dev\/just-real-moms\/programacao-infantil-no-rio-de-janeiro-por-rio-kids-2\/","title":{"rendered":"Programa\u00e7\u00e3o infantil no Rio de Janeiro &#8211; por Rio Kids"},"content":{"rendered":"<button class=\"simplefavorite-button preset\" data-postid=\"41556\" data-siteid=\"1\" data-groupid=\"1\" data-favoritecount=\"0\" style=\"box-shadow:none;-webkit-box-shadow:none;-moz-box-shadow:none;background-color:#68ccb4;border-color:#68ccb4;color:#ffffff;\"><i class=\"sf-icon-favorite\" style=\"\"><\/i>Favorite<\/button><p>Ol\u00e1, moms!<\/p>\n<p>Como voc\u00eas est\u00e3o?<\/p>\n<p>Enfim chegou o final de semana! S\u00e3o dois dias de folga para curtir muitos os pequenos, por isso o <a href=\"http:\/\/riokids.com.br\/\" target=\"_blank\">Rio Kids<\/a> fez uma programa\u00e7\u00e3o super especial para as crian\u00e7as. Confiram o que rola na cidade maravilhosa!<\/p>\n<hr \/>\n<p>&nbsp;<\/p>\n<p style=\"text-align: center;\"><strong>Uma Aventura de Natal<\/strong><\/p>\n<p>Exposi\u00e7\u00e3o tem\u00e1tica apresentando uma trajet\u00f3ria l\u00fadica que percorre o Deserto, Galil\u00e9ia, Cidade do Papai Noel (com a casa da Vov\u00f3 Noel, casa dos doces, um teatro com apresenta\u00e7\u00f5es do coral de ursos, f\u00e1brica de brinquedos) e Mundo do Gelo (onde o Papai Noel vai recepcionar o p\u00fablico).<\/p>\n<p>Em todos os ambientes e cenografia com riqueza de detalhes, in\u00fameros bonecos de rob\u00f3tica e \u201canimatrons\u201d tornam essa experi\u00eancia e o programa familiar, algo para ser lembrado para sempre. O p\u00fablico ter\u00e1 a op\u00e7\u00e3o de participar de visitas guiadas por educadores, que ser\u00e3o oferecidas a cada 30 minutos. Idealizado pela Aventura Entretenimento, \u201cUma Aventura de Natal\u201d acontecer\u00e1 de entre os dias 10 e 28 de dezembro, no Armaz\u00e9m 2 do Pier Mau\u00e1.<\/p>\n<p>&nbsp;<\/p>\n<p>O evento contar\u00e1 ainda com o \u201cEspa\u00e7o Aventura\u201d, que ter\u00e1 conta\u00e7\u00e3o de hist\u00f3rias, atelier acrob\u00e1tico, parede de escalada, mundo da fantasia (maquiagem e fantasias de Natal para as crian\u00e7as), coro de ursos natalinos, pain\u00e9is tem\u00e1ticos, games e v\u00eddeos em realidade virtual. Food trucks com quitutes natalinos, palestras e oficinas tamb\u00e9m integram a programa\u00e7\u00e3o.<\/p>\n<p>&nbsp;<\/p>\n<p>O <a href=\"http:\/\/www.boulevard-olimpico.com\/\">Boulevard Ol\u00edmpico<\/a>\u00a0fica na Avenida Rodrigues Alves, 335 \u2013 Centro<\/p>\n<p>S\u00e1bado e domingo, dias 10 e 11 de dezembro, das 10h \u00e0s 22h; segunda-feira, dia 12 de dezembro, das 14h \u00e0s 22h<\/p>\n<p><img fetchpriority=\"high\" decoding=\"async\" class=\"aligncenter wp-image-41558 size-full\" src=\"https:\/\/colinahomolog.com.br\/dev\/just-real-moms\/wp-content\/uploads\/2016\/11\/1-3.jpg\" alt=\"Programa\u00e7\u00e3o infantil no Rio de Janeiro - por Rio Kids\" width=\"600\" height=\"477\" srcset=\"https:\/\/colinahomolog.com.br\/dev\/just-real-moms\/wp-content\/uploads\/2016\/11\/1-3.jpg 600w, https:\/\/colinahomolog.com.br\/dev\/just-real-moms\/wp-content\/uploads\/2016\/11\/1-3-400x318.jpg 400w\" sizes=\"(max-width: 600px) 100vw, 600px\" \/><\/p>\n<p>&nbsp;<\/p>\n<p style=\"text-align: center;\"><strong>&#8220;Quanta Energia&#8221;<\/strong><\/p>\n<p>O Quanta Energia! leva, de agosto a novembro de 2016, 40 apresenta\u00e7\u00f5es teatrais interativas para escolas municipais, naves do conhecimento, museus e centros culturais da cidade do Rio de Janeiro. Protagonizado por uma dupla de cientistas \u2018malucos\u2019, o espet\u00e1culo proporciona a crian\u00e7as, de 6 a 12 anos, a participa\u00e7\u00e3o em experi\u00eancias cient\u00edficas para conhecer as formas de gera\u00e7\u00e3o de energia el\u00e9trica e seus percursos at\u00e9 chegar \u00e0s resid\u00eancias. O Projeto faz parte do programa Favela Criativa, atrav\u00e9s do patroc\u00ednio da Light, do Governo do Rio de Janeiro, da Secretaria de Estado de Cultura, da Lei de Incentivo \u00e0 Cultura do Rio de Janeiro e do Programa de Efici\u00eancia Energ\u00e9tica ANEEL.<\/p>\n<p>&nbsp;<\/p>\n<p>Se o universo da energia el\u00e9trica parece muitas vezes abstrato para as crian\u00e7as e, por isso, dif\u00edcil de entender, no Quanta Energia! ele ganha formas e at\u00e9 cores diferentes. Durante 50 minutos, os participantes ir\u00e3o se deparar com curiosidades incr\u00edveis sobre a \u00e1gua e como esse elemento fluido pode se transformar em energia. Ir\u00e3o ainda descobrir o que \u00e9 e como funciona uma hidrel\u00e9trica; o que \u00e9 a dessaliniza\u00e7\u00e3o da \u00e1gua e como podemos preservar a por\u00e7\u00e3o pot\u00e1vel que existe em nosso planeta. Ao final desta incr\u00edvel experi\u00eancia, os presentes ter\u00e3o aprendido os conceitos de Efici\u00eancia Energ\u00e9tica de maneira divertida.<\/p>\n<p>&nbsp;<\/p>\n<p>E n\u00e3o para por ai. Com a Bobina de Tesla e as bolas de plasma os participantes observar\u00e3o os raios da eletricidade em a\u00e7\u00e3o por meio de objetos condutores e isolantes. Tamb\u00e9m desvendar\u00e3o a misteriosa origem da eletricidade capaz de acender uma l\u00e2mpada, por exemplo. Para completar, experimentos \u201cinterativos\u201d demonstrar\u00e3o os princ\u00edpios b\u00e1sicos da conserva\u00e7\u00e3o de energia.<\/p>\n<p>&nbsp;<\/p>\n<p>O evento acontece no P\u00eder Mau\u00e1, 1, Centro.<\/p>\n<p>Dura\u00e7\u00e3o: 50 minutos<\/p>\n<p>Classifica\u00e7\u00e3o: Livre<\/p>\n<p>Gratuito<\/p>\n<p>Indicado para crian\u00e7as de 6 a 12 anos<\/p>\n<p>&nbsp;<\/p>\n<p>Dia: 25\/11 \u2013 sexta-feira \u2013 Hor\u00e1rios: 10h | 14h | 15h30<\/p>\n<p>Dia: 26\/11 \u2013 s\u00e1bado \u2013 Hor\u00e1rios: 10h | 14h | 15h30<\/p>\n<p>Dia 27\/11 \u2013 domingo \u2013 Hor\u00e1rios: 10h | 14h<\/p>\n<p><img decoding=\"async\" class=\"aligncenter wp-image-41559 size-full\" src=\"https:\/\/colinahomolog.com.br\/dev\/just-real-moms\/wp-content\/uploads\/2016\/11\/2-5.jpg\" alt=\"Programa\u00e7\u00e3o infantil no Rio de Janeiro - por Rio Kids\" width=\"600\" height=\"400\" srcset=\"https:\/\/colinahomolog.com.br\/dev\/just-real-moms\/wp-content\/uploads\/2016\/11\/2-5.jpg 600w, https:\/\/colinahomolog.com.br\/dev\/just-real-moms\/wp-content\/uploads\/2016\/11\/2-5-400x267.jpg 400w, https:\/\/colinahomolog.com.br\/dev\/just-real-moms\/wp-content\/uploads\/2016\/11\/2-5-225x150.jpg 225w\" sizes=\"(max-width: 600px) 100vw, 600px\" \/><\/p>\n<p>&nbsp;<\/p>\n<p style=\"text-align: center;\"><strong>&#8220;A Arca de Nina&#8221;<\/strong><\/p>\n<p>&#8220;A Arca de Nina&#8221;, pe\u00e7a infantojuvenil dirigida pelas artistas Fl\u00e1via Lopes e Marise Nogueira, parceiras do Atelier Gravulo (espa\u00e7o de pesquisa e cria\u00e7\u00e3o da m\u00e1scara c\u00eanica e outras formas animadas), conta a hist\u00f3ria de Nina, uma intr\u00e9pida e t\u00edmida menina de oito anos que vive no por\u00e3o de sua casa e faz amizade com uma lagartixa que sonha em ser cineasta, que a leva para uma jornada cinematogr\u00e1fica sobre a complexa vida dos adultos, t\u00e3o incompreendida pela garotinha. V\u00eddeos, m\u00e1scaras, formas animadas e bonecos comp\u00f5em uma mistura de linguagens para apoiar a narrativa e refor\u00e7ar cada significado da dramaturgia de Aline Macedo escrita em processo colaborativo.<\/p>\n<p>&nbsp;<\/p>\n<p>A montagem estreia dia 27 de novembro, no Centro Cultural Municipal Parque das Ru\u00ednas em Santa Teresa, com sess\u00f5es aos domingos, \u00e0s 11h. Representada por uma boneca manipulada em tamanho natural, Nina vive as aventuras da sua imagina\u00e7\u00e3o de dentro do por\u00e3o de sua casa, onde se recusa a sair, e usa o pseud\u00f4nimo de Comandante Anouk Vel\u00e1squez. Ela planeja construir uma arca bem grande para fugir com todos os bichos do mundo e ficar bem longe dos adultos e seus problemas, fazendo uma alus\u00e3o ao Peter Pan e, quem sabe, evitar a dor do crescimento. Inconformada por n\u00e3o poder ter bichinhos de verdade, ela mesma confecciona seus animais de estima\u00e7\u00e3o com tudo que encontra pelo caminho.<\/p>\n<p>&nbsp;<\/p>\n<p>Sua m\u00e3e, interpretada pelas pernas da atriz Fl\u00e1via Lopes, tenta de forma criativa ajudar a menina a &#8220;sair da caverna&#8221;, e d\u00e1 a ela uma c\u00e2mera de presente, para estimular Nina a se conectar com o mundo fora do por\u00e3o.<\/p>\n<p>&nbsp;<\/p>\n<p>Nina acredita que o presente \u00e9 um bichinho de estima\u00e7\u00e3o, e ao descobrir que se trata de uma c\u00e2mera de filmar, fica muito decepcionada, ao contr\u00e1rio de Larissa Coppola, a lagartixa adolescente estudante de cinema (vivida por Nina Krieger) que vive escondida no por\u00e3o de Nina. Larissa se encanta com a oportunidade de usar a c\u00e2mera para fazer seus filmes, e se revela para Nina. As duas come\u00e7am uma grande amizade, inspirada nos quadrinhos Calvin e Haroldo.<\/p>\n<p>&nbsp;<\/p>\n<p>Temporada: 27 de novembro a 18 de dezembro.<\/p>\n<p>Dia\/hora: domingos \u00e0s 11h.<\/p>\n<p>Faixa Et\u00e1ria: livre<\/p>\n<p><img decoding=\"async\" class=\"aligncenter wp-image-41560 size-full\" src=\"https:\/\/colinahomolog.com.br\/dev\/just-real-moms\/wp-content\/uploads\/2016\/11\/3-1.jpg\" alt=\"Programa\u00e7\u00e3o infantil no Rio de Janeiro - por Rio Kids\" width=\"259\" height=\"194\" \/><\/p>\n<p>&nbsp;<\/p>\n<p style=\"text-align: center;\"><strong>Mickey e seus amigos se encontram com o p\u00fablico \u00a0no Natal do NorteShopping<\/strong><\/p>\n<p>O mundo m\u00e1gico de Disney\u00a0encanta o\u00a0Natal\u00a0do\u00a0NorteShopping com a chegada de um\u00a0evento divertido, interativo\u00a0e\u00a0repleto de fantasia.\u00a0Mickey\u00a0e seus amigos, Minnie, Pateta e Pato Donald\u00a0estar\u00e3o no NorteShopping especialmente para saudar a crian\u00e7ada, entre os dias 23 de novembro e 6 de dezembro, das 15h \u00e0s 18h30, e toda a fam\u00edlia poder\u00e1 tirar fotos com os personagens de forma gratuita, com suas pr\u00f3prias c\u00e2meras fotogr\u00e1ficas. Para dar mais conforto aos visitantes, ser\u00e3o distribu\u00eddas senhas, a partir das 14h30, para os\u00a0encontros,\u00a0em um balc\u00e3o localizado pr\u00f3ximo \u00e0 loja RiHappy.<\/p>\n<p>&nbsp;<\/p>\n<p>Encontro com Mickey e seus amigos no NorteShopping<\/p>\n<p>Data: entre 23 de novembro e 6 de dezembro<\/p>\n<p>Local: NorteShopping &#8211;\u00a0Av. Dom H\u00e9lder C\u00e2mara, 5474<\/p>\n<p>Hor\u00e1rio: entre 15h e 18h30 (distribui\u00e7\u00e3o de senhas em um balc\u00e3o pr\u00f3ximo \u00e0 loja RiHappy, a partir das 14h30<\/p>\n<p><img loading=\"lazy\" decoding=\"async\" class=\"aligncenter wp-image-41561 size-full\" src=\"https:\/\/colinahomolog.com.br\/dev\/just-real-moms\/wp-content\/uploads\/2016\/11\/4-5.jpg\" alt=\"Programa\u00e7\u00e3o infantil no Rio de Janeiro - por Rio Kids\" width=\"600\" height=\"450\" srcset=\"https:\/\/colinahomolog.com.br\/dev\/just-real-moms\/wp-content\/uploads\/2016\/11\/4-5.jpg 600w, https:\/\/colinahomolog.com.br\/dev\/just-real-moms\/wp-content\/uploads\/2016\/11\/4-5-400x300.jpg 400w\" sizes=\"(max-width: 600px) 100vw, 600px\" \/><\/p>\n<p>&nbsp;<\/p>\n<p style=\"text-align: center;\"><strong>Casa Ronald McDonald-RJ promove bazar beneficente de Natal <\/strong><\/p>\n<p>A Casa Ronald McDonald do Rio de Janeiro realiza entre 21 e 30\/11 o bazar beneficente de Natal, com roupas, sapatos e acess\u00f3rios de grandes marcas a pre\u00e7os especiais. Ser\u00e1 uma \u00f3tima oportunidade de adiantar as lembran\u00e7as de natal e presentear amigos e familiares e fazer uma boa a\u00e7\u00e3o. Toda renda arrecadada no bazar ser\u00e1 revertida em projetos da Institui\u00e7\u00e3o, que tem o compromisso de oferecer uma casa longe de casa para crian\u00e7as e adolescentes que lutam contra o c\u00e2ncer. A iniciativa acontece na sede da Casa Ronald, das 10 \u00e0s 17h, incluindo s\u00e1bado, dia 26\/11<\/p>\n<p>&nbsp;<\/p>\n<p>Dia: De 21 a 30 de novembro<\/p>\n<p>Hor\u00e1rio: das 10h \u00e0s 17h<\/p>\n<p>Endere\u00e7o: Rua Pedro Guedes, 29 \u2013 Maracan\u00e3 (Ao Lado da Universidade Veiga de Almeida e da esta\u00e7\u00e3o do Metr\u00f4 de S\u00e3o Crist\u00f3v\u00e3o)<\/p>\n<p><img loading=\"lazy\" decoding=\"async\" class=\"aligncenter wp-image-41562 size-full\" src=\"https:\/\/colinahomolog.com.br\/dev\/just-real-moms\/wp-content\/uploads\/2016\/11\/5-2-1.jpg\" alt=\"Programa\u00e7\u00e3o infantil no Rio de Janeiro - por Rio Kids\" width=\"600\" height=\"600\" srcset=\"https:\/\/colinahomolog.com.br\/dev\/just-real-moms\/wp-content\/uploads\/2016\/11\/5-2-1.jpg 600w, https:\/\/colinahomolog.com.br\/dev\/just-real-moms\/wp-content\/uploads\/2016\/11\/5-2-1-400x400.jpg 400w\" sizes=\"(max-width: 600px) 100vw, 600px\" \/><\/p>\n\n    <div class=\"xs_social_share_widget xs_share_url after_content \t\tmain_content  wslu-style-1 wslu-share-box-shaped wslu-fill-colored wslu-none wslu-share-horizontal wslu-theme-font-no wslu-main_content\">\n\n\t\t\n        <ul>\n\t\t\t        <\/ul>\n    <\/div> \n","protected":false},"excerpt":{"rendered":"<p>FavoriteOl\u00e1, moms! Como voc\u00eas est\u00e3o? Enfim chegou o final de semana! S\u00e3o dois dias de folga para curtir muitos os pequenos, por isso o Rio Kids fez uma programa\u00e7\u00e3o super especial para as crian\u00e7as. Confiram o que rola na cidade maravilhosa! &nbsp; Uma Aventura de Natal Exposi\u00e7\u00e3o tem\u00e1tica apresentando uma trajet\u00f3ria l\u00fadica que percorre o [&hellip;]<\/p>\n","protected":false},"author":1026,"featured_media":41557,"comment_status":"open","ping_status":"closed","sticky":false,"template":"","format":"standard","meta":{"_acf_changed":false,"footnotes":""},"categories":[33,1742,1824],"tags":[1870,1967,1858],"class_list":{"0":"post-41556","1":"post","2":"type-post","3":"status-publish","4":"format-standard","5":"has-post-thumbnail","7":"category-have-fun","8":"category-programacao","9":"category-programacao-rio-de-janeiro","10":"tag-passeios-infantis","11":"tag-passeios-no-rio-de-janeiro","12":"tag-programacao-infantil"},"acf":[],"yoast_head":"<!-- This site is optimized with the Yoast SEO Premium plugin v26.6 (Yoast SEO v26.6) - https:\/\/yoast.com\/wordpress\/plugins\/seo\/ -->\n<title>Programa\u00e7\u00e3o infantil no Rio de Janeiro - por Rio Kids<\/title>\n<meta name=\"description\" content=\"O final de semana chegou e o Rio Kids preparou uma programa\u00e7\u00e3o muito especial no Rio de Janeiro. Confiram o que rola na cidade maravilhosa!\" \/>\n<meta name=\"robots\" content=\"index, follow, max-snippet:-1, max-image-preview:large, max-video-preview:-1\" \/>\n<link rel=\"canonical\" href=\"https:\/\/colinahomolog.com.br\/dev\/just-real-moms\/programacao-infantil-no-rio-de-janeiro-por-rio-kids-2\/\" \/>\n<meta property=\"og:locale\" content=\"pt_BR\" \/>\n<meta property=\"og:type\" content=\"article\" \/>\n<meta property=\"og:title\" content=\"Programa\u00e7\u00e3o infantil no Rio de Janeiro - por Rio Kids\" \/>\n<meta property=\"og:description\" content=\"O final de semana chegou e o Rio Kids preparou uma programa\u00e7\u00e3o muito especial no Rio de Janeiro. Confiram o que rola na cidade maravilhosa!\" \/>\n<meta property=\"og:url\" content=\"https:\/\/colinahomolog.com.br\/dev\/just-real-moms\/programacao-infantil-no-rio-de-janeiro-por-rio-kids-2\/\" \/>\n<meta property=\"og:site_name\" content=\"Just Real Moms - Blog para M\u00e3es\" \/>\n<meta property=\"article:publisher\" content=\"https:\/\/www.facebook.com\/JustRealMoms\" \/>\n<meta property=\"article:published_time\" content=\"2016-11-25T10:20:55+00:00\" \/>\n<meta property=\"og:image\" content=\"https:\/\/colinahomolog.com.br\/dev\/just-real-moms\/wp-content\/uploads\/2016\/11\/4-4.jpg\" \/>\n\t<meta property=\"og:image:width\" content=\"960\" \/>\n\t<meta property=\"og:image:height\" content=\"720\" \/>\n\t<meta property=\"og:image:type\" content=\"image\/jpeg\" \/>\n<meta name=\"author\" content=\"Ana L\u00fa Gerodetti\" \/>\n<meta name=\"twitter:label1\" content=\"Escrito por\" \/>\n\t<meta name=\"twitter:data1\" content=\"Ana L\u00fa Gerodetti\" \/>\n\t<meta name=\"twitter:label2\" content=\"Est. tempo de leitura\" \/>\n\t<meta name=\"twitter:data2\" content=\"7 minutos\" \/>\n<script type=\"application\/ld+json\" class=\"yoast-schema-graph\">{\"@context\":\"https:\/\/schema.org\",\"@graph\":[{\"@type\":\"WebPage\",\"@id\":\"https:\/\/colinahomolog.com.br\/dev\/just-real-moms\/programacao-infantil-no-rio-de-janeiro-por-rio-kids-2\/\",\"url\":\"https:\/\/colinahomolog.com.br\/dev\/just-real-moms\/programacao-infantil-no-rio-de-janeiro-por-rio-kids-2\/\",\"name\":\"Programa\u00e7\u00e3o infantil no Rio de Janeiro - por Rio Kids\",\"isPartOf\":{\"@id\":\"https:\/\/colinahomolog.com.br\/dev\/just-real-moms\/#website\"},\"primaryImageOfPage\":{\"@id\":\"https:\/\/colinahomolog.com.br\/dev\/just-real-moms\/programacao-infantil-no-rio-de-janeiro-por-rio-kids-2\/#primaryimage\"},\"image\":{\"@id\":\"https:\/\/colinahomolog.com.br\/dev\/just-real-moms\/programacao-infantil-no-rio-de-janeiro-por-rio-kids-2\/#primaryimage\"},\"thumbnailUrl\":\"https:\/\/colinahomolog.com.br\/dev\/just-real-moms\/wp-content\/uploads\/2016\/11\/4-4.jpg\",\"datePublished\":\"2016-11-25T10:20:55+00:00\",\"author\":{\"@id\":\"https:\/\/colinahomolog.com.br\/dev\/just-real-moms\/#\/schema\/person\/515932a32be880c655c9a97801ec749d\"},\"description\":\"O final de semana chegou e o Rio Kids preparou uma programa\u00e7\u00e3o muito especial no Rio de Janeiro. Confiram o que rola na cidade maravilhosa!\",\"breadcrumb\":{\"@id\":\"https:\/\/colinahomolog.com.br\/dev\/just-real-moms\/programacao-infantil-no-rio-de-janeiro-por-rio-kids-2\/#breadcrumb\"},\"inLanguage\":\"pt-BR\",\"potentialAction\":[{\"@type\":\"ReadAction\",\"target\":[\"https:\/\/colinahomolog.com.br\/dev\/just-real-moms\/programacao-infantil-no-rio-de-janeiro-por-rio-kids-2\/\"]}]},{\"@type\":\"ImageObject\",\"inLanguage\":\"pt-BR\",\"@id\":\"https:\/\/colinahomolog.com.br\/dev\/just-real-moms\/programacao-infantil-no-rio-de-janeiro-por-rio-kids-2\/#primaryimage\",\"url\":\"https:\/\/colinahomolog.com.br\/dev\/just-real-moms\/wp-content\/uploads\/2016\/11\/4-4.jpg\",\"contentUrl\":\"https:\/\/colinahomolog.com.br\/dev\/just-real-moms\/wp-content\/uploads\/2016\/11\/4-4.jpg\",\"width\":960,\"height\":720},{\"@type\":\"BreadcrumbList\",\"@id\":\"https:\/\/colinahomolog.com.br\/dev\/just-real-moms\/programacao-infantil-no-rio-de-janeiro-por-rio-kids-2\/#breadcrumb\",\"itemListElement\":[{\"@type\":\"ListItem\",\"position\":1,\"name\":\"In\u00edcio\",\"item\":\"https:\/\/colinahomolog.com.br\/dev\/just-real-moms\/\"},{\"@type\":\"ListItem\",\"position\":2,\"name\":\"Programa\u00e7\u00e3o infantil no Rio de Janeiro &#8211; por Rio Kids\"}]},{\"@type\":\"WebSite\",\"@id\":\"https:\/\/colinahomolog.com.br\/dev\/just-real-moms\/#website\",\"url\":\"https:\/\/colinahomolog.com.br\/dev\/just-real-moms\/\",\"name\":\"Just Real Moms - Blog para M\u00e3es\",\"description\":\"O melhor e mais completo portal para m\u00e3es, pais e futuros pais!\",\"potentialAction\":[{\"@type\":\"SearchAction\",\"target\":{\"@type\":\"EntryPoint\",\"urlTemplate\":\"https:\/\/colinahomolog.com.br\/dev\/just-real-moms\/?s={search_term_string}\"},\"query-input\":{\"@type\":\"PropertyValueSpecification\",\"valueRequired\":true,\"valueName\":\"search_term_string\"}}],\"inLanguage\":\"pt-BR\"},{\"@type\":\"Person\",\"@id\":\"https:\/\/colinahomolog.com.br\/dev\/just-real-moms\/#\/schema\/person\/515932a32be880c655c9a97801ec749d\",\"name\":\"Ana L\u00fa Gerodetti\",\"url\":\"https:\/\/colinahomolog.com.br\/dev\/just-real-moms\/author\/ana-luisa\/\"}]}<\/script>\n<!-- \/ Yoast SEO Premium plugin. -->","yoast_head_json":{"title":"Programa\u00e7\u00e3o infantil no Rio de Janeiro - por Rio Kids","description":"O final de semana chegou e o Rio Kids preparou uma programa\u00e7\u00e3o muito especial no Rio de Janeiro. Confiram o que rola na cidade maravilhosa!","robots":{"index":"index","follow":"follow","max-snippet":"max-snippet:-1","max-image-preview":"max-image-preview:large","max-video-preview":"max-video-preview:-1"},"canonical":"https:\/\/colinahomolog.com.br\/dev\/just-real-moms\/programacao-infantil-no-rio-de-janeiro-por-rio-kids-2\/","og_locale":"pt_BR","og_type":"article","og_title":"Programa\u00e7\u00e3o infantil no Rio de Janeiro - por Rio Kids","og_description":"O final de semana chegou e o Rio Kids preparou uma programa\u00e7\u00e3o muito especial no Rio de Janeiro. Confiram o que rola na cidade maravilhosa!","og_url":"https:\/\/colinahomolog.com.br\/dev\/just-real-moms\/programacao-infantil-no-rio-de-janeiro-por-rio-kids-2\/","og_site_name":"Just Real Moms - Blog para M\u00e3es","article_publisher":"https:\/\/www.facebook.com\/JustRealMoms","article_published_time":"2016-11-25T10:20:55+00:00","og_image":[{"width":960,"height":720,"url":"https:\/\/colinahomolog.com.br\/dev\/just-real-moms\/wp-content\/uploads\/2016\/11\/4-4.jpg","type":"image\/jpeg"}],"author":"Ana L\u00fa Gerodetti","twitter_misc":{"Escrito por":"Ana L\u00fa Gerodetti","Est. tempo de leitura":"7 minutos"},"schema":{"@context":"https:\/\/schema.org","@graph":[{"@type":"WebPage","@id":"https:\/\/colinahomolog.com.br\/dev\/just-real-moms\/programacao-infantil-no-rio-de-janeiro-por-rio-kids-2\/","url":"https:\/\/colinahomolog.com.br\/dev\/just-real-moms\/programacao-infantil-no-rio-de-janeiro-por-rio-kids-2\/","name":"Programa\u00e7\u00e3o infantil no Rio de Janeiro - por Rio Kids","isPartOf":{"@id":"https:\/\/colinahomolog.com.br\/dev\/just-real-moms\/#website"},"primaryImageOfPage":{"@id":"https:\/\/colinahomolog.com.br\/dev\/just-real-moms\/programacao-infantil-no-rio-de-janeiro-por-rio-kids-2\/#primaryimage"},"image":{"@id":"https:\/\/colinahomolog.com.br\/dev\/just-real-moms\/programacao-infantil-no-rio-de-janeiro-por-rio-kids-2\/#primaryimage"},"thumbnailUrl":"https:\/\/colinahomolog.com.br\/dev\/just-real-moms\/wp-content\/uploads\/2016\/11\/4-4.jpg","datePublished":"2016-11-25T10:20:55+00:00","author":{"@id":"https:\/\/colinahomolog.com.br\/dev\/just-real-moms\/#\/schema\/person\/515932a32be880c655c9a97801ec749d"},"description":"O final de semana chegou e o Rio Kids preparou uma programa\u00e7\u00e3o muito especial no Rio de Janeiro. Confiram o que rola na cidade maravilhosa!","breadcrumb":{"@id":"https:\/\/colinahomolog.com.br\/dev\/just-real-moms\/programacao-infantil-no-rio-de-janeiro-por-rio-kids-2\/#breadcrumb"},"inLanguage":"pt-BR","potentialAction":[{"@type":"ReadAction","target":["https:\/\/colinahomolog.com.br\/dev\/just-real-moms\/programacao-infantil-no-rio-de-janeiro-por-rio-kids-2\/"]}]},{"@type":"ImageObject","inLanguage":"pt-BR","@id":"https:\/\/colinahomolog.com.br\/dev\/just-real-moms\/programacao-infantil-no-rio-de-janeiro-por-rio-kids-2\/#primaryimage","url":"https:\/\/colinahomolog.com.br\/dev\/just-real-moms\/wp-content\/uploads\/2016\/11\/4-4.jpg","contentUrl":"https:\/\/colinahomolog.com.br\/dev\/just-real-moms\/wp-content\/uploads\/2016\/11\/4-4.jpg","width":960,"height":720},{"@type":"BreadcrumbList","@id":"https:\/\/colinahomolog.com.br\/dev\/just-real-moms\/programacao-infantil-no-rio-de-janeiro-por-rio-kids-2\/#breadcrumb","itemListElement":[{"@type":"ListItem","position":1,"name":"In\u00edcio","item":"https:\/\/colinahomolog.com.br\/dev\/just-real-moms\/"},{"@type":"ListItem","position":2,"name":"Programa\u00e7\u00e3o infantil no Rio de Janeiro &#8211; por Rio Kids"}]},{"@type":"WebSite","@id":"https:\/\/colinahomolog.com.br\/dev\/just-real-moms\/#website","url":"https:\/\/colinahomolog.com.br\/dev\/just-real-moms\/","name":"Just Real Moms - Blog para M\u00e3es","description":"O melhor e mais completo portal para m\u00e3es, pais e futuros pais!","potentialAction":[{"@type":"SearchAction","target":{"@type":"EntryPoint","urlTemplate":"https:\/\/colinahomolog.com.br\/dev\/just-real-moms\/?s={search_term_string}"},"query-input":{"@type":"PropertyValueSpecification","valueRequired":true,"valueName":"search_term_string"}}],"inLanguage":"pt-BR"},{"@type":"Person","@id":"https:\/\/colinahomolog.com.br\/dev\/just-real-moms\/#\/schema\/person\/515932a32be880c655c9a97801ec749d","name":"Ana L\u00fa Gerodetti","url":"https:\/\/colinahomolog.com.br\/dev\/just-real-moms\/author\/ana-luisa\/"}]}},"_links":{"self":[{"href":"https:\/\/colinahomolog.com.br\/dev\/just-real-moms\/wp-json\/wp\/v2\/posts\/41556","targetHints":{"allow":["GET"]}}],"collection":[{"href":"https:\/\/colinahomolog.com.br\/dev\/just-real-moms\/wp-json\/wp\/v2\/posts"}],"about":[{"href":"https:\/\/colinahomolog.com.br\/dev\/just-real-moms\/wp-json\/wp\/v2\/types\/post"}],"author":[{"embeddable":true,"href":"https:\/\/colinahomolog.com.br\/dev\/just-real-moms\/wp-json\/wp\/v2\/users\/1026"}],"replies":[{"embeddable":true,"href":"https:\/\/colinahomolog.com.br\/dev\/just-real-moms\/wp-json\/wp\/v2\/comments?post=41556"}],"version-history":[{"count":0,"href":"https:\/\/colinahomolog.com.br\/dev\/just-real-moms\/wp-json\/wp\/v2\/posts\/41556\/revisions"}],"wp:featuredmedia":[{"embeddable":true,"href":"https:\/\/colinahomolog.com.br\/dev\/just-real-moms\/wp-json\/wp\/v2\/media\/41557"}],"wp:attachment":[{"href":"https:\/\/colinahomolog.com.br\/dev\/just-real-moms\/wp-json\/wp\/v2\/media?parent=41556"}],"wp:term":[{"taxonomy":"category","embeddable":true,"href":"https:\/\/colinahomolog.com.br\/dev\/just-real-moms\/wp-json\/wp\/v2\/categories?post=41556"},{"taxonomy":"post_tag","embeddable":true,"href":"https:\/\/colinahomolog.com.br\/dev\/just-real-moms\/wp-json\/wp\/v2\/tags?post=41556"}],"curies":[{"name":"wp","href":"https:\/\/api.w.org\/{rel}","templated":true}]}}