{"id":41647,"date":"2016-12-08T08:30:48","date_gmt":"2016-12-08T10:30:48","guid":{"rendered":"https:\/\/colinahomolog.com.br\/dev\/just-real-moms\/?p=41647"},"modified":"2017-01-12T16:32:07","modified_gmt":"2017-01-12T18:32:07","slug":"maternidade-com-emocao-por-ana-castelo-branco","status":"publish","type":"post","link":"https:\/\/colinahomolog.com.br\/dev\/just-real-moms\/maternidade-com-emocao-por-ana-castelo-branco\/","title":{"rendered":"Maternidade &#8220;com emo\u00e7\u00e3o&#8221; &#8211; por Ana Castelo Branco"},"content":{"rendered":"<button class=\"simplefavorite-button preset\" data-postid=\"41647\" data-siteid=\"1\" data-groupid=\"1\" data-favoritecount=\"0\" style=\"box-shadow:none;-webkit-box-shadow:none;-moz-box-shadow:none;background-color:#68ccb4;border-color:#68ccb4;color:#ffffff;\"><i class=\"sf-icon-favorite\" style=\"\"><\/i>Favorite<\/button><p>&nbsp;<\/p>\n<p>Ol\u00e1!<\/p>\n<p>Hoje temos a honra de apresentar a mais nova colunista do Just Real Moms. Conheci, h\u00e1 muito tempo atr\u00e1s, quando ainda trabalhava em ag\u00eancia de publicidade, a Ana Castelo Branco. Uma excelente redatora que sempre se destacou no mercado. Tempos depois, comecei a v\u00ea-la comentando alguns posts do blog e algumas amigas minhas em comum me contaram que a hist\u00f3ria dela era muito interessante e a convidei para escrever para n\u00f3s. Ana, que \u00e9 m\u00e3e do Mateus e da Helena, teve seu primeiro filho com S\u00edndrome de Down.<\/p>\n<p>Acho que estava faltando falar sobre esse tema mais a fundo aqui no blog. Ajudar e informar mais as \u00a0m\u00e3es, prestar um servi\u00e7o e fazer com que esta inclus\u00e3o seja realmente feita!<\/p>\n<p>Confiram o primeiro texto da Ana! Tenho certeza de que gostar\u00e3o!<\/p>\n<p>Mil Bjsss<\/p>\n<p>&nbsp;<\/p>\n<p>\u2026\u2026\u2026\u2026\u2026\u2026\u2026\u2026\u2026\u2026\u2026\u2026\u2026\u2026\u2026\u2026\u2026\u2026\u2026\u2026\u2026\u2026\u2026\u2026\u2026\u2026\u2026\u2026\u2026\u2026\u2026\u2026\u2026\u2026\u2026\u2026\u2026\u2026\u2026\u2026\u2026\u2026\u2026\u2026\u2026\u2026\u2026\u2026\u2026\u2026\u2026\u2026\u2026\u2026\u2026\u2026<\/p>\n<p>&nbsp;<\/p>\n<p>Costumo dizer que este neg\u00f3cio de virar m\u00e3e, para mim, foi com emo\u00e7\u00e3o. Escrevo o \u201ccom emo\u00e7\u00e3o\u201d lembrando daqueles bugueiros no Rio Grande do Norte que, antes de descer uma duna, perguntam: \u00c9 com emo\u00e7\u00e3o ou sem emo\u00e7\u00e3o? E voc\u00ea pensa: estou de f\u00e9rias neste lugar lindo, quero mais \u00e9 muita emo\u00e7\u00e3o. E dez segundos depois fica arrependida da resposta ao se ver empoleirada e chacoalhando em um treco sem cinto, sem teto e encarando a possibilidade de uma esfolia\u00e7\u00e3o muito mais que profunda no meio daquela areia toda.<\/p>\n<p>Minha maternidade foi assim. Com muita emo\u00e7\u00e3o. Juro que vou resumir. Nunca quis ter filhos. Mas, aos 37 anos e com um DIU vencido, bom, vamos tirar e ver no que d\u00e1. Gr\u00e1vida em 20 dias. Aborto com 9 semanas. Nunca, nunca, nunca imaginei que doesse tanto perder um beb\u00ea. Curetagem, evita por um tempo, libera. Gr\u00e1vida, de novo, em 20 dias. Chega o Mateus e a not\u00edcia da s\u00edndrome de down (nunca escrevo o nome dela em letras mai\u00fasculas; \u00e9 meu pequeno protesto pessoal, uma forma de n\u00e3o dar muita import\u00e2ncia \u00e0 danada). Vumbora digerir a hist\u00f3ria toda, amar loucamente aquele garotinho lindo demais e pesquisar sobre um universo diferente. Porque, sim, \u00e9 diferente. Quatro meses depois, uia, gr\u00e1vida de novo. Vem Helena. Mas, claro, n\u00e3o sem antes levantar a possibilidade de \u201ctalvez, quem sabe, ter alguma quest\u00e3ozinha que s\u00f3 poderemos averiguar melhor depois do parto\u201d, palavras da ultrassonografista. N\u00e3o, n\u00e3o foi tranquilo e nem favor\u00e1vel.<\/p>\n<p>Foi por estas e outras que, ao longo de 42 anos, j\u00e1 deu para aprender que nenhuma mudan\u00e7a acontece sem (adivinha o qu\u00ea) emo\u00e7\u00e3o. E que as grandes mudan\u00e7as, aquelas de verdadona mesmo, quase sempre s\u00e3o consequ\u00eancia de emo\u00e7\u00f5es, digamos, nem t\u00e3o f\u00e1ceis assim. Quase sempre s\u00e3o resultado de emo\u00e7\u00f5es que, se pud\u00e9ssemos escolher, nem viver\u00edamos.<\/p>\n<p>Tenha calma que este que este texto tem um final bacana e super pra cima. A inten\u00e7\u00e3o aqui \u00e9 apenas me apresentar e dizer que \u201cestamos juntas\u201d. Tornar-se m\u00e3e \u00e9 um processo intenso e do\u00eddo para todas. Achamos que vamos gerar uma vida e, quando vamos ver, somos n\u00f3s que estamos nascendo de novo. Acreditamos que vamos ensinar e, ops, descobrimos que estamos \u00e9 aprendendo muito mais. Educar? Caramba, como educar sem rever suas pr\u00f3prias atitudes? Aquelas em que voc\u00ea nem prestava aten\u00e7\u00e3o at\u00e9 outro dia?<\/p>\n<p>Mas pode reparar em uma coisa. Todo mundo que j\u00e1 fez um passeio de bugue pelas dunas do nordeste aconselha sempre o mesmo: quando o motorista perguntar se voc\u00ea quer o passeio com emo\u00e7\u00e3o, responda que sim. Vai dar o maior med\u00e3o. Mas vai ser muito, mas muito, mais legal.<\/p>\n<p>&nbsp;<\/p>\n<p><img fetchpriority=\"high\" decoding=\"async\" class=\"aligncenter size-full wp-image-41654\" src=\"https:\/\/colinahomolog.com.br\/dev\/just-real-moms\/wp-content\/uploads\/2016\/12\/anacastelobranco-just_real_moms-2.png\" alt=\"anacastelobranco-just_real_moms-2\" width=\"430\" height=\"602\" srcset=\"https:\/\/colinahomolog.com.br\/dev\/just-real-moms\/wp-content\/uploads\/2016\/12\/anacastelobranco-just_real_moms-2.png 430w, https:\/\/colinahomolog.com.br\/dev\/just-real-moms\/wp-content\/uploads\/2016\/12\/anacastelobranco-just_real_moms-2-400x560.png 400w, https:\/\/colinahomolog.com.br\/dev\/just-real-moms\/wp-content\/uploads\/2016\/12\/anacastelobranco-just_real_moms-2-429x600.png 429w\" sizes=\"(max-width: 430px) 100vw, 430px\" \/><\/p>\n<p style=\"text-align: center;\"><span style=\"color: #999999;\">Cr\u00e9dito de imagem: fotografia de Carol Bastos<\/span><\/p>\n<p>&nbsp;<\/p>\n\n    <div class=\"xs_social_share_widget xs_share_url after_content \t\tmain_content  wslu-style-1 wslu-share-box-shaped wslu-fill-colored wslu-none wslu-share-horizontal wslu-theme-font-no wslu-main_content\">\n\n\t\t\n        <ul>\n\t\t\t        <\/ul>\n    <\/div> \n","protected":false},"excerpt":{"rendered":"<p>Favorite&nbsp; Ol\u00e1! Hoje temos a honra de apresentar a mais nova colunista do Just Real Moms. Conheci, h\u00e1 muito tempo atr\u00e1s, quando ainda trabalhava em ag\u00eancia de publicidade, a Ana Castelo Branco. Uma excelente redatora que sempre se destacou no mercado. Tempos depois, comecei a v\u00ea-la comentando alguns posts do blog e algumas amigas minhas [&hellip;]<\/p>\n","protected":false},"author":4,"featured_media":41655,"comment_status":"open","ping_status":"closed","sticky":false,"template":"","format":"standard","meta":{"_acf_changed":false,"footnotes":""},"categories":[1786,30,1777],"tags":[],"class_list":{"0":"post-41647","1":"post","2":"type-post","3":"status-publish","4":"format-standard","5":"has-post-thumbnail","7":"category-cuidados-especiais","8":"category-de-mae-para-mae","9":"category-somos-todas-iguais"},"acf":[],"yoast_head":"<!-- This site is optimized with the Yoast SEO Premium plugin v26.6 (Yoast SEO v26.6) - https:\/\/yoast.com\/wordpress\/plugins\/seo\/ -->\n<title>Maternidade &quot;com emo\u00e7\u00e3o&quot; - por Ana Castelo Branco<\/title>\n<meta name=\"robots\" content=\"index, follow, max-snippet:-1, max-image-preview:large, max-video-preview:-1\" \/>\n<link rel=\"canonical\" href=\"https:\/\/colinahomolog.com.br\/dev\/just-real-moms\/maternidade-com-emocao-por-ana-castelo-branco\/\" \/>\n<meta property=\"og:locale\" content=\"pt_BR\" \/>\n<meta property=\"og:type\" content=\"article\" \/>\n<meta property=\"og:title\" content=\"Maternidade &quot;com emo\u00e7\u00e3o&quot; - por Ana Castelo Branco\" \/>\n<meta property=\"og:description\" content=\"Favorite&nbsp; Ol\u00e1! Hoje temos a honra de apresentar a mais nova colunista do Just Real Moms. Conheci, h\u00e1 muito tempo atr\u00e1s, quando ainda trabalhava em ag\u00eancia de publicidade, a Ana Castelo Branco. Uma excelente redatora que sempre se destacou no mercado. Tempos depois, comecei a v\u00ea-la comentando alguns posts do blog e algumas amigas minhas [&hellip;]\" \/>\n<meta property=\"og:url\" content=\"https:\/\/colinahomolog.com.br\/dev\/just-real-moms\/maternidade-com-emocao-por-ana-castelo-branco\/\" \/>\n<meta property=\"og:site_name\" content=\"Just Real Moms - Blog para M\u00e3es\" \/>\n<meta property=\"article:publisher\" content=\"https:\/\/www.facebook.com\/JustRealMoms\" \/>\n<meta property=\"article:published_time\" content=\"2016-12-08T10:30:48+00:00\" \/>\n<meta property=\"article:modified_time\" content=\"2017-01-12T18:32:07+00:00\" \/>\n<meta property=\"og:image\" content=\"https:\/\/colinahomolog.com.br\/dev\/just-real-moms\/wp-content\/uploads\/2016\/12\/sindromededown-just_real_moms-1.jpg\" \/>\n\t<meta property=\"og:image:width\" content=\"2513\" \/>\n\t<meta property=\"og:image:height\" content=\"1669\" \/>\n\t<meta property=\"og:image:type\" content=\"image\/jpeg\" \/>\n<meta name=\"author\" content=\"Renata\" \/>\n<meta name=\"twitter:label1\" content=\"Escrito por\" \/>\n\t<meta name=\"twitter:data1\" content=\"Renata\" \/>\n\t<meta name=\"twitter:label2\" content=\"Est. tempo de leitura\" \/>\n\t<meta name=\"twitter:data2\" content=\"3 minutos\" \/>\n<script type=\"application\/ld+json\" class=\"yoast-schema-graph\">{\"@context\":\"https:\/\/schema.org\",\"@graph\":[{\"@type\":\"WebPage\",\"@id\":\"https:\/\/colinahomolog.com.br\/dev\/just-real-moms\/maternidade-com-emocao-por-ana-castelo-branco\/\",\"url\":\"https:\/\/colinahomolog.com.br\/dev\/just-real-moms\/maternidade-com-emocao-por-ana-castelo-branco\/\",\"name\":\"Maternidade \\\"com emo\u00e7\u00e3o\\\" - por Ana Castelo Branco\",\"isPartOf\":{\"@id\":\"https:\/\/colinahomolog.com.br\/dev\/just-real-moms\/#website\"},\"primaryImageOfPage\":{\"@id\":\"https:\/\/colinahomolog.com.br\/dev\/just-real-moms\/maternidade-com-emocao-por-ana-castelo-branco\/#primaryimage\"},\"image\":{\"@id\":\"https:\/\/colinahomolog.com.br\/dev\/just-real-moms\/maternidade-com-emocao-por-ana-castelo-branco\/#primaryimage\"},\"thumbnailUrl\":\"https:\/\/colinahomolog.com.br\/dev\/just-real-moms\/wp-content\/uploads\/2016\/12\/sindromededown-just_real_moms-1.jpg\",\"datePublished\":\"2016-12-08T10:30:48+00:00\",\"dateModified\":\"2017-01-12T18:32:07+00:00\",\"author\":{\"@id\":\"https:\/\/colinahomolog.com.br\/dev\/just-real-moms\/#\/schema\/person\/2f9d85c04a6847c0f366e0a40924a2fa\"},\"breadcrumb\":{\"@id\":\"https:\/\/colinahomolog.com.br\/dev\/just-real-moms\/maternidade-com-emocao-por-ana-castelo-branco\/#breadcrumb\"},\"inLanguage\":\"pt-BR\",\"potentialAction\":[{\"@type\":\"ReadAction\",\"target\":[\"https:\/\/colinahomolog.com.br\/dev\/just-real-moms\/maternidade-com-emocao-por-ana-castelo-branco\/\"]}]},{\"@type\":\"ImageObject\",\"inLanguage\":\"pt-BR\",\"@id\":\"https:\/\/colinahomolog.com.br\/dev\/just-real-moms\/maternidade-com-emocao-por-ana-castelo-branco\/#primaryimage\",\"url\":\"https:\/\/colinahomolog.com.br\/dev\/just-real-moms\/wp-content\/uploads\/2016\/12\/sindromededown-just_real_moms-1.jpg\",\"contentUrl\":\"https:\/\/colinahomolog.com.br\/dev\/just-real-moms\/wp-content\/uploads\/2016\/12\/sindromededown-just_real_moms-1.jpg\",\"width\":2513,\"height\":1669},{\"@type\":\"BreadcrumbList\",\"@id\":\"https:\/\/colinahomolog.com.br\/dev\/just-real-moms\/maternidade-com-emocao-por-ana-castelo-branco\/#breadcrumb\",\"itemListElement\":[{\"@type\":\"ListItem\",\"position\":1,\"name\":\"In\u00edcio\",\"item\":\"https:\/\/colinahomolog.com.br\/dev\/just-real-moms\/\"},{\"@type\":\"ListItem\",\"position\":2,\"name\":\"Maternidade &#8220;com emo\u00e7\u00e3o&#8221; &#8211; por Ana Castelo Branco\"}]},{\"@type\":\"WebSite\",\"@id\":\"https:\/\/colinahomolog.com.br\/dev\/just-real-moms\/#website\",\"url\":\"https:\/\/colinahomolog.com.br\/dev\/just-real-moms\/\",\"name\":\"Just Real Moms - Blog para M\u00e3es\",\"description\":\"O melhor e mais completo portal para m\u00e3es, pais e futuros pais!\",\"potentialAction\":[{\"@type\":\"SearchAction\",\"target\":{\"@type\":\"EntryPoint\",\"urlTemplate\":\"https:\/\/colinahomolog.com.br\/dev\/just-real-moms\/?s={search_term_string}\"},\"query-input\":{\"@type\":\"PropertyValueSpecification\",\"valueRequired\":true,\"valueName\":\"search_term_string\"}}],\"inLanguage\":\"pt-BR\"},{\"@type\":\"Person\",\"@id\":\"https:\/\/colinahomolog.com.br\/dev\/just-real-moms\/#\/schema\/person\/2f9d85c04a6847c0f366e0a40924a2fa\",\"name\":\"Renata\",\"url\":\"https:\/\/colinahomolog.com.br\/dev\/just-real-moms\/author\/renata\/\"}]}<\/script>\n<!-- \/ Yoast SEO Premium plugin. -->","yoast_head_json":{"title":"Maternidade \"com emo\u00e7\u00e3o\" - por Ana Castelo Branco","robots":{"index":"index","follow":"follow","max-snippet":"max-snippet:-1","max-image-preview":"max-image-preview:large","max-video-preview":"max-video-preview:-1"},"canonical":"https:\/\/colinahomolog.com.br\/dev\/just-real-moms\/maternidade-com-emocao-por-ana-castelo-branco\/","og_locale":"pt_BR","og_type":"article","og_title":"Maternidade \"com emo\u00e7\u00e3o\" - por Ana Castelo Branco","og_description":"Favorite&nbsp; Ol\u00e1! Hoje temos a honra de apresentar a mais nova colunista do Just Real Moms. Conheci, h\u00e1 muito tempo atr\u00e1s, quando ainda trabalhava em ag\u00eancia de publicidade, a Ana Castelo Branco. Uma excelente redatora que sempre se destacou no mercado. Tempos depois, comecei a v\u00ea-la comentando alguns posts do blog e algumas amigas minhas [&hellip;]","og_url":"https:\/\/colinahomolog.com.br\/dev\/just-real-moms\/maternidade-com-emocao-por-ana-castelo-branco\/","og_site_name":"Just Real Moms - Blog para M\u00e3es","article_publisher":"https:\/\/www.facebook.com\/JustRealMoms","article_published_time":"2016-12-08T10:30:48+00:00","article_modified_time":"2017-01-12T18:32:07+00:00","og_image":[{"width":2513,"height":1669,"url":"https:\/\/colinahomolog.com.br\/dev\/just-real-moms\/wp-content\/uploads\/2016\/12\/sindromededown-just_real_moms-1.jpg","type":"image\/jpeg"}],"author":"Renata","twitter_misc":{"Escrito por":"Renata","Est. tempo de leitura":"3 minutos"},"schema":{"@context":"https:\/\/schema.org","@graph":[{"@type":"WebPage","@id":"https:\/\/colinahomolog.com.br\/dev\/just-real-moms\/maternidade-com-emocao-por-ana-castelo-branco\/","url":"https:\/\/colinahomolog.com.br\/dev\/just-real-moms\/maternidade-com-emocao-por-ana-castelo-branco\/","name":"Maternidade \"com emo\u00e7\u00e3o\" - por Ana Castelo Branco","isPartOf":{"@id":"https:\/\/colinahomolog.com.br\/dev\/just-real-moms\/#website"},"primaryImageOfPage":{"@id":"https:\/\/colinahomolog.com.br\/dev\/just-real-moms\/maternidade-com-emocao-por-ana-castelo-branco\/#primaryimage"},"image":{"@id":"https:\/\/colinahomolog.com.br\/dev\/just-real-moms\/maternidade-com-emocao-por-ana-castelo-branco\/#primaryimage"},"thumbnailUrl":"https:\/\/colinahomolog.com.br\/dev\/just-real-moms\/wp-content\/uploads\/2016\/12\/sindromededown-just_real_moms-1.jpg","datePublished":"2016-12-08T10:30:48+00:00","dateModified":"2017-01-12T18:32:07+00:00","author":{"@id":"https:\/\/colinahomolog.com.br\/dev\/just-real-moms\/#\/schema\/person\/2f9d85c04a6847c0f366e0a40924a2fa"},"breadcrumb":{"@id":"https:\/\/colinahomolog.com.br\/dev\/just-real-moms\/maternidade-com-emocao-por-ana-castelo-branco\/#breadcrumb"},"inLanguage":"pt-BR","potentialAction":[{"@type":"ReadAction","target":["https:\/\/colinahomolog.com.br\/dev\/just-real-moms\/maternidade-com-emocao-por-ana-castelo-branco\/"]}]},{"@type":"ImageObject","inLanguage":"pt-BR","@id":"https:\/\/colinahomolog.com.br\/dev\/just-real-moms\/maternidade-com-emocao-por-ana-castelo-branco\/#primaryimage","url":"https:\/\/colinahomolog.com.br\/dev\/just-real-moms\/wp-content\/uploads\/2016\/12\/sindromededown-just_real_moms-1.jpg","contentUrl":"https:\/\/colinahomolog.com.br\/dev\/just-real-moms\/wp-content\/uploads\/2016\/12\/sindromededown-just_real_moms-1.jpg","width":2513,"height":1669},{"@type":"BreadcrumbList","@id":"https:\/\/colinahomolog.com.br\/dev\/just-real-moms\/maternidade-com-emocao-por-ana-castelo-branco\/#breadcrumb","itemListElement":[{"@type":"ListItem","position":1,"name":"In\u00edcio","item":"https:\/\/colinahomolog.com.br\/dev\/just-real-moms\/"},{"@type":"ListItem","position":2,"name":"Maternidade &#8220;com emo\u00e7\u00e3o&#8221; &#8211; por Ana Castelo Branco"}]},{"@type":"WebSite","@id":"https:\/\/colinahomolog.com.br\/dev\/just-real-moms\/#website","url":"https:\/\/colinahomolog.com.br\/dev\/just-real-moms\/","name":"Just Real Moms - Blog para M\u00e3es","description":"O melhor e mais completo portal para m\u00e3es, pais e futuros pais!","potentialAction":[{"@type":"SearchAction","target":{"@type":"EntryPoint","urlTemplate":"https:\/\/colinahomolog.com.br\/dev\/just-real-moms\/?s={search_term_string}"},"query-input":{"@type":"PropertyValueSpecification","valueRequired":true,"valueName":"search_term_string"}}],"inLanguage":"pt-BR"},{"@type":"Person","@id":"https:\/\/colinahomolog.com.br\/dev\/just-real-moms\/#\/schema\/person\/2f9d85c04a6847c0f366e0a40924a2fa","name":"Renata","url":"https:\/\/colinahomolog.com.br\/dev\/just-real-moms\/author\/renata\/"}]}},"_links":{"self":[{"href":"https:\/\/colinahomolog.com.br\/dev\/just-real-moms\/wp-json\/wp\/v2\/posts\/41647","targetHints":{"allow":["GET"]}}],"collection":[{"href":"https:\/\/colinahomolog.com.br\/dev\/just-real-moms\/wp-json\/wp\/v2\/posts"}],"about":[{"href":"https:\/\/colinahomolog.com.br\/dev\/just-real-moms\/wp-json\/wp\/v2\/types\/post"}],"author":[{"embeddable":true,"href":"https:\/\/colinahomolog.com.br\/dev\/just-real-moms\/wp-json\/wp\/v2\/users\/4"}],"replies":[{"embeddable":true,"href":"https:\/\/colinahomolog.com.br\/dev\/just-real-moms\/wp-json\/wp\/v2\/comments?post=41647"}],"version-history":[{"count":0,"href":"https:\/\/colinahomolog.com.br\/dev\/just-real-moms\/wp-json\/wp\/v2\/posts\/41647\/revisions"}],"wp:featuredmedia":[{"embeddable":true,"href":"https:\/\/colinahomolog.com.br\/dev\/just-real-moms\/wp-json\/wp\/v2\/media\/41655"}],"wp:attachment":[{"href":"https:\/\/colinahomolog.com.br\/dev\/just-real-moms\/wp-json\/wp\/v2\/media?parent=41647"}],"wp:term":[{"taxonomy":"category","embeddable":true,"href":"https:\/\/colinahomolog.com.br\/dev\/just-real-moms\/wp-json\/wp\/v2\/categories?post=41647"},{"taxonomy":"post_tag","embeddable":true,"href":"https:\/\/colinahomolog.com.br\/dev\/just-real-moms\/wp-json\/wp\/v2\/tags?post=41647"}],"curies":[{"name":"wp","href":"https:\/\/api.w.org\/{rel}","templated":true}]}}