{"id":41870,"date":"2016-12-30T07:00:36","date_gmt":"2016-12-30T09:00:36","guid":{"rendered":"https:\/\/colinahomolog.com.br\/dev\/just-real-moms\/?p=41870"},"modified":"2016-12-31T17:25:30","modified_gmt":"2016-12-31T19:25:30","slug":"passeios-de-ferias-em-sao-paulo-por-bora-ai","status":"publish","type":"post","link":"https:\/\/colinahomolog.com.br\/dev\/just-real-moms\/passeios-de-ferias-em-sao-paulo-por-bora-ai\/","title":{"rendered":"Passeios de f\u00e9rias em S\u00e3o Paulo &#8211; por bora.ai"},"content":{"rendered":"<button class=\"simplefavorite-button preset\" data-postid=\"41870\" data-siteid=\"1\" data-groupid=\"1\" data-favoritecount=\"0\" style=\"box-shadow:none;-webkit-box-shadow:none;-moz-box-shadow:none;background-color:#68ccb4;border-color:#68ccb4;color:#ffffff;\"><i class=\"sf-icon-favorite\" style=\"\"><\/i>Favorite<\/button><p>&nbsp;<\/p>\n<p>Ol\u00e1, moms!<\/p>\n<p>Tudo bom?<\/p>\n<p>Durante as f\u00e9rias, costumamos ter mais tempo para passar com os pequenos, afinal, eles n\u00e3o precisam ir \u00e0 aula.<\/p>\n<p>Por causa do tempo livre, este m\u00eas \u00e9 um dos melhores para a programa\u00e7\u00e3o infantil, ent\u00e3o, \u00a0o <a href=\"http:\/\/bora.ai\" target=\"_blank\">bora.ai<\/a> preparou uma lista com os melhores passeios de S\u00e3o Paulo. Confiram!<\/p>\n<p>&nbsp;<\/p>\n<hr \/>\n<p>&nbsp;<\/p>\n<p>O\u00a0<a href=\"http:\/\/bora.ai\/sp\/passeios\/festival-de-ferias-espetaculos-diarios\" target=\"_blank\">Festival de F\u00e9rias do Teatro Folha<\/a> acontece diariamente de 02 a 29 de janeiro trazendo nove pe\u00e7as repletas de aventura, com\u00e9dia, suspense e surpresas para os pequenos e tamb\u00e9m para os maiorzinhos!<\/p>\n<p>&nbsp;<\/p>\n<p><img fetchpriority=\"high\" decoding=\"async\" class=\"aligncenter wp-image-41872 size-full\" src=\"https:\/\/colinahomolog.com.br\/dev\/just-real-moms\/wp-content\/uploads\/2016\/12\/1-8.jpg\" alt=\"Passeios de f\u00e9rias em S\u00e3o Paulo - por bora.ai\" width=\"600\" height=\"328\" srcset=\"https:\/\/colinahomolog.com.br\/dev\/just-real-moms\/wp-content\/uploads\/2016\/12\/1-8.jpg 600w, https:\/\/colinahomolog.com.br\/dev\/just-real-moms\/wp-content\/uploads\/2016\/12\/1-8-400x219.jpg 400w\" sizes=\"(max-width: 600px) 100vw, 600px\" \/><\/p>\n<p>&nbsp;<\/p>\n<p>Nas f\u00e9rias de ver\u00e3o, o Theatro Net <a href=\"http:\/\/bora.ai\/sp\/passeios\/mostra-de-infantis-do-theatro-net\" target=\"_blank\">apresenta uma animada Mostra de Espet\u00e1culos Infantis<\/a>, trazendo oito hist\u00f3rias que ser\u00e3o encenadas de quinta a domingo!<\/p>\n<p>&nbsp;<\/p>\n<p><img decoding=\"async\" class=\"aligncenter wp-image-41873 size-full\" src=\"https:\/\/colinahomolog.com.br\/dev\/just-real-moms\/wp-content\/uploads\/2016\/12\/2-7.jpg\" alt=\"2\" width=\"600\" height=\"266\" srcset=\"https:\/\/colinahomolog.com.br\/dev\/just-real-moms\/wp-content\/uploads\/2016\/12\/2-7.jpg 600w, https:\/\/colinahomolog.com.br\/dev\/just-real-moms\/wp-content\/uploads\/2016\/12\/2-7-400x177.jpg 400w\" sizes=\"(max-width: 600px) 100vw, 600px\" \/><\/p>\n<p>&nbsp;<\/p>\n<p>O <a href=\"http:\/\/bora.ai\/sp\/passeios\/teatro-nas-ferias\" target=\"_blank\">Teatro Viradalata<\/a> est\u00e1 com uma programa\u00e7\u00e3o de f\u00e9rias que vai fazer a alegria dos espectadores mirins!<\/p>\n<p>&nbsp;<\/p>\n<p><img decoding=\"async\" class=\"aligncenter wp-image-41874 size-full\" src=\"https:\/\/colinahomolog.com.br\/dev\/just-real-moms\/wp-content\/uploads\/2016\/12\/3-6.jpg\" alt=\"3\" width=\"600\" height=\"328\" srcset=\"https:\/\/colinahomolog.com.br\/dev\/just-real-moms\/wp-content\/uploads\/2016\/12\/3-6.jpg 600w, https:\/\/colinahomolog.com.br\/dev\/just-real-moms\/wp-content\/uploads\/2016\/12\/3-6-400x219.jpg 400w\" sizes=\"(max-width: 600px) 100vw, 600px\" \/><\/p>\n<p>&nbsp;<\/p>\n<p>Nestas f\u00e9rias escolares, acontece mais uma edi\u00e7\u00e3o do \u201c<a href=\"http:\/\/bora.ai\/sp\/passeios\/festival-de-ferias-do-teatro-morumbishopping\" target=\"_blank\">Festival de F\u00e9rias do Teatro MorumbiShopping<\/a>\u201d!<\/p>\n<p>&nbsp;<\/p>\n<p><img loading=\"lazy\" decoding=\"async\" class=\"aligncenter wp-image-41875 size-full\" src=\"https:\/\/colinahomolog.com.br\/dev\/just-real-moms\/wp-content\/uploads\/2016\/12\/4-6.jpg\" alt=\"4\" width=\"600\" height=\"328\" srcset=\"https:\/\/colinahomolog.com.br\/dev\/just-real-moms\/wp-content\/uploads\/2016\/12\/4-6.jpg 600w, https:\/\/colinahomolog.com.br\/dev\/just-real-moms\/wp-content\/uploads\/2016\/12\/4-6-400x219.jpg 400w\" sizes=\"(max-width: 600px) 100vw, 600px\" \/><\/p>\n<p>&nbsp;<\/p>\n<p>Para conferirem mais passeios infantis de f\u00e9rias, acessem o <a href=\"http:\/\/bora.ai\" target=\"_blank\">bora.ai<\/a>!<\/p>\n<p>&nbsp;<\/p>\n\n    <div class=\"xs_social_share_widget xs_share_url after_content \t\tmain_content  wslu-style-1 wslu-share-box-shaped wslu-fill-colored wslu-none wslu-share-horizontal wslu-theme-font-no wslu-main_content\">\n\n\t\t\n        <ul>\n\t\t\t        <\/ul>\n    <\/div> \n","protected":false},"excerpt":{"rendered":"<p>Favorite&nbsp; Ol\u00e1, moms! Tudo bom? Durante as f\u00e9rias, costumamos ter mais tempo para passar com os pequenos, afinal, eles n\u00e3o precisam ir \u00e0 aula. Por causa do tempo livre, este m\u00eas \u00e9 um dos melhores para a programa\u00e7\u00e3o infantil, ent\u00e3o, \u00a0o bora.ai preparou uma lista com os melhores passeios de S\u00e3o Paulo. Confiram! &nbsp; &nbsp; [&hellip;]<\/p>\n","protected":false},"author":1026,"featured_media":41871,"comment_status":"open","ping_status":"closed","sticky":false,"template":"","format":"standard","meta":{"_acf_changed":false,"footnotes":""},"categories":[33,1742,1823],"tags":[1989,1858],"class_list":{"0":"post-41870","1":"post","2":"type-post","3":"status-publish","4":"format-standard","5":"has-post-thumbnail","7":"category-have-fun","8":"category-programacao","9":"category-programacao-sao-paulo","10":"tag-passeios-de-ferias","11":"tag-programacao-infantil"},"acf":[],"yoast_head":"<!-- This site is optimized with the Yoast SEO Premium plugin v26.6 (Yoast SEO v26.6) - https:\/\/yoast.com\/wordpress\/plugins\/seo\/ -->\n<title>Passeios de f\u00e9rias em S\u00e3o Paulo - por bora.ai<\/title>\n<meta name=\"description\" content=\"Com a chegada das f\u00e9rias de janeiro, os pequenos tem mais tempo livre para curtir passeios legais. Confiram a programa\u00e7\u00e3o do fim de semana em S\u00e3o Paulo!\" \/>\n<meta name=\"robots\" content=\"index, follow, max-snippet:-1, max-image-preview:large, max-video-preview:-1\" \/>\n<link rel=\"canonical\" href=\"https:\/\/colinahomolog.com.br\/dev\/just-real-moms\/passeios-de-ferias-em-sao-paulo-por-bora-ai\/\" \/>\n<meta property=\"og:locale\" content=\"pt_BR\" \/>\n<meta property=\"og:type\" content=\"article\" \/>\n<meta property=\"og:title\" content=\"Passeios de f\u00e9rias em S\u00e3o Paulo - por bora.ai\" \/>\n<meta property=\"og:description\" content=\"Com a chegada das f\u00e9rias de janeiro, os pequenos tem mais tempo livre para curtir passeios legais. Confiram a programa\u00e7\u00e3o do fim de semana em S\u00e3o Paulo!\" \/>\n<meta property=\"og:url\" content=\"https:\/\/colinahomolog.com.br\/dev\/just-real-moms\/passeios-de-ferias-em-sao-paulo-por-bora-ai\/\" \/>\n<meta property=\"og:site_name\" content=\"Just Real Moms - Blog para M\u00e3es\" \/>\n<meta property=\"article:publisher\" content=\"https:\/\/www.facebook.com\/JustRealMoms\" \/>\n<meta property=\"article:published_time\" content=\"2016-12-30T09:00:36+00:00\" \/>\n<meta property=\"article:modified_time\" content=\"2016-12-31T19:25:30+00:00\" \/>\n<meta property=\"og:image\" content=\"https:\/\/colinahomolog.com.br\/dev\/just-real-moms\/wp-content\/uploads\/2016\/12\/1-7.jpg\" \/>\n\t<meta property=\"og:image:width\" content=\"932\" \/>\n\t<meta property=\"og:image:height\" content=\"509\" \/>\n\t<meta property=\"og:image:type\" content=\"image\/jpeg\" \/>\n<meta name=\"author\" content=\"Ana L\u00fa Gerodetti\" \/>\n<meta name=\"twitter:label1\" content=\"Escrito por\" \/>\n\t<meta name=\"twitter:data1\" content=\"Ana L\u00fa Gerodetti\" \/>\n\t<meta name=\"twitter:label2\" content=\"Est. tempo de leitura\" \/>\n\t<meta name=\"twitter:data2\" content=\"1 minuto\" \/>\n<script type=\"application\/ld+json\" class=\"yoast-schema-graph\">{\"@context\":\"https:\/\/schema.org\",\"@graph\":[{\"@type\":\"WebPage\",\"@id\":\"https:\/\/colinahomolog.com.br\/dev\/just-real-moms\/passeios-de-ferias-em-sao-paulo-por-bora-ai\/\",\"url\":\"https:\/\/colinahomolog.com.br\/dev\/just-real-moms\/passeios-de-ferias-em-sao-paulo-por-bora-ai\/\",\"name\":\"Passeios de f\u00e9rias em S\u00e3o Paulo - por bora.ai\",\"isPartOf\":{\"@id\":\"https:\/\/colinahomolog.com.br\/dev\/just-real-moms\/#website\"},\"primaryImageOfPage\":{\"@id\":\"https:\/\/colinahomolog.com.br\/dev\/just-real-moms\/passeios-de-ferias-em-sao-paulo-por-bora-ai\/#primaryimage\"},\"image\":{\"@id\":\"https:\/\/colinahomolog.com.br\/dev\/just-real-moms\/passeios-de-ferias-em-sao-paulo-por-bora-ai\/#primaryimage\"},\"thumbnailUrl\":\"https:\/\/colinahomolog.com.br\/dev\/just-real-moms\/wp-content\/uploads\/2016\/12\/1-7.jpg\",\"datePublished\":\"2016-12-30T09:00:36+00:00\",\"dateModified\":\"2016-12-31T19:25:30+00:00\",\"author\":{\"@id\":\"https:\/\/colinahomolog.com.br\/dev\/just-real-moms\/#\/schema\/person\/515932a32be880c655c9a97801ec749d\"},\"description\":\"Com a chegada das f\u00e9rias de janeiro, os pequenos tem mais tempo livre para curtir passeios legais. Confiram a programa\u00e7\u00e3o do fim de semana em S\u00e3o Paulo!\",\"breadcrumb\":{\"@id\":\"https:\/\/colinahomolog.com.br\/dev\/just-real-moms\/passeios-de-ferias-em-sao-paulo-por-bora-ai\/#breadcrumb\"},\"inLanguage\":\"pt-BR\",\"potentialAction\":[{\"@type\":\"ReadAction\",\"target\":[\"https:\/\/colinahomolog.com.br\/dev\/just-real-moms\/passeios-de-ferias-em-sao-paulo-por-bora-ai\/\"]}]},{\"@type\":\"ImageObject\",\"inLanguage\":\"pt-BR\",\"@id\":\"https:\/\/colinahomolog.com.br\/dev\/just-real-moms\/passeios-de-ferias-em-sao-paulo-por-bora-ai\/#primaryimage\",\"url\":\"https:\/\/colinahomolog.com.br\/dev\/just-real-moms\/wp-content\/uploads\/2016\/12\/1-7.jpg\",\"contentUrl\":\"https:\/\/colinahomolog.com.br\/dev\/just-real-moms\/wp-content\/uploads\/2016\/12\/1-7.jpg\",\"width\":932,\"height\":509},{\"@type\":\"BreadcrumbList\",\"@id\":\"https:\/\/colinahomolog.com.br\/dev\/just-real-moms\/passeios-de-ferias-em-sao-paulo-por-bora-ai\/#breadcrumb\",\"itemListElement\":[{\"@type\":\"ListItem\",\"position\":1,\"name\":\"In\u00edcio\",\"item\":\"https:\/\/colinahomolog.com.br\/dev\/just-real-moms\/\"},{\"@type\":\"ListItem\",\"position\":2,\"name\":\"Passeios de f\u00e9rias em S\u00e3o Paulo &#8211; por bora.ai\"}]},{\"@type\":\"WebSite\",\"@id\":\"https:\/\/colinahomolog.com.br\/dev\/just-real-moms\/#website\",\"url\":\"https:\/\/colinahomolog.com.br\/dev\/just-real-moms\/\",\"name\":\"Just Real Moms - Blog para M\u00e3es\",\"description\":\"O melhor e mais completo portal para m\u00e3es, pais e futuros pais!\",\"potentialAction\":[{\"@type\":\"SearchAction\",\"target\":{\"@type\":\"EntryPoint\",\"urlTemplate\":\"https:\/\/colinahomolog.com.br\/dev\/just-real-moms\/?s={search_term_string}\"},\"query-input\":{\"@type\":\"PropertyValueSpecification\",\"valueRequired\":true,\"valueName\":\"search_term_string\"}}],\"inLanguage\":\"pt-BR\"},{\"@type\":\"Person\",\"@id\":\"https:\/\/colinahomolog.com.br\/dev\/just-real-moms\/#\/schema\/person\/515932a32be880c655c9a97801ec749d\",\"name\":\"Ana L\u00fa Gerodetti\",\"url\":\"https:\/\/colinahomolog.com.br\/dev\/just-real-moms\/author\/ana-luisa\/\"}]}<\/script>\n<!-- \/ Yoast SEO Premium plugin. -->","yoast_head_json":{"title":"Passeios de f\u00e9rias em S\u00e3o Paulo - por bora.ai","description":"Com a chegada das f\u00e9rias de janeiro, os pequenos tem mais tempo livre para curtir passeios legais. Confiram a programa\u00e7\u00e3o do fim de semana em S\u00e3o Paulo!","robots":{"index":"index","follow":"follow","max-snippet":"max-snippet:-1","max-image-preview":"max-image-preview:large","max-video-preview":"max-video-preview:-1"},"canonical":"https:\/\/colinahomolog.com.br\/dev\/just-real-moms\/passeios-de-ferias-em-sao-paulo-por-bora-ai\/","og_locale":"pt_BR","og_type":"article","og_title":"Passeios de f\u00e9rias em S\u00e3o Paulo - por bora.ai","og_description":"Com a chegada das f\u00e9rias de janeiro, os pequenos tem mais tempo livre para curtir passeios legais. Confiram a programa\u00e7\u00e3o do fim de semana em S\u00e3o Paulo!","og_url":"https:\/\/colinahomolog.com.br\/dev\/just-real-moms\/passeios-de-ferias-em-sao-paulo-por-bora-ai\/","og_site_name":"Just Real Moms - Blog para M\u00e3es","article_publisher":"https:\/\/www.facebook.com\/JustRealMoms","article_published_time":"2016-12-30T09:00:36+00:00","article_modified_time":"2016-12-31T19:25:30+00:00","og_image":[{"width":932,"height":509,"url":"https:\/\/colinahomolog.com.br\/dev\/just-real-moms\/wp-content\/uploads\/2016\/12\/1-7.jpg","type":"image\/jpeg"}],"author":"Ana L\u00fa Gerodetti","twitter_misc":{"Escrito por":"Ana L\u00fa Gerodetti","Est. tempo de leitura":"1 minuto"},"schema":{"@context":"https:\/\/schema.org","@graph":[{"@type":"WebPage","@id":"https:\/\/colinahomolog.com.br\/dev\/just-real-moms\/passeios-de-ferias-em-sao-paulo-por-bora-ai\/","url":"https:\/\/colinahomolog.com.br\/dev\/just-real-moms\/passeios-de-ferias-em-sao-paulo-por-bora-ai\/","name":"Passeios de f\u00e9rias em S\u00e3o Paulo - por bora.ai","isPartOf":{"@id":"https:\/\/colinahomolog.com.br\/dev\/just-real-moms\/#website"},"primaryImageOfPage":{"@id":"https:\/\/colinahomolog.com.br\/dev\/just-real-moms\/passeios-de-ferias-em-sao-paulo-por-bora-ai\/#primaryimage"},"image":{"@id":"https:\/\/colinahomolog.com.br\/dev\/just-real-moms\/passeios-de-ferias-em-sao-paulo-por-bora-ai\/#primaryimage"},"thumbnailUrl":"https:\/\/colinahomolog.com.br\/dev\/just-real-moms\/wp-content\/uploads\/2016\/12\/1-7.jpg","datePublished":"2016-12-30T09:00:36+00:00","dateModified":"2016-12-31T19:25:30+00:00","author":{"@id":"https:\/\/colinahomolog.com.br\/dev\/just-real-moms\/#\/schema\/person\/515932a32be880c655c9a97801ec749d"},"description":"Com a chegada das f\u00e9rias de janeiro, os pequenos tem mais tempo livre para curtir passeios legais. Confiram a programa\u00e7\u00e3o do fim de semana em S\u00e3o Paulo!","breadcrumb":{"@id":"https:\/\/colinahomolog.com.br\/dev\/just-real-moms\/passeios-de-ferias-em-sao-paulo-por-bora-ai\/#breadcrumb"},"inLanguage":"pt-BR","potentialAction":[{"@type":"ReadAction","target":["https:\/\/colinahomolog.com.br\/dev\/just-real-moms\/passeios-de-ferias-em-sao-paulo-por-bora-ai\/"]}]},{"@type":"ImageObject","inLanguage":"pt-BR","@id":"https:\/\/colinahomolog.com.br\/dev\/just-real-moms\/passeios-de-ferias-em-sao-paulo-por-bora-ai\/#primaryimage","url":"https:\/\/colinahomolog.com.br\/dev\/just-real-moms\/wp-content\/uploads\/2016\/12\/1-7.jpg","contentUrl":"https:\/\/colinahomolog.com.br\/dev\/just-real-moms\/wp-content\/uploads\/2016\/12\/1-7.jpg","width":932,"height":509},{"@type":"BreadcrumbList","@id":"https:\/\/colinahomolog.com.br\/dev\/just-real-moms\/passeios-de-ferias-em-sao-paulo-por-bora-ai\/#breadcrumb","itemListElement":[{"@type":"ListItem","position":1,"name":"In\u00edcio","item":"https:\/\/colinahomolog.com.br\/dev\/just-real-moms\/"},{"@type":"ListItem","position":2,"name":"Passeios de f\u00e9rias em S\u00e3o Paulo &#8211; por bora.ai"}]},{"@type":"WebSite","@id":"https:\/\/colinahomolog.com.br\/dev\/just-real-moms\/#website","url":"https:\/\/colinahomolog.com.br\/dev\/just-real-moms\/","name":"Just Real Moms - Blog para M\u00e3es","description":"O melhor e mais completo portal para m\u00e3es, pais e futuros pais!","potentialAction":[{"@type":"SearchAction","target":{"@type":"EntryPoint","urlTemplate":"https:\/\/colinahomolog.com.br\/dev\/just-real-moms\/?s={search_term_string}"},"query-input":{"@type":"PropertyValueSpecification","valueRequired":true,"valueName":"search_term_string"}}],"inLanguage":"pt-BR"},{"@type":"Person","@id":"https:\/\/colinahomolog.com.br\/dev\/just-real-moms\/#\/schema\/person\/515932a32be880c655c9a97801ec749d","name":"Ana L\u00fa Gerodetti","url":"https:\/\/colinahomolog.com.br\/dev\/just-real-moms\/author\/ana-luisa\/"}]}},"_links":{"self":[{"href":"https:\/\/colinahomolog.com.br\/dev\/just-real-moms\/wp-json\/wp\/v2\/posts\/41870","targetHints":{"allow":["GET"]}}],"collection":[{"href":"https:\/\/colinahomolog.com.br\/dev\/just-real-moms\/wp-json\/wp\/v2\/posts"}],"about":[{"href":"https:\/\/colinahomolog.com.br\/dev\/just-real-moms\/wp-json\/wp\/v2\/types\/post"}],"author":[{"embeddable":true,"href":"https:\/\/colinahomolog.com.br\/dev\/just-real-moms\/wp-json\/wp\/v2\/users\/1026"}],"replies":[{"embeddable":true,"href":"https:\/\/colinahomolog.com.br\/dev\/just-real-moms\/wp-json\/wp\/v2\/comments?post=41870"}],"version-history":[{"count":0,"href":"https:\/\/colinahomolog.com.br\/dev\/just-real-moms\/wp-json\/wp\/v2\/posts\/41870\/revisions"}],"wp:featuredmedia":[{"embeddable":true,"href":"https:\/\/colinahomolog.com.br\/dev\/just-real-moms\/wp-json\/wp\/v2\/media\/41871"}],"wp:attachment":[{"href":"https:\/\/colinahomolog.com.br\/dev\/just-real-moms\/wp-json\/wp\/v2\/media?parent=41870"}],"wp:term":[{"taxonomy":"category","embeddable":true,"href":"https:\/\/colinahomolog.com.br\/dev\/just-real-moms\/wp-json\/wp\/v2\/categories?post=41870"},{"taxonomy":"post_tag","embeddable":true,"href":"https:\/\/colinahomolog.com.br\/dev\/just-real-moms\/wp-json\/wp\/v2\/tags?post=41870"}],"curies":[{"name":"wp","href":"https:\/\/api.w.org\/{rel}","templated":true}]}}