{"id":41969,"date":"2020-03-19T08:10:25","date_gmt":"2020-03-19T11:10:25","guid":{"rendered":"https:\/\/colinahomolog.com.br\/dev\/just-real-moms\/?p=41969"},"modified":"2020-03-02T16:38:05","modified_gmt":"2020-03-02T19:38:05","slug":"gravida-tambem-e-gente-por-carol-baldin","status":"publish","type":"post","link":"https:\/\/colinahomolog.com.br\/dev\/just-real-moms\/gravida-tambem-e-gente-por-carol-baldin\/","title":{"rendered":"Gr\u00e1vida tamb\u00e9m \u00e9 gente! &#8211; por Carol Baldin"},"content":{"rendered":"<button class=\"simplefavorite-button preset\" data-postid=\"41969\" data-siteid=\"1\" data-groupid=\"1\" data-favoritecount=\"0\" style=\"box-shadow:none;-webkit-box-shadow:none;-moz-box-shadow:none;background-color:#68ccb4;border-color:#68ccb4;color:#ffffff;\"><i class=\"sf-icon-favorite\" style=\"\"><\/i>Favorite<\/button><p>&nbsp;<\/p>\n<p>Oi, meninas!<\/p>\n<p>Tudo bom?<\/p>\n<p>O post de hoje \u00e9 para as gravidinhas de plant\u00e3o (ou as que j\u00e1 s\u00e3o mam\u00e3es) que com certeza se identificar\u00e3o bastante com as palavras da nossa querida colunista e baby planner,\u00a0<a href=\"https:\/\/www.instagram.com\/carol_babyplanner\/\" target=\"_blank\" rel=\"noopener noreferrer\">Carol Baldin<\/a>.<\/p>\n<p>No post, ela traz algumas dicas de como &#8220;comemorar a gravidez&#8221;. Sabemos que muitas mulheres se sentem um pouco para baixo durante a gesta\u00e7\u00e3o, o que n\u00e3o deveria ser o caso, j\u00e1 que \u00e9 um momento de muita alegria.<\/p>\n<p>Confiram que incr\u00edvel ficou o texto da Carol!<\/p>\n<p>&nbsp;<\/p>\n<hr \/>\n<p>&nbsp;<\/p>\n<p style=\"text-align: center;\"><strong>Gr\u00e1vida tamb\u00e9m \u00e9 gente!<\/strong><\/p>\n<p><img fetchpriority=\"high\" decoding=\"async\" class=\"aligncenter wp-image-41970 size-full\" src=\"https:\/\/colinahomolog.com.br\/dev\/just-real-moms\/wp-content\/uploads\/2017\/01\/pregnant-woman.jpg\" alt=\"Gr\u00e1vida tamb\u00e9m \u00e9 gente! - por Carol Baldin\" width=\"660\" height=\"420\" srcset=\"https:\/\/colinahomolog.com.br\/dev\/just-real-moms\/wp-content\/uploads\/2017\/01\/pregnant-woman.jpg 660w, https:\/\/colinahomolog.com.br\/dev\/just-real-moms\/wp-content\/uploads\/2017\/01\/pregnant-woman-400x255.jpg 400w, https:\/\/colinahomolog.com.br\/dev\/just-real-moms\/wp-content\/uploads\/2017\/01\/pregnant-woman-600x382.jpg 600w\" sizes=\"(max-width: 660px) 100vw, 660px\" \/><\/p>\n<p>&nbsp;<\/p>\n<p>Quantas vezes n\u00f3s, gr\u00e1vidas (me incluo na descri\u00e7\u00e3o porque estou de 28 semanas), nos sentimos um pouco \u201cpor fora\u201d quando tem alguma festa, alguma comemora\u00e7\u00e3o?<\/p>\n<p>Geralmente nos sentimos cansadas, bebidas alc\u00f3olicas s\u00e3o proibidas, salto alto incomoda, o vestido lindo n\u00e3o est\u00e1 mais t\u00e3o lindo devido aos quilinhos a mais&#8230;<\/p>\n<p>Mas gravidez \u00e9 um momento de comemorar! N\u00e3o de se sentir por baixo!<\/p>\n<p>Meu post de hoje foi escrito pensando nisso!<\/p>\n<p>Reuni algumas coisas que voc\u00ea pode fazer para comemorar a gravidez, se sentir bem ou mesmo se dar de presente!<\/p>\n<p>O importante \u00e9 se sentir bem nesse momento t\u00e3o especial, n\u00e3o \u00e9?<\/p>\n<p>Inclua essas dicas, ou pelo menos algumas delas, em sua listinha de \u201cto do\u2019s\u201d durante a gravidez!<\/p>\n<ol>\n<li>Fa\u00e7a um jantar com a sua comida preferida, ou reserve o restaurante que mais gosta para ir com o marido e\/ou amigos;<\/li>\n<li>Marque um brunch com as amigas;<\/li>\n<li>Se voc\u00ea gosta de tomar uma cervejinha ou um drink de vez em quando, saiba que existem boas op\u00e7\u00f5es no mercado de cervejas n\u00e3o alc\u00f3olicas e voc\u00ea pode se divertir tamb\u00e9m pesquisando receitas de drinks sem \u00e1lcool.<\/li>\n<li>Tire um final de semana para se cuidar. Pode n\u00e3o ser uma festa, mas com certeza ir\u00e1 lhe fazer muito bem! Um day spa, fazer o cabelo, depila\u00e7\u00e3o, unha&#8230; Que mulher n\u00e3o se sente renovada com um tempinho para cuidar de si?<\/li>\n<li>Celebre cada semana da gesta\u00e7\u00e3o com um programa especial. Vale cinema com o marido, dormir at\u00e9 tarde, um sapato novo, comer uma barra de chocolate sozinha&#8230;O que a fizer feliz!<\/li>\n<\/ol>\n<p>&nbsp;<\/p>\n<p>Bjs e at\u00e9 o pr\u00f3ximos post!<\/p>\n<p>Carol.<\/p>\n<p>&nbsp;<\/p>\n<hr \/>\n<p>&nbsp;<\/p>\n<p><strong>Carol Baldin<\/strong><\/p>\n<p><strong>Instagram:\u00a0<a href=\"https:\/\/www.instagram.com\/carol_babyplanner\/\" target=\"_blank\" rel=\"noopener noreferrer\">@carol_babyplanner<\/a><\/strong><\/p>\n<p><strong><a href=\"http:\/\/www.carolbaldin.com\/\" target=\"_blank\" rel=\"noopener noreferrer\">www.carolbaldin.com<\/a><\/strong><\/p>\n<p><strong><a href=\"http:\/\/www.institutomae.com\/\" target=\"_blank\" rel=\"noopener noreferrer\">www.institutomae.com<\/a><\/strong><\/p>\n<p>&nbsp;<\/p>\n\n    <div class=\"xs_social_share_widget xs_share_url after_content \t\tmain_content  wslu-style-1 wslu-share-box-shaped wslu-fill-colored wslu-none wslu-share-horizontal wslu-theme-font-no wslu-main_content\">\n\n\t\t\n        <ul>\n\t\t\t        <\/ul>\n    <\/div> \n","protected":false},"excerpt":{"rendered":"<p>Favorite&nbsp; Oi, meninas! Tudo bom? O post de hoje \u00e9 para as gravidinhas de plant\u00e3o (ou as que j\u00e1 s\u00e3o mam\u00e3es) que com certeza se identificar\u00e3o bastante com as palavras da nossa querida colunista e baby planner,\u00a0Carol Baldin. No post, ela traz algumas dicas de como &#8220;comemorar a gravidez&#8221;. Sabemos que muitas mulheres se sentem [&hellip;]<\/p>\n","protected":false},"author":1026,"featured_media":41970,"comment_status":"open","ping_status":"closed","sticky":false,"template":"","format":"standard","meta":{"_acf_changed":false,"footnotes":""},"categories":[30,453],"tags":[1918,1917,315],"class_list":{"0":"post-41969","1":"post","2":"type-post","3":"status-publish","4":"format-standard","5":"has-post-thumbnail","7":"category-de-mae-para-mae","8":"category-dicas-dos-especialistas","9":"tag-baby-planner","10":"tag-carol-baldin","11":"tag-gravidez"},"acf":[],"yoast_head":"<!-- This site is optimized with the Yoast SEO Premium plugin v26.6 (Yoast SEO v26.6) - https:\/\/yoast.com\/wordpress\/plugins\/seo\/ -->\n<title>Gr\u00e1vida tamb\u00e9m \u00e9 gente! - por Carol Baldin<\/title>\n<meta name=\"description\" content=\"No post de hoje, a nossa colunista e baby planner, Carol Baldin, d\u00e1 dicas de como as gr\u00e1vidas podem celebrar a gesta\u00e7\u00e3o. Confiram!\" \/>\n<meta name=\"robots\" content=\"index, follow, max-snippet:-1, max-image-preview:large, max-video-preview:-1\" \/>\n<link rel=\"canonical\" href=\"https:\/\/colinahomolog.com.br\/dev\/just-real-moms\/gravida-tambem-e-gente-por-carol-baldin\/\" \/>\n<meta property=\"og:locale\" content=\"pt_BR\" \/>\n<meta property=\"og:type\" content=\"article\" \/>\n<meta property=\"og:title\" content=\"Gr\u00e1vida tamb\u00e9m \u00e9 gente! - por Carol Baldin\" \/>\n<meta property=\"og:description\" content=\"No post de hoje, a nossa colunista e baby planner, Carol Baldin, d\u00e1 dicas de como as gr\u00e1vidas podem celebrar a gesta\u00e7\u00e3o. Confiram!\" \/>\n<meta property=\"og:url\" content=\"https:\/\/colinahomolog.com.br\/dev\/just-real-moms\/gravida-tambem-e-gente-por-carol-baldin\/\" \/>\n<meta property=\"og:site_name\" content=\"Just Real Moms - Blog para M\u00e3es\" \/>\n<meta property=\"article:publisher\" content=\"https:\/\/www.facebook.com\/JustRealMoms\" \/>\n<meta property=\"article:published_time\" content=\"2020-03-19T11:10:25+00:00\" \/>\n<meta property=\"og:image\" content=\"https:\/\/colinahomolog.com.br\/dev\/just-real-moms\/wp-content\/uploads\/2017\/01\/pregnant-woman.jpg\" \/>\n\t<meta property=\"og:image:width\" content=\"660\" \/>\n\t<meta property=\"og:image:height\" content=\"420\" \/>\n\t<meta property=\"og:image:type\" content=\"image\/jpeg\" \/>\n<meta name=\"author\" content=\"Ana L\u00fa Gerodetti\" \/>\n<meta name=\"twitter:label1\" content=\"Escrito por\" \/>\n\t<meta name=\"twitter:data1\" content=\"Ana L\u00fa Gerodetti\" \/>\n\t<meta name=\"twitter:label2\" content=\"Est. tempo de leitura\" \/>\n\t<meta name=\"twitter:data2\" content=\"2 minutos\" \/>\n<script type=\"application\/ld+json\" class=\"yoast-schema-graph\">{\"@context\":\"https:\/\/schema.org\",\"@graph\":[{\"@type\":\"WebPage\",\"@id\":\"https:\/\/colinahomolog.com.br\/dev\/just-real-moms\/gravida-tambem-e-gente-por-carol-baldin\/\",\"url\":\"https:\/\/colinahomolog.com.br\/dev\/just-real-moms\/gravida-tambem-e-gente-por-carol-baldin\/\",\"name\":\"Gr\u00e1vida tamb\u00e9m \u00e9 gente! - por Carol Baldin\",\"isPartOf\":{\"@id\":\"https:\/\/colinahomolog.com.br\/dev\/just-real-moms\/#website\"},\"primaryImageOfPage\":{\"@id\":\"https:\/\/colinahomolog.com.br\/dev\/just-real-moms\/gravida-tambem-e-gente-por-carol-baldin\/#primaryimage\"},\"image\":{\"@id\":\"https:\/\/colinahomolog.com.br\/dev\/just-real-moms\/gravida-tambem-e-gente-por-carol-baldin\/#primaryimage\"},\"thumbnailUrl\":\"https:\/\/colinahomolog.com.br\/dev\/just-real-moms\/wp-content\/uploads\/2017\/01\/pregnant-woman.jpg\",\"datePublished\":\"2020-03-19T11:10:25+00:00\",\"author\":{\"@id\":\"https:\/\/colinahomolog.com.br\/dev\/just-real-moms\/#\/schema\/person\/515932a32be880c655c9a97801ec749d\"},\"description\":\"No post de hoje, a nossa colunista e baby planner, Carol Baldin, d\u00e1 dicas de como as gr\u00e1vidas podem celebrar a gesta\u00e7\u00e3o. Confiram!\",\"breadcrumb\":{\"@id\":\"https:\/\/colinahomolog.com.br\/dev\/just-real-moms\/gravida-tambem-e-gente-por-carol-baldin\/#breadcrumb\"},\"inLanguage\":\"pt-BR\",\"potentialAction\":[{\"@type\":\"ReadAction\",\"target\":[\"https:\/\/colinahomolog.com.br\/dev\/just-real-moms\/gravida-tambem-e-gente-por-carol-baldin\/\"]}]},{\"@type\":\"ImageObject\",\"inLanguage\":\"pt-BR\",\"@id\":\"https:\/\/colinahomolog.com.br\/dev\/just-real-moms\/gravida-tambem-e-gente-por-carol-baldin\/#primaryimage\",\"url\":\"https:\/\/colinahomolog.com.br\/dev\/just-real-moms\/wp-content\/uploads\/2017\/01\/pregnant-woman.jpg\",\"contentUrl\":\"https:\/\/colinahomolog.com.br\/dev\/just-real-moms\/wp-content\/uploads\/2017\/01\/pregnant-woman.jpg\",\"width\":660,\"height\":420},{\"@type\":\"BreadcrumbList\",\"@id\":\"https:\/\/colinahomolog.com.br\/dev\/just-real-moms\/gravida-tambem-e-gente-por-carol-baldin\/#breadcrumb\",\"itemListElement\":[{\"@type\":\"ListItem\",\"position\":1,\"name\":\"In\u00edcio\",\"item\":\"https:\/\/colinahomolog.com.br\/dev\/just-real-moms\/\"},{\"@type\":\"ListItem\",\"position\":2,\"name\":\"Gr\u00e1vida tamb\u00e9m \u00e9 gente! &#8211; por Carol Baldin\"}]},{\"@type\":\"WebSite\",\"@id\":\"https:\/\/colinahomolog.com.br\/dev\/just-real-moms\/#website\",\"url\":\"https:\/\/colinahomolog.com.br\/dev\/just-real-moms\/\",\"name\":\"Just Real Moms - Blog para M\u00e3es\",\"description\":\"O melhor e mais completo portal para m\u00e3es, pais e futuros pais!\",\"potentialAction\":[{\"@type\":\"SearchAction\",\"target\":{\"@type\":\"EntryPoint\",\"urlTemplate\":\"https:\/\/colinahomolog.com.br\/dev\/just-real-moms\/?s={search_term_string}\"},\"query-input\":{\"@type\":\"PropertyValueSpecification\",\"valueRequired\":true,\"valueName\":\"search_term_string\"}}],\"inLanguage\":\"pt-BR\"},{\"@type\":\"Person\",\"@id\":\"https:\/\/colinahomolog.com.br\/dev\/just-real-moms\/#\/schema\/person\/515932a32be880c655c9a97801ec749d\",\"name\":\"Ana L\u00fa Gerodetti\",\"url\":\"https:\/\/colinahomolog.com.br\/dev\/just-real-moms\/author\/ana-luisa\/\"}]}<\/script>\n<!-- \/ Yoast SEO Premium plugin. -->","yoast_head_json":{"title":"Gr\u00e1vida tamb\u00e9m \u00e9 gente! - por Carol Baldin","description":"No post de hoje, a nossa colunista e baby planner, Carol Baldin, d\u00e1 dicas de como as gr\u00e1vidas podem celebrar a gesta\u00e7\u00e3o. Confiram!","robots":{"index":"index","follow":"follow","max-snippet":"max-snippet:-1","max-image-preview":"max-image-preview:large","max-video-preview":"max-video-preview:-1"},"canonical":"https:\/\/colinahomolog.com.br\/dev\/just-real-moms\/gravida-tambem-e-gente-por-carol-baldin\/","og_locale":"pt_BR","og_type":"article","og_title":"Gr\u00e1vida tamb\u00e9m \u00e9 gente! - por Carol Baldin","og_description":"No post de hoje, a nossa colunista e baby planner, Carol Baldin, d\u00e1 dicas de como as gr\u00e1vidas podem celebrar a gesta\u00e7\u00e3o. Confiram!","og_url":"https:\/\/colinahomolog.com.br\/dev\/just-real-moms\/gravida-tambem-e-gente-por-carol-baldin\/","og_site_name":"Just Real Moms - Blog para M\u00e3es","article_publisher":"https:\/\/www.facebook.com\/JustRealMoms","article_published_time":"2020-03-19T11:10:25+00:00","og_image":[{"width":660,"height":420,"url":"https:\/\/colinahomolog.com.br\/dev\/just-real-moms\/wp-content\/uploads\/2017\/01\/pregnant-woman.jpg","type":"image\/jpeg"}],"author":"Ana L\u00fa Gerodetti","twitter_misc":{"Escrito por":"Ana L\u00fa Gerodetti","Est. tempo de leitura":"2 minutos"},"schema":{"@context":"https:\/\/schema.org","@graph":[{"@type":"WebPage","@id":"https:\/\/colinahomolog.com.br\/dev\/just-real-moms\/gravida-tambem-e-gente-por-carol-baldin\/","url":"https:\/\/colinahomolog.com.br\/dev\/just-real-moms\/gravida-tambem-e-gente-por-carol-baldin\/","name":"Gr\u00e1vida tamb\u00e9m \u00e9 gente! - por Carol Baldin","isPartOf":{"@id":"https:\/\/colinahomolog.com.br\/dev\/just-real-moms\/#website"},"primaryImageOfPage":{"@id":"https:\/\/colinahomolog.com.br\/dev\/just-real-moms\/gravida-tambem-e-gente-por-carol-baldin\/#primaryimage"},"image":{"@id":"https:\/\/colinahomolog.com.br\/dev\/just-real-moms\/gravida-tambem-e-gente-por-carol-baldin\/#primaryimage"},"thumbnailUrl":"https:\/\/colinahomolog.com.br\/dev\/just-real-moms\/wp-content\/uploads\/2017\/01\/pregnant-woman.jpg","datePublished":"2020-03-19T11:10:25+00:00","author":{"@id":"https:\/\/colinahomolog.com.br\/dev\/just-real-moms\/#\/schema\/person\/515932a32be880c655c9a97801ec749d"},"description":"No post de hoje, a nossa colunista e baby planner, Carol Baldin, d\u00e1 dicas de como as gr\u00e1vidas podem celebrar a gesta\u00e7\u00e3o. Confiram!","breadcrumb":{"@id":"https:\/\/colinahomolog.com.br\/dev\/just-real-moms\/gravida-tambem-e-gente-por-carol-baldin\/#breadcrumb"},"inLanguage":"pt-BR","potentialAction":[{"@type":"ReadAction","target":["https:\/\/colinahomolog.com.br\/dev\/just-real-moms\/gravida-tambem-e-gente-por-carol-baldin\/"]}]},{"@type":"ImageObject","inLanguage":"pt-BR","@id":"https:\/\/colinahomolog.com.br\/dev\/just-real-moms\/gravida-tambem-e-gente-por-carol-baldin\/#primaryimage","url":"https:\/\/colinahomolog.com.br\/dev\/just-real-moms\/wp-content\/uploads\/2017\/01\/pregnant-woman.jpg","contentUrl":"https:\/\/colinahomolog.com.br\/dev\/just-real-moms\/wp-content\/uploads\/2017\/01\/pregnant-woman.jpg","width":660,"height":420},{"@type":"BreadcrumbList","@id":"https:\/\/colinahomolog.com.br\/dev\/just-real-moms\/gravida-tambem-e-gente-por-carol-baldin\/#breadcrumb","itemListElement":[{"@type":"ListItem","position":1,"name":"In\u00edcio","item":"https:\/\/colinahomolog.com.br\/dev\/just-real-moms\/"},{"@type":"ListItem","position":2,"name":"Gr\u00e1vida tamb\u00e9m \u00e9 gente! &#8211; por Carol Baldin"}]},{"@type":"WebSite","@id":"https:\/\/colinahomolog.com.br\/dev\/just-real-moms\/#website","url":"https:\/\/colinahomolog.com.br\/dev\/just-real-moms\/","name":"Just Real Moms - Blog para M\u00e3es","description":"O melhor e mais completo portal para m\u00e3es, pais e futuros pais!","potentialAction":[{"@type":"SearchAction","target":{"@type":"EntryPoint","urlTemplate":"https:\/\/colinahomolog.com.br\/dev\/just-real-moms\/?s={search_term_string}"},"query-input":{"@type":"PropertyValueSpecification","valueRequired":true,"valueName":"search_term_string"}}],"inLanguage":"pt-BR"},{"@type":"Person","@id":"https:\/\/colinahomolog.com.br\/dev\/just-real-moms\/#\/schema\/person\/515932a32be880c655c9a97801ec749d","name":"Ana L\u00fa Gerodetti","url":"https:\/\/colinahomolog.com.br\/dev\/just-real-moms\/author\/ana-luisa\/"}]}},"_links":{"self":[{"href":"https:\/\/colinahomolog.com.br\/dev\/just-real-moms\/wp-json\/wp\/v2\/posts\/41969","targetHints":{"allow":["GET"]}}],"collection":[{"href":"https:\/\/colinahomolog.com.br\/dev\/just-real-moms\/wp-json\/wp\/v2\/posts"}],"about":[{"href":"https:\/\/colinahomolog.com.br\/dev\/just-real-moms\/wp-json\/wp\/v2\/types\/post"}],"author":[{"embeddable":true,"href":"https:\/\/colinahomolog.com.br\/dev\/just-real-moms\/wp-json\/wp\/v2\/users\/1026"}],"replies":[{"embeddable":true,"href":"https:\/\/colinahomolog.com.br\/dev\/just-real-moms\/wp-json\/wp\/v2\/comments?post=41969"}],"version-history":[{"count":0,"href":"https:\/\/colinahomolog.com.br\/dev\/just-real-moms\/wp-json\/wp\/v2\/posts\/41969\/revisions"}],"wp:featuredmedia":[{"embeddable":true,"href":"https:\/\/colinahomolog.com.br\/dev\/just-real-moms\/wp-json\/wp\/v2\/media\/41970"}],"wp:attachment":[{"href":"https:\/\/colinahomolog.com.br\/dev\/just-real-moms\/wp-json\/wp\/v2\/media?parent=41969"}],"wp:term":[{"taxonomy":"category","embeddable":true,"href":"https:\/\/colinahomolog.com.br\/dev\/just-real-moms\/wp-json\/wp\/v2\/categories?post=41969"},{"taxonomy":"post_tag","embeddable":true,"href":"https:\/\/colinahomolog.com.br\/dev\/just-real-moms\/wp-json\/wp\/v2\/tags?post=41969"}],"curies":[{"name":"wp","href":"https:\/\/api.w.org\/{rel}","templated":true}]}}