{"id":42561,"date":"2017-03-13T21:18:17","date_gmt":"2017-03-14T00:18:17","guid":{"rendered":"https:\/\/colinahomolog.com.br\/dev\/just-real-moms\/?p=42561"},"modified":"2017-03-13T21:41:58","modified_gmt":"2017-03-14T00:41:58","slug":"programa-awake-kids-2017","status":"publish","type":"post","link":"https:\/\/colinahomolog.com.br\/dev\/just-real-moms\/programa-awake-kids-2017\/","title":{"rendered":"Programa Awake Kids 2017: um projeto feito para o autoconhecimento da fam\u00edlia"},"content":{"rendered":"<button class=\"simplefavorite-button preset\" data-postid=\"42561\" data-siteid=\"1\" data-groupid=\"1\" data-favoritecount=\"0\" style=\"box-shadow:none;-webkit-box-shadow:none;-moz-box-shadow:none;background-color:#68ccb4;border-color:#68ccb4;color:#ffffff;\"><i class=\"sf-icon-favorite\" style=\"\"><\/i>Favorite<\/button><p>&nbsp;<\/p>\n<p>Ol\u00e1, moms!<\/p>\n<p>Tudo bom?<\/p>\n<p>Recentemente, fomos convidadas a conhecer o <a href=\"http:\/\/projetoawake.com.br\/\" target=\"_blank\"><strong>Projeto Awake<\/strong><\/a> e estamos encantadas com o que vimos!<\/p>\n<p>Em 2017, \u00a0o &#8220;<strong><a href=\"https:\/\/medium.com\/projeto-awake\/programa-awake-kids-2017-56b43c4d937e#.q5xm4qguh\" target=\"_blank\">Programa Awake Kids 2017<\/a><\/strong>&#8221; contar\u00e1 com 8 encontros ao longo do ano, nos quais um grupo de especialistas incr\u00edveis &#8211; e muito qualificado &#8211; dar\u00e1 palestras para pais e m\u00e3es pensarem em algumas quest\u00f5es da vida e autoconhecimento em rela\u00e7\u00e3o aos pequenos.<\/p>\n<p>Os encontros acontecer\u00e3o em algumas <strong>quartas-feiras<\/strong>, das <strong>12h30 \u00e0s 14h<\/strong>, no <strong>Lounge One do Shopping JK<\/strong>.<\/p>\n<p>Confiram os temas e palestrantes que far\u00e3o parte desse projeto!<\/p>\n<p>&nbsp;<\/p>\n<hr \/>\n<p>&nbsp;<\/p>\n<p><img fetchpriority=\"high\" decoding=\"async\" class=\"aligncenter wp-image-42562 size-full\" src=\"https:\/\/colinahomolog.com.br\/dev\/just-real-moms\/wp-content\/uploads\/2017\/03\/1-mlkq1qtklfpiianhxyzkbq.jpeg\" alt=\"Programa Awake Kids 2017: um projeto feito para o auto conhecimento da fam\u00edlia\" width=\"720\" height=\"540\" srcset=\"https:\/\/colinahomolog.com.br\/dev\/just-real-moms\/wp-content\/uploads\/2017\/03\/1-mlkq1qtklfpiianhxyzkbq.jpeg 720w, https:\/\/colinahomolog.com.br\/dev\/just-real-moms\/wp-content\/uploads\/2017\/03\/1-mlkq1qtklfpiianhxyzkbq-400x300.jpeg 400w, https:\/\/colinahomolog.com.br\/dev\/just-real-moms\/wp-content\/uploads\/2017\/03\/1-mlkq1qtklfpiianhxyzkbq-600x450.jpeg 600w\" sizes=\"(max-width: 720px) 100vw, 720px\" \/><\/p>\n<p>&nbsp;<\/p>\n<p><strong class=\"markup--strong markup--p-strong\">15 de Mar\u00e7o\u200a &#8211; \u200a4\u00aa feira, das 12:30 \u00e0s 14:00hs &#8211; &#8220;Ser M\u00e3e e Pai no s\u00e9culo XXI&#8221; com a educadora, especialista em s\u00e9culo XXI, Daniela de Rogatis<\/strong><\/p>\n<p>Tendo em vista as grandes transforma\u00e7\u00f5es que vivemos neste in\u00edcio de s\u00e9culo, vamos debater o significado de ser pai, de ser m\u00e3e, no mundo contempor\u00e2neo.<\/p>\n<p>&nbsp;<\/p>\n<p><strong class=\"markup--strong markup--p-strong\">19 de Abril\u200a &#8211; \u200a4\u00aa feira, das 12:30 \u00e0s 14:00hs &#8211; &#8220;Desafios da maternidade e paternidade&#8221; com a psic\u00f3loga Vera Iaconelli<br \/>\n<\/strong><\/p>\n<p>Neste encontro discutiremos as dificuldades, mas tamb\u00e9m as oportunidades, a que s\u00e3o confrontados os sujeitos que se colocam diante da tarefa de criar filhos. Neste sentido, a parentalidade se revela como momento de crise \u00e9 vista como crise e, portanto, como poss\u00edvel fonte de amadurecimento e renova\u00e7\u00e3o.<\/p>\n<p>&nbsp;<\/p>\n<p><strong class=\"markup--strong markup--p-strong\">17 de Maio\u200a &#8211; \u200a4\u00aa feira, das 12:30 \u00e0s 14:00hs &#8211; &#8220;7 princ\u00edpios da Educa\u00e7\u00e3o Financeira&#8221; com a educadora financeira Ana Paula Hornos<br \/>\n<\/strong><\/p>\n<p>Em um momento em que a sociedade passa por uma grande transforma\u00e7\u00e3o, temas como o consumo excessivo e a influ\u00eancia da m\u00eddia est\u00e3o cada vez mais presentes no cotidiano. \u00c9 muito frequente os pais enfrentarem o dilema do equil\u00edbrio entre dar o melhor a seus filhos e ensin\u00e1-los a valorizarem o que t\u00eam. Afinal, como \u00e9 poss\u00edvel educar os filhos para que eles aprendam a ter uma rela\u00e7\u00e3o equilibrada com o dinheiro e posses e se tornem adultos com uma vida financeira saud\u00e1vel? O encontro apresenta conceitos sobre \u201co que\u201d e \u201ccomo\u201d ensinar crian\u00e7as e adolescentes a lidarem com o dinheiro.<\/p>\n<p>&nbsp;<\/p>\n<p><span class=\"markup--strong markup--p-strong\">07 de<\/span><strong class=\"markup--strong markup--p-strong\">\u00a0Junho\u200a &#8211; \u200a4\u00aa feira, das 12:30 \u00e0s 14:00hs &#8211; &#8220;Limites pelo caminho da Educa\u00e7\u00e3o Consciente&#8221; com a psic\u00f3loga infantil Daniella Freixo de Faria<br \/>\n<\/strong><\/p>\n<p>Por que os castigos, gritos, tapas e o t\u00e3o usado \u201cSe voc\u00ea\u201d n\u00e3o funcionam na educa\u00e7\u00e3o atual? Como podemos colocar limites de forma consciente, eficiente, amorosa e firme? Como cuidar do nosso estado interno, evitar os embates e partir para uma rela\u00e7\u00e3o construtiva com as crian\u00e7as? Nesse encontro poderemos compreender nosso lugar de aprendiz nessa grande miss\u00e3o\u00a0que \u00e9 ensinar e aprender!<\/p>\n<p>&nbsp;<\/p>\n<p id=\"af29\" class=\"graf graf--p graf-after--p\"><strong class=\"markup--strong markup--p-strong\">16 de Agosto\u200a &#8211; \u200a4\u00aa feira, das 12:30 \u00e0s 14:00hs &#8220;Os desafios de ensinar as crian\u00e7as a terem autonomia, no Brasil&#8221; com o doutor em psicologia Luiz Alberto Hanns<br \/>\n<\/strong><\/p>\n<p>Nos EUA, Europa, Jap\u00e3o, o contexto favorece o desenvolvimento da autonomia. Al\u00e9m de ser um valor cultivado nas escolas e socialmente, a estrutura cotidiana naturalmente induz a que crian\u00e7as e adolescentes sejam envolvidos em assumir diversas tarefas e responsabilidades. No Brasil, a inseguran\u00e7a nas ruas, a disponibilidade de funcion\u00e1rios dom\u00e9sticos e a tradi\u00e7\u00e3o de se superproteger filhos e nossa dificuldade em frustr\u00e1-los, induz as crian\u00e7as a atitudes de espera, de exig\u00eancia e passividade. Nesta palestra se discutir\u00e1 diversos modos como no dia a dia voc\u00ea pode promover, desde a primeira inf\u00e2ncia, a proatividade, prestatividade e autonomia das crian\u00e7as<\/p>\n<p class=\"graf graf--p graf-after--p\"><strong class=\"markup--strong markup--p-strong\">13 de Setembro\u200a &#8211; \u200a4\u00aa feira, das 12:30 \u00e0s 14:00hs &#8211; &#8220;As dimens\u00f5es de espa\u00e7o e tempo na educa\u00e7\u00e3o da crian\u00e7a&#8221; com a educadora Luiza Lameir\u00e3o<br \/>\n<\/strong><\/p>\n<p>O pr\u00f3prio corpo da crian\u00e7a \u00e9 o primeiro territ\u00f3rio que ela conquista e o faz movimentando-se, interagindo, explorando. Toda a habilidade demanda um tempo de a\u00e7\u00e3o persistente que tornar\u00e1 o corpo flex\u00edvel, leve e harmonioso. Ser\u00e1 que toda crian\u00e7a, na atualidade, tem para si o tempo necess\u00e1rio para este importante desenvolvimento? O tempo da crian\u00e7a \u00e9 o presente. Ela precisa de sossego para ativar-se.<\/p>\n<p>&nbsp;<\/p>\n<p id=\"e50f\" class=\"graf graf--p graf-after--p\"><strong class=\"markup--strong markup--p-strong\">04 de Outubro\u200a &#8211; \u200a4\u00aa feira, das 12:30 \u00e0s 14:00hs &#8211; &#8220;Como despertar para a leitura e escolher bons livros infantis?&#8221; com a educadora<\/strong>\u00a0<strong class=\"markup--strong markup--p-strong\">Denise Guilherme<br \/>\n<\/strong><\/p>\n<p>Quem nunca foi a uma livraria e ficou perdido diante de tantos t\u00edtulos dispon\u00edveis para crian\u00e7as? E ao se deparar com as capas repletas de cores e os mais variados temas pensou: como escolher bons livros para crian\u00e7as? Para ajudar pais e educadores nessa tarefa t\u00e3o importante, Denise Guilherme, idealizadora da Taba, vai conduzir um bate-papo sobre o maravilhoso universo do mundo dos livros para a inf\u00e2ncia e suas m\u00faltiplas possibilidades.<\/p>\n<p class=\"graf graf--p graf-after--p\"><strong class=\"markup--strong markup--p-strong\">08 de Novembro\u200a &#8211; \u200a4\u00aa feira, das 12:30 \u00e0s 14:00hs &#8211; &#8220;Limites e Auto-estima: Desmistificando conceitos na forma\u00e7\u00e3o da crian\u00e7a&#8221; com a educadora<\/strong>\u00a0<strong class=\"markup--strong markup--p-strong\">Daniela de Rogatis<\/strong><\/p>\n<p>&nbsp;<\/p>\n<p>J\u00e1 deu para perceber que as palestras tratar\u00e3o de temas super presentes no nosso cotidiano, n\u00e9?<\/p>\n<p>Todas elas ser\u00e3o feitas com uma equipe de profissionais muito capacitada &#8211; e vamos falar um pouco de cada um deles abaixo!<\/p>\n<p id=\"8ae6\" class=\"graf graf--p graf-after--p\"><strong class=\"markup--strong markup--p-strong\">Daniela de Rog\u00e9rio,\u00a0<\/strong>educadora, pesquisadora e consultora na \u00e1rea de Educa\u00e7\u00e3o e Fam\u00edlia. Certificada em Biologia Cultural com o Phd. Dr. Humberto Maturana, da Escuela Matriztica de Santiago, Chile. Participa dos projetos internacionais do 21h Century Skills for Child Education, das iniciativas de educa\u00e7\u00e3o individualizada e tutoriais do All Kinds of Minds Institute, al\u00e9m de diversos eventos do Project Zero e do Future of Learning em Harvard, entre outros.<\/p>\n<p><strong>Vera Iaconelli<\/strong>, psic\u00f3loga, psicanalista, mestre e doutora em Psicologia pela USP, membro do Departamento de Psican\u00e1lise do Instituto Sedes Sapientiae, membro do Forum do Campo Lacaniano SP, professora convidada do setor de Especializa\u00e7\u00e3o em Psicologia Hospitalar da Maternidade S\u00e3o Luiz e do setor de Psicologia do HCOR, co-autora do livro: Histeria e g\u00eanero: o sexo como desencontro (Editora nVersos, 2014, organizado por Pedro Ambra e Nelson da Silva Junior), autora do livro: Mal-estar na maternidade: do infantic\u00eddio \u00e0 fun\u00e7\u00e3o (Annablume, 2015), diretora do Instituto Gerar.<\/p>\n<p id=\"24c4\" class=\"graf graf--p graf-after--p\"><strong class=\"markup--strong markup--p-strong\">Ana Paula Hornos,\u00a0<\/strong>educadora financeira, Mediadora de Conflitos e Coach, com trabalho orientado a ajudar fam\u00edlias, empreendedores, executivos e jovens a alcan\u00e7arem objetivos pessoais, profissionais, familiares; a solucionarem conflitos e a constru\u00edrem uma vida financeira de sucesso. Graduada em engenharia pela USP, com MBA em finan\u00e7as pelo Insper e especializa\u00e7\u00e3o pela FGV e pelo International Institute for Management Development (Su\u00ed\u00e7a), Mediadora de Conflitos certificada pela Escola Superior do Minist\u00e9rio P\u00fablico, foi diretora de grandes grupos como o P\u00e3o de A\u00e7\u00facar e membro de conselhos de administra\u00e7\u00e3o.<\/p>\n<p id=\"5cf0\" class=\"graf graf--p graf-after--p\"><strong class=\"markup--strong markup--p-strong\">Daniella Freixo de Faria\u00a0<\/strong>(06\/58821) \u00e9 Psic\u00f3loga Infantil formada e especializada em psicologia anal\u00edtica pela PUC e em transpessoal pela Dep (Din\u00e2mica Energ\u00e9tica do psiquismo). Escreve artigos para ve\u00edculos de comunica\u00e7\u00e3o, participa de in\u00fameros programas de TV, ministra palestras em escolas e empresas como Escola Nova Louren\u00e7o Castanho, Play Pen, Col\u00e9gio Visconde de Porto Seguro, Kimberly Clark e Brinquedos Estrela e tamb\u00e9m aplica viv\u00eancias que t\u00eam, como objetivo, oferecer uma atividade transformadora que \u00e9 elaborada de acordo com a necessidade de cada escola.<\/p>\n<p id=\"36c1\" class=\"graf graf--p graf-after--p\"><strong class=\"markup--strong markup--p-strong\">Luiz Alberto Hans\u00a0<\/strong>\u00e9 doutor em psicologia, d\u00e1 palestras sobre educa\u00e7\u00e3o em escolas, na Casa do Saber e faz em consult\u00f3rio orienta\u00e7\u00e3o de pais e terapia de casais. \u00c9 autor de diversos livros, seu \u00faltimo \u201cA Equa\u00e7\u00e3o do Casamento\u200a\u2014\u200ao que pode ou n\u00e3o mudar na sua rela\u00e7\u00e3o (Companhia das Letras, selo Paralela) e para 2014 publicar\u00e1 sobre educa\u00e7\u00e3o de crian\u00e7as e adolescentes seu segundo livro com a Companhia das Letras.<\/p>\n<p id=\"1943\" class=\"graf graf--p graf-after--p\"><strong class=\"markup--strong markup--p-strong\">Luiza Lameir\u00e3o\u00a0<\/strong>\u00e9 pedagoga formada pela USP, foi professora de ensino infantil e fundamental no \u00e2mbito da Pedagogia Waldorf; atualmente \u00e9 coordenadora no Centro de Forma\u00e7\u00e3o de Professores Waldorf, em S\u00e3o Paulo; atua como consultora para escolas Waldorf em todo o Brasil. \u00c9 representante brasileira no F\u00f3rum Internacional da Se\u00e7\u00e3o Pedag\u00f3gica do Goetheanum, sede mundial da Antroposofia. \u00c9 autora de Crian\u00e7a Brincando! Quem a Educa?, dirigido aos pais e educadores, e do livro Cheiro de Terra Molhada, dedicado ao p\u00fablico infantil.<\/p>\n<p id=\"5a8b\" class=\"graf graf--p graf-after--p\"><strong class=\"markup--strong markup--p-strong\">Denise Guilherme\u00a0<\/strong>\u00e9 Mestre em Educa\u00e7\u00e3o, formadora de professores e consultora na \u00e1rea de projetos de leitura. Desde cedo, apaixonada por palavras ditas e escritas, descobriu nos livros um caminho para entender a si mesma e aos outros. E ficou t\u00e3o encantada com o que viu que decidiu compartilhar com o mundo.<\/p>\n<p class=\"graf graf--p graf-after--p graf--trailing\">Para conhecer mais sobre os palestrantes, acessem o <a href=\"https:\/\/medium.com\/projeto-awake\/programa-awake-kids-2017-56b43c4d937e#.eud7jrsr9\" target=\"_blank\">site do Awake<\/a>.<\/p>\n<hr \/>\n<p class=\"graf graf--p graf-after--p\">Se voc\u00ea quer fazer parte do <strong>Projeto Awake<\/strong> e participar dos encontros e palestras do <strong>&#8220;Programa Awake Kids 2017&#8221;<\/strong>, <strong><a href=\"https:\/\/www.sympla.com.br\/awake-kids-2017__112687\" target=\"_blank\">confiram aqui<\/a><\/strong> como se inscrever!<\/p>\n<p class=\"graf graf--p graf-after--p\">N\u00f3s estamos super ansiosas para quarta! Esperamos voc\u00eas l\u00e1!<\/p>\n\n    <div class=\"xs_social_share_widget xs_share_url after_content \t\tmain_content  wslu-style-1 wslu-share-box-shaped wslu-fill-colored wslu-none wslu-share-horizontal wslu-theme-font-no wslu-main_content\">\n\n\t\t\n        <ul>\n\t\t\t        <\/ul>\n    <\/div> \n","protected":false},"excerpt":{"rendered":"<p>Favorite&nbsp; Ol\u00e1, moms! Tudo bom? Recentemente, fomos convidadas a conhecer o Projeto Awake e estamos encantadas com o que vimos! Em 2017, \u00a0o &#8220;Programa Awake Kids 2017&#8221; contar\u00e1 com 8 encontros ao longo do ano, nos quais um grupo de especialistas incr\u00edveis &#8211; e muito qualificado &#8211; dar\u00e1 palestras para pais e m\u00e3es pensarem em [&hellip;]<\/p>\n","protected":false},"author":1026,"featured_media":42562,"comment_status":"open","ping_status":"closed","sticky":false,"template":"","format":"standard","meta":{"_acf_changed":false,"footnotes":""},"categories":[30,1785,1777],"tags":[2005,2059,2058],"class_list":{"0":"post-42561","1":"post","2":"type-post","3":"status-publish","4":"format-standard","5":"has-post-thumbnail","7":"category-de-mae-para-mae","8":"category-psicologia","9":"category-somos-todas-iguais","10":"tag-educacao-infantil","11":"tag-programa-awake-kids-2017","12":"tag-projeto-awake"},"acf":[],"yoast_head":"<!-- This site is optimized with the Yoast SEO Premium plugin v26.6 (Yoast SEO v26.6) - https:\/\/yoast.com\/wordpress\/plugins\/seo\/ -->\n<title>Programa Awake Kids 2017: um projeto feito para o autoconhecimento da fam\u00edlia<\/title>\n<meta name=\"description\" content=\"Voc\u00eas j\u00e1 conhecem o Programa Awake Kids 2017? O projeto foi feito para incentivar o auto conhecimento dentro das fam\u00edlias. Venham conferir!\" \/>\n<meta name=\"robots\" content=\"index, follow, max-snippet:-1, max-image-preview:large, max-video-preview:-1\" \/>\n<link rel=\"canonical\" href=\"https:\/\/colinahomolog.com.br\/dev\/just-real-moms\/programa-awake-kids-2017\/\" \/>\n<meta property=\"og:locale\" content=\"pt_BR\" \/>\n<meta property=\"og:type\" content=\"article\" \/>\n<meta property=\"og:title\" content=\"Programa Awake Kids 2017: um projeto feito para o auto conhecimento da fam\u00edlia\" \/>\n<meta property=\"og:description\" content=\"Voc\u00eas j\u00e1 conhecem o Programa Awake Kids 2017? O projeto foi feito para incentivar o auto conhecimento dentro das fam\u00edlias. Venham conferir!\" \/>\n<meta property=\"og:url\" content=\"https:\/\/colinahomolog.com.br\/dev\/just-real-moms\/programa-awake-kids-2017\/\" \/>\n<meta property=\"og:site_name\" content=\"Just Real Moms - Blog para M\u00e3es\" \/>\n<meta property=\"article:publisher\" content=\"https:\/\/www.facebook.com\/JustRealMoms\" \/>\n<meta property=\"article:published_time\" content=\"2017-03-14T00:18:17+00:00\" \/>\n<meta property=\"article:modified_time\" content=\"2017-03-14T00:41:58+00:00\" \/>\n<meta property=\"og:image\" content=\"https:\/\/colinahomolog.com.br\/dev\/just-real-moms\/wp-content\/uploads\/2017\/03\/projeto-awake.jpg\" \/>\n\t<meta property=\"og:image:width\" content=\"701\" \/>\n\t<meta property=\"og:image:height\" content=\"585\" \/>\n\t<meta property=\"og:image:type\" content=\"image\/jpeg\" \/>\n<meta name=\"author\" content=\"Ana L\u00fa Gerodetti\" \/>\n<meta name=\"twitter:label1\" content=\"Escrito por\" \/>\n\t<meta name=\"twitter:data1\" content=\"Ana L\u00fa Gerodetti\" \/>\n\t<meta name=\"twitter:label2\" content=\"Est. tempo de leitura\" \/>\n\t<meta name=\"twitter:data2\" content=\"7 minutos\" \/>\n<script type=\"application\/ld+json\" class=\"yoast-schema-graph\">{\"@context\":\"https:\/\/schema.org\",\"@graph\":[{\"@type\":\"WebPage\",\"@id\":\"https:\/\/colinahomolog.com.br\/dev\/just-real-moms\/programa-awake-kids-2017\/\",\"url\":\"https:\/\/colinahomolog.com.br\/dev\/just-real-moms\/programa-awake-kids-2017\/\",\"name\":\"Programa Awake Kids 2017: um projeto feito para o autoconhecimento da fam\u00edlia\",\"isPartOf\":{\"@id\":\"https:\/\/colinahomolog.com.br\/dev\/just-real-moms\/#website\"},\"primaryImageOfPage\":{\"@id\":\"https:\/\/colinahomolog.com.br\/dev\/just-real-moms\/programa-awake-kids-2017\/#primaryimage\"},\"image\":{\"@id\":\"https:\/\/colinahomolog.com.br\/dev\/just-real-moms\/programa-awake-kids-2017\/#primaryimage\"},\"thumbnailUrl\":\"https:\/\/colinahomolog.com.br\/dev\/just-real-moms\/wp-content\/uploads\/2017\/03\/1-mlkq1qtklfpiianhxyzkbq.jpeg\",\"datePublished\":\"2017-03-14T00:18:17+00:00\",\"dateModified\":\"2017-03-14T00:41:58+00:00\",\"author\":{\"@id\":\"https:\/\/colinahomolog.com.br\/dev\/just-real-moms\/#\/schema\/person\/515932a32be880c655c9a97801ec749d\"},\"description\":\"Voc\u00eas j\u00e1 conhecem o Programa Awake Kids 2017? O projeto foi feito para incentivar o auto conhecimento dentro das fam\u00edlias. Venham conferir!\",\"breadcrumb\":{\"@id\":\"https:\/\/colinahomolog.com.br\/dev\/just-real-moms\/programa-awake-kids-2017\/#breadcrumb\"},\"inLanguage\":\"pt-BR\",\"potentialAction\":[{\"@type\":\"ReadAction\",\"target\":[\"https:\/\/colinahomolog.com.br\/dev\/just-real-moms\/programa-awake-kids-2017\/\"]}]},{\"@type\":\"ImageObject\",\"inLanguage\":\"pt-BR\",\"@id\":\"https:\/\/colinahomolog.com.br\/dev\/just-real-moms\/programa-awake-kids-2017\/#primaryimage\",\"url\":\"https:\/\/colinahomolog.com.br\/dev\/just-real-moms\/wp-content\/uploads\/2017\/03\/1-mlkq1qtklfpiianhxyzkbq.jpeg\",\"contentUrl\":\"https:\/\/colinahomolog.com.br\/dev\/just-real-moms\/wp-content\/uploads\/2017\/03\/1-mlkq1qtklfpiianhxyzkbq.jpeg\",\"width\":720,\"height\":540},{\"@type\":\"BreadcrumbList\",\"@id\":\"https:\/\/colinahomolog.com.br\/dev\/just-real-moms\/programa-awake-kids-2017\/#breadcrumb\",\"itemListElement\":[{\"@type\":\"ListItem\",\"position\":1,\"name\":\"In\u00edcio\",\"item\":\"https:\/\/colinahomolog.com.br\/dev\/just-real-moms\/\"},{\"@type\":\"ListItem\",\"position\":2,\"name\":\"Programa Awake Kids 2017: um projeto feito para o autoconhecimento da fam\u00edlia\"}]},{\"@type\":\"WebSite\",\"@id\":\"https:\/\/colinahomolog.com.br\/dev\/just-real-moms\/#website\",\"url\":\"https:\/\/colinahomolog.com.br\/dev\/just-real-moms\/\",\"name\":\"Just Real Moms - Blog para M\u00e3es\",\"description\":\"O melhor e mais completo portal para m\u00e3es, pais e futuros pais!\",\"potentialAction\":[{\"@type\":\"SearchAction\",\"target\":{\"@type\":\"EntryPoint\",\"urlTemplate\":\"https:\/\/colinahomolog.com.br\/dev\/just-real-moms\/?s={search_term_string}\"},\"query-input\":{\"@type\":\"PropertyValueSpecification\",\"valueRequired\":true,\"valueName\":\"search_term_string\"}}],\"inLanguage\":\"pt-BR\"},{\"@type\":\"Person\",\"@id\":\"https:\/\/colinahomolog.com.br\/dev\/just-real-moms\/#\/schema\/person\/515932a32be880c655c9a97801ec749d\",\"name\":\"Ana L\u00fa Gerodetti\",\"url\":\"https:\/\/colinahomolog.com.br\/dev\/just-real-moms\/author\/ana-luisa\/\"}]}<\/script>\n<!-- \/ Yoast SEO Premium plugin. -->","yoast_head_json":{"title":"Programa Awake Kids 2017: um projeto feito para o autoconhecimento da fam\u00edlia","description":"Voc\u00eas j\u00e1 conhecem o Programa Awake Kids 2017? O projeto foi feito para incentivar o auto conhecimento dentro das fam\u00edlias. Venham conferir!","robots":{"index":"index","follow":"follow","max-snippet":"max-snippet:-1","max-image-preview":"max-image-preview:large","max-video-preview":"max-video-preview:-1"},"canonical":"https:\/\/colinahomolog.com.br\/dev\/just-real-moms\/programa-awake-kids-2017\/","og_locale":"pt_BR","og_type":"article","og_title":"Programa Awake Kids 2017: um projeto feito para o auto conhecimento da fam\u00edlia","og_description":"Voc\u00eas j\u00e1 conhecem o Programa Awake Kids 2017? O projeto foi feito para incentivar o auto conhecimento dentro das fam\u00edlias. Venham conferir!","og_url":"https:\/\/colinahomolog.com.br\/dev\/just-real-moms\/programa-awake-kids-2017\/","og_site_name":"Just Real Moms - Blog para M\u00e3es","article_publisher":"https:\/\/www.facebook.com\/JustRealMoms","article_published_time":"2017-03-14T00:18:17+00:00","article_modified_time":"2017-03-14T00:41:58+00:00","og_image":[{"width":701,"height":585,"url":"https:\/\/colinahomolog.com.br\/dev\/just-real-moms\/wp-content\/uploads\/2017\/03\/projeto-awake.jpg","type":"image\/jpeg"}],"author":"Ana L\u00fa Gerodetti","twitter_misc":{"Escrito por":"Ana L\u00fa Gerodetti","Est. tempo de leitura":"7 minutos"},"schema":{"@context":"https:\/\/schema.org","@graph":[{"@type":"WebPage","@id":"https:\/\/colinahomolog.com.br\/dev\/just-real-moms\/programa-awake-kids-2017\/","url":"https:\/\/colinahomolog.com.br\/dev\/just-real-moms\/programa-awake-kids-2017\/","name":"Programa Awake Kids 2017: um projeto feito para o autoconhecimento da fam\u00edlia","isPartOf":{"@id":"https:\/\/colinahomolog.com.br\/dev\/just-real-moms\/#website"},"primaryImageOfPage":{"@id":"https:\/\/colinahomolog.com.br\/dev\/just-real-moms\/programa-awake-kids-2017\/#primaryimage"},"image":{"@id":"https:\/\/colinahomolog.com.br\/dev\/just-real-moms\/programa-awake-kids-2017\/#primaryimage"},"thumbnailUrl":"https:\/\/colinahomolog.com.br\/dev\/just-real-moms\/wp-content\/uploads\/2017\/03\/1-mlkq1qtklfpiianhxyzkbq.jpeg","datePublished":"2017-03-14T00:18:17+00:00","dateModified":"2017-03-14T00:41:58+00:00","author":{"@id":"https:\/\/colinahomolog.com.br\/dev\/just-real-moms\/#\/schema\/person\/515932a32be880c655c9a97801ec749d"},"description":"Voc\u00eas j\u00e1 conhecem o Programa Awake Kids 2017? O projeto foi feito para incentivar o auto conhecimento dentro das fam\u00edlias. Venham conferir!","breadcrumb":{"@id":"https:\/\/colinahomolog.com.br\/dev\/just-real-moms\/programa-awake-kids-2017\/#breadcrumb"},"inLanguage":"pt-BR","potentialAction":[{"@type":"ReadAction","target":["https:\/\/colinahomolog.com.br\/dev\/just-real-moms\/programa-awake-kids-2017\/"]}]},{"@type":"ImageObject","inLanguage":"pt-BR","@id":"https:\/\/colinahomolog.com.br\/dev\/just-real-moms\/programa-awake-kids-2017\/#primaryimage","url":"https:\/\/colinahomolog.com.br\/dev\/just-real-moms\/wp-content\/uploads\/2017\/03\/1-mlkq1qtklfpiianhxyzkbq.jpeg","contentUrl":"https:\/\/colinahomolog.com.br\/dev\/just-real-moms\/wp-content\/uploads\/2017\/03\/1-mlkq1qtklfpiianhxyzkbq.jpeg","width":720,"height":540},{"@type":"BreadcrumbList","@id":"https:\/\/colinahomolog.com.br\/dev\/just-real-moms\/programa-awake-kids-2017\/#breadcrumb","itemListElement":[{"@type":"ListItem","position":1,"name":"In\u00edcio","item":"https:\/\/colinahomolog.com.br\/dev\/just-real-moms\/"},{"@type":"ListItem","position":2,"name":"Programa Awake Kids 2017: um projeto feito para o autoconhecimento da fam\u00edlia"}]},{"@type":"WebSite","@id":"https:\/\/colinahomolog.com.br\/dev\/just-real-moms\/#website","url":"https:\/\/colinahomolog.com.br\/dev\/just-real-moms\/","name":"Just Real Moms - Blog para M\u00e3es","description":"O melhor e mais completo portal para m\u00e3es, pais e futuros pais!","potentialAction":[{"@type":"SearchAction","target":{"@type":"EntryPoint","urlTemplate":"https:\/\/colinahomolog.com.br\/dev\/just-real-moms\/?s={search_term_string}"},"query-input":{"@type":"PropertyValueSpecification","valueRequired":true,"valueName":"search_term_string"}}],"inLanguage":"pt-BR"},{"@type":"Person","@id":"https:\/\/colinahomolog.com.br\/dev\/just-real-moms\/#\/schema\/person\/515932a32be880c655c9a97801ec749d","name":"Ana L\u00fa Gerodetti","url":"https:\/\/colinahomolog.com.br\/dev\/just-real-moms\/author\/ana-luisa\/"}]}},"_links":{"self":[{"href":"https:\/\/colinahomolog.com.br\/dev\/just-real-moms\/wp-json\/wp\/v2\/posts\/42561","targetHints":{"allow":["GET"]}}],"collection":[{"href":"https:\/\/colinahomolog.com.br\/dev\/just-real-moms\/wp-json\/wp\/v2\/posts"}],"about":[{"href":"https:\/\/colinahomolog.com.br\/dev\/just-real-moms\/wp-json\/wp\/v2\/types\/post"}],"author":[{"embeddable":true,"href":"https:\/\/colinahomolog.com.br\/dev\/just-real-moms\/wp-json\/wp\/v2\/users\/1026"}],"replies":[{"embeddable":true,"href":"https:\/\/colinahomolog.com.br\/dev\/just-real-moms\/wp-json\/wp\/v2\/comments?post=42561"}],"version-history":[{"count":0,"href":"https:\/\/colinahomolog.com.br\/dev\/just-real-moms\/wp-json\/wp\/v2\/posts\/42561\/revisions"}],"wp:featuredmedia":[{"embeddable":true,"href":"https:\/\/colinahomolog.com.br\/dev\/just-real-moms\/wp-json\/wp\/v2\/media\/42562"}],"wp:attachment":[{"href":"https:\/\/colinahomolog.com.br\/dev\/just-real-moms\/wp-json\/wp\/v2\/media?parent=42561"}],"wp:term":[{"taxonomy":"category","embeddable":true,"href":"https:\/\/colinahomolog.com.br\/dev\/just-real-moms\/wp-json\/wp\/v2\/categories?post=42561"},{"taxonomy":"post_tag","embeddable":true,"href":"https:\/\/colinahomolog.com.br\/dev\/just-real-moms\/wp-json\/wp\/v2\/tags?post=42561"}],"curies":[{"name":"wp","href":"https:\/\/api.w.org\/{rel}","templated":true}]}}