{"id":43269,"date":"2017-05-05T08:35:47","date_gmt":"2017-05-05T11:35:47","guid":{"rendered":"https:\/\/colinahomolog.com.br\/dev\/just-real-moms\/?p=43269"},"modified":"2017-05-04T13:06:30","modified_gmt":"2017-05-04T16:06:30","slug":"dicas-para-curtir-o-fim-de-semana-no-rio-de-janeiro-por-rio-kids","status":"publish","type":"post","link":"https:\/\/colinahomolog.com.br\/dev\/just-real-moms\/dicas-para-curtir-o-fim-de-semana-no-rio-de-janeiro-por-rio-kids\/","title":{"rendered":"Dicas para curtir o fim de semana no Rio de Janeiro &#8211; por Rio Kids"},"content":{"rendered":"<button class=\"simplefavorite-button preset\" data-postid=\"43269\" data-siteid=\"1\" data-groupid=\"1\" data-favoritecount=\"0\" style=\"box-shadow:none;-webkit-box-shadow:none;-moz-box-shadow:none;background-color:#68ccb4;border-color:#68ccb4;color:#ffffff;\"><i class=\"sf-icon-favorite\" style=\"\"><\/i>Favorite<\/button><p>Oie, moms!<\/p>\n<p>Como voc\u00eas est\u00e3o?<\/p>\n<p>Ainda n\u00e3o sabem como aproveitar os dois dias de folga do fim de semana com os pequenos? Ent\u00e3o fiquem tranquilas, porque o Rio Kids separou uma sele\u00e7\u00e3o com v\u00e1rias dicas incr\u00edveis de passeios infantis.<\/p>\n<p>Confiram tudo o que vai rolar e aproveitem!<\/p>\n<hr \/>\n<p>&nbsp;<\/p>\n<p style=\"text-align: center;\"><strong>BRICKS 4 KIDZ oferece aula gratuita na Barra<\/strong><\/p>\n<p>Que crian\u00e7a n\u00e3o gosta de brincar de LEGO\u00ae? J\u00e1 pensou ent\u00e3o se a brincadeira ainda ensinar conceitos de ci\u00eancia e tecnologia? Pois \u00e9 exatamente o que faz a Bricks 4 Kidz. E, no s\u00e1bado, dia 13, ser\u00e1 poss\u00edvel ter um gostinho em uma aula gratuita que acontece no curso Let it Grow, na Barra. Ser\u00e1 das 11h \u00e0s 12h para crian\u00e7as dos 6 aos 12 anos. Para participar, \u00e9 preciso fazer uma pr\u00e9-inscri\u00e7\u00e3o pelo e-mail <a href=\"mailto:contato@bricks4kidz.com.br\">contato@bricks4kidz.com.br<\/a>.<\/p>\n<p>&nbsp;<\/p>\n<p>A aula \u00e9 uma pr\u00e9via da pr\u00f3xima turma que come\u00e7a no s\u00e1bado, dia 20 de maio, l\u00e1 mesmo na Let it Grow, e as crian\u00e7as ter\u00e3o a chance de construir modelos de brinquedos de parques de divers\u00e3o e se surpreender\u00e3o com conceitos como energia potencial e cin\u00e9tica.<\/p>\n<p>&nbsp;<\/p>\n<p>Sobre o m\u00e9todo<\/p>\n<p>O m\u00e9todo usado pela Bricks 4 Kidz foi criado nos Estados Unidos e trazido para o Brasil no ano passado e utiliza modelos especiais de LEGO\u00ae com bateria, engrenagens e motores. Os produtos usados n\u00e3o s\u00e3o iguais aos blocos vendidos em lojas e t\u00e3o conhecidos de todos. S\u00e3o blocos criados pela divis\u00e3o \u201cEducation\u201d da marca dinamarquesa, que tem como objetivo justamente criar uma experi\u00eancia de aprendizado divertida, l\u00fadica e baseada em conceitos de ci\u00eancia, tecnologia, engenharia e matem\u00e1tica (STEM, na sigla em ingl\u00eas).<\/p>\n<p>&nbsp;<\/p>\n<p>No Brasil desde o ano passado, a Bricks 4 Kidz est\u00e1 presente apenas no Rio e j\u00e1 fechou parcerias com algumas das principais institui\u00e7\u00f5es privadas da cidade: Escola Brit\u00e2nica, Escola Americana, Rio International School, Os Batutinhas al\u00e9m dos cursos Let it Grow, na Barra, e Ann Arbor, no Leblon e no Jardim Bot\u00e2nico.<\/p>\n<p>&nbsp;<\/p>\n<p>Aula gratuita Bricks 4 Kidz<\/p>\n<p>Local: Curso Let it Grow<\/p>\n<p>Avenida Oleg\u00e1rio Maciel, 214\/ cobertura 304<\/p>\n<p>Pr\u00e9-inscri\u00e7\u00f5es: <a href=\"mailto:contato@bricks4kidz.com.br\">contato@bricks4kidz.com.br<\/a><\/p>\n<p><img fetchpriority=\"high\" decoding=\"async\" class=\"aligncenter wp-image-43304 size-full\" src=\"https:\/\/colinahomolog.com.br\/dev\/just-real-moms\/wp-content\/uploads\/2017\/05\/rj1-1.jpg\" alt=\"Dicas para curtir o fim de semana no Rio de Janeiro - por Rio Kids\" width=\"620\" height=\"415\" srcset=\"https:\/\/colinahomolog.com.br\/dev\/just-real-moms\/wp-content\/uploads\/2017\/05\/rj1-1.jpg 620w, https:\/\/colinahomolog.com.br\/dev\/just-real-moms\/wp-content\/uploads\/2017\/05\/rj1-1-400x268.jpg 400w, https:\/\/colinahomolog.com.br\/dev\/just-real-moms\/wp-content\/uploads\/2017\/05\/rj1-1-225x150.jpg 225w\" sizes=\"(max-width: 620px) 100vw, 620px\" \/><\/p>\n<p>&nbsp;<\/p>\n<p style=\"text-align: center;\"><strong>Bailinho da Crespinhos leva funk e hip-hop para os pequenos <\/strong><\/p>\n<p>Seu pequeno n\u00e3o pode ouvir uma m\u00fasica que j\u00e1 come\u00e7a a dan\u00e7ar? Ent\u00e3o, o lugar dele \u00e9 no Bailinho da Crespinhos, que acontece no domingo, dia 7 de maio, a partir das 16h no Instituto Black Bom, na Lapa, com entrada gratuita. No som, as batidas do funk e do hip hop. E, na pista, as crian\u00e7as do coletivo Crespinhos S.A. quebram tudo e prometem n\u00e3o deixar nem os mais t\u00edmidos parados.<\/p>\n<p>&nbsp;<\/p>\n<p>Al\u00e9m da apresenta\u00e7\u00e3o dos estilosos Crespinhos, a programa\u00e7\u00e3o conta ainda com Oficina de Passinho \u2013 para quem quiser dan\u00e7ar t\u00e3o bem quanto eles \u2013 uma conta\u00e7\u00e3o de hist\u00f3rias sobre valoriza\u00e7\u00e3o da cultura negra e, encerrando a festa, um desfile infantil.<\/p>\n<p>&nbsp;<\/p>\n<p>O projeto faz parte do Programa Territ\u00f3rios Culturais RJ \/Favela Criativa, da Secretaria de Estado de Cultura em parceria com a Light e a Ag\u00eancia Nacional de Energia El\u00e9trica.<\/p>\n<p>&nbsp;<\/p>\n<p>&nbsp;<\/p>\n<p>Bailinho da Crespinhos<\/p>\n<p>Instituto Black Bom<\/p>\n<p>Rua do Senado, 338. Centro<\/p>\n<p>Domingo, 7 de maio, \u00e0s 16h.<\/p>\n<p>Gr\u00e1tis<\/p>\n<p><img decoding=\"async\" class=\"aligncenter wp-image-43305 size-full\" src=\"https:\/\/colinahomolog.com.br\/dev\/just-real-moms\/wp-content\/uploads\/2017\/05\/rj2.jpg\" alt=\"\" width=\"620\" height=\"412\" srcset=\"https:\/\/colinahomolog.com.br\/dev\/just-real-moms\/wp-content\/uploads\/2017\/05\/rj2.jpg 620w, https:\/\/colinahomolog.com.br\/dev\/just-real-moms\/wp-content\/uploads\/2017\/05\/rj2-400x266.jpg 400w, https:\/\/colinahomolog.com.br\/dev\/just-real-moms\/wp-content\/uploads\/2017\/05\/rj2-225x150.jpg 225w\" sizes=\"(max-width: 620px) 100vw, 620px\" \/><\/p>\n<p>&nbsp;<\/p>\n<p style=\"text-align: center;\"><strong>Circo do Topet\u00e3o<\/strong><\/p>\n<p>Topet\u00e3o e sua trupe comandam um espet\u00e1culo com muitas acrobacias, malabarismo, a\u00e9reos e evolu\u00e7\u00f5es em monociclos gigantes e amigos grandalh\u00f5es em pernas de pau, em temporada na Barra da Tijuca e venda de ingressos, exclusivamente pelo site Clubinho de Ofertas.\u00a0Os espet\u00e1culos do Topet\u00e3o s\u00e3o reconhecidos pela qualidade e conte\u00fados educativos e sua interatividade com o p\u00fablico e inova\u00e7\u00e3o na arte circense, trazendo o mundo moderno e virtual para o picadeiro, com cen\u00e1rio colorido, figurinos luxuosos, bonecos gigantescos e apresenta\u00e7\u00f5es surpreendentes.<\/p>\n<p>&nbsp;<\/p>\n<p>Topet\u00e3o canta as suas musicas que est\u00e3o nos DVDs Circo de Brincar 1 e Circo de Brincar 2 lan\u00e7ados pela gravadora\u00a0Som Livre. Nestas can\u00e7\u00f5es alegres e educativas, os pais participam com seus filhos no palco, criando um la\u00e7o maior de amizade e cumplicidade da fam\u00edlia ali apresente. Nesta intera\u00e7\u00e3o do picadeiro e p\u00fablico, o artista\u00a0mostra, tamb\u00e9m, que as facilidades do mundo moderno n\u00e3o podem deixar de lado os exerc\u00edcios e os passeios das\u00a0bicicletas em fam\u00edlia e amigos, que o c\u00e3o pode melhorar o conv\u00edvio e o crescimento das crian\u00e7as, que tomar banho\u00a0pode ser muito divertido e escovar os dentes pode se tornar uma brincadeira no final da noite com os pais.<\/p>\n<p>&nbsp;<\/p>\n<p>\u00c0 proposta de constru\u00e7\u00e3o do Circo do Topet\u00e3o, soma-se tamb\u00e9m a experi\u00eancia profissional internacional bem\u00a0sucedida do ator Renato Ferreira, bem como dos atores que comp\u00f5em a sua trupe que, em suas temporadas fora\u00a0do pa\u00eds, perceberam que a educa\u00e7\u00e3o e a cultura s\u00e3o instrumentos fundamentais para uma sociedade\u00a0desenvolvida e que o circo tinha papel fundamental nesse desenvolvimento. Portanto, a realiza\u00e7\u00e3o deste projeto\u00a0ultrapassa o universo da satisfa\u00e7\u00e3o profissional do ator e atinge os limites da constru\u00e7\u00e3o da cidadania, tendo a\u00a0arte circense como ferramenta de transforma\u00e7\u00e3o para o desenvolvimento e justi\u00e7a social.<\/p>\n<p>&nbsp;<\/p>\n<p>Quando: 05\/05 at\u00e9 11\/06\/2017<\/p>\n<p>Hor\u00e1rio: sextas, \u00e0s 20h, e s\u00e1bados e domingos, \u00e0s 17h e \u00e0s 19h<\/p>\n<p>Onde: Via Parque<\/p>\n<p>Endere\u00e7o:\u00a0Av. Ayrton Senna, 3000 &#8211; Barra da Tijuca<\/p>\n<p><img decoding=\"async\" class=\"aligncenter wp-image-43306 size-full\" src=\"https:\/\/colinahomolog.com.br\/dev\/just-real-moms\/wp-content\/uploads\/2017\/05\/rj3.jpg\" alt=\"\" width=\"620\" height=\"400\" srcset=\"https:\/\/colinahomolog.com.br\/dev\/just-real-moms\/wp-content\/uploads\/2017\/05\/rj3.jpg 620w, https:\/\/colinahomolog.com.br\/dev\/just-real-moms\/wp-content\/uploads\/2017\/05\/rj3-400x258.jpg 400w\" sizes=\"(max-width: 620px) 100vw, 620px\" \/><\/p>\n<p>&nbsp;<\/p>\n<p style=\"text-align: center;\"><strong>Upi\u00e1, Granado e Perinatal promovem nova edi\u00e7\u00e3o de curso para gestantes na Casa do Saber<\/strong><\/p>\n<p>Em comemora\u00e7\u00e3o ao Dia das M\u00e3es, a Upi\u00e1 promove o curso para gestantes \u201cTodos os dias s\u00e3o das m\u00e3es\u201d, no dia 06 de maio, na Casa do Saber, no Leblon.<\/p>\n<p>&nbsp;<\/p>\n<p>A tarde de aprendizado contar\u00e1 com palestra de Nutri\u00e7\u00e3o na Gesta\u00e7\u00e3o com a nutricionista J\u00e9ssica N\u00f3boa, da Cl\u00ednica Patricia Davidson Haiat; orienta\u00e7\u00f5es sobre aleitamento materno com a enfermeira Paloma Brand\u00e3o, da Perinatal; reflexologia com produtos da Linha Pink, da Granado; al\u00e9m de uma sess\u00e3o de fotos das gravidinhas com a fot\u00f3grafa Al\u00ea Cris\u00f3stomo. As vagas s\u00e3o limitadas e mediante pr\u00e9via inscri\u00e7\u00e3o.<\/p>\n<p>&nbsp;<\/p>\n<p>Casa do Saber \u2013 Shopping Leblon<\/p>\n<p>Shopping Leblon \u2013 1\u00ba Piso &#8211; Av. Afr\u00e2nio de Melo Franco 290 lj. 101<\/p>\n<p>Dia: 06 de maio<\/p>\n<p>Hora: das 15h \u00e0s 18h<\/p>\n<p>Inscri\u00e7\u00f5es: <a href=\"mailto:contato@upia.com.br\">contato@upia.com.br<\/a><\/p>\n<p><img loading=\"lazy\" decoding=\"async\" class=\"aligncenter wp-image-43307 size-full\" src=\"https:\/\/colinahomolog.com.br\/dev\/just-real-moms\/wp-content\/uploads\/2017\/05\/rj4.jpg\" alt=\"\" width=\"620\" height=\"620\" srcset=\"https:\/\/colinahomolog.com.br\/dev\/just-real-moms\/wp-content\/uploads\/2017\/05\/rj4.jpg 620w, https:\/\/colinahomolog.com.br\/dev\/just-real-moms\/wp-content\/uploads\/2017\/05\/rj4-400x400.jpg 400w\" sizes=\"(max-width: 620px) 100vw, 620px\" \/><\/p>\n<p>&nbsp;<\/p>\n<p style=\"text-align: center;\"><strong>VillageMall recebe o Circuito Org\u00e2nico no primeiro s\u00e1bado de maio<\/strong><\/p>\n<p>J\u00e1 faz parte do calend\u00e1rio: sempre no primeiro s\u00e1bado de cada m\u00eas os jardins do VillageMall recebem o Circuito Org\u00e2nico, realizado em parceria com a Ess\u00eancia Vital, uma das entidades respons\u00e1veis pelo Circuito Carioca de Feiras Org\u00e2nicas. Entre as novidades da edi\u00e7\u00e3o de 06 de maio, os sorvetes veganos da Gelados da Tribo, sem soja ou lactose e as deliciosas cria\u00e7\u00f5es gastron\u00f4micas do Panelada. Para a alegria dos f\u00e3s de paisagismo, a Rio Brom\u00e9lias tamb\u00e9m participa do Circuito pela primeira vez.<\/p>\n<p>&nbsp;<\/p>\n<p>Para as crian\u00e7as, as atividades do Instituto Moleque Mateiro prometem entreter de maneira l\u00fadica e criativa. A empresa \u00e9 refer\u00eancia na \u00e1rea de projetos e programas de educa\u00e7\u00e3o ambiental h\u00e1 12 anos. Os participantes poder\u00e3o brincar em um circuito de 40 minutos, com Conta\u00e7\u00e3o de Hist\u00f3rias, Oficina de Sabores e Odores e Oficina de Plantio. J\u00e1 a Oficina de Mosaico Ecol\u00f3gico ficar\u00e1 dispon\u00edvel durante toda a atividade para as crian\u00e7as produzirem objetos a partir de sementes de diferentes formas e cores.<\/p>\n<p>&nbsp;<\/p>\n<p>O evento re\u00fane produtores e agricultores locais, que oferecem produtos totalmente org\u00e2nicos como frutas, legumes e verduras, al\u00e9m de itens artesanais como conservas, farinhas especiais, a\u00e7a\u00ed, geleias, kombuchas, bolos, tofu, sucos e comidas saud\u00e1veis e cheias de sabor como hamb\u00farguer vegano e bob\u00f3 de cogumelo. Completando a programa\u00e7\u00e3o, um show de jazz anina os jardins a partir das 16h.<\/p>\n<p>&nbsp;<\/p>\n<p>&nbsp;<\/p>\n<p>Data: 06 de maio<\/p>\n<p>Hor\u00e1rio: de 10h30 \u00e0s 18h.<\/p>\n<p>Local: Jardins do VillageMall<\/p>\n<p>&nbsp;<\/p>\n<p>Programa\u00e7\u00e3o Infantil:<\/p>\n<p>Circuito de atividades Moleque Mateiro \u00e0s 11h, 12h, 13h, 14h30 e 15h30. De 3 a 14 anos.<\/p>\n<p><img loading=\"lazy\" decoding=\"async\" class=\"aligncenter wp-image-43308 size-full\" src=\"https:\/\/colinahomolog.com.br\/dev\/just-real-moms\/wp-content\/uploads\/2017\/05\/rj5.jpg\" alt=\"\" width=\"620\" height=\"328\" srcset=\"https:\/\/colinahomolog.com.br\/dev\/just-real-moms\/wp-content\/uploads\/2017\/05\/rj5.jpg 620w, https:\/\/colinahomolog.com.br\/dev\/just-real-moms\/wp-content\/uploads\/2017\/05\/rj5-400x212.jpg 400w\" sizes=\"(max-width: 620px) 100vw, 620px\" \/><\/p>\n\n    <div class=\"xs_social_share_widget xs_share_url after_content \t\tmain_content  wslu-style-1 wslu-share-box-shaped wslu-fill-colored wslu-none wslu-share-horizontal wslu-theme-font-no wslu-main_content\">\n\n\t\t\n        <ul>\n\t\t\t        <\/ul>\n    <\/div> \n","protected":false},"excerpt":{"rendered":"<p>FavoriteOie, moms! Como voc\u00eas est\u00e3o? Ainda n\u00e3o sabem como aproveitar os dois dias de folga do fim de semana com os pequenos? Ent\u00e3o fiquem tranquilas, porque o Rio Kids separou uma sele\u00e7\u00e3o com v\u00e1rias dicas incr\u00edveis de passeios infantis. Confiram tudo o que vai rolar e aproveitem! &nbsp; BRICKS 4 KIDZ oferece aula gratuita na [&hellip;]<\/p>\n","protected":false},"author":1026,"featured_media":43303,"comment_status":"open","ping_status":"closed","sticky":false,"template":"","format":"standard","meta":{"_acf_changed":false,"footnotes":""},"categories":[33,1742,1824],"tags":[1870,1858,1844],"class_list":{"0":"post-43269","1":"post","2":"type-post","3":"status-publish","4":"format-standard","5":"has-post-thumbnail","7":"category-have-fun","8":"category-programacao","9":"category-programacao-rio-de-janeiro","10":"tag-passeios-infantis","11":"tag-programacao-infantil","12":"tag-rio-de-janeiro"},"acf":[],"yoast_head":"<!-- This site is optimized with the Yoast SEO Premium plugin v26.6 (Yoast SEO v26.6) - https:\/\/yoast.com\/wordpress\/plugins\/seo\/ -->\n<title>Dicas para curtir o fim de semana no Rio de Janeiro - por Rio Kids<\/title>\n<meta name=\"description\" content=\"No post de hoje, confiram as melhores dicas para curtir o final de semana no Rio de Janeiro. Vem ver o que o Rio Kids separou para voc\u00ea!\" \/>\n<meta name=\"robots\" content=\"index, follow, max-snippet:-1, max-image-preview:large, max-video-preview:-1\" \/>\n<link rel=\"canonical\" href=\"https:\/\/colinahomolog.com.br\/dev\/just-real-moms\/dicas-para-curtir-o-fim-de-semana-no-rio-de-janeiro-por-rio-kids\/\" \/>\n<meta property=\"og:locale\" content=\"pt_BR\" \/>\n<meta property=\"og:type\" content=\"article\" \/>\n<meta property=\"og:title\" content=\"Dicas para curtir o fim de semana no Rio de Janeiro - por Rio Kids\" \/>\n<meta property=\"og:description\" content=\"No post de hoje, confiram as melhores dicas para curtir o final de semana no Rio de Janeiro. Vem ver o que o Rio Kids separou para voc\u00ea!\" \/>\n<meta property=\"og:url\" content=\"https:\/\/colinahomolog.com.br\/dev\/just-real-moms\/dicas-para-curtir-o-fim-de-semana-no-rio-de-janeiro-por-rio-kids\/\" \/>\n<meta property=\"og:site_name\" content=\"Just Real Moms - Blog para M\u00e3es\" \/>\n<meta property=\"article:publisher\" content=\"https:\/\/www.facebook.com\/JustRealMoms\" \/>\n<meta property=\"article:published_time\" content=\"2017-05-05T11:35:47+00:00\" \/>\n<meta property=\"og:image\" content=\"https:\/\/colinahomolog.com.br\/dev\/just-real-moms\/wp-content\/uploads\/2017\/05\/rj1.jpg\" \/>\n\t<meta property=\"og:image:width\" content=\"1200\" \/>\n\t<meta property=\"og:image:height\" content=\"803\" \/>\n\t<meta property=\"og:image:type\" content=\"image\/jpeg\" \/>\n<meta name=\"author\" content=\"Ana L\u00fa Gerodetti\" \/>\n<meta name=\"twitter:label1\" content=\"Escrito por\" \/>\n\t<meta name=\"twitter:data1\" content=\"Ana L\u00fa Gerodetti\" \/>\n\t<meta name=\"twitter:label2\" content=\"Est. tempo de leitura\" \/>\n\t<meta name=\"twitter:data2\" content=\"7 minutos\" \/>\n<script type=\"application\/ld+json\" class=\"yoast-schema-graph\">{\"@context\":\"https:\/\/schema.org\",\"@graph\":[{\"@type\":\"WebPage\",\"@id\":\"https:\/\/colinahomolog.com.br\/dev\/just-real-moms\/dicas-para-curtir-o-fim-de-semana-no-rio-de-janeiro-por-rio-kids\/\",\"url\":\"https:\/\/colinahomolog.com.br\/dev\/just-real-moms\/dicas-para-curtir-o-fim-de-semana-no-rio-de-janeiro-por-rio-kids\/\",\"name\":\"Dicas para curtir o fim de semana no Rio de Janeiro - por Rio Kids\",\"isPartOf\":{\"@id\":\"https:\/\/colinahomolog.com.br\/dev\/just-real-moms\/#website\"},\"primaryImageOfPage\":{\"@id\":\"https:\/\/colinahomolog.com.br\/dev\/just-real-moms\/dicas-para-curtir-o-fim-de-semana-no-rio-de-janeiro-por-rio-kids\/#primaryimage\"},\"image\":{\"@id\":\"https:\/\/colinahomolog.com.br\/dev\/just-real-moms\/dicas-para-curtir-o-fim-de-semana-no-rio-de-janeiro-por-rio-kids\/#primaryimage\"},\"thumbnailUrl\":\"https:\/\/colinahomolog.com.br\/dev\/just-real-moms\/wp-content\/uploads\/2017\/05\/rj1.jpg\",\"datePublished\":\"2017-05-05T11:35:47+00:00\",\"author\":{\"@id\":\"https:\/\/colinahomolog.com.br\/dev\/just-real-moms\/#\/schema\/person\/515932a32be880c655c9a97801ec749d\"},\"description\":\"No post de hoje, confiram as melhores dicas para curtir o final de semana no Rio de Janeiro. Vem ver o que o Rio Kids separou para voc\u00ea!\",\"breadcrumb\":{\"@id\":\"https:\/\/colinahomolog.com.br\/dev\/just-real-moms\/dicas-para-curtir-o-fim-de-semana-no-rio-de-janeiro-por-rio-kids\/#breadcrumb\"},\"inLanguage\":\"pt-BR\",\"potentialAction\":[{\"@type\":\"ReadAction\",\"target\":[\"https:\/\/colinahomolog.com.br\/dev\/just-real-moms\/dicas-para-curtir-o-fim-de-semana-no-rio-de-janeiro-por-rio-kids\/\"]}]},{\"@type\":\"ImageObject\",\"inLanguage\":\"pt-BR\",\"@id\":\"https:\/\/colinahomolog.com.br\/dev\/just-real-moms\/dicas-para-curtir-o-fim-de-semana-no-rio-de-janeiro-por-rio-kids\/#primaryimage\",\"url\":\"https:\/\/colinahomolog.com.br\/dev\/just-real-moms\/wp-content\/uploads\/2017\/05\/rj1.jpg\",\"contentUrl\":\"https:\/\/colinahomolog.com.br\/dev\/just-real-moms\/wp-content\/uploads\/2017\/05\/rj1.jpg\",\"width\":1200,\"height\":803},{\"@type\":\"BreadcrumbList\",\"@id\":\"https:\/\/colinahomolog.com.br\/dev\/just-real-moms\/dicas-para-curtir-o-fim-de-semana-no-rio-de-janeiro-por-rio-kids\/#breadcrumb\",\"itemListElement\":[{\"@type\":\"ListItem\",\"position\":1,\"name\":\"In\u00edcio\",\"item\":\"https:\/\/colinahomolog.com.br\/dev\/just-real-moms\/\"},{\"@type\":\"ListItem\",\"position\":2,\"name\":\"Dicas para curtir o fim de semana no Rio de Janeiro &#8211; por Rio Kids\"}]},{\"@type\":\"WebSite\",\"@id\":\"https:\/\/colinahomolog.com.br\/dev\/just-real-moms\/#website\",\"url\":\"https:\/\/colinahomolog.com.br\/dev\/just-real-moms\/\",\"name\":\"Just Real Moms - Blog para M\u00e3es\",\"description\":\"O melhor e mais completo portal para m\u00e3es, pais e futuros pais!\",\"potentialAction\":[{\"@type\":\"SearchAction\",\"target\":{\"@type\":\"EntryPoint\",\"urlTemplate\":\"https:\/\/colinahomolog.com.br\/dev\/just-real-moms\/?s={search_term_string}\"},\"query-input\":{\"@type\":\"PropertyValueSpecification\",\"valueRequired\":true,\"valueName\":\"search_term_string\"}}],\"inLanguage\":\"pt-BR\"},{\"@type\":\"Person\",\"@id\":\"https:\/\/colinahomolog.com.br\/dev\/just-real-moms\/#\/schema\/person\/515932a32be880c655c9a97801ec749d\",\"name\":\"Ana L\u00fa Gerodetti\",\"url\":\"https:\/\/colinahomolog.com.br\/dev\/just-real-moms\/author\/ana-luisa\/\"}]}<\/script>\n<!-- \/ Yoast SEO Premium plugin. -->","yoast_head_json":{"title":"Dicas para curtir o fim de semana no Rio de Janeiro - por Rio Kids","description":"No post de hoje, confiram as melhores dicas para curtir o final de semana no Rio de Janeiro. Vem ver o que o Rio Kids separou para voc\u00ea!","robots":{"index":"index","follow":"follow","max-snippet":"max-snippet:-1","max-image-preview":"max-image-preview:large","max-video-preview":"max-video-preview:-1"},"canonical":"https:\/\/colinahomolog.com.br\/dev\/just-real-moms\/dicas-para-curtir-o-fim-de-semana-no-rio-de-janeiro-por-rio-kids\/","og_locale":"pt_BR","og_type":"article","og_title":"Dicas para curtir o fim de semana no Rio de Janeiro - por Rio Kids","og_description":"No post de hoje, confiram as melhores dicas para curtir o final de semana no Rio de Janeiro. Vem ver o que o Rio Kids separou para voc\u00ea!","og_url":"https:\/\/colinahomolog.com.br\/dev\/just-real-moms\/dicas-para-curtir-o-fim-de-semana-no-rio-de-janeiro-por-rio-kids\/","og_site_name":"Just Real Moms - Blog para M\u00e3es","article_publisher":"https:\/\/www.facebook.com\/JustRealMoms","article_published_time":"2017-05-05T11:35:47+00:00","og_image":[{"width":1200,"height":803,"url":"https:\/\/colinahomolog.com.br\/dev\/just-real-moms\/wp-content\/uploads\/2017\/05\/rj1.jpg","type":"image\/jpeg"}],"author":"Ana L\u00fa Gerodetti","twitter_misc":{"Escrito por":"Ana L\u00fa Gerodetti","Est. tempo de leitura":"7 minutos"},"schema":{"@context":"https:\/\/schema.org","@graph":[{"@type":"WebPage","@id":"https:\/\/colinahomolog.com.br\/dev\/just-real-moms\/dicas-para-curtir-o-fim-de-semana-no-rio-de-janeiro-por-rio-kids\/","url":"https:\/\/colinahomolog.com.br\/dev\/just-real-moms\/dicas-para-curtir-o-fim-de-semana-no-rio-de-janeiro-por-rio-kids\/","name":"Dicas para curtir o fim de semana no Rio de Janeiro - por Rio Kids","isPartOf":{"@id":"https:\/\/colinahomolog.com.br\/dev\/just-real-moms\/#website"},"primaryImageOfPage":{"@id":"https:\/\/colinahomolog.com.br\/dev\/just-real-moms\/dicas-para-curtir-o-fim-de-semana-no-rio-de-janeiro-por-rio-kids\/#primaryimage"},"image":{"@id":"https:\/\/colinahomolog.com.br\/dev\/just-real-moms\/dicas-para-curtir-o-fim-de-semana-no-rio-de-janeiro-por-rio-kids\/#primaryimage"},"thumbnailUrl":"https:\/\/colinahomolog.com.br\/dev\/just-real-moms\/wp-content\/uploads\/2017\/05\/rj1.jpg","datePublished":"2017-05-05T11:35:47+00:00","author":{"@id":"https:\/\/colinahomolog.com.br\/dev\/just-real-moms\/#\/schema\/person\/515932a32be880c655c9a97801ec749d"},"description":"No post de hoje, confiram as melhores dicas para curtir o final de semana no Rio de Janeiro. Vem ver o que o Rio Kids separou para voc\u00ea!","breadcrumb":{"@id":"https:\/\/colinahomolog.com.br\/dev\/just-real-moms\/dicas-para-curtir-o-fim-de-semana-no-rio-de-janeiro-por-rio-kids\/#breadcrumb"},"inLanguage":"pt-BR","potentialAction":[{"@type":"ReadAction","target":["https:\/\/colinahomolog.com.br\/dev\/just-real-moms\/dicas-para-curtir-o-fim-de-semana-no-rio-de-janeiro-por-rio-kids\/"]}]},{"@type":"ImageObject","inLanguage":"pt-BR","@id":"https:\/\/colinahomolog.com.br\/dev\/just-real-moms\/dicas-para-curtir-o-fim-de-semana-no-rio-de-janeiro-por-rio-kids\/#primaryimage","url":"https:\/\/colinahomolog.com.br\/dev\/just-real-moms\/wp-content\/uploads\/2017\/05\/rj1.jpg","contentUrl":"https:\/\/colinahomolog.com.br\/dev\/just-real-moms\/wp-content\/uploads\/2017\/05\/rj1.jpg","width":1200,"height":803},{"@type":"BreadcrumbList","@id":"https:\/\/colinahomolog.com.br\/dev\/just-real-moms\/dicas-para-curtir-o-fim-de-semana-no-rio-de-janeiro-por-rio-kids\/#breadcrumb","itemListElement":[{"@type":"ListItem","position":1,"name":"In\u00edcio","item":"https:\/\/colinahomolog.com.br\/dev\/just-real-moms\/"},{"@type":"ListItem","position":2,"name":"Dicas para curtir o fim de semana no Rio de Janeiro &#8211; por Rio Kids"}]},{"@type":"WebSite","@id":"https:\/\/colinahomolog.com.br\/dev\/just-real-moms\/#website","url":"https:\/\/colinahomolog.com.br\/dev\/just-real-moms\/","name":"Just Real Moms - Blog para M\u00e3es","description":"O melhor e mais completo portal para m\u00e3es, pais e futuros pais!","potentialAction":[{"@type":"SearchAction","target":{"@type":"EntryPoint","urlTemplate":"https:\/\/colinahomolog.com.br\/dev\/just-real-moms\/?s={search_term_string}"},"query-input":{"@type":"PropertyValueSpecification","valueRequired":true,"valueName":"search_term_string"}}],"inLanguage":"pt-BR"},{"@type":"Person","@id":"https:\/\/colinahomolog.com.br\/dev\/just-real-moms\/#\/schema\/person\/515932a32be880c655c9a97801ec749d","name":"Ana L\u00fa Gerodetti","url":"https:\/\/colinahomolog.com.br\/dev\/just-real-moms\/author\/ana-luisa\/"}]}},"_links":{"self":[{"href":"https:\/\/colinahomolog.com.br\/dev\/just-real-moms\/wp-json\/wp\/v2\/posts\/43269","targetHints":{"allow":["GET"]}}],"collection":[{"href":"https:\/\/colinahomolog.com.br\/dev\/just-real-moms\/wp-json\/wp\/v2\/posts"}],"about":[{"href":"https:\/\/colinahomolog.com.br\/dev\/just-real-moms\/wp-json\/wp\/v2\/types\/post"}],"author":[{"embeddable":true,"href":"https:\/\/colinahomolog.com.br\/dev\/just-real-moms\/wp-json\/wp\/v2\/users\/1026"}],"replies":[{"embeddable":true,"href":"https:\/\/colinahomolog.com.br\/dev\/just-real-moms\/wp-json\/wp\/v2\/comments?post=43269"}],"version-history":[{"count":0,"href":"https:\/\/colinahomolog.com.br\/dev\/just-real-moms\/wp-json\/wp\/v2\/posts\/43269\/revisions"}],"wp:featuredmedia":[{"embeddable":true,"href":"https:\/\/colinahomolog.com.br\/dev\/just-real-moms\/wp-json\/wp\/v2\/media\/43303"}],"wp:attachment":[{"href":"https:\/\/colinahomolog.com.br\/dev\/just-real-moms\/wp-json\/wp\/v2\/media?parent=43269"}],"wp:term":[{"taxonomy":"category","embeddable":true,"href":"https:\/\/colinahomolog.com.br\/dev\/just-real-moms\/wp-json\/wp\/v2\/categories?post=43269"},{"taxonomy":"post_tag","embeddable":true,"href":"https:\/\/colinahomolog.com.br\/dev\/just-real-moms\/wp-json\/wp\/v2\/tags?post=43269"}],"curies":[{"name":"wp","href":"https:\/\/api.w.org\/{rel}","templated":true}]}}