{"id":43741,"date":"2017-06-08T08:30:05","date_gmt":"2017-06-08T11:30:05","guid":{"rendered":"https:\/\/colinahomolog.com.br\/dev\/just-real-moms\/?p=43741"},"modified":"2017-06-24T01:37:33","modified_gmt":"2017-06-24T04:37:33","slug":"tudo-sobre-meningite-viral-e-bacteriana-por-dr-jairo-len","status":"publish","type":"post","link":"https:\/\/colinahomolog.com.br\/dev\/just-real-moms\/tudo-sobre-meningite-viral-e-bacteriana-por-dr-jairo-len\/","title":{"rendered":"Tudo sobre meningite viral e bacteriana &#8211; por Dr. Jairo Len"},"content":{"rendered":"<button class=\"simplefavorite-button preset\" data-postid=\"43741\" data-siteid=\"1\" data-groupid=\"1\" data-favoritecount=\"0\" style=\"box-shadow:none;-webkit-box-shadow:none;-moz-box-shadow:none;background-color:#68ccb4;border-color:#68ccb4;color:#ffffff;\"><i class=\"sf-icon-favorite\" style=\"\"><\/i>Favorite<\/button><p>&nbsp;<\/p>\n<p>Ol\u00e1!<\/p>\n<p>H\u00e1 pouco tempo, tenho lido e escutado sobre muitas pessoas com meningites.<\/p>\n<p>O nosso colunista, o pediatra Dr. Jairo Len, escreveu sobre o assunto e esclarecer algumas d\u00favidas sobre essa doen\u00e7a infecciosa.<\/p>\n<p>Espero que ajude!<\/p>\n<p>Mil Bjss<\/p>\n<p>&nbsp;<\/p>\n<p><img fetchpriority=\"high\" decoding=\"async\" class=\"aligncenter size-full wp-image-38313\" src=\"https:\/\/colinahomolog.com.br\/dev\/just-real-moms\/wp-content\/uploads\/2016\/03\/dr_jairo_len.jpg\" alt=\"\" width=\"362\" height=\"482\" \/><\/p>\n<p>&nbsp;<\/p>\n<p>\u2026\u2026\u2026\u2026\u2026\u2026\u2026\u2026\u2026\u2026\u2026\u2026\u2026\u2026\u2026\u2026\u2026\u2026\u2026\u2026\u2026\u2026\u2026\u2026\u2026\u2026\u2026\u2026\u2026\u2026\u2026\u2026\u2026\u2026\u2026\u2026\u2026\u2026\u2026\u2026\u2026\u2026\u2026\u2026\u2026\u2026\u2026\u2026\u2026\u2026\u2026\u2026\u2026\u2026\u2026\u2026<\/p>\n<p>&nbsp;<\/p>\n<p style=\"text-align: center;\"><strong>Meningites Virais e Meningites Bacterianas<\/strong><\/p>\n<p>Outono \u00e9 \u00e9poca do ano \u00e9 prop\u00edcia para doen\u00e7as infecciosas &#8211; entre as quais as meningites. Sempre me perguntam se estamos com epidemia de meningites nesta \u00e9poca do ano. A resposta \u00e9 n\u00e3o.<\/p>\n<p>Meningite \u00e9 end\u00eamica no outono, ou seja, os casos aumentam naturalmente, sem suplantar o patamar anual. Quando os n\u00fameros aumentam acima do esperado \u00e9 que chamamos de epidemia (como foi a dengue, zika, e agora a febre amarela).<\/p>\n<p>&nbsp;<\/p>\n<p><strong>Quais s\u00e3o os sintomas de meningites em geral?<\/strong><\/p>\n<p><strong>Nas meningites virais<\/strong>, o quadro \u00e9 mais leve. Os sintomas se assemelham aos das gripes e resfriados. A doen\u00e7a acomete principalmente as crian\u00e7as, que t\u00eam febre, dor de cabe\u00e7a, um pouco de rigidez da nuca, inapet\u00eancia e ficam irritadas. Uma vez que os exames tenham comprovado tratar-se de meningite viral, a conduta \u00e9 esperar que o caso se resolva sozinho, como acontece com as outras viroses.<\/p>\n<p><strong>As meningites bacterianas<\/strong> s\u00e3o mais graves e devem ser tratadas imediatamente. Em pouco tempo, os sintomas aparecem: febre alta, mal-estar, v\u00f4mitos, dor forte de cabe\u00e7a e no pesco\u00e7o, dificuldade para encostar o queixo no peito e, \u00e0s vezes, manchas vermelhas espalhadas pelo corpo. Esse \u00e9 um sinal de que a infec\u00e7\u00e3o est\u00e1 se alastrando rapidamente pelo sangue e o risco de septicemia aumenta muito. Nos beb\u00eas, a moleira fica elevada.<\/p>\n<p>&nbsp;<\/p>\n<p><img decoding=\"async\" class=\"aligncenter wp-image-43743\" src=\"https:\/\/colinahomolog.com.br\/dev\/just-real-moms\/wp-content\/uploads\/2017\/06\/meningite2.jpg\" alt=\"\" width=\"500\" height=\"638\" \/><\/p>\n<p>&nbsp;<\/p>\n<p><strong>Sobre a meningite bacteriana:<\/strong><\/p>\n<p>As meningites podem ter duas causas, principalmente: VIRAIS e BACTERIANAS.<\/p>\n<p>As bacterianas s\u00e3o as mais raras e graves e, ainda que existam vacinas contra elas, sempre devemos lembrar que n\u00e3o s\u00e3o 100% evit\u00e1veis. As crian\u00e7as recebem rotineiramente as vacinas contra meningites bacterianas causadas por: hem\u00f3filus, pneumococos, meningococos A, B, C, W e Y.<\/p>\n<p><em>D\u00favida frequente:<\/em> quando h\u00e1 um caso de meningite bacteriana na escola, h\u00e1 necessidade de tratamento profil\u00e1tico nos demais alunos? Sim, mas s\u00f3 quem teve contato DIRETO com o doente deve receber antibi\u00f3tico profil\u00e1tico. Entenda-se por contato direto os colegas de classe, pais e irm\u00e3os, professora. N\u00e3o devem receber a profilaxia o irm\u00e3o do coleguinha de classe, o filho da professora, o sujeito que desceu no elevador junto com a crian\u00e7a. N\u00e3o h\u00e1 necessidade de suspens\u00e3o das aulas se houve caso de meningite bacteriana na escola, mas com frequ\u00eancia vemos que isso acontece.<\/p>\n<p>&nbsp;<\/p>\n<p><strong>Sobre a meningite viral:<\/strong><\/p>\n<p>A meningite viral \u00e9 causada por diversos v\u00edrus, principalmente o Adenov\u00edrus.<\/p>\n<p>Contra a meningite viral n\u00e3o existe vacina.<\/p>\n<p>\u00c9 bem mais comum que a bacteriana. De uma forma geral, \u00e9 uma meningite benigna, n\u00e3o causando sequelas ou risco de vida. Raramente a crian\u00e7a \u00e9 internada, porque n\u00e3o h\u00e1 necessidade de qualquer tratamento.<\/p>\n<p>Quem teve contato direto com o portador da meningite viral n\u00e3o precisa tomar qualquer rem\u00e9dio. O v\u00edrus se espalha entre as pessoas, mas \u00e9 rar\u00edssimo causar meningite &#8211; causa resfriados, diarr\u00e9ia, viroses&#8230; E, em uma porcentagem baix\u00edssima, atinge as meninges causando o quadro de meningite.<\/p>\n<p>&nbsp;<\/p>\n<p><strong>Como \u00e9 feito o diagn\u00f3stico?<\/strong><\/p>\n<p>O diagn\u00f3stico baseia-se na avalia\u00e7\u00e3o cl\u00ednica do paciente e no exame do l\u00edquor, l\u00edquido que envolve o sistema nervoso, para identificar o tipo do agente infeccioso envolvido.<\/p>\n<p>&nbsp;<\/p>\n<p><strong>Como tratar a meningite?<\/strong><\/p>\n<p>O tratamento das meningites bacterianas tem de ser introduzido sem perda de tempo, porque a doen\u00e7a pode ser letal ou deixar sequelas, como surdez, dificuldade de aprendizagem, comprometimento cerebral. Ele \u00e9 feito com antibi\u00f3ticos aplicados na veia.<\/p>\n<p>Assim como para as outras enfermidades causadas por v\u00edrus, n\u00e3o existe tratamento espec\u00edfico para as meningites virais. Os medicamentos antit\u00e9rmicos e analg\u00e9sicos s\u00e3o \u00fateis para aliviar os sintomas.<\/p>\n<p>Meningites causadas por fungos ou pelo bacilo da tuberculose exigem tratamento prolongado \u00e0 base de antibi\u00f3ticos e quimioter\u00e1picos por via oral ou endovenosa.<\/p>\n<p>&nbsp;<\/p>\n<p><img decoding=\"async\" class=\"aligncenter size-full wp-image-43742\" src=\"https:\/\/colinahomolog.com.br\/dev\/just-real-moms\/wp-content\/uploads\/2017\/06\/meningite.jpg\" alt=\"\" width=\"400\" height=\"400\" \/><\/p>\n<p>&nbsp;<\/p>\n\n    <div class=\"xs_social_share_widget xs_share_url after_content \t\tmain_content  wslu-style-1 wslu-share-box-shaped wslu-fill-colored wslu-none wslu-share-horizontal wslu-theme-font-no wslu-main_content\">\n\n\t\t\n        <ul>\n\t\t\t        <\/ul>\n    <\/div> \n","protected":false},"excerpt":{"rendered":"<p>Favorite&nbsp; Ol\u00e1! H\u00e1 pouco tempo, tenho lido e escutado sobre muitas pessoas com meningites. O nosso colunista, o pediatra Dr. Jairo Len, escreveu sobre o assunto e esclarecer algumas d\u00favidas sobre essa doen\u00e7a infecciosa. Espero que ajude! Mil Bjss &nbsp; &nbsp; \u2026\u2026\u2026\u2026\u2026\u2026\u2026\u2026\u2026\u2026\u2026\u2026\u2026\u2026\u2026\u2026\u2026\u2026\u2026\u2026\u2026\u2026\u2026\u2026\u2026\u2026\u2026\u2026\u2026\u2026\u2026\u2026\u2026\u2026\u2026\u2026\u2026\u2026\u2026\u2026\u2026\u2026\u2026\u2026\u2026\u2026\u2026\u2026\u2026\u2026\u2026\u2026\u2026\u2026\u2026\u2026 &nbsp; Meningites Virais e Meningites Bacterianas Outono \u00e9 \u00e9poca do ano \u00e9 prop\u00edcia [&hellip;]<\/p>\n","protected":false},"author":4,"featured_media":43742,"comment_status":"open","ping_status":"closed","sticky":false,"template":"","format":"standard","meta":{"_acf_changed":false,"footnotes":""},"categories":[30,453],"tags":[],"class_list":{"0":"post-43741","1":"post","2":"type-post","3":"status-publish","4":"format-standard","5":"has-post-thumbnail","7":"category-de-mae-para-mae","8":"category-dicas-dos-especialistas"},"acf":[],"yoast_head":"<!-- This site is optimized with the Yoast SEO Premium plugin v26.6 (Yoast SEO v26.6) - https:\/\/yoast.com\/wordpress\/plugins\/seo\/ -->\n<title>Tudo sobre meningite viral e bacteriana - por Dr. Jairo Len<\/title>\n<meta name=\"robots\" content=\"index, follow, max-snippet:-1, max-image-preview:large, max-video-preview:-1\" \/>\n<link rel=\"canonical\" href=\"https:\/\/colinahomolog.com.br\/dev\/just-real-moms\/tudo-sobre-meningite-viral-e-bacteriana-por-dr-jairo-len\/\" \/>\n<meta property=\"og:locale\" content=\"pt_BR\" \/>\n<meta property=\"og:type\" content=\"article\" \/>\n<meta property=\"og:title\" content=\"Tudo sobre meningite viral e bacteriana - por Dr. Jairo Len\" \/>\n<meta property=\"og:description\" content=\"Favorite&nbsp; Ol\u00e1! H\u00e1 pouco tempo, tenho lido e escutado sobre muitas pessoas com meningites. O nosso colunista, o pediatra Dr. Jairo Len, escreveu sobre o assunto e esclarecer algumas d\u00favidas sobre essa doen\u00e7a infecciosa. Espero que ajude! Mil Bjss &nbsp; &nbsp; \u2026\u2026\u2026\u2026\u2026\u2026\u2026\u2026\u2026\u2026\u2026\u2026\u2026\u2026\u2026\u2026\u2026\u2026\u2026\u2026\u2026\u2026\u2026\u2026\u2026\u2026\u2026\u2026\u2026\u2026\u2026\u2026\u2026\u2026\u2026\u2026\u2026\u2026\u2026\u2026\u2026\u2026\u2026\u2026\u2026\u2026\u2026\u2026\u2026\u2026\u2026\u2026\u2026\u2026\u2026\u2026 &nbsp; Meningites Virais e Meningites Bacterianas Outono \u00e9 \u00e9poca do ano \u00e9 prop\u00edcia [&hellip;]\" \/>\n<meta property=\"og:url\" content=\"https:\/\/colinahomolog.com.br\/dev\/just-real-moms\/tudo-sobre-meningite-viral-e-bacteriana-por-dr-jairo-len\/\" \/>\n<meta property=\"og:site_name\" content=\"Just Real Moms - Blog para M\u00e3es\" \/>\n<meta property=\"article:publisher\" content=\"https:\/\/www.facebook.com\/JustRealMoms\" \/>\n<meta property=\"article:published_time\" content=\"2017-06-08T11:30:05+00:00\" \/>\n<meta property=\"article:modified_time\" content=\"2017-06-24T04:37:33+00:00\" \/>\n<meta property=\"og:image\" content=\"https:\/\/colinahomolog.com.br\/dev\/just-real-moms\/wp-content\/uploads\/2017\/06\/meningite.jpg\" \/>\n\t<meta property=\"og:image:width\" content=\"400\" \/>\n\t<meta property=\"og:image:height\" content=\"400\" \/>\n\t<meta property=\"og:image:type\" content=\"image\/jpeg\" \/>\n<meta name=\"author\" content=\"Renata\" \/>\n<meta name=\"twitter:label1\" content=\"Escrito por\" \/>\n\t<meta name=\"twitter:data1\" content=\"Renata\" \/>\n\t<meta name=\"twitter:label2\" content=\"Est. tempo de leitura\" \/>\n\t<meta name=\"twitter:data2\" content=\"3 minutos\" \/>\n<script type=\"application\/ld+json\" class=\"yoast-schema-graph\">{\"@context\":\"https:\/\/schema.org\",\"@graph\":[{\"@type\":\"WebPage\",\"@id\":\"https:\/\/colinahomolog.com.br\/dev\/just-real-moms\/tudo-sobre-meningite-viral-e-bacteriana-por-dr-jairo-len\/\",\"url\":\"https:\/\/colinahomolog.com.br\/dev\/just-real-moms\/tudo-sobre-meningite-viral-e-bacteriana-por-dr-jairo-len\/\",\"name\":\"Tudo sobre meningite viral e bacteriana - por Dr. Jairo Len\",\"isPartOf\":{\"@id\":\"https:\/\/colinahomolog.com.br\/dev\/just-real-moms\/#website\"},\"primaryImageOfPage\":{\"@id\":\"https:\/\/colinahomolog.com.br\/dev\/just-real-moms\/tudo-sobre-meningite-viral-e-bacteriana-por-dr-jairo-len\/#primaryimage\"},\"image\":{\"@id\":\"https:\/\/colinahomolog.com.br\/dev\/just-real-moms\/tudo-sobre-meningite-viral-e-bacteriana-por-dr-jairo-len\/#primaryimage\"},\"thumbnailUrl\":\"https:\/\/colinahomolog.com.br\/dev\/just-real-moms\/wp-content\/uploads\/2017\/06\/meningite.jpg\",\"datePublished\":\"2017-06-08T11:30:05+00:00\",\"dateModified\":\"2017-06-24T04:37:33+00:00\",\"author\":{\"@id\":\"https:\/\/colinahomolog.com.br\/dev\/just-real-moms\/#\/schema\/person\/2f9d85c04a6847c0f366e0a40924a2fa\"},\"breadcrumb\":{\"@id\":\"https:\/\/colinahomolog.com.br\/dev\/just-real-moms\/tudo-sobre-meningite-viral-e-bacteriana-por-dr-jairo-len\/#breadcrumb\"},\"inLanguage\":\"pt-BR\",\"potentialAction\":[{\"@type\":\"ReadAction\",\"target\":[\"https:\/\/colinahomolog.com.br\/dev\/just-real-moms\/tudo-sobre-meningite-viral-e-bacteriana-por-dr-jairo-len\/\"]}]},{\"@type\":\"ImageObject\",\"inLanguage\":\"pt-BR\",\"@id\":\"https:\/\/colinahomolog.com.br\/dev\/just-real-moms\/tudo-sobre-meningite-viral-e-bacteriana-por-dr-jairo-len\/#primaryimage\",\"url\":\"https:\/\/colinahomolog.com.br\/dev\/just-real-moms\/wp-content\/uploads\/2017\/06\/meningite.jpg\",\"contentUrl\":\"https:\/\/colinahomolog.com.br\/dev\/just-real-moms\/wp-content\/uploads\/2017\/06\/meningite.jpg\",\"width\":400,\"height\":400},{\"@type\":\"BreadcrumbList\",\"@id\":\"https:\/\/colinahomolog.com.br\/dev\/just-real-moms\/tudo-sobre-meningite-viral-e-bacteriana-por-dr-jairo-len\/#breadcrumb\",\"itemListElement\":[{\"@type\":\"ListItem\",\"position\":1,\"name\":\"In\u00edcio\",\"item\":\"https:\/\/colinahomolog.com.br\/dev\/just-real-moms\/\"},{\"@type\":\"ListItem\",\"position\":2,\"name\":\"Tudo sobre meningite viral e bacteriana &#8211; por Dr. Jairo Len\"}]},{\"@type\":\"WebSite\",\"@id\":\"https:\/\/colinahomolog.com.br\/dev\/just-real-moms\/#website\",\"url\":\"https:\/\/colinahomolog.com.br\/dev\/just-real-moms\/\",\"name\":\"Just Real Moms - Blog para M\u00e3es\",\"description\":\"O melhor e mais completo portal para m\u00e3es, pais e futuros pais!\",\"potentialAction\":[{\"@type\":\"SearchAction\",\"target\":{\"@type\":\"EntryPoint\",\"urlTemplate\":\"https:\/\/colinahomolog.com.br\/dev\/just-real-moms\/?s={search_term_string}\"},\"query-input\":{\"@type\":\"PropertyValueSpecification\",\"valueRequired\":true,\"valueName\":\"search_term_string\"}}],\"inLanguage\":\"pt-BR\"},{\"@type\":\"Person\",\"@id\":\"https:\/\/colinahomolog.com.br\/dev\/just-real-moms\/#\/schema\/person\/2f9d85c04a6847c0f366e0a40924a2fa\",\"name\":\"Renata\",\"url\":\"https:\/\/colinahomolog.com.br\/dev\/just-real-moms\/author\/renata\/\"}]}<\/script>\n<!-- \/ Yoast SEO Premium plugin. -->","yoast_head_json":{"title":"Tudo sobre meningite viral e bacteriana - por Dr. Jairo Len","robots":{"index":"index","follow":"follow","max-snippet":"max-snippet:-1","max-image-preview":"max-image-preview:large","max-video-preview":"max-video-preview:-1"},"canonical":"https:\/\/colinahomolog.com.br\/dev\/just-real-moms\/tudo-sobre-meningite-viral-e-bacteriana-por-dr-jairo-len\/","og_locale":"pt_BR","og_type":"article","og_title":"Tudo sobre meningite viral e bacteriana - por Dr. Jairo Len","og_description":"Favorite&nbsp; Ol\u00e1! H\u00e1 pouco tempo, tenho lido e escutado sobre muitas pessoas com meningites. O nosso colunista, o pediatra Dr. Jairo Len, escreveu sobre o assunto e esclarecer algumas d\u00favidas sobre essa doen\u00e7a infecciosa. Espero que ajude! Mil Bjss &nbsp; &nbsp; \u2026\u2026\u2026\u2026\u2026\u2026\u2026\u2026\u2026\u2026\u2026\u2026\u2026\u2026\u2026\u2026\u2026\u2026\u2026\u2026\u2026\u2026\u2026\u2026\u2026\u2026\u2026\u2026\u2026\u2026\u2026\u2026\u2026\u2026\u2026\u2026\u2026\u2026\u2026\u2026\u2026\u2026\u2026\u2026\u2026\u2026\u2026\u2026\u2026\u2026\u2026\u2026\u2026\u2026\u2026\u2026 &nbsp; Meningites Virais e Meningites Bacterianas Outono \u00e9 \u00e9poca do ano \u00e9 prop\u00edcia [&hellip;]","og_url":"https:\/\/colinahomolog.com.br\/dev\/just-real-moms\/tudo-sobre-meningite-viral-e-bacteriana-por-dr-jairo-len\/","og_site_name":"Just Real Moms - Blog para M\u00e3es","article_publisher":"https:\/\/www.facebook.com\/JustRealMoms","article_published_time":"2017-06-08T11:30:05+00:00","article_modified_time":"2017-06-24T04:37:33+00:00","og_image":[{"width":400,"height":400,"url":"https:\/\/colinahomolog.com.br\/dev\/just-real-moms\/wp-content\/uploads\/2017\/06\/meningite.jpg","type":"image\/jpeg"}],"author":"Renata","twitter_misc":{"Escrito por":"Renata","Est. tempo de leitura":"3 minutos"},"schema":{"@context":"https:\/\/schema.org","@graph":[{"@type":"WebPage","@id":"https:\/\/colinahomolog.com.br\/dev\/just-real-moms\/tudo-sobre-meningite-viral-e-bacteriana-por-dr-jairo-len\/","url":"https:\/\/colinahomolog.com.br\/dev\/just-real-moms\/tudo-sobre-meningite-viral-e-bacteriana-por-dr-jairo-len\/","name":"Tudo sobre meningite viral e bacteriana - por Dr. Jairo Len","isPartOf":{"@id":"https:\/\/colinahomolog.com.br\/dev\/just-real-moms\/#website"},"primaryImageOfPage":{"@id":"https:\/\/colinahomolog.com.br\/dev\/just-real-moms\/tudo-sobre-meningite-viral-e-bacteriana-por-dr-jairo-len\/#primaryimage"},"image":{"@id":"https:\/\/colinahomolog.com.br\/dev\/just-real-moms\/tudo-sobre-meningite-viral-e-bacteriana-por-dr-jairo-len\/#primaryimage"},"thumbnailUrl":"https:\/\/colinahomolog.com.br\/dev\/just-real-moms\/wp-content\/uploads\/2017\/06\/meningite.jpg","datePublished":"2017-06-08T11:30:05+00:00","dateModified":"2017-06-24T04:37:33+00:00","author":{"@id":"https:\/\/colinahomolog.com.br\/dev\/just-real-moms\/#\/schema\/person\/2f9d85c04a6847c0f366e0a40924a2fa"},"breadcrumb":{"@id":"https:\/\/colinahomolog.com.br\/dev\/just-real-moms\/tudo-sobre-meningite-viral-e-bacteriana-por-dr-jairo-len\/#breadcrumb"},"inLanguage":"pt-BR","potentialAction":[{"@type":"ReadAction","target":["https:\/\/colinahomolog.com.br\/dev\/just-real-moms\/tudo-sobre-meningite-viral-e-bacteriana-por-dr-jairo-len\/"]}]},{"@type":"ImageObject","inLanguage":"pt-BR","@id":"https:\/\/colinahomolog.com.br\/dev\/just-real-moms\/tudo-sobre-meningite-viral-e-bacteriana-por-dr-jairo-len\/#primaryimage","url":"https:\/\/colinahomolog.com.br\/dev\/just-real-moms\/wp-content\/uploads\/2017\/06\/meningite.jpg","contentUrl":"https:\/\/colinahomolog.com.br\/dev\/just-real-moms\/wp-content\/uploads\/2017\/06\/meningite.jpg","width":400,"height":400},{"@type":"BreadcrumbList","@id":"https:\/\/colinahomolog.com.br\/dev\/just-real-moms\/tudo-sobre-meningite-viral-e-bacteriana-por-dr-jairo-len\/#breadcrumb","itemListElement":[{"@type":"ListItem","position":1,"name":"In\u00edcio","item":"https:\/\/colinahomolog.com.br\/dev\/just-real-moms\/"},{"@type":"ListItem","position":2,"name":"Tudo sobre meningite viral e bacteriana &#8211; por Dr. Jairo Len"}]},{"@type":"WebSite","@id":"https:\/\/colinahomolog.com.br\/dev\/just-real-moms\/#website","url":"https:\/\/colinahomolog.com.br\/dev\/just-real-moms\/","name":"Just Real Moms - Blog para M\u00e3es","description":"O melhor e mais completo portal para m\u00e3es, pais e futuros pais!","potentialAction":[{"@type":"SearchAction","target":{"@type":"EntryPoint","urlTemplate":"https:\/\/colinahomolog.com.br\/dev\/just-real-moms\/?s={search_term_string}"},"query-input":{"@type":"PropertyValueSpecification","valueRequired":true,"valueName":"search_term_string"}}],"inLanguage":"pt-BR"},{"@type":"Person","@id":"https:\/\/colinahomolog.com.br\/dev\/just-real-moms\/#\/schema\/person\/2f9d85c04a6847c0f366e0a40924a2fa","name":"Renata","url":"https:\/\/colinahomolog.com.br\/dev\/just-real-moms\/author\/renata\/"}]}},"_links":{"self":[{"href":"https:\/\/colinahomolog.com.br\/dev\/just-real-moms\/wp-json\/wp\/v2\/posts\/43741","targetHints":{"allow":["GET"]}}],"collection":[{"href":"https:\/\/colinahomolog.com.br\/dev\/just-real-moms\/wp-json\/wp\/v2\/posts"}],"about":[{"href":"https:\/\/colinahomolog.com.br\/dev\/just-real-moms\/wp-json\/wp\/v2\/types\/post"}],"author":[{"embeddable":true,"href":"https:\/\/colinahomolog.com.br\/dev\/just-real-moms\/wp-json\/wp\/v2\/users\/4"}],"replies":[{"embeddable":true,"href":"https:\/\/colinahomolog.com.br\/dev\/just-real-moms\/wp-json\/wp\/v2\/comments?post=43741"}],"version-history":[{"count":0,"href":"https:\/\/colinahomolog.com.br\/dev\/just-real-moms\/wp-json\/wp\/v2\/posts\/43741\/revisions"}],"wp:featuredmedia":[{"embeddable":true,"href":"https:\/\/colinahomolog.com.br\/dev\/just-real-moms\/wp-json\/wp\/v2\/media\/43742"}],"wp:attachment":[{"href":"https:\/\/colinahomolog.com.br\/dev\/just-real-moms\/wp-json\/wp\/v2\/media?parent=43741"}],"wp:term":[{"taxonomy":"category","embeddable":true,"href":"https:\/\/colinahomolog.com.br\/dev\/just-real-moms\/wp-json\/wp\/v2\/categories?post=43741"},{"taxonomy":"post_tag","embeddable":true,"href":"https:\/\/colinahomolog.com.br\/dev\/just-real-moms\/wp-json\/wp\/v2\/tags?post=43741"}],"curies":[{"name":"wp","href":"https:\/\/api.w.org\/{rel}","templated":true}]}}