{"id":43923,"date":"2018-09-26T08:10:44","date_gmt":"2018-09-26T11:10:44","guid":{"rendered":"https:\/\/colinahomolog.com.br\/dev\/just-real-moms\/?p=43923"},"modified":"2018-09-25T21:07:42","modified_gmt":"2018-09-26T00:07:42","slug":"aquela-frase-que-eu-gostaria-de-banir-das-conversas-entre-maes","status":"publish","type":"post","link":"https:\/\/colinahomolog.com.br\/dev\/just-real-moms\/aquela-frase-que-eu-gostaria-de-banir-das-conversas-entre-maes\/","title":{"rendered":"Aquela frase que eu gostaria de banir das conversas entre m\u00e3es"},"content":{"rendered":"<button class=\"simplefavorite-button preset\" data-postid=\"43923\" data-siteid=\"1\" data-groupid=\"1\" data-favoritecount=\"1\" style=\"box-shadow:none;-webkit-box-shadow:none;-moz-box-shadow:none;background-color:#68ccb4;border-color:#68ccb4;color:#ffffff;\"><i class=\"sf-icon-favorite\" style=\"\"><\/i>Favorite<\/button><p>Ol\u00e1, moms!<\/p>\n<p>Tudo bem?<\/p>\n<p>Sempre recebemos desabafos de m\u00e3es que est\u00e3o cansadas de pessoas que n\u00e3o entendem a maternidade &#8211; e todos os obst\u00e1culos que v\u00eam com ela. S\u00e3o julgamentos de um lado, achismos de outro, mas ningu\u00e9m realmente compreende a rotina de cada m\u00e3e, que \u00e9 \u00fanica e diferente umas das outras.<\/p>\n<p>Outro dia, enquanto passeava pela internet, encontrei um texto que fala muito sobre o assunto e toca em um ponto chave desses julgamentos.<\/p>\n<p>Confiram a tradu\u00e7\u00e3o livre que fizemos!<\/p>\n<hr \/>\n<p>&nbsp;<\/p>\n<p><img fetchpriority=\"high\" decoding=\"async\" class=\"aligncenter wp-image-43927 size-full\" src=\"https:\/\/colinahomolog.com.br\/dev\/just-real-moms\/wp-content\/uploads\/2017\/06\/the-one-phrase.jpg\" alt=\"Aquela frase que eu gostaria de banir das conversas entre m\u00e3es\" width=\"700\" height=\"400\" srcset=\"https:\/\/colinahomolog.com.br\/dev\/just-real-moms\/wp-content\/uploads\/2017\/06\/the-one-phrase.jpg 700w, https:\/\/colinahomolog.com.br\/dev\/just-real-moms\/wp-content\/uploads\/2017\/06\/the-one-phrase-400x229.jpg 400w\" sizes=\"(max-width: 700px) 100vw, 700px\" \/><\/p>\n<p>&nbsp;<\/p>\n<p>Minha super amiga \u00e9 uma m\u00e3e que cuisa dos filhos sozinha. Seus dias s\u00e3o t\u00e3o complicados quanto uma opera\u00e7\u00e3o militar: levante-se, cuide do beb\u00ea enquanto o que est\u00e1 na pr\u00e9-escola assiste a um desenho, fa\u00e7a caf\u00e9 da manh\u00e3, vista os dois, fa\u00e7a o almo\u00e7o, arrume-se e prepare-se para o trabalho enquanto as crian\u00e7as veem outro desenho. Deixe uma crian\u00e7a na escolinha e a outra na outra escola, passe no trabalho, pegue as crian\u00e7as no final do dia, pare para comprar mantimentos, supervisione o jantar, d\u00ea banhos, d\u00ea de mamar para o menor enquanto a crian\u00e7a mais velha assiste a um terceiro desenho e, finalmente, coloque-o na cama com um livro ou dois. Em seguida, limpe a cozinha, lave os pratos do almo\u00e7o, responda os e-mails de trabalho e deite-se para a sua pequena noite de sono de sempre.<\/p>\n<p>Por tudo isso, ela n\u00e3o se queixa muito. No entanto, uma vez, enquanto pass\u00e1vamos para buscar os pequenos, ela disse que gostaria que as crian\u00e7as assistissem menos TV, mas ela n\u00e3o tem outra maneira de ocup\u00e1-las enquanto ela est\u00e1 tomando banho. Outra m\u00e3e, na sa\u00edda da escola, disse: &#8220;voc\u00ea n\u00e3o pode simplesmente colocar alguns gizes de cera ou outras coisas do tipo? Isso vai mant\u00ea-lo ocupado por um momento\u201d. E minha amiga suspirou, dizendo que ela supunha que podia, mas ela sabe que a TV ser\u00e1 fascinante para as crian\u00e7as por 10 ou 20 minutos, enquanto eles perdem o interesse nos gizes ap\u00f3s 20 segundos &#8211; al\u00e9m disso, h\u00e1 coisas artesanais para limpar.<\/p>\n<p>Outra amiga, que tem um trabalho bem ocupado e muitas vezes prepara comidas embaladas para o jantar da sua fam\u00edlia, cometeu o erro de lamentar em p\u00fablico, que desejava poder fazer uma refei\u00e7\u00e3o caseira \u00e0 noite. Algu\u00e9m do nosso grupo respondeu: &#8220;voc\u00ea n\u00e3o pode simplesmente preparar as refei\u00e7\u00f5es nos finais de semana e reaquec\u00ea-las durante a semana?&#8221;. Minha amiga respondeu &#8220;na verdade, n\u00e3o&#8221;, ressaltando que os finais de semana j\u00e1 estavam cheios de recados, tarefas dom\u00e9sticas e cuidados infantis.<\/p>\n<p>Agora, essas intera\u00e7\u00f5es n\u00e3o eram t\u00e3o hostis quanto pareciam no papel. Nosso grupo de m\u00e3es \u00e9 bastante solid\u00e1rio e as respostas deveriam ser \u00fateis &#8211; sugest\u00f5es pr\u00e1ticas para fazer tudo. Mas elas ainda deixam a m\u00e3e em quest\u00e3o se sentindo um pouco&#8230; Derrubada. Se ao menos ela fosse mais eficiente, as crian\u00e7as comeriam refei\u00e7\u00f5es caseiras com trigo e brincariam com blocos de madeira ao inv\u00e9s de assistir TV.<\/p>\n<p>Mas nunca poder\u00edamos ser eficientes o suficiente para fazer todas as coisas que \u201csupostamente\u201d deveriam fazer como m\u00e3es. Eu trabalho em um hor\u00e1rio bastante flex\u00edvel e ainda acho muito dif\u00edcil conseguir cozinhar, me exercitar, fazer passatempos, limpeza e tempo de qualidade com os meus filhos. Em qualquer dia, a maioria dessas coisas, se n\u00e3o todas elas, v\u00e3o ficando de lado. Eu gosto de praticidade tanto quanto qualquer um, como dicas para limpezas r\u00e1pidas de banheiro, ou receitas que produzem tr\u00eas jantares ao inv\u00e9s de uma, mas n\u00e3o resolvem o problema principal de que n\u00e3o h\u00e1 horas suficientes no dia. Eu acho que seria uma gentileza geral reconhecer que nem todos os problemas s\u00e3o solucion\u00e1veis \u200b\u200b- porque n\u00e3o h\u00e1 tanto tempo e energia. Ou, pelo menos, reconhecer que &#8220;resolver o problema&#8221; pode envolver algo imperfeito, como uma passada num fast food ou uma terceira hora no iPad.<\/p>\n<p>Eu adquiri o meu pr\u00f3prio &#8220;<strong>voc\u00ea n\u00e3o pode simplesmente&#8230;<\/strong>&#8221; quando meu segundo filho tinha 6 semanas de vida e um amigo da faculdade convidou todos para um parque em Manhattan, um passeio de metr\u00f4 longe de nossa casa no Brooklyn. N\u00f3s n\u00e3o fomos porque eu n\u00e3o podia enfrentar a log\u00edstica de conseguir levar as duas crian\u00e7as l\u00e1. Meu amigo disse: &#8220;voc\u00ea n\u00e3o consegue colocar o beb\u00ea no canguru e trazer um carrinho de viagem?&#8221; e sim, eu suponho que eu poderia fazer isso, mas no momento eu simplesmente n\u00e3o consegui lidar com a mochila, segurando o de 3 anos de idade em uma m\u00e3o, o de 1 em outra m\u00e3o e o carrinho de passeio na outra, tentando conciliar os cochilos deles. N\u00e3o, eu n\u00e3o poderia &#8220;apenas&#8221; fazer alguma coisa, porque estava totalmente sobrecarregada e cansada. Ent\u00e3o eu tamb\u00e9m me senti um pouco culpada, porque eu era covarde demais para fazer essa viagem t\u00e3o \u201cantecipada\u201d acontecer para o meu filho.<\/p>\n<p>Esta frase \u00e9, sim, uma coisa pequena, mas acho que os pais, que j\u00e1 est\u00e3o lutando e sobrecarregados, sentem-se um pouco pior que suas vidas n\u00e3o s\u00e3o t\u00e3o perfeitas quanto &#8220;devem&#8221; ser. N\u00e3o, alguns de n\u00f3s simplesmente n\u00e3o podem cozinhar do zero, nem espremer em 20 minutos de exerc\u00edcios, nem limpar a sala de estar bagun\u00e7ada. \u00c0s vezes, voc\u00ea n\u00e3o tem vontade de fazer nada al\u00e9m de ficar de bru\u00e7os com um pote de<em> sorvete<\/em>.<\/p>\n<p>Ent\u00e3o, junte-se a mim para proibir esta frase (&#8220;voc\u00ea n\u00e3o pode simplesmente&#8230;&#8221;) do vocabul\u00e1rio da nossa m\u00e3e. N\u00e3o \u00e9 meu trabalho resolver os problemas dos meus amigos, especialmente quando eles j\u00e1 conhecem todas as solu\u00e7\u00f5es (sim, todos no mundo sabem que voc\u00ea pode preparar as refei\u00e7\u00f5es nos finais de semana). \u00c9 meu trabalho como amiga dizer &#8220;\u00e9, \u00e0s vezes, assistimos algumas horas de TV por dia e est\u00e1 tudo bem&#8221;. Eu sei que \u00e9 uma tenta\u00e7\u00e3o tentar oferecer solu\u00e7\u00f5es, mas \u00e0s vezes a \u00fanica solu\u00e7\u00e3o \u00e9 deixar algu\u00e9m saber que est\u00e1 indo bem no seu papel de m\u00e3e.<\/p>\n<p style=\"text-align: center;\"><strong>Fonte: <a href=\"http:\/\/www.scarymommy.com\/the-one-phrase-i-wish-we-could-ban-from-mom-conversations\/?utm_source=FB\" target=\"_blank\" rel=\"noopener\">Scary Mommy<\/a><\/strong><\/p>\n\n    <div class=\"xs_social_share_widget xs_share_url after_content \t\tmain_content  wslu-style-1 wslu-share-box-shaped wslu-fill-colored wslu-none wslu-share-horizontal wslu-theme-font-no wslu-main_content\">\n\n\t\t\n        <ul>\n\t\t\t        <\/ul>\n    <\/div> \n","protected":false},"excerpt":{"rendered":"<p>FavoriteOl\u00e1, moms! Tudo bem? Sempre recebemos desabafos de m\u00e3es que est\u00e3o cansadas de pessoas que n\u00e3o entendem a maternidade &#8211; e todos os obst\u00e1culos que v\u00eam com ela. S\u00e3o julgamentos de um lado, achismos de outro, mas ningu\u00e9m realmente compreende a rotina de cada m\u00e3e, que \u00e9 \u00fanica e diferente umas das outras. Outro dia, [&hellip;]<\/p>\n","protected":false},"author":1026,"featured_media":43927,"comment_status":"open","ping_status":"closed","sticky":false,"template":"","format":"standard","meta":{"_acf_changed":false,"footnotes":""},"categories":[30,1777],"tags":[47,1588],"class_list":{"0":"post-43923","1":"post","2":"type-post","3":"status-publish","4":"format-standard","5":"has-post-thumbnail","7":"category-de-mae-para-mae","8":"category-somos-todas-iguais","9":"tag-maternidade","10":"tag-ser-mae"},"acf":[],"yoast_head":"<!-- This site is optimized with the Yoast SEO Premium plugin v26.6 (Yoast SEO v26.6) - https:\/\/yoast.com\/wordpress\/plugins\/seo\/ -->\n<title>Aquela frase que eu gostaria de banir das conversas entre m\u00e3es<\/title>\n<meta name=\"description\" content=\"No post de hoje, confiram o desabafo de uma m\u00e3e que n\u00e3o aguenta mais julgamentos de fora e gostaria de banir uma frase em especial!\" \/>\n<meta name=\"robots\" content=\"index, follow, max-snippet:-1, max-image-preview:large, max-video-preview:-1\" \/>\n<link rel=\"canonical\" href=\"https:\/\/colinahomolog.com.br\/dev\/just-real-moms\/aquela-frase-que-eu-gostaria-de-banir-das-conversas-entre-maes\/\" \/>\n<meta property=\"og:locale\" content=\"pt_BR\" \/>\n<meta property=\"og:type\" content=\"article\" \/>\n<meta property=\"og:title\" content=\"Aquela frase que eu gostaria de banir das conversas entre m\u00e3es\" \/>\n<meta property=\"og:description\" content=\"No post de hoje, confiram o desabafo de uma m\u00e3e que n\u00e3o aguenta mais julgamentos de fora e gostaria de banir uma frase em especial!\" \/>\n<meta property=\"og:url\" content=\"https:\/\/colinahomolog.com.br\/dev\/just-real-moms\/aquela-frase-que-eu-gostaria-de-banir-das-conversas-entre-maes\/\" \/>\n<meta property=\"og:site_name\" content=\"Just Real Moms - Blog para M\u00e3es\" \/>\n<meta property=\"article:publisher\" content=\"https:\/\/www.facebook.com\/JustRealMoms\" \/>\n<meta property=\"article:published_time\" content=\"2018-09-26T11:10:44+00:00\" \/>\n<meta property=\"og:image\" content=\"https:\/\/colinahomolog.com.br\/dev\/just-real-moms\/wp-content\/uploads\/2017\/06\/the-one-phrase.jpg\" \/>\n\t<meta property=\"og:image:width\" content=\"700\" \/>\n\t<meta property=\"og:image:height\" content=\"400\" \/>\n\t<meta property=\"og:image:type\" content=\"image\/jpeg\" \/>\n<meta name=\"author\" content=\"Ana L\u00fa Gerodetti\" \/>\n<meta name=\"twitter:label1\" content=\"Escrito por\" \/>\n\t<meta name=\"twitter:data1\" content=\"Ana L\u00fa Gerodetti\" \/>\n\t<meta name=\"twitter:label2\" content=\"Est. tempo de leitura\" \/>\n\t<meta name=\"twitter:data2\" content=\"5 minutos\" \/>\n<script type=\"application\/ld+json\" class=\"yoast-schema-graph\">{\"@context\":\"https:\/\/schema.org\",\"@graph\":[{\"@type\":\"WebPage\",\"@id\":\"https:\/\/colinahomolog.com.br\/dev\/just-real-moms\/aquela-frase-que-eu-gostaria-de-banir-das-conversas-entre-maes\/\",\"url\":\"https:\/\/colinahomolog.com.br\/dev\/just-real-moms\/aquela-frase-que-eu-gostaria-de-banir-das-conversas-entre-maes\/\",\"name\":\"Aquela frase que eu gostaria de banir das conversas entre m\u00e3es\",\"isPartOf\":{\"@id\":\"https:\/\/colinahomolog.com.br\/dev\/just-real-moms\/#website\"},\"primaryImageOfPage\":{\"@id\":\"https:\/\/colinahomolog.com.br\/dev\/just-real-moms\/aquela-frase-que-eu-gostaria-de-banir-das-conversas-entre-maes\/#primaryimage\"},\"image\":{\"@id\":\"https:\/\/colinahomolog.com.br\/dev\/just-real-moms\/aquela-frase-que-eu-gostaria-de-banir-das-conversas-entre-maes\/#primaryimage\"},\"thumbnailUrl\":\"https:\/\/colinahomolog.com.br\/dev\/just-real-moms\/wp-content\/uploads\/2017\/06\/the-one-phrase.jpg\",\"datePublished\":\"2018-09-26T11:10:44+00:00\",\"author\":{\"@id\":\"https:\/\/colinahomolog.com.br\/dev\/just-real-moms\/#\/schema\/person\/515932a32be880c655c9a97801ec749d\"},\"description\":\"No post de hoje, confiram o desabafo de uma m\u00e3e que n\u00e3o aguenta mais julgamentos de fora e gostaria de banir uma frase em especial!\",\"breadcrumb\":{\"@id\":\"https:\/\/colinahomolog.com.br\/dev\/just-real-moms\/aquela-frase-que-eu-gostaria-de-banir-das-conversas-entre-maes\/#breadcrumb\"},\"inLanguage\":\"pt-BR\",\"potentialAction\":[{\"@type\":\"ReadAction\",\"target\":[\"https:\/\/colinahomolog.com.br\/dev\/just-real-moms\/aquela-frase-que-eu-gostaria-de-banir-das-conversas-entre-maes\/\"]}]},{\"@type\":\"ImageObject\",\"inLanguage\":\"pt-BR\",\"@id\":\"https:\/\/colinahomolog.com.br\/dev\/just-real-moms\/aquela-frase-que-eu-gostaria-de-banir-das-conversas-entre-maes\/#primaryimage\",\"url\":\"https:\/\/colinahomolog.com.br\/dev\/just-real-moms\/wp-content\/uploads\/2017\/06\/the-one-phrase.jpg\",\"contentUrl\":\"https:\/\/colinahomolog.com.br\/dev\/just-real-moms\/wp-content\/uploads\/2017\/06\/the-one-phrase.jpg\",\"width\":700,\"height\":400},{\"@type\":\"BreadcrumbList\",\"@id\":\"https:\/\/colinahomolog.com.br\/dev\/just-real-moms\/aquela-frase-que-eu-gostaria-de-banir-das-conversas-entre-maes\/#breadcrumb\",\"itemListElement\":[{\"@type\":\"ListItem\",\"position\":1,\"name\":\"In\u00edcio\",\"item\":\"https:\/\/colinahomolog.com.br\/dev\/just-real-moms\/\"},{\"@type\":\"ListItem\",\"position\":2,\"name\":\"Aquela frase que eu gostaria de banir das conversas entre m\u00e3es\"}]},{\"@type\":\"WebSite\",\"@id\":\"https:\/\/colinahomolog.com.br\/dev\/just-real-moms\/#website\",\"url\":\"https:\/\/colinahomolog.com.br\/dev\/just-real-moms\/\",\"name\":\"Just Real Moms - Blog para M\u00e3es\",\"description\":\"O melhor e mais completo portal para m\u00e3es, pais e futuros pais!\",\"potentialAction\":[{\"@type\":\"SearchAction\",\"target\":{\"@type\":\"EntryPoint\",\"urlTemplate\":\"https:\/\/colinahomolog.com.br\/dev\/just-real-moms\/?s={search_term_string}\"},\"query-input\":{\"@type\":\"PropertyValueSpecification\",\"valueRequired\":true,\"valueName\":\"search_term_string\"}}],\"inLanguage\":\"pt-BR\"},{\"@type\":\"Person\",\"@id\":\"https:\/\/colinahomolog.com.br\/dev\/just-real-moms\/#\/schema\/person\/515932a32be880c655c9a97801ec749d\",\"name\":\"Ana L\u00fa Gerodetti\",\"url\":\"https:\/\/colinahomolog.com.br\/dev\/just-real-moms\/author\/ana-luisa\/\"}]}<\/script>\n<!-- \/ Yoast SEO Premium plugin. -->","yoast_head_json":{"title":"Aquela frase que eu gostaria de banir das conversas entre m\u00e3es","description":"No post de hoje, confiram o desabafo de uma m\u00e3e que n\u00e3o aguenta mais julgamentos de fora e gostaria de banir uma frase em especial!","robots":{"index":"index","follow":"follow","max-snippet":"max-snippet:-1","max-image-preview":"max-image-preview:large","max-video-preview":"max-video-preview:-1"},"canonical":"https:\/\/colinahomolog.com.br\/dev\/just-real-moms\/aquela-frase-que-eu-gostaria-de-banir-das-conversas-entre-maes\/","og_locale":"pt_BR","og_type":"article","og_title":"Aquela frase que eu gostaria de banir das conversas entre m\u00e3es","og_description":"No post de hoje, confiram o desabafo de uma m\u00e3e que n\u00e3o aguenta mais julgamentos de fora e gostaria de banir uma frase em especial!","og_url":"https:\/\/colinahomolog.com.br\/dev\/just-real-moms\/aquela-frase-que-eu-gostaria-de-banir-das-conversas-entre-maes\/","og_site_name":"Just Real Moms - Blog para M\u00e3es","article_publisher":"https:\/\/www.facebook.com\/JustRealMoms","article_published_time":"2018-09-26T11:10:44+00:00","og_image":[{"width":700,"height":400,"url":"https:\/\/colinahomolog.com.br\/dev\/just-real-moms\/wp-content\/uploads\/2017\/06\/the-one-phrase.jpg","type":"image\/jpeg"}],"author":"Ana L\u00fa Gerodetti","twitter_misc":{"Escrito por":"Ana L\u00fa Gerodetti","Est. tempo de leitura":"5 minutos"},"schema":{"@context":"https:\/\/schema.org","@graph":[{"@type":"WebPage","@id":"https:\/\/colinahomolog.com.br\/dev\/just-real-moms\/aquela-frase-que-eu-gostaria-de-banir-das-conversas-entre-maes\/","url":"https:\/\/colinahomolog.com.br\/dev\/just-real-moms\/aquela-frase-que-eu-gostaria-de-banir-das-conversas-entre-maes\/","name":"Aquela frase que eu gostaria de banir das conversas entre m\u00e3es","isPartOf":{"@id":"https:\/\/colinahomolog.com.br\/dev\/just-real-moms\/#website"},"primaryImageOfPage":{"@id":"https:\/\/colinahomolog.com.br\/dev\/just-real-moms\/aquela-frase-que-eu-gostaria-de-banir-das-conversas-entre-maes\/#primaryimage"},"image":{"@id":"https:\/\/colinahomolog.com.br\/dev\/just-real-moms\/aquela-frase-que-eu-gostaria-de-banir-das-conversas-entre-maes\/#primaryimage"},"thumbnailUrl":"https:\/\/colinahomolog.com.br\/dev\/just-real-moms\/wp-content\/uploads\/2017\/06\/the-one-phrase.jpg","datePublished":"2018-09-26T11:10:44+00:00","author":{"@id":"https:\/\/colinahomolog.com.br\/dev\/just-real-moms\/#\/schema\/person\/515932a32be880c655c9a97801ec749d"},"description":"No post de hoje, confiram o desabafo de uma m\u00e3e que n\u00e3o aguenta mais julgamentos de fora e gostaria de banir uma frase em especial!","breadcrumb":{"@id":"https:\/\/colinahomolog.com.br\/dev\/just-real-moms\/aquela-frase-que-eu-gostaria-de-banir-das-conversas-entre-maes\/#breadcrumb"},"inLanguage":"pt-BR","potentialAction":[{"@type":"ReadAction","target":["https:\/\/colinahomolog.com.br\/dev\/just-real-moms\/aquela-frase-que-eu-gostaria-de-banir-das-conversas-entre-maes\/"]}]},{"@type":"ImageObject","inLanguage":"pt-BR","@id":"https:\/\/colinahomolog.com.br\/dev\/just-real-moms\/aquela-frase-que-eu-gostaria-de-banir-das-conversas-entre-maes\/#primaryimage","url":"https:\/\/colinahomolog.com.br\/dev\/just-real-moms\/wp-content\/uploads\/2017\/06\/the-one-phrase.jpg","contentUrl":"https:\/\/colinahomolog.com.br\/dev\/just-real-moms\/wp-content\/uploads\/2017\/06\/the-one-phrase.jpg","width":700,"height":400},{"@type":"BreadcrumbList","@id":"https:\/\/colinahomolog.com.br\/dev\/just-real-moms\/aquela-frase-que-eu-gostaria-de-banir-das-conversas-entre-maes\/#breadcrumb","itemListElement":[{"@type":"ListItem","position":1,"name":"In\u00edcio","item":"https:\/\/colinahomolog.com.br\/dev\/just-real-moms\/"},{"@type":"ListItem","position":2,"name":"Aquela frase que eu gostaria de banir das conversas entre m\u00e3es"}]},{"@type":"WebSite","@id":"https:\/\/colinahomolog.com.br\/dev\/just-real-moms\/#website","url":"https:\/\/colinahomolog.com.br\/dev\/just-real-moms\/","name":"Just Real Moms - Blog para M\u00e3es","description":"O melhor e mais completo portal para m\u00e3es, pais e futuros pais!","potentialAction":[{"@type":"SearchAction","target":{"@type":"EntryPoint","urlTemplate":"https:\/\/colinahomolog.com.br\/dev\/just-real-moms\/?s={search_term_string}"},"query-input":{"@type":"PropertyValueSpecification","valueRequired":true,"valueName":"search_term_string"}}],"inLanguage":"pt-BR"},{"@type":"Person","@id":"https:\/\/colinahomolog.com.br\/dev\/just-real-moms\/#\/schema\/person\/515932a32be880c655c9a97801ec749d","name":"Ana L\u00fa Gerodetti","url":"https:\/\/colinahomolog.com.br\/dev\/just-real-moms\/author\/ana-luisa\/"}]}},"_links":{"self":[{"href":"https:\/\/colinahomolog.com.br\/dev\/just-real-moms\/wp-json\/wp\/v2\/posts\/43923","targetHints":{"allow":["GET"]}}],"collection":[{"href":"https:\/\/colinahomolog.com.br\/dev\/just-real-moms\/wp-json\/wp\/v2\/posts"}],"about":[{"href":"https:\/\/colinahomolog.com.br\/dev\/just-real-moms\/wp-json\/wp\/v2\/types\/post"}],"author":[{"embeddable":true,"href":"https:\/\/colinahomolog.com.br\/dev\/just-real-moms\/wp-json\/wp\/v2\/users\/1026"}],"replies":[{"embeddable":true,"href":"https:\/\/colinahomolog.com.br\/dev\/just-real-moms\/wp-json\/wp\/v2\/comments?post=43923"}],"version-history":[{"count":0,"href":"https:\/\/colinahomolog.com.br\/dev\/just-real-moms\/wp-json\/wp\/v2\/posts\/43923\/revisions"}],"wp:featuredmedia":[{"embeddable":true,"href":"https:\/\/colinahomolog.com.br\/dev\/just-real-moms\/wp-json\/wp\/v2\/media\/43927"}],"wp:attachment":[{"href":"https:\/\/colinahomolog.com.br\/dev\/just-real-moms\/wp-json\/wp\/v2\/media?parent=43923"}],"wp:term":[{"taxonomy":"category","embeddable":true,"href":"https:\/\/colinahomolog.com.br\/dev\/just-real-moms\/wp-json\/wp\/v2\/categories?post=43923"},{"taxonomy":"post_tag","embeddable":true,"href":"https:\/\/colinahomolog.com.br\/dev\/just-real-moms\/wp-json\/wp\/v2\/tags?post=43923"}],"curies":[{"name":"wp","href":"https:\/\/api.w.org\/{rel}","templated":true}]}}