{"id":44159,"date":"2017-07-28T08:10:21","date_gmt":"2017-07-28T11:10:21","guid":{"rendered":"https:\/\/colinahomolog.com.br\/dev\/just-real-moms\/?p=44159"},"modified":"2017-07-30T18:35:52","modified_gmt":"2017-07-30T21:35:52","slug":"fim-de-semana-agitado-em-sao-paulo-por-bora-ai","status":"publish","type":"post","link":"https:\/\/colinahomolog.com.br\/dev\/just-real-moms\/fim-de-semana-agitado-em-sao-paulo-por-bora-ai\/","title":{"rendered":"Fim de semana agitado em S\u00e3o Paulo! &#8211; por bora.ai"},"content":{"rendered":"<button class=\"simplefavorite-button preset\" data-postid=\"44159\" data-siteid=\"1\" data-groupid=\"1\" data-favoritecount=\"0\" style=\"box-shadow:none;-webkit-box-shadow:none;-moz-box-shadow:none;background-color:#68ccb4;border-color:#68ccb4;color:#ffffff;\"><i class=\"sf-icon-favorite\" style=\"\"><\/i>Favorite<\/button><p>&nbsp;<\/p>\n<p>Ol\u00e1, meninas!<\/p>\n<p>Tudo bem?<\/p>\n<p>As f\u00e9rias est\u00e3o chegando ao fim, mas o final de semana ser\u00e1 agitado na capital paulista! A programa\u00e7\u00e3o est\u00e1 recheada de passeios super divertidos que os pequenos v\u00e3o amar!<\/p>\n<p>Confiram todas as dicas que o <a href=\"http:\/\/bora.ai\" target=\"_blank\" rel=\"noopener\">bora.ai<\/a> nos enviou e boa divers\u00e3o!<\/p>\n<p>&nbsp;<\/p>\n<hr \/>\n<p>&nbsp;<\/p>\n<p>O <strong>ICE VILLAGE<\/strong> \u00e9 um super festival de inverno que vai acontecer no Shopping Iguatemi S\u00e3o Paulo. A atra\u00e7\u00e3o, que acontece entre os dias 28 de julho a 13 de agosto, resgata os festivais ao ar livre, proporcionando muita divers\u00e3o para todas as fam\u00edlias.<\/p>\n<p>Vai rolar pista de gelo natural com mais de 160m\u00b2, diversas atra\u00e7\u00f5es gastron\u00f4micas (Era uma vez um Chalezinho, Stunt Burger, Chucr\u00ea, Brigadeiro Doceria, Pip\u00f3 e mais!) e m\u00fasica ambiente para deixar o clima ainda mais gostoso.<\/p>\n<p>Para as crian\u00e7as que resolverem se aventurar na pista de gelo, vai ter carrinho de neve para pequenos de tr\u00eas a cinco anos e monitores especializados para garantir a divers\u00e3o e seguran\u00e7a de todos. J\u00e1 aqueles que preferem n\u00e3o patinar, podem ficar tranquilos! O festival contar\u00e1 com duas apresenta\u00e7\u00f5es de patina\u00e7\u00e3o art\u00edstica aos s\u00e1bados e domingos.<\/p>\n<p>Al\u00e9m de tudo, de segunda a quinta os pequenos poder\u00e3o fazer aulas particulares de patina\u00e7\u00e3o. \u00c9 s\u00f3 agendar um hor\u00e1rio!<\/p>\n<p>&nbsp;<\/p>\n<p><img fetchpriority=\"high\" decoding=\"async\" class=\"aligncenter wp-image-44160 size-full\" src=\"https:\/\/colinahomolog.com.br\/dev\/just-real-moms\/wp-content\/uploads\/2017\/07\/icevillage_shutterstock_igatemisp_540969403_2017.jpg\" alt=\"Fim de semana agitado em S\u00e3o Paulo! - por bora.ai\" width=\"640\" height=\"428\" srcset=\"https:\/\/colinahomolog.com.br\/dev\/just-real-moms\/wp-content\/uploads\/2017\/07\/icevillage_shutterstock_igatemisp_540969403_2017.jpg 640w, https:\/\/colinahomolog.com.br\/dev\/just-real-moms\/wp-content\/uploads\/2017\/07\/icevillage_shutterstock_igatemisp_540969403_2017-400x268.jpg 400w, https:\/\/colinahomolog.com.br\/dev\/just-real-moms\/wp-content\/uploads\/2017\/07\/icevillage_shutterstock_igatemisp_540969403_2017-225x150.jpg 225w\" sizes=\"(max-width: 640px) 100vw, 640px\" \/><\/p>\n<p>&nbsp;<\/p>\n<p><strong><u>Servi\u00e7o:<\/u><\/strong><\/p>\n<p><strong>O que \u00e9:\u00a0<\/strong>Ice Village, evento com pista de patina\u00e7\u00e3o, esta\u00e7\u00f5es gastron\u00f4micas, m\u00fasica ambiente e apresenta\u00e7\u00f5es para adultos e crian\u00e7as.<\/p>\n<p><strong>Data:<\/strong> 28 de julho a 13 de agosto (todos os dias)<\/p>\n<p><strong>Hor\u00e1rios:\u00a0<\/strong>Segunda a S\u00e1bado: das 12h \u00e0s 22h \/ Domingo: das 12h \u00e0s 20h<\/p>\n<p><strong>Pre\u00e7os:\u00a0<\/strong>Entrada R$ 10,00<\/p>\n<p><strong>Patina\u00e7\u00e3o 30 minutos:<\/strong> R$35,00 (Capacidade 50 pessoas na pista ao mesmo tempo)<\/p>\n<p><strong>Combo Patina\u00e7\u00e3o:\u00a0<\/strong>R$90,00 \u2013 Para tr\u00eas pessoas da mesma fam\u00edlia<\/p>\n<p><strong>Aula Particular de <\/strong><strong>2\u00aa a 5\u00aa feira<\/strong><strong> :<\/strong> R$100,00 \/ 45min (com agendamento) \u2013 Sexta, s\u00e1bado e domingo n\u00e3o haver\u00e1 aula ou agendamento.<\/p>\n<p><strong>Apresenta\u00e7\u00f5es de Patina\u00e7\u00e3o Art\u00edstica:<\/strong> S\u00e1bados e Domingos \u00e0s 15h e 18h<\/p>\n<p><strong>Local<\/strong>: Boulevard do Shopping Iguatemi S\u00e3o Paulo<\/p>\n<p><strong>Endere\u00e7o:<\/strong>\u00a0Av. Brigadeiro Faria Lima, 2232 \u2013 Jardim Paulistano.<\/p>\n<p><strong>Estacionamento:\u00a0<\/strong>R$ 17,00 at\u00e9 duas horas<\/p>\n<p>Para saber mais informa\u00e7\u00f5es, basta acessar o site do <a href=\"http:\/\/iguatemi.com.br\/saopaulo\/\" target=\"_blank\" rel=\"noopener\">Shopping Iguatemi<\/a> ou o\u00a0aplicativo do Iguatemi S\u00e3o Paulo.<\/p>\n<p>&nbsp;<\/p>\n<p><img decoding=\"async\" class=\"aligncenter wp-image-44161 size-full\" src=\"https:\/\/colinahomolog.com.br\/dev\/just-real-moms\/wp-content\/uploads\/2017\/07\/iguatemi.jpg\" alt=\"\" width=\"637\" height=\"635\" srcset=\"https:\/\/colinahomolog.com.br\/dev\/just-real-moms\/wp-content\/uploads\/2017\/07\/iguatemi.jpg 637w, https:\/\/colinahomolog.com.br\/dev\/just-real-moms\/wp-content\/uploads\/2017\/07\/iguatemi-400x399.jpg 400w\" sizes=\"(max-width: 637px) 100vw, 637px\" \/><\/p>\n<p>&nbsp;<\/p>\n<p>Em julho, os s\u00e1bados ter\u00e3o clima e sabor de uma das mais importantes e queridas festas tradicionais de nosso pa\u00eds, a s\u00e9rie especial de <a href=\"http:\/\/bora.ai\/sp\/passeios\/jazzb-brunch-e-jazz-com-as-criancas\" target=\"_blank\" rel=\"noopener\"><strong>JazzBB Junino<\/strong><\/a>!<\/p>\n<p>&nbsp;<\/p>\n<p><img decoding=\"async\" class=\"aligncenter wp-image-44162 size-full\" src=\"https:\/\/colinahomolog.com.br\/dev\/just-real-moms\/wp-content\/uploads\/2017\/07\/sp1-3.jpg\" alt=\"\" width=\"600\" height=\"491\" srcset=\"https:\/\/colinahomolog.com.br\/dev\/just-real-moms\/wp-content\/uploads\/2017\/07\/sp1-3.jpg 600w, https:\/\/colinahomolog.com.br\/dev\/just-real-moms\/wp-content\/uploads\/2017\/07\/sp1-3-400x327.jpg 400w\" sizes=\"(max-width: 600px) 100vw, 600px\" \/><\/p>\n<p>&nbsp;<\/p>\n<p>Nestas f\u00e9rias, o Instituto Tomie Ohtake, em parceria com a Cielo, apresenta uma programa\u00e7\u00e3o especial para as crian\u00e7as atrav\u00e9s dos encontros \u201c<a href=\"http:\/\/bora.ai\/sp\/passeios\/ferias-no-instituto-tomie-ohtake\" target=\"_blank\" rel=\"noopener\">Manh\u00e3s de Hist\u00f3ria<\/a>\u201d e tamb\u00e9m do projeto No Colo (voltado para beb\u00eas de at\u00e9 18 meses) trazendo conta\u00e7\u00e3o, oficinas e muita divers\u00e3o.<\/p>\n<p>&nbsp;<\/p>\n<p><img loading=\"lazy\" decoding=\"async\" class=\"aligncenter wp-image-44163\" src=\"https:\/\/colinahomolog.com.br\/dev\/just-real-moms\/wp-content\/uploads\/2017\/07\/sp2-3-400x218.jpg\" alt=\"\" width=\"600\" height=\"328\" srcset=\"https:\/\/colinahomolog.com.br\/dev\/just-real-moms\/wp-content\/uploads\/2017\/07\/sp2-3-400x218.jpg 400w, https:\/\/colinahomolog.com.br\/dev\/just-real-moms\/wp-content\/uploads\/2017\/07\/sp2-3-768x419.jpg 768w, https:\/\/colinahomolog.com.br\/dev\/just-real-moms\/wp-content\/uploads\/2017\/07\/sp2-3-820x448.jpg 820w, https:\/\/colinahomolog.com.br\/dev\/just-real-moms\/wp-content\/uploads\/2017\/07\/sp2-3.jpg 932w\" sizes=\"(max-width: 600px) 100vw, 600px\" \/><\/p>\n<p>&nbsp;<\/p>\n<p>Visto por mais de 100 mil pessoas em sua turn\u00ea pelo Brasil, a produ\u00e7\u00e3o musical infantil \u201c<b><a href=\"http:\/\/bora.ai\/sp\/passeios\/luiz-e-nazinha-luiz-gonzaga-para-criancas\" target=\"_blank\" rel=\"noopener\">Luiz e Nazinha \u2013 Luiz Gonzaga para crian\u00e7as<\/a>\u201d<\/b>\u00a0faz uma emocionante adapta\u00e7\u00e3o da vida do Rei do Bai\u00e3o para os palcos, contando a inf\u00e2ncia de Luiz Gonzaga no interior do Nordeste e a descoberta do amor pela jovem Nazarena &#8211; filha de um coronel que impede o namoro do casal.<\/p>\n<p>&nbsp;<\/p>\n<p><img loading=\"lazy\" decoding=\"async\" class=\"aligncenter wp-image-44164 size-full\" src=\"https:\/\/colinahomolog.com.br\/dev\/just-real-moms\/wp-content\/uploads\/2017\/07\/sp3-3.jpg\" alt=\"\" width=\"598\" height=\"396\" srcset=\"https:\/\/colinahomolog.com.br\/dev\/just-real-moms\/wp-content\/uploads\/2017\/07\/sp3-3.jpg 598w, https:\/\/colinahomolog.com.br\/dev\/just-real-moms\/wp-content\/uploads\/2017\/07\/sp3-3-400x265.jpg 400w, https:\/\/colinahomolog.com.br\/dev\/just-real-moms\/wp-content\/uploads\/2017\/07\/sp3-3-225x150.jpg 225w\" sizes=\"(max-width: 598px) 100vw, 598px\" \/><\/p>\n<p>&nbsp;<\/p>\n<hr \/>\n<p>&nbsp;<\/p>\n<p>Querem saber o que mais vai rolar na capital paulista? Confiram o site do <a href=\"http:\/\/bora.ai\" target=\"_blank\" rel=\"noopener\">bora.ai<\/a>!<\/p>\n<p>&nbsp;<\/p>\n\n    <div class=\"xs_social_share_widget xs_share_url after_content \t\tmain_content  wslu-style-1 wslu-share-box-shaped wslu-fill-colored wslu-none wslu-share-horizontal wslu-theme-font-no wslu-main_content\">\n\n\t\t\n        <ul>\n\t\t\t        <\/ul>\n    <\/div> \n","protected":false},"excerpt":{"rendered":"<p>Favorite&nbsp; Ol\u00e1, meninas! Tudo bem? As f\u00e9rias est\u00e3o chegando ao fim, mas o final de semana ser\u00e1 agitado na capital paulista! A programa\u00e7\u00e3o est\u00e1 recheada de passeios super divertidos que os pequenos v\u00e3o amar! Confiram todas as dicas que o bora.ai nos enviou e boa divers\u00e3o! &nbsp; &nbsp; O ICE VILLAGE \u00e9 um super festival [&hellip;]<\/p>\n","protected":false},"author":1026,"featured_media":44160,"comment_status":"open","ping_status":"closed","sticky":false,"template":"","format":"standard","meta":{"_acf_changed":false,"footnotes":""},"categories":[33,1742,1823],"tags":[500,1870,1916],"class_list":{"0":"post-44159","1":"post","2":"type-post","3":"status-publish","4":"format-standard","5":"has-post-thumbnail","7":"category-have-fun","8":"category-programacao","9":"category-programacao-sao-paulo","10":"tag-ferias","11":"tag-passeios-infantis","12":"tag-programacao-de-sao-paulo"},"acf":[],"yoast_head":"<!-- This site is optimized with the Yoast SEO Premium plugin v26.6 (Yoast SEO v26.6) - https:\/\/yoast.com\/wordpress\/plugins\/seo\/ -->\n<title>Fim de semana agitado em S\u00e3o Paulo! - por bora.ai<\/title>\n<meta name=\"description\" content=\"O fim de semana vai ser agitado na capital paulista, mas voc\u00ea est\u00e1 por dentro do que vai rolar? Ent\u00e3o vem conferir quais s\u00e3o os passeios!\" \/>\n<meta name=\"robots\" content=\"index, follow, max-snippet:-1, max-image-preview:large, max-video-preview:-1\" \/>\n<link rel=\"canonical\" href=\"https:\/\/colinahomolog.com.br\/dev\/just-real-moms\/fim-de-semana-agitado-em-sao-paulo-por-bora-ai\/\" \/>\n<meta property=\"og:locale\" content=\"pt_BR\" \/>\n<meta property=\"og:type\" content=\"article\" \/>\n<meta property=\"og:title\" content=\"Fim de semana agitado em S\u00e3o Paulo! - por bora.ai\" \/>\n<meta property=\"og:description\" content=\"O fim de semana vai ser agitado na capital paulista, mas voc\u00ea est\u00e1 por dentro do que vai rolar? Ent\u00e3o vem conferir quais s\u00e3o os passeios!\" \/>\n<meta property=\"og:url\" content=\"https:\/\/colinahomolog.com.br\/dev\/just-real-moms\/fim-de-semana-agitado-em-sao-paulo-por-bora-ai\/\" \/>\n<meta property=\"og:site_name\" content=\"Just Real Moms - Blog para M\u00e3es\" \/>\n<meta property=\"article:publisher\" content=\"https:\/\/www.facebook.com\/JustRealMoms\" \/>\n<meta property=\"article:published_time\" content=\"2017-07-28T11:10:21+00:00\" \/>\n<meta property=\"article:modified_time\" content=\"2017-07-30T21:35:52+00:00\" \/>\n<meta property=\"og:image\" content=\"https:\/\/colinahomolog.com.br\/dev\/just-real-moms\/wp-content\/uploads\/2017\/07\/icevillage_shutterstock_igatemisp_540969403_2017.jpg\" \/>\n\t<meta property=\"og:image:width\" content=\"640\" \/>\n\t<meta property=\"og:image:height\" content=\"428\" \/>\n\t<meta property=\"og:image:type\" content=\"image\/jpeg\" \/>\n<meta name=\"author\" content=\"Ana L\u00fa Gerodetti\" \/>\n<meta name=\"twitter:label1\" content=\"Escrito por\" \/>\n\t<meta name=\"twitter:data1\" content=\"Ana L\u00fa Gerodetti\" \/>\n\t<meta name=\"twitter:label2\" content=\"Est. tempo de leitura\" \/>\n\t<meta name=\"twitter:data2\" content=\"3 minutos\" \/>\n<script type=\"application\/ld+json\" class=\"yoast-schema-graph\">{\"@context\":\"https:\/\/schema.org\",\"@graph\":[{\"@type\":\"WebPage\",\"@id\":\"https:\/\/colinahomolog.com.br\/dev\/just-real-moms\/fim-de-semana-agitado-em-sao-paulo-por-bora-ai\/\",\"url\":\"https:\/\/colinahomolog.com.br\/dev\/just-real-moms\/fim-de-semana-agitado-em-sao-paulo-por-bora-ai\/\",\"name\":\"Fim de semana agitado em S\u00e3o Paulo! - por bora.ai\",\"isPartOf\":{\"@id\":\"https:\/\/colinahomolog.com.br\/dev\/just-real-moms\/#website\"},\"primaryImageOfPage\":{\"@id\":\"https:\/\/colinahomolog.com.br\/dev\/just-real-moms\/fim-de-semana-agitado-em-sao-paulo-por-bora-ai\/#primaryimage\"},\"image\":{\"@id\":\"https:\/\/colinahomolog.com.br\/dev\/just-real-moms\/fim-de-semana-agitado-em-sao-paulo-por-bora-ai\/#primaryimage\"},\"thumbnailUrl\":\"https:\/\/colinahomolog.com.br\/dev\/just-real-moms\/wp-content\/uploads\/2017\/07\/icevillage_shutterstock_igatemisp_540969403_2017.jpg\",\"datePublished\":\"2017-07-28T11:10:21+00:00\",\"dateModified\":\"2017-07-30T21:35:52+00:00\",\"author\":{\"@id\":\"https:\/\/colinahomolog.com.br\/dev\/just-real-moms\/#\/schema\/person\/515932a32be880c655c9a97801ec749d\"},\"description\":\"O fim de semana vai ser agitado na capital paulista, mas voc\u00ea est\u00e1 por dentro do que vai rolar? Ent\u00e3o vem conferir quais s\u00e3o os passeios!\",\"breadcrumb\":{\"@id\":\"https:\/\/colinahomolog.com.br\/dev\/just-real-moms\/fim-de-semana-agitado-em-sao-paulo-por-bora-ai\/#breadcrumb\"},\"inLanguage\":\"pt-BR\",\"potentialAction\":[{\"@type\":\"ReadAction\",\"target\":[\"https:\/\/colinahomolog.com.br\/dev\/just-real-moms\/fim-de-semana-agitado-em-sao-paulo-por-bora-ai\/\"]}]},{\"@type\":\"ImageObject\",\"inLanguage\":\"pt-BR\",\"@id\":\"https:\/\/colinahomolog.com.br\/dev\/just-real-moms\/fim-de-semana-agitado-em-sao-paulo-por-bora-ai\/#primaryimage\",\"url\":\"https:\/\/colinahomolog.com.br\/dev\/just-real-moms\/wp-content\/uploads\/2017\/07\/icevillage_shutterstock_igatemisp_540969403_2017.jpg\",\"contentUrl\":\"https:\/\/colinahomolog.com.br\/dev\/just-real-moms\/wp-content\/uploads\/2017\/07\/icevillage_shutterstock_igatemisp_540969403_2017.jpg\",\"width\":640,\"height\":428,\"caption\":\"mother and child skating together in winter; Shutterstock ID 540969403\"},{\"@type\":\"BreadcrumbList\",\"@id\":\"https:\/\/colinahomolog.com.br\/dev\/just-real-moms\/fim-de-semana-agitado-em-sao-paulo-por-bora-ai\/#breadcrumb\",\"itemListElement\":[{\"@type\":\"ListItem\",\"position\":1,\"name\":\"In\u00edcio\",\"item\":\"https:\/\/colinahomolog.com.br\/dev\/just-real-moms\/\"},{\"@type\":\"ListItem\",\"position\":2,\"name\":\"Fim de semana agitado em S\u00e3o Paulo! &#8211; por bora.ai\"}]},{\"@type\":\"WebSite\",\"@id\":\"https:\/\/colinahomolog.com.br\/dev\/just-real-moms\/#website\",\"url\":\"https:\/\/colinahomolog.com.br\/dev\/just-real-moms\/\",\"name\":\"Just Real Moms - Blog para M\u00e3es\",\"description\":\"O melhor e mais completo portal para m\u00e3es, pais e futuros pais!\",\"potentialAction\":[{\"@type\":\"SearchAction\",\"target\":{\"@type\":\"EntryPoint\",\"urlTemplate\":\"https:\/\/colinahomolog.com.br\/dev\/just-real-moms\/?s={search_term_string}\"},\"query-input\":{\"@type\":\"PropertyValueSpecification\",\"valueRequired\":true,\"valueName\":\"search_term_string\"}}],\"inLanguage\":\"pt-BR\"},{\"@type\":\"Person\",\"@id\":\"https:\/\/colinahomolog.com.br\/dev\/just-real-moms\/#\/schema\/person\/515932a32be880c655c9a97801ec749d\",\"name\":\"Ana L\u00fa Gerodetti\",\"url\":\"https:\/\/colinahomolog.com.br\/dev\/just-real-moms\/author\/ana-luisa\/\"}]}<\/script>\n<!-- \/ Yoast SEO Premium plugin. -->","yoast_head_json":{"title":"Fim de semana agitado em S\u00e3o Paulo! - por bora.ai","description":"O fim de semana vai ser agitado na capital paulista, mas voc\u00ea est\u00e1 por dentro do que vai rolar? Ent\u00e3o vem conferir quais s\u00e3o os passeios!","robots":{"index":"index","follow":"follow","max-snippet":"max-snippet:-1","max-image-preview":"max-image-preview:large","max-video-preview":"max-video-preview:-1"},"canonical":"https:\/\/colinahomolog.com.br\/dev\/just-real-moms\/fim-de-semana-agitado-em-sao-paulo-por-bora-ai\/","og_locale":"pt_BR","og_type":"article","og_title":"Fim de semana agitado em S\u00e3o Paulo! - por bora.ai","og_description":"O fim de semana vai ser agitado na capital paulista, mas voc\u00ea est\u00e1 por dentro do que vai rolar? Ent\u00e3o vem conferir quais s\u00e3o os passeios!","og_url":"https:\/\/colinahomolog.com.br\/dev\/just-real-moms\/fim-de-semana-agitado-em-sao-paulo-por-bora-ai\/","og_site_name":"Just Real Moms - Blog para M\u00e3es","article_publisher":"https:\/\/www.facebook.com\/JustRealMoms","article_published_time":"2017-07-28T11:10:21+00:00","article_modified_time":"2017-07-30T21:35:52+00:00","og_image":[{"width":640,"height":428,"url":"https:\/\/colinahomolog.com.br\/dev\/just-real-moms\/wp-content\/uploads\/2017\/07\/icevillage_shutterstock_igatemisp_540969403_2017.jpg","type":"image\/jpeg"}],"author":"Ana L\u00fa Gerodetti","twitter_misc":{"Escrito por":"Ana L\u00fa Gerodetti","Est. tempo de leitura":"3 minutos"},"schema":{"@context":"https:\/\/schema.org","@graph":[{"@type":"WebPage","@id":"https:\/\/colinahomolog.com.br\/dev\/just-real-moms\/fim-de-semana-agitado-em-sao-paulo-por-bora-ai\/","url":"https:\/\/colinahomolog.com.br\/dev\/just-real-moms\/fim-de-semana-agitado-em-sao-paulo-por-bora-ai\/","name":"Fim de semana agitado em S\u00e3o Paulo! - por bora.ai","isPartOf":{"@id":"https:\/\/colinahomolog.com.br\/dev\/just-real-moms\/#website"},"primaryImageOfPage":{"@id":"https:\/\/colinahomolog.com.br\/dev\/just-real-moms\/fim-de-semana-agitado-em-sao-paulo-por-bora-ai\/#primaryimage"},"image":{"@id":"https:\/\/colinahomolog.com.br\/dev\/just-real-moms\/fim-de-semana-agitado-em-sao-paulo-por-bora-ai\/#primaryimage"},"thumbnailUrl":"https:\/\/colinahomolog.com.br\/dev\/just-real-moms\/wp-content\/uploads\/2017\/07\/icevillage_shutterstock_igatemisp_540969403_2017.jpg","datePublished":"2017-07-28T11:10:21+00:00","dateModified":"2017-07-30T21:35:52+00:00","author":{"@id":"https:\/\/colinahomolog.com.br\/dev\/just-real-moms\/#\/schema\/person\/515932a32be880c655c9a97801ec749d"},"description":"O fim de semana vai ser agitado na capital paulista, mas voc\u00ea est\u00e1 por dentro do que vai rolar? Ent\u00e3o vem conferir quais s\u00e3o os passeios!","breadcrumb":{"@id":"https:\/\/colinahomolog.com.br\/dev\/just-real-moms\/fim-de-semana-agitado-em-sao-paulo-por-bora-ai\/#breadcrumb"},"inLanguage":"pt-BR","potentialAction":[{"@type":"ReadAction","target":["https:\/\/colinahomolog.com.br\/dev\/just-real-moms\/fim-de-semana-agitado-em-sao-paulo-por-bora-ai\/"]}]},{"@type":"ImageObject","inLanguage":"pt-BR","@id":"https:\/\/colinahomolog.com.br\/dev\/just-real-moms\/fim-de-semana-agitado-em-sao-paulo-por-bora-ai\/#primaryimage","url":"https:\/\/colinahomolog.com.br\/dev\/just-real-moms\/wp-content\/uploads\/2017\/07\/icevillage_shutterstock_igatemisp_540969403_2017.jpg","contentUrl":"https:\/\/colinahomolog.com.br\/dev\/just-real-moms\/wp-content\/uploads\/2017\/07\/icevillage_shutterstock_igatemisp_540969403_2017.jpg","width":640,"height":428,"caption":"mother and child skating together in winter; Shutterstock ID 540969403"},{"@type":"BreadcrumbList","@id":"https:\/\/colinahomolog.com.br\/dev\/just-real-moms\/fim-de-semana-agitado-em-sao-paulo-por-bora-ai\/#breadcrumb","itemListElement":[{"@type":"ListItem","position":1,"name":"In\u00edcio","item":"https:\/\/colinahomolog.com.br\/dev\/just-real-moms\/"},{"@type":"ListItem","position":2,"name":"Fim de semana agitado em S\u00e3o Paulo! &#8211; por bora.ai"}]},{"@type":"WebSite","@id":"https:\/\/colinahomolog.com.br\/dev\/just-real-moms\/#website","url":"https:\/\/colinahomolog.com.br\/dev\/just-real-moms\/","name":"Just Real Moms - Blog para M\u00e3es","description":"O melhor e mais completo portal para m\u00e3es, pais e futuros pais!","potentialAction":[{"@type":"SearchAction","target":{"@type":"EntryPoint","urlTemplate":"https:\/\/colinahomolog.com.br\/dev\/just-real-moms\/?s={search_term_string}"},"query-input":{"@type":"PropertyValueSpecification","valueRequired":true,"valueName":"search_term_string"}}],"inLanguage":"pt-BR"},{"@type":"Person","@id":"https:\/\/colinahomolog.com.br\/dev\/just-real-moms\/#\/schema\/person\/515932a32be880c655c9a97801ec749d","name":"Ana L\u00fa Gerodetti","url":"https:\/\/colinahomolog.com.br\/dev\/just-real-moms\/author\/ana-luisa\/"}]}},"_links":{"self":[{"href":"https:\/\/colinahomolog.com.br\/dev\/just-real-moms\/wp-json\/wp\/v2\/posts\/44159","targetHints":{"allow":["GET"]}}],"collection":[{"href":"https:\/\/colinahomolog.com.br\/dev\/just-real-moms\/wp-json\/wp\/v2\/posts"}],"about":[{"href":"https:\/\/colinahomolog.com.br\/dev\/just-real-moms\/wp-json\/wp\/v2\/types\/post"}],"author":[{"embeddable":true,"href":"https:\/\/colinahomolog.com.br\/dev\/just-real-moms\/wp-json\/wp\/v2\/users\/1026"}],"replies":[{"embeddable":true,"href":"https:\/\/colinahomolog.com.br\/dev\/just-real-moms\/wp-json\/wp\/v2\/comments?post=44159"}],"version-history":[{"count":0,"href":"https:\/\/colinahomolog.com.br\/dev\/just-real-moms\/wp-json\/wp\/v2\/posts\/44159\/revisions"}],"wp:featuredmedia":[{"embeddable":true,"href":"https:\/\/colinahomolog.com.br\/dev\/just-real-moms\/wp-json\/wp\/v2\/media\/44160"}],"wp:attachment":[{"href":"https:\/\/colinahomolog.com.br\/dev\/just-real-moms\/wp-json\/wp\/v2\/media?parent=44159"}],"wp:term":[{"taxonomy":"category","embeddable":true,"href":"https:\/\/colinahomolog.com.br\/dev\/just-real-moms\/wp-json\/wp\/v2\/categories?post=44159"},{"taxonomy":"post_tag","embeddable":true,"href":"https:\/\/colinahomolog.com.br\/dev\/just-real-moms\/wp-json\/wp\/v2\/tags?post=44159"}],"curies":[{"name":"wp","href":"https:\/\/api.w.org\/{rel}","templated":true}]}}