{"id":44224,"date":"2017-08-04T08:10:57","date_gmt":"2017-08-04T11:10:57","guid":{"rendered":"https:\/\/colinahomolog.com.br\/dev\/just-real-moms\/?p=44224"},"modified":"2017-08-04T19:53:01","modified_gmt":"2017-08-04T22:53:01","slug":"o-que-fazer-rio-de-janeiro-pequenos","status":"publish","type":"post","link":"https:\/\/colinahomolog.com.br\/dev\/just-real-moms\/o-que-fazer-rio-de-janeiro-pequenos\/","title":{"rendered":"O que fazer no Rio de Janeiro com os pequenos? &#8211; por Rio Kids"},"content":{"rendered":"<button class=\"simplefavorite-button preset\" data-postid=\"44224\" data-siteid=\"1\" data-groupid=\"1\" data-favoritecount=\"0\" style=\"box-shadow:none;-webkit-box-shadow:none;-moz-box-shadow:none;background-color:#68ccb4;border-color:#68ccb4;color:#ffffff;\"><i class=\"sf-icon-favorite\" style=\"\"><\/i>Favorite<\/button><p>Ol\u00e1, meninas!<\/p>\n<p>Tudo bem com voc\u00eas?<\/p>\n<p>Mais um final de semana se aproxima e muitas vezes n\u00e3o sabemos muito do que vai rolar na nossa cidade, por isso o <a href=\"http:\/\/riokids.com.br\" target=\"_blank\" rel=\"noopener\">Rio Kids<\/a> nos enviou algumas dicas bem bacanas para se divertir com os pequenos no Rio de Janeiro.<\/p>\n<p>Confiram as atra\u00e7\u00f5es da cidade maravilhosa!<\/p>\n<p>&nbsp;<\/p>\n<p style=\"text-align: center;\"><strong>D.P.A. \u2013 Detetives do Pr\u00e9dio Azul<\/strong><\/p>\n<p>Os famosos mist\u00e9rios e as divertidas investiga\u00e7\u00f5es do\u00a0circuito\u00a0\u201cDetetives do Pr\u00e9dio Azul\u201d, do Canal Gloob, prometem divertir a garotada que passar pelo Bangu Shopping, no Rio de Janeiro, entre os dias\u00a04 e 20 de agosto. A atra\u00e7\u00e3o \u00e9 destinada a crian\u00e7as de 4 a 10 anos e tem entrada gratuita, mediante preenchimento de cadastro no local e disponibilidade de vagas.<\/p>\n<p>O espa\u00e7o, de 71 m\u00b2, conta com cinco \u00e1reas. A miss\u00e3o come\u00e7a na portaria do Pr\u00e9dio Azul, onde os pequenos detetives precisam encontrar a chave da porta que d\u00e1 acesso ao pr\u00e9dio.<\/p>\n<p>&nbsp;<\/p>\n<p>J\u00e1 no p\u00e1tio do Pr\u00e9dio Azul, a garotada se depara com o jogo Encestando o Lixo, tarefa que consiste em recolher todo o \u201clixo\u201d encontrado no ch\u00e3o. Divididas em equipes, as crian\u00e7as t\u00eam que encestar as bolinhas de borracha nas cores correspondentes aos materiais recicl\u00e1veis. No clubinho secreto, a crian\u00e7ada se transforma em verdadeiros detetives, com direito a lanterna, lupa, bin\u00f3culo e capa.<\/p>\n<p>&nbsp;<\/p>\n<p>Na casa da Dona Leoc\u00e1dia, os aventureiros precisam encarar um jogo de pistas e charadas. Vencido mais esse desafio, eles chegam \u00e0 despensa da bruxa, mas ter\u00e3o de correr para sair de l\u00e1 antes que ela volte.<\/p>\n<p>Al\u00e9m do circuito, os pequenos poder\u00e3o passar pelas esta\u00e7\u00f5es de fotos, se vestir com as capas dos detetives e aproveitar a TV de fotos para registrar o momento ao lado de v\u00e1rios personagens do canal.<\/p>\n<p>Os pequeninos, de at\u00e9 4 anos, tamb\u00e9m podem se divertir na \u00e1rea Pequenos Detetives e se transformar nos Detetives do Pr\u00e9dio Azul, espa\u00e7o desenvolvido especialmente para eles. Neste espa\u00e7o n\u00e3o \u00e9 necess\u00e1ria a retirada de senha para participar.\u00a0Dura\u00e7\u00e3o do circuito:\u00a030 minutos (8 crian\u00e7as por turma a cada 10 minutos).\u00a0Tempo de perman\u00eancia na \u00e1rea dos Pequenos Detetives: Aproximadamente 15 minutos.<\/p>\n<p>&nbsp;<\/p>\n<p>Classifica\u00e7\u00e3o \u2013 Livre (Circuito D.P.A.: de 4 a 10 anos\/\u00c1rea Pequenos Detetives: at\u00e9 4 anos)<\/p>\n<p>&nbsp;<\/p>\n<p><a href=\"http:\/\/bangushopping.com\/pt_br\/\">Bangu Shopping \u2013 Pra\u00e7a de Eventos<\/a><\/p>\n<p>Rua Fonseca, 240 \u2013 Bangu<\/p>\n<p>De segunda a domingo, das 14h \u00e0s 19h30*<\/p>\n<p>*Entrada da \u00faltima turma<\/p>\n<p>De 4 a 20 de Agosto<\/p>\n<p><img fetchpriority=\"high\" decoding=\"async\" class=\"aligncenter wp-image-44255 size-medium\" src=\"https:\/\/colinahomolog.com.br\/dev\/just-real-moms\/wp-content\/uploads\/2017\/08\/dpa-workr-400x269.jpg\" alt=\"\" width=\"400\" height=\"269\" srcset=\"https:\/\/colinahomolog.com.br\/dev\/just-real-moms\/wp-content\/uploads\/2017\/08\/dpa-workr-400x269.jpg 400w, https:\/\/colinahomolog.com.br\/dev\/just-real-moms\/wp-content\/uploads\/2017\/08\/dpa-workr-768x516.jpg 768w, https:\/\/colinahomolog.com.br\/dev\/just-real-moms\/wp-content\/uploads\/2017\/08\/dpa-workr-820x551.jpg 820w, https:\/\/colinahomolog.com.br\/dev\/just-real-moms\/wp-content\/uploads\/2017\/08\/dpa-workr-225x150.jpg 225w\" sizes=\"(max-width: 400px) 100vw, 400px\" \/><\/p>\n<p>&nbsp;<\/p>\n<p style=\"text-align: center;\"><strong>A Cigarra e a Formiga<\/strong><\/p>\n<p>Incomodada com a pregui\u00e7a da cigarra, que s\u00f3 pensa em cantar, Dona Formigana, diz a ela que se n\u00e3o colocar a m\u00e3o na massa passar\u00e1 fome e frio no inverno. O frio chega, com direito a neve\u00a0cenogr\u00e1fica caindo sobre o palco, e a Cigarra, desamparada, pede ajuda para a formiga. Ap\u00f3s muita resist\u00eancia, a dona do formigueiro decide abrigar a Cigarra, desde que ela anime e aque\u00e7a os outros h\u00f3spedes com sua bela voz. \u00a0Os arranjos musicais trazem a influ\u00eancia das can\u00e7\u00f5es africanas, criando o clima perfeito para o ambiente da pe\u00e7a. H\u00e1 tamb\u00e9m jazz, R&amp;B e funk para os n\u00fameros musicais, acompanhados de grandiosos arranjos vocais.<\/p>\n<p>&nbsp;<\/p>\n<p>Em cartaz no Teatro Miguel Falabella, s\u00e1bados e domingos, \u00e0s 16h.<\/p>\n<p>Temporada: 05 a 13 de agosto.<\/p>\n<p><img decoding=\"async\" class=\"aligncenter wp-image-44227 size-full\" src=\"https:\/\/colinahomolog.com.br\/dev\/just-real-moms\/wp-content\/uploads\/2017\/08\/rj2-jpg.png\" alt=\"\" width=\"458\" height=\"298\" srcset=\"https:\/\/colinahomolog.com.br\/dev\/just-real-moms\/wp-content\/uploads\/2017\/08\/rj2-jpg.png 458w, https:\/\/colinahomolog.com.br\/dev\/just-real-moms\/wp-content\/uploads\/2017\/08\/rj2-jpg-400x260.png 400w\" sizes=\"(max-width: 458px) 100vw, 458px\" \/><\/p>\n<p>&nbsp;<\/p>\n<p style=\"text-align: center;\"><strong>A Florestinha da Paty<\/strong><\/p>\n<p>Terceiro espet\u00e1culo para beb\u00eas desenvolvido pela Cia. Teatro para Beb\u00eas Liliana Rosa e tem a dire\u00e7\u00e3o e texto do ator Alan de Oliveira que tamb\u00e9m assina a produ\u00e7\u00e3o musical e letras das can\u00e7\u00f5es.\u00a0Nesta floresta se encontram os diversos bichinhos e esp\u00e9cies, a fauna e a flora onde a bebezinha Pati interage com bichinhos dublados trazendo grande realismo ao espet\u00e1culo e uma grande atra\u00e7\u00e3o aos pequenos que acompanham \u201chipnotizados\u201d a linguagem apropriada a idade. O conceito de sustentabilidade e a inser\u00e7\u00e3o da responsabilidade e carinho para com o meio ambiente s\u00e3o apresentados de forma l\u00fadica atrav\u00e9s da linguagem desenvolvida pela Cia. Teatro para Beb\u00eas Liliana Rosa.<\/p>\n<p>&nbsp;<\/p>\n<p>Este espet\u00e1culo \u00e9 constitu\u00eddo por uma performance teatral po\u00e9tica na medida em que a hist\u00f3ria \u00e9 contada atrav\u00e9s de associa\u00e7\u00f5es e analogias numa narra\u00e7\u00e3o do real ao imagin\u00e1rio pr\u00f3ximo da realidade dos \u201cpequeninos\u201d e de seus acompanhantes maiores. Em especial, os temas da maternidade e da fam\u00edlia sendo uma personifica\u00e7\u00e3o teatral alertando para preserva\u00e7\u00e3o ambiental e para educa\u00e7\u00e3o art\u00edstica desde cedo. O espet\u00e1culo mescla t\u00e9cnicas dos musicais com uma cuidadosa adapta\u00e7\u00e3o aos beb\u00eas e primeira inf\u00e2ncia com can\u00e7\u00f5es autorais criadas especialmente para a pe\u00e7a em um cen\u00e1rio cheio de cores embasadas na cromoterapia associadas \u00e0 musicoterapia. No final, as crian\u00e7as participam de uma viv\u00eancia sensorial com seus pais com os objetos de cena e bichinhos que tanto chamaram a aten\u00e7\u00e3o durante o espet\u00e1culo.<\/p>\n<p>&nbsp;<\/p>\n<p>Em cartaz no Teatro Fashion Mall, s\u00e1bados e domingos, \u00e0s 15h.<\/p>\n<p>Temporada: At\u00e9 19 de novembro.<\/p>\n<p><img decoding=\"async\" class=\"aligncenter wp-image-44228\" src=\"https:\/\/colinahomolog.com.br\/dev\/just-real-moms\/wp-content\/uploads\/2017\/08\/rj3-400x225.jpg\" alt=\"\" width=\"649\" height=\"365\" srcset=\"https:\/\/colinahomolog.com.br\/dev\/just-real-moms\/wp-content\/uploads\/2017\/08\/rj3-400x225.jpg 400w, https:\/\/colinahomolog.com.br\/dev\/just-real-moms\/wp-content\/uploads\/2017\/08\/rj3.jpg 768w\" sizes=\"(max-width: 649px) 100vw, 649px\" \/><\/p>\n<p>&nbsp;<\/p>\n<p style=\"text-align: center;\"><strong>Bituca \u2013 Milton Nascimento para Crian\u00e7as<\/strong><\/p>\n<p>Criado com o objetivo de homenagear e preservar a mem\u00f3ria de grandes nomes da m\u00fasica popular brasileira, o premiado projeto \u2018Grandes M\u00fasicos para Pequenos\u2019, idealizado pela Entre Entretenimento, o\u00a0espet\u00e1culo \u201cBituca \u2013 Milton Nascimento para Crian\u00e7as\u201d\u00a0\u00e9 inspirado na vida e na obra de Milton Nascimento. O\u00a0musical infantil exp\u00f5e em cena a ternura e os desafios inerentes ao processo de ado\u00e7\u00e3o e as dificuldades de inser\u00e7\u00e3o de uma crian\u00e7a negra em um ambiente majoritariamente branco.<\/p>\n<p>O espet\u00e1culo conta a hist\u00f3ria do pequeno Milton que, ao ficar \u00f3rf\u00e3o aos 2 anos de idade, \u00e9 adotado pelos patr\u00f5es de sua av\u00f3. Chegando a Minas Gerais, o menino precisa lidar com o preconceito da sociedade por seu negro e ter pais brancos.<\/p>\n<p>&nbsp;<\/p>\n<p>Em cartaz no Teatro doa Quatro, G\u00e1vea, s\u00e1bados e domingos, \u00e0s 17h.<\/p>\n<p>Temporada: 05 a 27 de agosto.<\/p>\n<p><img loading=\"lazy\" decoding=\"async\" class=\"aligncenter wp-image-44229\" src=\"https:\/\/colinahomolog.com.br\/dev\/just-real-moms\/wp-content\/uploads\/2017\/08\/rj4-400x267.jpg\" alt=\"\" width=\"649\" height=\"433\" srcset=\"https:\/\/colinahomolog.com.br\/dev\/just-real-moms\/wp-content\/uploads\/2017\/08\/rj4-400x267.jpg 400w, https:\/\/colinahomolog.com.br\/dev\/just-real-moms\/wp-content\/uploads\/2017\/08\/rj4-768x512.jpg 768w, https:\/\/colinahomolog.com.br\/dev\/just-real-moms\/wp-content\/uploads\/2017\/08\/rj4-820x546.jpg 820w, https:\/\/colinahomolog.com.br\/dev\/just-real-moms\/wp-content\/uploads\/2017\/08\/rj4-225x150.jpg 225w\" sizes=\"(max-width: 649px) 100vw, 649px\" \/><\/p>\n<p>&nbsp;<\/p>\n<p style=\"text-align: center;\"><strong>Enrolados, A Hist\u00f3ria de Rapunzel<\/strong><\/p>\n<p>Uma vers\u00e3o moderna de Rapunzel inspirada no filme Enrolados, onde a jovem Rapunzel \u00e9\u00a0roubada de seu castelo e aprisionada em uma torre por uma bruxa (Mam\u00e3e Gothel) por 18\u00a0anos, que a cria como sua filha. Seus cabelos s\u00e3o muito longos e tem um grande poder de\u00a0curar feridos e doentes, por\u00e9m ela n\u00e3o sabia disso, at\u00e9 encontrar um ladr\u00e3o que est\u00e1 em\u00a0fugindo dos guardas do castelo, pois havia roubado a tiara da princesa perdida e subiu na\u00a0torre para se esconder. Rapunzel sempre quis ver as estrelas que apareciam sempre na\u00a0mesma data, nesse caso, no anivers\u00e1rio dela, e obriga Jos\u00e9 a lev\u00e1-la. Confus\u00f5es, romance,\u00a0belas musicas,coreografias e alegria fazem deste espet\u00e1culo sin\u00f4nimo de beleza e\u00a0encantamento.<\/p>\n<p>&nbsp;<\/p>\n<p>Em cartaz no Teatro Brigitte Blair, Copacabana, s\u00e1bados e domingos, \u00e0s 17h.<\/p>\n<p>Temporada:05 de agosto a 01 de outubro.<\/p>\n<p><img loading=\"lazy\" decoding=\"async\" class=\"wp-image-44230 aligncenter\" src=\"https:\/\/colinahomolog.com.br\/dev\/just-real-moms\/wp-content\/uploads\/2017\/08\/rj5-400x393.jpg\" alt=\"\" width=\"649\" height=\"637\" srcset=\"https:\/\/colinahomolog.com.br\/dev\/just-real-moms\/wp-content\/uploads\/2017\/08\/rj5-400x393.jpg 400w, https:\/\/colinahomolog.com.br\/dev\/just-real-moms\/wp-content\/uploads\/2017\/08\/rj5-768x754.jpg 768w, https:\/\/colinahomolog.com.br\/dev\/just-real-moms\/wp-content\/uploads\/2017\/08\/rj5-820x805.jpg 820w, https:\/\/colinahomolog.com.br\/dev\/just-real-moms\/wp-content\/uploads\/2017\/08\/rj5.jpg 900w\" sizes=\"(max-width: 649px) 100vw, 649px\" \/><\/p>\n\n    <div class=\"xs_social_share_widget xs_share_url after_content \t\tmain_content  wslu-style-1 wslu-share-box-shaped wslu-fill-colored wslu-none wslu-share-horizontal wslu-theme-font-no wslu-main_content\">\n\n\t\t\n        <ul>\n\t\t\t        <\/ul>\n    <\/div> \n","protected":false},"excerpt":{"rendered":"<p>FavoriteOl\u00e1, meninas! Tudo bem com voc\u00eas? Mais um final de semana se aproxima e muitas vezes n\u00e3o sabemos muito do que vai rolar na nossa cidade, por isso o Rio Kids nos enviou algumas dicas bem bacanas para se divertir com os pequenos no Rio de Janeiro. Confiram as atra\u00e7\u00f5es da cidade maravilhosa! &nbsp; D.P.A. [&hellip;]<\/p>\n","protected":false},"author":1026,"featured_media":44230,"comment_status":"open","ping_status":"closed","sticky":false,"template":"","format":"standard","meta":{"_acf_changed":false,"footnotes":""},"categories":[33,1742,1824],"tags":[1870,1858,1844],"class_list":{"0":"post-44224","1":"post","2":"type-post","3":"status-publish","4":"format-standard","5":"has-post-thumbnail","7":"category-have-fun","8":"category-programacao","9":"category-programacao-rio-de-janeiro","10":"tag-passeios-infantis","11":"tag-programacao-infantil","12":"tag-rio-de-janeiro"},"acf":[],"yoast_head":"<!-- This site is optimized with the Yoast SEO Premium plugin v26.6 (Yoast SEO v26.6) - https:\/\/yoast.com\/wordpress\/plugins\/seo\/ -->\n<title>O que fazer no Rio de Janeiro com os pequenos? - por Rio Kids<\/title>\n<meta name=\"description\" content=\"J\u00e1 sabe onde levar os pequenos durante o final de semana? A programa\u00e7\u00e3o infantil do Rio de Janeiro est\u00e1 super bacana. Vem conferir!\" \/>\n<meta name=\"robots\" content=\"index, follow, max-snippet:-1, max-image-preview:large, max-video-preview:-1\" \/>\n<link rel=\"canonical\" href=\"https:\/\/colinahomolog.com.br\/dev\/just-real-moms\/o-que-fazer-rio-de-janeiro-pequenos\/\" \/>\n<meta property=\"og:locale\" content=\"pt_BR\" \/>\n<meta property=\"og:type\" content=\"article\" \/>\n<meta property=\"og:title\" content=\"O que fazer no Rio de Janeiro com os pequenos? - por Rio Kids\" \/>\n<meta property=\"og:description\" content=\"J\u00e1 sabe onde levar os pequenos durante o final de semana? A programa\u00e7\u00e3o infantil do Rio de Janeiro est\u00e1 super bacana. Vem conferir!\" \/>\n<meta property=\"og:url\" content=\"https:\/\/colinahomolog.com.br\/dev\/just-real-moms\/o-que-fazer-rio-de-janeiro-pequenos\/\" \/>\n<meta property=\"og:site_name\" content=\"Just Real Moms - Blog para M\u00e3es\" \/>\n<meta property=\"article:publisher\" content=\"https:\/\/www.facebook.com\/JustRealMoms\" \/>\n<meta property=\"article:published_time\" content=\"2017-08-04T11:10:57+00:00\" \/>\n<meta property=\"article:modified_time\" content=\"2017-08-04T22:53:01+00:00\" \/>\n<meta property=\"og:image\" content=\"https:\/\/colinahomolog.com.br\/dev\/just-real-moms\/wp-content\/uploads\/2017\/08\/rj5.jpg\" \/>\n\t<meta property=\"og:image:width\" content=\"900\" \/>\n\t<meta property=\"og:image:height\" content=\"884\" \/>\n\t<meta property=\"og:image:type\" content=\"image\/jpeg\" \/>\n<meta name=\"author\" content=\"Ana L\u00fa Gerodetti\" \/>\n<meta name=\"twitter:label1\" content=\"Escrito por\" \/>\n\t<meta name=\"twitter:data1\" content=\"Ana L\u00fa Gerodetti\" \/>\n\t<meta name=\"twitter:label2\" content=\"Est. tempo de leitura\" \/>\n\t<meta name=\"twitter:data2\" content=\"6 minutos\" \/>\n<script type=\"application\/ld+json\" class=\"yoast-schema-graph\">{\"@context\":\"https:\/\/schema.org\",\"@graph\":[{\"@type\":\"WebPage\",\"@id\":\"https:\/\/colinahomolog.com.br\/dev\/just-real-moms\/o-que-fazer-rio-de-janeiro-pequenos\/\",\"url\":\"https:\/\/colinahomolog.com.br\/dev\/just-real-moms\/o-que-fazer-rio-de-janeiro-pequenos\/\",\"name\":\"O que fazer no Rio de Janeiro com os pequenos? - por Rio Kids\",\"isPartOf\":{\"@id\":\"https:\/\/colinahomolog.com.br\/dev\/just-real-moms\/#website\"},\"primaryImageOfPage\":{\"@id\":\"https:\/\/colinahomolog.com.br\/dev\/just-real-moms\/o-que-fazer-rio-de-janeiro-pequenos\/#primaryimage\"},\"image\":{\"@id\":\"https:\/\/colinahomolog.com.br\/dev\/just-real-moms\/o-que-fazer-rio-de-janeiro-pequenos\/#primaryimage\"},\"thumbnailUrl\":\"https:\/\/colinahomolog.com.br\/dev\/just-real-moms\/wp-content\/uploads\/2017\/08\/rj5.jpg\",\"datePublished\":\"2017-08-04T11:10:57+00:00\",\"dateModified\":\"2017-08-04T22:53:01+00:00\",\"author\":{\"@id\":\"https:\/\/colinahomolog.com.br\/dev\/just-real-moms\/#\/schema\/person\/515932a32be880c655c9a97801ec749d\"},\"description\":\"J\u00e1 sabe onde levar os pequenos durante o final de semana? A programa\u00e7\u00e3o infantil do Rio de Janeiro est\u00e1 super bacana. Vem conferir!\",\"breadcrumb\":{\"@id\":\"https:\/\/colinahomolog.com.br\/dev\/just-real-moms\/o-que-fazer-rio-de-janeiro-pequenos\/#breadcrumb\"},\"inLanguage\":\"pt-BR\",\"potentialAction\":[{\"@type\":\"ReadAction\",\"target\":[\"https:\/\/colinahomolog.com.br\/dev\/just-real-moms\/o-que-fazer-rio-de-janeiro-pequenos\/\"]}]},{\"@type\":\"ImageObject\",\"inLanguage\":\"pt-BR\",\"@id\":\"https:\/\/colinahomolog.com.br\/dev\/just-real-moms\/o-que-fazer-rio-de-janeiro-pequenos\/#primaryimage\",\"url\":\"https:\/\/colinahomolog.com.br\/dev\/just-real-moms\/wp-content\/uploads\/2017\/08\/rj5.jpg\",\"contentUrl\":\"https:\/\/colinahomolog.com.br\/dev\/just-real-moms\/wp-content\/uploads\/2017\/08\/rj5.jpg\",\"width\":900,\"height\":884},{\"@type\":\"BreadcrumbList\",\"@id\":\"https:\/\/colinahomolog.com.br\/dev\/just-real-moms\/o-que-fazer-rio-de-janeiro-pequenos\/#breadcrumb\",\"itemListElement\":[{\"@type\":\"ListItem\",\"position\":1,\"name\":\"In\u00edcio\",\"item\":\"https:\/\/colinahomolog.com.br\/dev\/just-real-moms\/\"},{\"@type\":\"ListItem\",\"position\":2,\"name\":\"O que fazer no Rio de Janeiro com os pequenos? &#8211; por Rio Kids\"}]},{\"@type\":\"WebSite\",\"@id\":\"https:\/\/colinahomolog.com.br\/dev\/just-real-moms\/#website\",\"url\":\"https:\/\/colinahomolog.com.br\/dev\/just-real-moms\/\",\"name\":\"Just Real Moms - Blog para M\u00e3es\",\"description\":\"O melhor e mais completo portal para m\u00e3es, pais e futuros pais!\",\"potentialAction\":[{\"@type\":\"SearchAction\",\"target\":{\"@type\":\"EntryPoint\",\"urlTemplate\":\"https:\/\/colinahomolog.com.br\/dev\/just-real-moms\/?s={search_term_string}\"},\"query-input\":{\"@type\":\"PropertyValueSpecification\",\"valueRequired\":true,\"valueName\":\"search_term_string\"}}],\"inLanguage\":\"pt-BR\"},{\"@type\":\"Person\",\"@id\":\"https:\/\/colinahomolog.com.br\/dev\/just-real-moms\/#\/schema\/person\/515932a32be880c655c9a97801ec749d\",\"name\":\"Ana L\u00fa Gerodetti\",\"url\":\"https:\/\/colinahomolog.com.br\/dev\/just-real-moms\/author\/ana-luisa\/\"}]}<\/script>\n<!-- \/ Yoast SEO Premium plugin. -->","yoast_head_json":{"title":"O que fazer no Rio de Janeiro com os pequenos? - por Rio Kids","description":"J\u00e1 sabe onde levar os pequenos durante o final de semana? A programa\u00e7\u00e3o infantil do Rio de Janeiro est\u00e1 super bacana. Vem conferir!","robots":{"index":"index","follow":"follow","max-snippet":"max-snippet:-1","max-image-preview":"max-image-preview:large","max-video-preview":"max-video-preview:-1"},"canonical":"https:\/\/colinahomolog.com.br\/dev\/just-real-moms\/o-que-fazer-rio-de-janeiro-pequenos\/","og_locale":"pt_BR","og_type":"article","og_title":"O que fazer no Rio de Janeiro com os pequenos? - por Rio Kids","og_description":"J\u00e1 sabe onde levar os pequenos durante o final de semana? A programa\u00e7\u00e3o infantil do Rio de Janeiro est\u00e1 super bacana. Vem conferir!","og_url":"https:\/\/colinahomolog.com.br\/dev\/just-real-moms\/o-que-fazer-rio-de-janeiro-pequenos\/","og_site_name":"Just Real Moms - Blog para M\u00e3es","article_publisher":"https:\/\/www.facebook.com\/JustRealMoms","article_published_time":"2017-08-04T11:10:57+00:00","article_modified_time":"2017-08-04T22:53:01+00:00","og_image":[{"width":900,"height":884,"url":"https:\/\/colinahomolog.com.br\/dev\/just-real-moms\/wp-content\/uploads\/2017\/08\/rj5.jpg","type":"image\/jpeg"}],"author":"Ana L\u00fa Gerodetti","twitter_misc":{"Escrito por":"Ana L\u00fa Gerodetti","Est. tempo de leitura":"6 minutos"},"schema":{"@context":"https:\/\/schema.org","@graph":[{"@type":"WebPage","@id":"https:\/\/colinahomolog.com.br\/dev\/just-real-moms\/o-que-fazer-rio-de-janeiro-pequenos\/","url":"https:\/\/colinahomolog.com.br\/dev\/just-real-moms\/o-que-fazer-rio-de-janeiro-pequenos\/","name":"O que fazer no Rio de Janeiro com os pequenos? - por Rio Kids","isPartOf":{"@id":"https:\/\/colinahomolog.com.br\/dev\/just-real-moms\/#website"},"primaryImageOfPage":{"@id":"https:\/\/colinahomolog.com.br\/dev\/just-real-moms\/o-que-fazer-rio-de-janeiro-pequenos\/#primaryimage"},"image":{"@id":"https:\/\/colinahomolog.com.br\/dev\/just-real-moms\/o-que-fazer-rio-de-janeiro-pequenos\/#primaryimage"},"thumbnailUrl":"https:\/\/colinahomolog.com.br\/dev\/just-real-moms\/wp-content\/uploads\/2017\/08\/rj5.jpg","datePublished":"2017-08-04T11:10:57+00:00","dateModified":"2017-08-04T22:53:01+00:00","author":{"@id":"https:\/\/colinahomolog.com.br\/dev\/just-real-moms\/#\/schema\/person\/515932a32be880c655c9a97801ec749d"},"description":"J\u00e1 sabe onde levar os pequenos durante o final de semana? A programa\u00e7\u00e3o infantil do Rio de Janeiro est\u00e1 super bacana. Vem conferir!","breadcrumb":{"@id":"https:\/\/colinahomolog.com.br\/dev\/just-real-moms\/o-que-fazer-rio-de-janeiro-pequenos\/#breadcrumb"},"inLanguage":"pt-BR","potentialAction":[{"@type":"ReadAction","target":["https:\/\/colinahomolog.com.br\/dev\/just-real-moms\/o-que-fazer-rio-de-janeiro-pequenos\/"]}]},{"@type":"ImageObject","inLanguage":"pt-BR","@id":"https:\/\/colinahomolog.com.br\/dev\/just-real-moms\/o-que-fazer-rio-de-janeiro-pequenos\/#primaryimage","url":"https:\/\/colinahomolog.com.br\/dev\/just-real-moms\/wp-content\/uploads\/2017\/08\/rj5.jpg","contentUrl":"https:\/\/colinahomolog.com.br\/dev\/just-real-moms\/wp-content\/uploads\/2017\/08\/rj5.jpg","width":900,"height":884},{"@type":"BreadcrumbList","@id":"https:\/\/colinahomolog.com.br\/dev\/just-real-moms\/o-que-fazer-rio-de-janeiro-pequenos\/#breadcrumb","itemListElement":[{"@type":"ListItem","position":1,"name":"In\u00edcio","item":"https:\/\/colinahomolog.com.br\/dev\/just-real-moms\/"},{"@type":"ListItem","position":2,"name":"O que fazer no Rio de Janeiro com os pequenos? &#8211; por Rio Kids"}]},{"@type":"WebSite","@id":"https:\/\/colinahomolog.com.br\/dev\/just-real-moms\/#website","url":"https:\/\/colinahomolog.com.br\/dev\/just-real-moms\/","name":"Just Real Moms - Blog para M\u00e3es","description":"O melhor e mais completo portal para m\u00e3es, pais e futuros pais!","potentialAction":[{"@type":"SearchAction","target":{"@type":"EntryPoint","urlTemplate":"https:\/\/colinahomolog.com.br\/dev\/just-real-moms\/?s={search_term_string}"},"query-input":{"@type":"PropertyValueSpecification","valueRequired":true,"valueName":"search_term_string"}}],"inLanguage":"pt-BR"},{"@type":"Person","@id":"https:\/\/colinahomolog.com.br\/dev\/just-real-moms\/#\/schema\/person\/515932a32be880c655c9a97801ec749d","name":"Ana L\u00fa Gerodetti","url":"https:\/\/colinahomolog.com.br\/dev\/just-real-moms\/author\/ana-luisa\/"}]}},"_links":{"self":[{"href":"https:\/\/colinahomolog.com.br\/dev\/just-real-moms\/wp-json\/wp\/v2\/posts\/44224","targetHints":{"allow":["GET"]}}],"collection":[{"href":"https:\/\/colinahomolog.com.br\/dev\/just-real-moms\/wp-json\/wp\/v2\/posts"}],"about":[{"href":"https:\/\/colinahomolog.com.br\/dev\/just-real-moms\/wp-json\/wp\/v2\/types\/post"}],"author":[{"embeddable":true,"href":"https:\/\/colinahomolog.com.br\/dev\/just-real-moms\/wp-json\/wp\/v2\/users\/1026"}],"replies":[{"embeddable":true,"href":"https:\/\/colinahomolog.com.br\/dev\/just-real-moms\/wp-json\/wp\/v2\/comments?post=44224"}],"version-history":[{"count":0,"href":"https:\/\/colinahomolog.com.br\/dev\/just-real-moms\/wp-json\/wp\/v2\/posts\/44224\/revisions"}],"wp:featuredmedia":[{"embeddable":true,"href":"https:\/\/colinahomolog.com.br\/dev\/just-real-moms\/wp-json\/wp\/v2\/media\/44230"}],"wp:attachment":[{"href":"https:\/\/colinahomolog.com.br\/dev\/just-real-moms\/wp-json\/wp\/v2\/media?parent=44224"}],"wp:term":[{"taxonomy":"category","embeddable":true,"href":"https:\/\/colinahomolog.com.br\/dev\/just-real-moms\/wp-json\/wp\/v2\/categories?post=44224"},{"taxonomy":"post_tag","embeddable":true,"href":"https:\/\/colinahomolog.com.br\/dev\/just-real-moms\/wp-json\/wp\/v2\/tags?post=44224"}],"curies":[{"name":"wp","href":"https:\/\/api.w.org\/{rel}","templated":true}]}}