{"id":44544,"date":"2017-09-01T08:20:23","date_gmt":"2017-09-01T11:20:23","guid":{"rendered":"https:\/\/colinahomolog.com.br\/dev\/just-real-moms\/?p=44544"},"modified":"2017-08-31T16:51:20","modified_gmt":"2017-08-31T19:51:20","slug":"passeios-animados-no-rio-de-janeiro","status":"publish","type":"post","link":"https:\/\/colinahomolog.com.br\/dev\/just-real-moms\/passeios-animados-no-rio-de-janeiro\/","title":{"rendered":"Passeios animados no Rio de Janeiro &#8211; por Rio Kids"},"content":{"rendered":"<button class=\"simplefavorite-button preset\" data-postid=\"44544\" data-siteid=\"1\" data-groupid=\"1\" data-favoritecount=\"0\" style=\"box-shadow:none;-webkit-box-shadow:none;-moz-box-shadow:none;background-color:#68ccb4;border-color:#68ccb4;color:#ffffff;\"><i class=\"sf-icon-favorite\" style=\"\"><\/i>Favorite<\/button><p>Oie, meninas!<\/p>\n<p>Tudo bem?<\/p>\n<p>Para ajud\u00e1-las na programa\u00e7\u00e3o do fim de semana, o <a href=\"http:\/\/riokids.com.br\" target=\"_blank\" rel=\"noopener\">Rio Kids<\/a> nos enviou uma sele\u00e7\u00e3o dos passeios mais animados do Rio de Janeiro.<\/p>\n<p>Vai ter muita coisa legal durante esses dois dias livres!<\/p>\n<p>Confiram!<\/p>\n<p>________________________________________________________________________________<\/p>\n<p>&nbsp;<\/p>\n<p style=\"text-align: center;\"><strong>Espet\u00e1culo\u00a0 Quanta Energia <\/strong><\/p>\n<p>O Quanta Energia! retoma suas atividades cheio de novidades e leva, de mar\u00e7o a outubro de 2017, 60 apresenta\u00e7\u00f5es teatrais interativas para escolas municipais e particulares, museus e centros culturais da cidade do Rio de Janeiro.\u00a0 Em 2016, o p\u00fablico atingido foi de 4 mil pessoas, entre crian\u00e7as, jovens e adultos. A pe\u00e7a desvenda os mist\u00e9rios da energia el\u00e9trica.<\/p>\n<p>&nbsp;<\/p>\n<p>As pr\u00f3ximas apresenta\u00e7\u00f5es ser\u00e3o realizadas na XVIII Bienal Internacional do Livro Rio, do dia 1\u00ba ao dia 10 de setembro, no pavilh\u00e3o 4, no estande da Light.<\/p>\n<p>Protagonizado por uma dupla de cientistas \u2018malucos\u2019, o espet\u00e1culo proporciona a crian\u00e7as, de 6 a 12 anos, a participa\u00e7\u00e3o em experi\u00eancias cient\u00edficas para conhecer as formas de gera\u00e7\u00e3o de energia el\u00e9trica e seus percursos at\u00e9 chegar \u00e0s resid\u00eancias. O Projeto faz parte do Programa Territ\u00f3rios Culturais RJ \/ Favela Criativa, atrav\u00e9s do patroc\u00ednio da Light, do Governo do Rio de Janeiro, da Secretaria de Estado de Cultura, da Lei de Incentivo \u00e0 Cultura do Rio de Janeiro e do Programa de Efici\u00eancia Energ\u00e9tica ANEEL.<\/p>\n<p>&nbsp;<\/p>\n<p>Se o universo da energia el\u00e9trica parece muitas vezes abstrato para as crian\u00e7as e, por isso, dif\u00edcil de entender, no Quanta Energia! ele ganha formas e at\u00e9 cores diferentes. Durante 30 minutos, os participantes ir\u00e3o se deparar com curiosidades incr\u00edveis sobre a \u00e1gua e como esse elemento fluido pode se transformar em energia. Ir\u00e3o ainda descobrir o que \u00e9 e como funciona uma hidrel\u00e9trica; o que \u00e9 a dessaliniza\u00e7\u00e3o da \u00e1gua e como podemos preservar a por\u00e7\u00e3o pot\u00e1vel que existe em nosso planeta. Ao final desta incr\u00edvel experi\u00eancia, os presentes ter\u00e3o aprendido os conceitos de Efici\u00eancia Energ\u00e9tica de maneira divertida.<\/p>\n<p>E n\u00e3o para por ai. Com a Bobina de Tesla e a bola de plasma os participantes observar\u00e3o os raios da eletricidade em a\u00e7\u00e3o por meio de objetos condutores e isolantes. Tamb\u00e9m desvendar\u00e3o a misteriosa origem da eletricidade capaz de acender uma l\u00e2mpada, por exemplo. Para completar, experimentos \u201cinterativos\u201d demonstrar\u00e3o os princ\u00edpios b\u00e1sicos da conserva\u00e7\u00e3o de energia.<\/p>\n<p>&nbsp;<\/p>\n<p>XVIII Bienal Internacional do Livro Rio<\/p>\n<p>Dias e hor\u00e1rios:<\/p>\n<p>01\/09 &#8211; sexta-feira: 10h30, 14h e 15h30<\/p>\n<p>02\/09 \u2013 s\u00e1bado: 11h30 e 15h30<\/p>\n<p>03\/09 \u2013 domingo: 11h30 e 15h30<\/p>\n<p><img fetchpriority=\"high\" decoding=\"async\" class=\"aligncenter wp-image-44545 size-medium\" src=\"https:\/\/colinahomolog.com.br\/dev\/just-real-moms\/wp-content\/uploads\/2017\/08\/rj1-3-400x267.jpg\" alt=\"Passeios animados no Rio de Janeiro - por Rio Kids\" width=\"400\" height=\"267\" srcset=\"https:\/\/colinahomolog.com.br\/dev\/just-real-moms\/wp-content\/uploads\/2017\/08\/rj1-3-400x267.jpg 400w, https:\/\/colinahomolog.com.br\/dev\/just-real-moms\/wp-content\/uploads\/2017\/08\/rj1-3-225x150.jpg 225w, https:\/\/colinahomolog.com.br\/dev\/just-real-moms\/wp-content\/uploads\/2017\/08\/rj1-3.jpg 640w\" sizes=\"(max-width: 400px) 100vw, 400px\" \/><\/p>\n<p>&nbsp;<\/p>\n<p style=\"text-align: center;\"><strong>Circo\u00a0do\u00a0Topet\u00e3o \u00a0<\/strong><\/p>\n<p>A tenda do Circo do Topet\u00e3o volta ao Carioca Shopping em setembro para mais uma temporada de espet\u00e1culos muito divertidos. A turn\u00ea do palha\u00e7o de topete azul, um dos personagens mais carism\u00e1ticos e adorados pelas crian\u00e7as, ficar\u00e1 em cartaz de 1\u00ba. de setembro a 10 de outubro com shows que trazem como caracter\u00edstica principal o conte\u00fado educativo, a interatividade com o p\u00fablico e a inova\u00e7\u00e3o. Tudo, claro, com muita anima\u00e7\u00e3o, figurinos luxuosos, cen\u00e1rios coloridos, bonecos gigantes e apresenta\u00e7\u00f5es surpreendentes.<\/p>\n<p>No espet\u00e1culo, Topet\u00e3o canta e faz malabares do alto de seu monociclo de 2m de altura, enquanto brinca com o imagin\u00e1rio infantil, arrancando risos do p\u00fablico. Enquanto isso, sua trupe de artistas acrobatas e perna de pau apresenta n\u00fameros divertidos em um grande espet\u00e1culo de luz, som e magia. O p\u00fablico vai se encantar com os figurinos luxuosos, cen\u00e1rios multicoloridos, bonecos gigantes e apresenta\u00e7\u00f5es surpreendentes. A garotada poder\u00e1 cantar e dan\u00e7ar as famosas m\u00fasicas dos DVDs \u201cTempo de Brincar\u201d 1 e 2, lan\u00e7ado pela Som Livre. Uma oportunidade \u00fanica para o p\u00fablico da Zona Norte ver de perto um espet\u00e1culo de qualidade com um dos personagens que at\u00e9 hoje encanta crian\u00e7as de todas as idades. Vale conferir.<\/p>\n<p>O Circo do Topet\u00e3o fica montado no estacionamento do Carioca Shopping de 1\u00ba. de setembro a 10 de outubro. Os espet\u00e1culos acontecem sextas \u00e0s 20h, e aos s\u00e1bados, domingos e feriados em duas<br \/>\napresenta\u00e7\u00f5es: 18h e 20h. Av. Vicente de Carvalho, 909 \u2013 Vila da Penha<\/p>\n<p><img decoding=\"async\" class=\"aligncenter wp-image-44547 size-medium\" src=\"https:\/\/colinahomolog.com.br\/dev\/just-real-moms\/wp-content\/uploads\/2017\/08\/rj2-2-400x267.jpg\" alt=\"\" width=\"400\" height=\"267\" srcset=\"https:\/\/colinahomolog.com.br\/dev\/just-real-moms\/wp-content\/uploads\/2017\/08\/rj2-2-400x267.jpg 400w, https:\/\/colinahomolog.com.br\/dev\/just-real-moms\/wp-content\/uploads\/2017\/08\/rj2-2-768x513.jpg 768w, https:\/\/colinahomolog.com.br\/dev\/just-real-moms\/wp-content\/uploads\/2017\/08\/rj2-2-820x548.jpg 820w, https:\/\/colinahomolog.com.br\/dev\/just-real-moms\/wp-content\/uploads\/2017\/08\/rj2-2-225x150.jpg 225w\" sizes=\"(max-width: 400px) 100vw, 400px\" \/><\/p>\n<p>&nbsp;<\/p>\n<p style=\"text-align: center;\"><strong>Show do Parampampam<\/strong><\/p>\n<p>O grupo Parampampam apresenta o show musical &#8220;Olha que eu viro bicho!&#8221; que celebra o lan\u00e7amento do primeiro CD da banda.<\/p>\n<p>&nbsp;<\/p>\n<p>O espet\u00e1culo traz m\u00fasicas originais do grupo em diversos ritmos, com brincadeiras e bonecos que encantam crian\u00e7as de todas as idades. Diferentes bichos s\u00e3o temas das can\u00e7\u00f5es que valorizam o imagin\u00e1rio infantil e a intelig\u00eancia das crian\u00e7as. O trabalho do Parampampam foi indicado pelo site Catraquinha como um dos grupos de qualidade para a inf\u00e2ncia da atualidade.<\/p>\n<p>&nbsp;<\/p>\n<p>O espet\u00e1culo acontece dia 3 de setembro, \u00e0s 16 horas, no Centro da M\u00fasica Carioca na Tijuca.<\/p>\n<p><img decoding=\"async\" class=\"size-medium wp-image-44556 aligncenter\" src=\"https:\/\/colinahomolog.com.br\/dev\/just-real-moms\/wp-content\/uploads\/2017\/08\/rj3-4-400x266.jpg\" alt=\"\" width=\"400\" height=\"266\" srcset=\"https:\/\/colinahomolog.com.br\/dev\/just-real-moms\/wp-content\/uploads\/2017\/08\/rj3-4-400x266.jpg 400w, https:\/\/colinahomolog.com.br\/dev\/just-real-moms\/wp-content\/uploads\/2017\/08\/rj3-4.jpg 700w, https:\/\/colinahomolog.com.br\/dev\/just-real-moms\/wp-content\/uploads\/2017\/08\/rj3-4-225x150.jpg 225w\" sizes=\"(max-width: 400px) 100vw, 400px\" \/><\/p>\n<p>&nbsp;<\/p>\n<p>&nbsp;<\/p>\n<p style=\"text-align: center;\"><strong>Village Mall<\/strong><\/p>\n<p>S\u00e1bado, dia 02, \u00e9 dia de Circuito Org\u00e2nico no Village Mall. Produtores e expositores locais se re\u00fanem nos jardins do shopping para um evento completo, trazendo produtos org\u00e2nicos e frescos como legumes, verduras, frutas e cogumelos, al\u00e9m de muitas op\u00e7\u00f5es de comidinhas saud\u00e1veis, itens artesanais como kombucha, bolos, geleias e conservas, atividades infantis e m\u00fasica ao vivo.<\/p>\n<p>&nbsp;<\/p>\n<p>Entre as novidades do Circuito est\u00e1 a participa\u00e7\u00e3o do Produtos DOC, com queijos artesanais. O evento, que acontece de 10h30 \u00e0s 18h, \u00e9 a op\u00e7\u00e3o perfeita para se abastecer de sa\u00fade: bolos e tortas veganos, p\u00e3es e pizzas sem gl\u00faten e lactose, sucos org\u00e2nicos e mais uma variedade de produtos frescos e de alta qualidade reunidos em um s\u00f3 lugar.<\/p>\n<p>&nbsp;<\/p>\n<p>E como o Circuito Org\u00e2nico \u00e9 para toda a fam\u00edlia, as crian\u00e7as sempre contam com oficinas de atividades infantis com o Instituto Moleque Mateiro a partir das 11h, com atra\u00e7\u00f5es did\u00e1ticas e divertidas. J\u00e1 o Espa\u00e7o Sensorial recebe os pequenos de at\u00e9 dois anos e meio. Encerrando o dia, o jazz ao vivo toma conta dos jardins a partir das 17h.<\/p>\n<p>&nbsp;<\/p>\n<p>Circuito Org\u00e2nico VillageMall<\/p>\n<p>Data: S\u00e1bado, 02 de setembro<\/p>\n<p>Hor\u00e1rio: de 10h30 \u00e0s 18h<\/p>\n<p>Local: Jardins do VillageMall<\/p>\n<p><img loading=\"lazy\" decoding=\"async\" class=\"size-medium wp-image-44548 aligncenter\" src=\"https:\/\/colinahomolog.com.br\/dev\/just-real-moms\/wp-content\/uploads\/2017\/08\/rj3-3-400x212.jpg\" alt=\"\" width=\"400\" height=\"212\" srcset=\"https:\/\/colinahomolog.com.br\/dev\/just-real-moms\/wp-content\/uploads\/2017\/08\/rj3-3-400x212.jpg 400w, https:\/\/colinahomolog.com.br\/dev\/just-real-moms\/wp-content\/uploads\/2017\/08\/rj3-3-768x406.jpg 768w, https:\/\/colinahomolog.com.br\/dev\/just-real-moms\/wp-content\/uploads\/2017\/08\/rj3-3-820x434.jpg 820w, https:\/\/colinahomolog.com.br\/dev\/just-real-moms\/wp-content\/uploads\/2017\/08\/rj3-3.jpg 1200w\" sizes=\"(max-width: 400px) 100vw, 400px\" \/><\/p>\n<p>&nbsp;<\/p>\n<p style=\"text-align: center;\"><strong>Am\u00e9ricas Shopping promove \u2018Oficinas Divertidas Hasbro\u2019 para os pequenos<\/strong><\/p>\n<p>Espa\u00e7o traz interatividade para as crian\u00e7as com personagens e brinquedos conhecidos, como Transformers, My Little Pony e Mr. Potato Head<\/p>\n<p>&nbsp;<\/p>\n<p>O Am\u00e9ricas Shopping recebe, de 1\u00ba a 17 de setembro, o espa\u00e7o l\u00fadico \u201cOficinas Divertidas Hasbro\u201d. A novidade promete divertir toda a fam\u00edlia com entretenimento para as crian\u00e7as e um toque de nostalgia para os pais, uma vez que a marca Hasbro contempla alguns dos brinquedos mais famosos do mundo. Divididas em quatro ambientes, as atividades s\u00e3o tem\u00e1ticas com os personagens infantis Transformers, My Little Pony, Mr. Potato Head, al\u00e9m de um ambiente chamado Hasbro Gaming, que re\u00fane jogos muito divertidos como Twister, Fala A\u00ed, entre outros.<\/p>\n<p>&nbsp;<\/p>\n<p>Em um espa\u00e7o de 84m\u00b2, as crian\u00e7as poder\u00e3o soltar a imagina\u00e7\u00e3o, bem como interagir com os brinquedos das marcas. Entre as brincadeiras est\u00e3o a \u201cPonifica\u00e7\u00e3o\u201d, em que os cabelos e a maquiagem s\u00e3o feitos para que as crian\u00e7as se tornem as p\u00f4neis de My Little Pony; tattoo de Transformers; o famoso Mr. Potato Head, al\u00e9m de diversos jogos na esta\u00e7\u00e3o Hasbro Gaming.<\/p>\n<p>idades.<\/p>\n<p>A participa\u00e7\u00e3o no circuito \u2018Oficinas Divertidas Hasbro\u2019 \u00e9 gratuita e indicada para crian\u00e7as de 4 a 12 anos. As turmas, de at\u00e9 25 crian\u00e7as, poder\u00e3o se divertir no espa\u00e7o por 20 minutos e os respons\u00e1veis dever\u00e3o aguardar a sa\u00edda das crian\u00e7as na \u00e1rea externa do evento.<\/p>\n<p>&nbsp;<\/p>\n<p>\u201cOficinas Divertidas Hasbro\u201d<\/p>\n<p>Local:\u00a0 Am\u00e9ricas Shopping \u2013 Pra\u00e7a de Eventos \u2013 Piso L1 o<\/p>\n<p>Data: 01 a 17 de setembro<\/p>\n<p>Hor\u00e1rio: diariamente, das 13h \u00e0s 20h40*.<\/p>\n<p>*In\u00edcio da \u00faltima turma.<\/p>\n<p>Faixa et\u00e1ria: de 4 a 12 anos<\/p>\n<p>Dura\u00e7\u00e3o do circuito:\u00a020 minutos. Turmas de at\u00e9 25 crian\u00e7as.<\/p>\n<p>Entrada Gratuita.<\/p>\n<p><img loading=\"lazy\" decoding=\"async\" class=\"size-medium wp-image-44557 aligncenter\" src=\"https:\/\/colinahomolog.com.br\/dev\/just-real-moms\/wp-content\/uploads\/2017\/08\/rj5-3-400x267.jpg\" alt=\"\" width=\"400\" height=\"267\" srcset=\"https:\/\/colinahomolog.com.br\/dev\/just-real-moms\/wp-content\/uploads\/2017\/08\/rj5-3-400x267.jpg 400w, https:\/\/colinahomolog.com.br\/dev\/just-real-moms\/wp-content\/uploads\/2017\/08\/rj5-3-225x150.jpg 225w, https:\/\/colinahomolog.com.br\/dev\/just-real-moms\/wp-content\/uploads\/2017\/08\/rj5-3.jpg 720w\" sizes=\"(max-width: 400px) 100vw, 400px\" \/><\/p>\n\n    <div class=\"xs_social_share_widget xs_share_url after_content \t\tmain_content  wslu-style-1 wslu-share-box-shaped wslu-fill-colored wslu-none wslu-share-horizontal wslu-theme-font-no wslu-main_content\">\n\n\t\t\n        <ul>\n\t\t\t        <\/ul>\n    <\/div> \n","protected":false},"excerpt":{"rendered":"<p>FavoriteOie, meninas! Tudo bem? Para ajud\u00e1-las na programa\u00e7\u00e3o do fim de semana, o Rio Kids nos enviou uma sele\u00e7\u00e3o dos passeios mais animados do Rio de Janeiro. Vai ter muita coisa legal durante esses dois dias livres! Confiram! ________________________________________________________________________________ &nbsp; Espet\u00e1culo\u00a0 Quanta Energia O Quanta Energia! retoma suas atividades cheio de novidades e leva, de [&hellip;]<\/p>\n","protected":false},"author":1026,"featured_media":44547,"comment_status":"open","ping_status":"closed","sticky":false,"template":"","format":"standard","meta":{"_acf_changed":false,"footnotes":""},"categories":[33,1742,1824],"tags":[1870,1844,1494],"class_list":{"0":"post-44544","1":"post","2":"type-post","3":"status-publish","4":"format-standard","5":"has-post-thumbnail","7":"category-have-fun","8":"category-programacao","9":"category-programacao-rio-de-janeiro","10":"tag-passeios-infantis","11":"tag-rio-de-janeiro","12":"tag-rio-kids"},"acf":[],"yoast_head":"<!-- This site is optimized with the Yoast SEO Premium plugin v26.6 (Yoast SEO v26.6) - https:\/\/yoast.com\/wordpress\/plugins\/seo\/ -->\n<title>Passeios animados no Rio de Janeiro - por Rio Kids<\/title>\n<meta name=\"description\" content=\"O Rio de Janeiro est\u00e1 cheio de passeios super animados! O fim de semana ter\u00e1 uma programa\u00e7\u00e3o mais do especial para os pequenos. Confiram!\" \/>\n<meta name=\"robots\" content=\"index, follow, max-snippet:-1, max-image-preview:large, max-video-preview:-1\" \/>\n<link rel=\"canonical\" href=\"https:\/\/colinahomolog.com.br\/dev\/just-real-moms\/passeios-animados-no-rio-de-janeiro\/\" \/>\n<meta property=\"og:locale\" content=\"pt_BR\" \/>\n<meta property=\"og:type\" content=\"article\" \/>\n<meta property=\"og:title\" content=\"Passeios animados no Rio de Janeiro - por Rio Kids\" \/>\n<meta property=\"og:description\" content=\"O Rio de Janeiro est\u00e1 cheio de passeios super animados! O fim de semana ter\u00e1 uma programa\u00e7\u00e3o mais do especial para os pequenos. Confiram!\" \/>\n<meta property=\"og:url\" content=\"https:\/\/colinahomolog.com.br\/dev\/just-real-moms\/passeios-animados-no-rio-de-janeiro\/\" \/>\n<meta property=\"og:site_name\" content=\"Just Real Moms - Blog para M\u00e3es\" \/>\n<meta property=\"article:publisher\" content=\"https:\/\/www.facebook.com\/JustRealMoms\" \/>\n<meta property=\"article:published_time\" content=\"2017-09-01T11:20:23+00:00\" \/>\n<meta property=\"og:image\" content=\"https:\/\/colinahomolog.com.br\/dev\/just-real-moms\/wp-content\/uploads\/2017\/08\/rj2-2.jpg\" \/>\n\t<meta property=\"og:image:width\" content=\"3756\" \/>\n\t<meta property=\"og:image:height\" content=\"2508\" \/>\n\t<meta property=\"og:image:type\" content=\"image\/jpeg\" \/>\n<meta name=\"author\" content=\"Ana L\u00fa Gerodetti\" \/>\n<meta name=\"twitter:label1\" content=\"Escrito por\" \/>\n\t<meta name=\"twitter:data1\" content=\"Ana L\u00fa Gerodetti\" \/>\n\t<meta name=\"twitter:label2\" content=\"Est. tempo de leitura\" \/>\n\t<meta name=\"twitter:data2\" content=\"7 minutos\" \/>\n<script type=\"application\/ld+json\" class=\"yoast-schema-graph\">{\"@context\":\"https:\/\/schema.org\",\"@graph\":[{\"@type\":\"WebPage\",\"@id\":\"https:\/\/colinahomolog.com.br\/dev\/just-real-moms\/passeios-animados-no-rio-de-janeiro\/\",\"url\":\"https:\/\/colinahomolog.com.br\/dev\/just-real-moms\/passeios-animados-no-rio-de-janeiro\/\",\"name\":\"Passeios animados no Rio de Janeiro - por Rio Kids\",\"isPartOf\":{\"@id\":\"https:\/\/colinahomolog.com.br\/dev\/just-real-moms\/#website\"},\"primaryImageOfPage\":{\"@id\":\"https:\/\/colinahomolog.com.br\/dev\/just-real-moms\/passeios-animados-no-rio-de-janeiro\/#primaryimage\"},\"image\":{\"@id\":\"https:\/\/colinahomolog.com.br\/dev\/just-real-moms\/passeios-animados-no-rio-de-janeiro\/#primaryimage\"},\"thumbnailUrl\":\"https:\/\/colinahomolog.com.br\/dev\/just-real-moms\/wp-content\/uploads\/2017\/08\/rj2-2.jpg\",\"datePublished\":\"2017-09-01T11:20:23+00:00\",\"author\":{\"@id\":\"https:\/\/colinahomolog.com.br\/dev\/just-real-moms\/#\/schema\/person\/515932a32be880c655c9a97801ec749d\"},\"description\":\"O Rio de Janeiro est\u00e1 cheio de passeios super animados! O fim de semana ter\u00e1 uma programa\u00e7\u00e3o mais do especial para os pequenos. Confiram!\",\"breadcrumb\":{\"@id\":\"https:\/\/colinahomolog.com.br\/dev\/just-real-moms\/passeios-animados-no-rio-de-janeiro\/#breadcrumb\"},\"inLanguage\":\"pt-BR\",\"potentialAction\":[{\"@type\":\"ReadAction\",\"target\":[\"https:\/\/colinahomolog.com.br\/dev\/just-real-moms\/passeios-animados-no-rio-de-janeiro\/\"]}]},{\"@type\":\"ImageObject\",\"inLanguage\":\"pt-BR\",\"@id\":\"https:\/\/colinahomolog.com.br\/dev\/just-real-moms\/passeios-animados-no-rio-de-janeiro\/#primaryimage\",\"url\":\"https:\/\/colinahomolog.com.br\/dev\/just-real-moms\/wp-content\/uploads\/2017\/08\/rj2-2.jpg\",\"contentUrl\":\"https:\/\/colinahomolog.com.br\/dev\/just-real-moms\/wp-content\/uploads\/2017\/08\/rj2-2.jpg\",\"width\":3756,\"height\":2508},{\"@type\":\"BreadcrumbList\",\"@id\":\"https:\/\/colinahomolog.com.br\/dev\/just-real-moms\/passeios-animados-no-rio-de-janeiro\/#breadcrumb\",\"itemListElement\":[{\"@type\":\"ListItem\",\"position\":1,\"name\":\"In\u00edcio\",\"item\":\"https:\/\/colinahomolog.com.br\/dev\/just-real-moms\/\"},{\"@type\":\"ListItem\",\"position\":2,\"name\":\"Passeios animados no Rio de Janeiro &#8211; por Rio Kids\"}]},{\"@type\":\"WebSite\",\"@id\":\"https:\/\/colinahomolog.com.br\/dev\/just-real-moms\/#website\",\"url\":\"https:\/\/colinahomolog.com.br\/dev\/just-real-moms\/\",\"name\":\"Just Real Moms - Blog para M\u00e3es\",\"description\":\"O melhor e mais completo portal para m\u00e3es, pais e futuros pais!\",\"potentialAction\":[{\"@type\":\"SearchAction\",\"target\":{\"@type\":\"EntryPoint\",\"urlTemplate\":\"https:\/\/colinahomolog.com.br\/dev\/just-real-moms\/?s={search_term_string}\"},\"query-input\":{\"@type\":\"PropertyValueSpecification\",\"valueRequired\":true,\"valueName\":\"search_term_string\"}}],\"inLanguage\":\"pt-BR\"},{\"@type\":\"Person\",\"@id\":\"https:\/\/colinahomolog.com.br\/dev\/just-real-moms\/#\/schema\/person\/515932a32be880c655c9a97801ec749d\",\"name\":\"Ana L\u00fa Gerodetti\",\"url\":\"https:\/\/colinahomolog.com.br\/dev\/just-real-moms\/author\/ana-luisa\/\"}]}<\/script>\n<!-- \/ Yoast SEO Premium plugin. -->","yoast_head_json":{"title":"Passeios animados no Rio de Janeiro - por Rio Kids","description":"O Rio de Janeiro est\u00e1 cheio de passeios super animados! O fim de semana ter\u00e1 uma programa\u00e7\u00e3o mais do especial para os pequenos. Confiram!","robots":{"index":"index","follow":"follow","max-snippet":"max-snippet:-1","max-image-preview":"max-image-preview:large","max-video-preview":"max-video-preview:-1"},"canonical":"https:\/\/colinahomolog.com.br\/dev\/just-real-moms\/passeios-animados-no-rio-de-janeiro\/","og_locale":"pt_BR","og_type":"article","og_title":"Passeios animados no Rio de Janeiro - por Rio Kids","og_description":"O Rio de Janeiro est\u00e1 cheio de passeios super animados! O fim de semana ter\u00e1 uma programa\u00e7\u00e3o mais do especial para os pequenos. Confiram!","og_url":"https:\/\/colinahomolog.com.br\/dev\/just-real-moms\/passeios-animados-no-rio-de-janeiro\/","og_site_name":"Just Real Moms - Blog para M\u00e3es","article_publisher":"https:\/\/www.facebook.com\/JustRealMoms","article_published_time":"2017-09-01T11:20:23+00:00","og_image":[{"width":3756,"height":2508,"url":"https:\/\/colinahomolog.com.br\/dev\/just-real-moms\/wp-content\/uploads\/2017\/08\/rj2-2.jpg","type":"image\/jpeg"}],"author":"Ana L\u00fa Gerodetti","twitter_misc":{"Escrito por":"Ana L\u00fa Gerodetti","Est. tempo de leitura":"7 minutos"},"schema":{"@context":"https:\/\/schema.org","@graph":[{"@type":"WebPage","@id":"https:\/\/colinahomolog.com.br\/dev\/just-real-moms\/passeios-animados-no-rio-de-janeiro\/","url":"https:\/\/colinahomolog.com.br\/dev\/just-real-moms\/passeios-animados-no-rio-de-janeiro\/","name":"Passeios animados no Rio de Janeiro - por Rio Kids","isPartOf":{"@id":"https:\/\/colinahomolog.com.br\/dev\/just-real-moms\/#website"},"primaryImageOfPage":{"@id":"https:\/\/colinahomolog.com.br\/dev\/just-real-moms\/passeios-animados-no-rio-de-janeiro\/#primaryimage"},"image":{"@id":"https:\/\/colinahomolog.com.br\/dev\/just-real-moms\/passeios-animados-no-rio-de-janeiro\/#primaryimage"},"thumbnailUrl":"https:\/\/colinahomolog.com.br\/dev\/just-real-moms\/wp-content\/uploads\/2017\/08\/rj2-2.jpg","datePublished":"2017-09-01T11:20:23+00:00","author":{"@id":"https:\/\/colinahomolog.com.br\/dev\/just-real-moms\/#\/schema\/person\/515932a32be880c655c9a97801ec749d"},"description":"O Rio de Janeiro est\u00e1 cheio de passeios super animados! O fim de semana ter\u00e1 uma programa\u00e7\u00e3o mais do especial para os pequenos. Confiram!","breadcrumb":{"@id":"https:\/\/colinahomolog.com.br\/dev\/just-real-moms\/passeios-animados-no-rio-de-janeiro\/#breadcrumb"},"inLanguage":"pt-BR","potentialAction":[{"@type":"ReadAction","target":["https:\/\/colinahomolog.com.br\/dev\/just-real-moms\/passeios-animados-no-rio-de-janeiro\/"]}]},{"@type":"ImageObject","inLanguage":"pt-BR","@id":"https:\/\/colinahomolog.com.br\/dev\/just-real-moms\/passeios-animados-no-rio-de-janeiro\/#primaryimage","url":"https:\/\/colinahomolog.com.br\/dev\/just-real-moms\/wp-content\/uploads\/2017\/08\/rj2-2.jpg","contentUrl":"https:\/\/colinahomolog.com.br\/dev\/just-real-moms\/wp-content\/uploads\/2017\/08\/rj2-2.jpg","width":3756,"height":2508},{"@type":"BreadcrumbList","@id":"https:\/\/colinahomolog.com.br\/dev\/just-real-moms\/passeios-animados-no-rio-de-janeiro\/#breadcrumb","itemListElement":[{"@type":"ListItem","position":1,"name":"In\u00edcio","item":"https:\/\/colinahomolog.com.br\/dev\/just-real-moms\/"},{"@type":"ListItem","position":2,"name":"Passeios animados no Rio de Janeiro &#8211; por Rio Kids"}]},{"@type":"WebSite","@id":"https:\/\/colinahomolog.com.br\/dev\/just-real-moms\/#website","url":"https:\/\/colinahomolog.com.br\/dev\/just-real-moms\/","name":"Just Real Moms - Blog para M\u00e3es","description":"O melhor e mais completo portal para m\u00e3es, pais e futuros pais!","potentialAction":[{"@type":"SearchAction","target":{"@type":"EntryPoint","urlTemplate":"https:\/\/colinahomolog.com.br\/dev\/just-real-moms\/?s={search_term_string}"},"query-input":{"@type":"PropertyValueSpecification","valueRequired":true,"valueName":"search_term_string"}}],"inLanguage":"pt-BR"},{"@type":"Person","@id":"https:\/\/colinahomolog.com.br\/dev\/just-real-moms\/#\/schema\/person\/515932a32be880c655c9a97801ec749d","name":"Ana L\u00fa Gerodetti","url":"https:\/\/colinahomolog.com.br\/dev\/just-real-moms\/author\/ana-luisa\/"}]}},"_links":{"self":[{"href":"https:\/\/colinahomolog.com.br\/dev\/just-real-moms\/wp-json\/wp\/v2\/posts\/44544","targetHints":{"allow":["GET"]}}],"collection":[{"href":"https:\/\/colinahomolog.com.br\/dev\/just-real-moms\/wp-json\/wp\/v2\/posts"}],"about":[{"href":"https:\/\/colinahomolog.com.br\/dev\/just-real-moms\/wp-json\/wp\/v2\/types\/post"}],"author":[{"embeddable":true,"href":"https:\/\/colinahomolog.com.br\/dev\/just-real-moms\/wp-json\/wp\/v2\/users\/1026"}],"replies":[{"embeddable":true,"href":"https:\/\/colinahomolog.com.br\/dev\/just-real-moms\/wp-json\/wp\/v2\/comments?post=44544"}],"version-history":[{"count":0,"href":"https:\/\/colinahomolog.com.br\/dev\/just-real-moms\/wp-json\/wp\/v2\/posts\/44544\/revisions"}],"wp:featuredmedia":[{"embeddable":true,"href":"https:\/\/colinahomolog.com.br\/dev\/just-real-moms\/wp-json\/wp\/v2\/media\/44547"}],"wp:attachment":[{"href":"https:\/\/colinahomolog.com.br\/dev\/just-real-moms\/wp-json\/wp\/v2\/media?parent=44544"}],"wp:term":[{"taxonomy":"category","embeddable":true,"href":"https:\/\/colinahomolog.com.br\/dev\/just-real-moms\/wp-json\/wp\/v2\/categories?post=44544"},{"taxonomy":"post_tag","embeddable":true,"href":"https:\/\/colinahomolog.com.br\/dev\/just-real-moms\/wp-json\/wp\/v2\/tags?post=44544"}],"curies":[{"name":"wp","href":"https:\/\/api.w.org\/{rel}","templated":true}]}}