{"id":44730,"date":"2017-09-22T08:40:44","date_gmt":"2017-09-22T11:40:44","guid":{"rendered":"https:\/\/colinahomolog.com.br\/dev\/just-real-moms\/?p=44730"},"modified":"2017-09-21T12:51:01","modified_gmt":"2017-09-21T15:51:01","slug":"diversao-infantil-porto-alegre","status":"publish","type":"post","link":"https:\/\/colinahomolog.com.br\/dev\/just-real-moms\/diversao-infantil-porto-alegre\/","title":{"rendered":"Divers\u00e3o infantil em Porto Alegre &#8211; por bora.ai"},"content":{"rendered":"<button class=\"simplefavorite-button preset\" data-postid=\"44730\" data-siteid=\"1\" data-groupid=\"1\" data-favoritecount=\"0\" style=\"box-shadow:none;-webkit-box-shadow:none;-moz-box-shadow:none;background-color:#68ccb4;border-color:#68ccb4;color:#ffffff;\"><i class=\"sf-icon-favorite\" style=\"\"><\/i>Favorite<\/button><p>Ol\u00e1, meninas!<\/p>\n<p>Tudo bem?<\/p>\n<p>O fim de semana veio acompanhado de muita divers\u00e3o para os pequenos de Porto Alegre. A cidade contar\u00e1 com atra\u00e7\u00f5es super legais e quem nos d\u00e1 o roteiro \u00e9 o <a href=\"http:\/\/bora.ai\" target=\"_blank\" rel=\"noopener\">bora.ai<\/a>!<\/p>\n<p>Veja s\u00f3 o que o vem por a\u00ed!<\/p>\n<p>________________________________________________________________________________<\/p>\n<p>&nbsp;<\/p>\n<p>No domingo, 24 de setembro, o\u00a0<a href=\"http:\/\/bora.ai\/poa\/passeios\/circuito-se-essa-rua-fosse-minha\" target=\"_blank\" rel=\"noopener\"><b>Circuito Se Essa Rua Fosse Minha<\/b><\/a>\u00a0retorna ao\u00a0<b>Parque Mascarenhas de Moraes<\/b>, para uma edi\u00e7\u00e3o especial de anivers\u00e1rio.<\/p>\n<p><img fetchpriority=\"high\" decoding=\"async\" class=\"aligncenter wp-image-44731 size-medium\" src=\"https:\/\/colinahomolog.com.br\/dev\/just-real-moms\/wp-content\/uploads\/2017\/09\/poa1-2-400x218.jpg\" alt=\"Divers\u00e3o infantil em Porto Alegre - por bora.ai\" width=\"400\" height=\"218\" srcset=\"https:\/\/colinahomolog.com.br\/dev\/just-real-moms\/wp-content\/uploads\/2017\/09\/poa1-2-400x218.jpg 400w, https:\/\/colinahomolog.com.br\/dev\/just-real-moms\/wp-content\/uploads\/2017\/09\/poa1-2-768x419.jpg 768w, https:\/\/colinahomolog.com.br\/dev\/just-real-moms\/wp-content\/uploads\/2017\/09\/poa1-2-820x448.jpg 820w, https:\/\/colinahomolog.com.br\/dev\/just-real-moms\/wp-content\/uploads\/2017\/09\/poa1-2.jpg 932w\" sizes=\"(max-width: 400px) 100vw, 400px\" \/><\/p>\n<p>&nbsp;<\/p>\n<p>O Espet\u00e1culo \u201c<b><a href=\"http:\/\/bora.ai\/poa\/passeios\/espetaculo-bom-para-cachorro-teatro-abelardo\" target=\"_blank\" rel=\"noopener\">Bom para Cachorro<\/a>\u201d<\/b>, da Companhia Caixa do Elefante<b>,<\/b>acontece no\u00a0<b>Theatro do Abelardo na Vila Flores<\/b>\u00a0de 16 de setembro at\u00e9 8 de outubro<b>\u00a0<\/b>(s\u00e1bados e domingos) sempre \u00e0s 16hs .<\/p>\n<p><img decoding=\"async\" class=\"size-medium wp-image-44732 aligncenter\" src=\"https:\/\/colinahomolog.com.br\/dev\/just-real-moms\/wp-content\/uploads\/2017\/09\/poa2-400x218.jpg\" alt=\"\" width=\"400\" height=\"218\" srcset=\"https:\/\/colinahomolog.com.br\/dev\/just-real-moms\/wp-content\/uploads\/2017\/09\/poa2-400x218.jpg 400w, https:\/\/colinahomolog.com.br\/dev\/just-real-moms\/wp-content\/uploads\/2017\/09\/poa2-768x419.jpg 768w, https:\/\/colinahomolog.com.br\/dev\/just-real-moms\/wp-content\/uploads\/2017\/09\/poa2-820x448.jpg 820w, https:\/\/colinahomolog.com.br\/dev\/just-real-moms\/wp-content\/uploads\/2017\/09\/poa2.jpg 932w\" sizes=\"(max-width: 400px) 100vw, 400px\" \/><\/p>\n<p>&nbsp;<\/p>\n<p>O espet\u00e1culo teatral\u00a0<b>M\u00e1gico de Oz\u00a0<\/b>est\u00e1 no\u00a0<b>Teatro Escola Z\u00e9 Rodrigues<\/b>\u00a0em\u00a0<b>Porto Alegre<\/b>\u00a0de 10 de setembro a 01 de outubro sempre \u00e0s 15:30h.<\/p>\n<p><img decoding=\"async\" class=\"size-medium wp-image-44733 aligncenter\" src=\"https:\/\/colinahomolog.com.br\/dev\/just-real-moms\/wp-content\/uploads\/2017\/09\/poa3-2-400x218.jpg\" alt=\"\" width=\"400\" height=\"218\" srcset=\"https:\/\/colinahomolog.com.br\/dev\/just-real-moms\/wp-content\/uploads\/2017\/09\/poa3-2-400x218.jpg 400w, https:\/\/colinahomolog.com.br\/dev\/just-real-moms\/wp-content\/uploads\/2017\/09\/poa3-2-768x419.jpg 768w, https:\/\/colinahomolog.com.br\/dev\/just-real-moms\/wp-content\/uploads\/2017\/09\/poa3-2-820x448.jpg 820w, https:\/\/colinahomolog.com.br\/dev\/just-real-moms\/wp-content\/uploads\/2017\/09\/poa3-2.jpg 932w\" sizes=\"(max-width: 400px) 100vw, 400px\" \/><\/p>\n<p>&nbsp;<\/p>\n<p>Gostou? Tem muito mais dicas no site do <a href=\"http:\/\/bora.ai\" target=\"_blank\" rel=\"noopener\">bora.ai<\/a>! \u00c9 s\u00f3 correr pra l\u00e1!<\/p>\n<p>&nbsp;<\/p>\n\n    <div class=\"xs_social_share_widget xs_share_url after_content \t\tmain_content  wslu-style-1 wslu-share-box-shaped wslu-fill-colored wslu-none wslu-share-horizontal wslu-theme-font-no wslu-main_content\">\n\n\t\t\n        <ul>\n\t\t\t        <\/ul>\n    <\/div> \n","protected":false},"excerpt":{"rendered":"<p>FavoriteOl\u00e1, meninas! Tudo bem? O fim de semana veio acompanhado de muita divers\u00e3o para os pequenos de Porto Alegre. A cidade contar\u00e1 com atra\u00e7\u00f5es super legais e quem nos d\u00e1 o roteiro \u00e9 o bora.ai! Veja s\u00f3 o que o vem por a\u00ed! ________________________________________________________________________________ &nbsp; No domingo, 24 de setembro, o\u00a0Circuito Se Essa Rua Fosse [&hellip;]<\/p>\n","protected":false},"author":1026,"featured_media":44731,"comment_status":"open","ping_status":"closed","sticky":false,"template":"","format":"standard","meta":{"_acf_changed":false,"footnotes":""},"categories":[33,1742],"tags":[1983,1870,2032],"class_list":{"0":"post-44730","1":"post","2":"type-post","3":"status-publish","4":"format-standard","5":"has-post-thumbnail","7":"category-have-fun","8":"category-programacao","9":"tag-diversao-infantil","10":"tag-passeios-infantis","11":"tag-porto-alegre"},"acf":[],"yoast_head":"<!-- This site is optimized with the Yoast SEO Premium plugin v26.6 (Yoast SEO v26.6) - https:\/\/yoast.com\/wordpress\/plugins\/seo\/ -->\n<title>Divers\u00e3o infantil em Porto Alegre - por bora.ai<\/title>\n<meta name=\"description\" content=\"O final de semana ser\u00e1 agitado para os pequenos de Porto Alegre! Vem ver quantas coisas legais v\u00e3o acontecer na cidade e se divirta!\" \/>\n<meta name=\"robots\" content=\"index, follow, max-snippet:-1, max-image-preview:large, max-video-preview:-1\" \/>\n<link rel=\"canonical\" href=\"https:\/\/colinahomolog.com.br\/dev\/just-real-moms\/diversao-infantil-porto-alegre\/\" \/>\n<meta property=\"og:locale\" content=\"pt_BR\" \/>\n<meta property=\"og:type\" content=\"article\" \/>\n<meta property=\"og:title\" content=\"Divers\u00e3o infantil em Porto Alegre - por bora.ai\" \/>\n<meta property=\"og:description\" content=\"O final de semana ser\u00e1 agitado para os pequenos de Porto Alegre! Vem ver quantas coisas legais v\u00e3o acontecer na cidade e se divirta!\" \/>\n<meta property=\"og:url\" content=\"https:\/\/colinahomolog.com.br\/dev\/just-real-moms\/diversao-infantil-porto-alegre\/\" \/>\n<meta property=\"og:site_name\" content=\"Just Real Moms - Blog para M\u00e3es\" \/>\n<meta property=\"article:publisher\" content=\"https:\/\/www.facebook.com\/JustRealMoms\" \/>\n<meta property=\"article:published_time\" content=\"2017-09-22T11:40:44+00:00\" \/>\n<meta property=\"og:image\" content=\"https:\/\/colinahomolog.com.br\/dev\/just-real-moms\/wp-content\/uploads\/2017\/09\/poa1-2.jpg\" \/>\n\t<meta property=\"og:image:width\" content=\"932\" \/>\n\t<meta property=\"og:image:height\" content=\"509\" \/>\n\t<meta property=\"og:image:type\" content=\"image\/jpeg\" \/>\n<meta name=\"author\" content=\"Ana L\u00fa Gerodetti\" \/>\n<meta name=\"twitter:label1\" content=\"Escrito por\" \/>\n\t<meta name=\"twitter:data1\" content=\"Ana L\u00fa Gerodetti\" \/>\n\t<meta name=\"twitter:label2\" content=\"Est. tempo de leitura\" \/>\n\t<meta name=\"twitter:data2\" content=\"1 minuto\" \/>\n<script type=\"application\/ld+json\" class=\"yoast-schema-graph\">{\"@context\":\"https:\/\/schema.org\",\"@graph\":[{\"@type\":\"WebPage\",\"@id\":\"https:\/\/colinahomolog.com.br\/dev\/just-real-moms\/diversao-infantil-porto-alegre\/\",\"url\":\"https:\/\/colinahomolog.com.br\/dev\/just-real-moms\/diversao-infantil-porto-alegre\/\",\"name\":\"Divers\u00e3o infantil em Porto Alegre - por bora.ai\",\"isPartOf\":{\"@id\":\"https:\/\/colinahomolog.com.br\/dev\/just-real-moms\/#website\"},\"primaryImageOfPage\":{\"@id\":\"https:\/\/colinahomolog.com.br\/dev\/just-real-moms\/diversao-infantil-porto-alegre\/#primaryimage\"},\"image\":{\"@id\":\"https:\/\/colinahomolog.com.br\/dev\/just-real-moms\/diversao-infantil-porto-alegre\/#primaryimage\"},\"thumbnailUrl\":\"https:\/\/colinahomolog.com.br\/dev\/just-real-moms\/wp-content\/uploads\/2017\/09\/poa1-2.jpg\",\"datePublished\":\"2017-09-22T11:40:44+00:00\",\"author\":{\"@id\":\"https:\/\/colinahomolog.com.br\/dev\/just-real-moms\/#\/schema\/person\/515932a32be880c655c9a97801ec749d\"},\"description\":\"O final de semana ser\u00e1 agitado para os pequenos de Porto Alegre! Vem ver quantas coisas legais v\u00e3o acontecer na cidade e se divirta!\",\"breadcrumb\":{\"@id\":\"https:\/\/colinahomolog.com.br\/dev\/just-real-moms\/diversao-infantil-porto-alegre\/#breadcrumb\"},\"inLanguage\":\"pt-BR\",\"potentialAction\":[{\"@type\":\"ReadAction\",\"target\":[\"https:\/\/colinahomolog.com.br\/dev\/just-real-moms\/diversao-infantil-porto-alegre\/\"]}]},{\"@type\":\"ImageObject\",\"inLanguage\":\"pt-BR\",\"@id\":\"https:\/\/colinahomolog.com.br\/dev\/just-real-moms\/diversao-infantil-porto-alegre\/#primaryimage\",\"url\":\"https:\/\/colinahomolog.com.br\/dev\/just-real-moms\/wp-content\/uploads\/2017\/09\/poa1-2.jpg\",\"contentUrl\":\"https:\/\/colinahomolog.com.br\/dev\/just-real-moms\/wp-content\/uploads\/2017\/09\/poa1-2.jpg\",\"width\":932,\"height\":509},{\"@type\":\"BreadcrumbList\",\"@id\":\"https:\/\/colinahomolog.com.br\/dev\/just-real-moms\/diversao-infantil-porto-alegre\/#breadcrumb\",\"itemListElement\":[{\"@type\":\"ListItem\",\"position\":1,\"name\":\"In\u00edcio\",\"item\":\"https:\/\/colinahomolog.com.br\/dev\/just-real-moms\/\"},{\"@type\":\"ListItem\",\"position\":2,\"name\":\"Divers\u00e3o infantil em Porto Alegre &#8211; por bora.ai\"}]},{\"@type\":\"WebSite\",\"@id\":\"https:\/\/colinahomolog.com.br\/dev\/just-real-moms\/#website\",\"url\":\"https:\/\/colinahomolog.com.br\/dev\/just-real-moms\/\",\"name\":\"Just Real Moms - Blog para M\u00e3es\",\"description\":\"O melhor e mais completo portal para m\u00e3es, pais e futuros pais!\",\"potentialAction\":[{\"@type\":\"SearchAction\",\"target\":{\"@type\":\"EntryPoint\",\"urlTemplate\":\"https:\/\/colinahomolog.com.br\/dev\/just-real-moms\/?s={search_term_string}\"},\"query-input\":{\"@type\":\"PropertyValueSpecification\",\"valueRequired\":true,\"valueName\":\"search_term_string\"}}],\"inLanguage\":\"pt-BR\"},{\"@type\":\"Person\",\"@id\":\"https:\/\/colinahomolog.com.br\/dev\/just-real-moms\/#\/schema\/person\/515932a32be880c655c9a97801ec749d\",\"name\":\"Ana L\u00fa Gerodetti\",\"url\":\"https:\/\/colinahomolog.com.br\/dev\/just-real-moms\/author\/ana-luisa\/\"}]}<\/script>\n<!-- \/ Yoast SEO Premium plugin. -->","yoast_head_json":{"title":"Divers\u00e3o infantil em Porto Alegre - por bora.ai","description":"O final de semana ser\u00e1 agitado para os pequenos de Porto Alegre! Vem ver quantas coisas legais v\u00e3o acontecer na cidade e se divirta!","robots":{"index":"index","follow":"follow","max-snippet":"max-snippet:-1","max-image-preview":"max-image-preview:large","max-video-preview":"max-video-preview:-1"},"canonical":"https:\/\/colinahomolog.com.br\/dev\/just-real-moms\/diversao-infantil-porto-alegre\/","og_locale":"pt_BR","og_type":"article","og_title":"Divers\u00e3o infantil em Porto Alegre - por bora.ai","og_description":"O final de semana ser\u00e1 agitado para os pequenos de Porto Alegre! Vem ver quantas coisas legais v\u00e3o acontecer na cidade e se divirta!","og_url":"https:\/\/colinahomolog.com.br\/dev\/just-real-moms\/diversao-infantil-porto-alegre\/","og_site_name":"Just Real Moms - Blog para M\u00e3es","article_publisher":"https:\/\/www.facebook.com\/JustRealMoms","article_published_time":"2017-09-22T11:40:44+00:00","og_image":[{"width":932,"height":509,"url":"https:\/\/colinahomolog.com.br\/dev\/just-real-moms\/wp-content\/uploads\/2017\/09\/poa1-2.jpg","type":"image\/jpeg"}],"author":"Ana L\u00fa Gerodetti","twitter_misc":{"Escrito por":"Ana L\u00fa Gerodetti","Est. tempo de leitura":"1 minuto"},"schema":{"@context":"https:\/\/schema.org","@graph":[{"@type":"WebPage","@id":"https:\/\/colinahomolog.com.br\/dev\/just-real-moms\/diversao-infantil-porto-alegre\/","url":"https:\/\/colinahomolog.com.br\/dev\/just-real-moms\/diversao-infantil-porto-alegre\/","name":"Divers\u00e3o infantil em Porto Alegre - por bora.ai","isPartOf":{"@id":"https:\/\/colinahomolog.com.br\/dev\/just-real-moms\/#website"},"primaryImageOfPage":{"@id":"https:\/\/colinahomolog.com.br\/dev\/just-real-moms\/diversao-infantil-porto-alegre\/#primaryimage"},"image":{"@id":"https:\/\/colinahomolog.com.br\/dev\/just-real-moms\/diversao-infantil-porto-alegre\/#primaryimage"},"thumbnailUrl":"https:\/\/colinahomolog.com.br\/dev\/just-real-moms\/wp-content\/uploads\/2017\/09\/poa1-2.jpg","datePublished":"2017-09-22T11:40:44+00:00","author":{"@id":"https:\/\/colinahomolog.com.br\/dev\/just-real-moms\/#\/schema\/person\/515932a32be880c655c9a97801ec749d"},"description":"O final de semana ser\u00e1 agitado para os pequenos de Porto Alegre! Vem ver quantas coisas legais v\u00e3o acontecer na cidade e se divirta!","breadcrumb":{"@id":"https:\/\/colinahomolog.com.br\/dev\/just-real-moms\/diversao-infantil-porto-alegre\/#breadcrumb"},"inLanguage":"pt-BR","potentialAction":[{"@type":"ReadAction","target":["https:\/\/colinahomolog.com.br\/dev\/just-real-moms\/diversao-infantil-porto-alegre\/"]}]},{"@type":"ImageObject","inLanguage":"pt-BR","@id":"https:\/\/colinahomolog.com.br\/dev\/just-real-moms\/diversao-infantil-porto-alegre\/#primaryimage","url":"https:\/\/colinahomolog.com.br\/dev\/just-real-moms\/wp-content\/uploads\/2017\/09\/poa1-2.jpg","contentUrl":"https:\/\/colinahomolog.com.br\/dev\/just-real-moms\/wp-content\/uploads\/2017\/09\/poa1-2.jpg","width":932,"height":509},{"@type":"BreadcrumbList","@id":"https:\/\/colinahomolog.com.br\/dev\/just-real-moms\/diversao-infantil-porto-alegre\/#breadcrumb","itemListElement":[{"@type":"ListItem","position":1,"name":"In\u00edcio","item":"https:\/\/colinahomolog.com.br\/dev\/just-real-moms\/"},{"@type":"ListItem","position":2,"name":"Divers\u00e3o infantil em Porto Alegre &#8211; por bora.ai"}]},{"@type":"WebSite","@id":"https:\/\/colinahomolog.com.br\/dev\/just-real-moms\/#website","url":"https:\/\/colinahomolog.com.br\/dev\/just-real-moms\/","name":"Just Real Moms - Blog para M\u00e3es","description":"O melhor e mais completo portal para m\u00e3es, pais e futuros pais!","potentialAction":[{"@type":"SearchAction","target":{"@type":"EntryPoint","urlTemplate":"https:\/\/colinahomolog.com.br\/dev\/just-real-moms\/?s={search_term_string}"},"query-input":{"@type":"PropertyValueSpecification","valueRequired":true,"valueName":"search_term_string"}}],"inLanguage":"pt-BR"},{"@type":"Person","@id":"https:\/\/colinahomolog.com.br\/dev\/just-real-moms\/#\/schema\/person\/515932a32be880c655c9a97801ec749d","name":"Ana L\u00fa Gerodetti","url":"https:\/\/colinahomolog.com.br\/dev\/just-real-moms\/author\/ana-luisa\/"}]}},"_links":{"self":[{"href":"https:\/\/colinahomolog.com.br\/dev\/just-real-moms\/wp-json\/wp\/v2\/posts\/44730","targetHints":{"allow":["GET"]}}],"collection":[{"href":"https:\/\/colinahomolog.com.br\/dev\/just-real-moms\/wp-json\/wp\/v2\/posts"}],"about":[{"href":"https:\/\/colinahomolog.com.br\/dev\/just-real-moms\/wp-json\/wp\/v2\/types\/post"}],"author":[{"embeddable":true,"href":"https:\/\/colinahomolog.com.br\/dev\/just-real-moms\/wp-json\/wp\/v2\/users\/1026"}],"replies":[{"embeddable":true,"href":"https:\/\/colinahomolog.com.br\/dev\/just-real-moms\/wp-json\/wp\/v2\/comments?post=44730"}],"version-history":[{"count":0,"href":"https:\/\/colinahomolog.com.br\/dev\/just-real-moms\/wp-json\/wp\/v2\/posts\/44730\/revisions"}],"wp:featuredmedia":[{"embeddable":true,"href":"https:\/\/colinahomolog.com.br\/dev\/just-real-moms\/wp-json\/wp\/v2\/media\/44731"}],"wp:attachment":[{"href":"https:\/\/colinahomolog.com.br\/dev\/just-real-moms\/wp-json\/wp\/v2\/media?parent=44730"}],"wp:term":[{"taxonomy":"category","embeddable":true,"href":"https:\/\/colinahomolog.com.br\/dev\/just-real-moms\/wp-json\/wp\/v2\/categories?post=44730"},{"taxonomy":"post_tag","embeddable":true,"href":"https:\/\/colinahomolog.com.br\/dev\/just-real-moms\/wp-json\/wp\/v2\/tags?post=44730"}],"curies":[{"name":"wp","href":"https:\/\/api.w.org\/{rel}","templated":true}]}}