{"id":44768,"date":"2017-09-28T08:30:47","date_gmt":"2017-09-28T11:30:47","guid":{"rendered":"https:\/\/colinahomolog.com.br\/dev\/just-real-moms\/?p=44768"},"modified":"2017-11-16T17:04:33","modified_gmt":"2017-11-16T19:04:33","slug":"o-que-fazer-para-as-criancas-nao-ficarem-doentes-no-tempo-seco-por-dr-jairo-len","status":"publish","type":"post","link":"https:\/\/colinahomolog.com.br\/dev\/just-real-moms\/o-que-fazer-para-as-criancas-nao-ficarem-doentes-no-tempo-seco-por-dr-jairo-len\/","title":{"rendered":"O que fazer para as crian\u00e7as n\u00e3o ficarem doentes no tempo seco? &#8211; por Dr. Jairo Len"},"content":{"rendered":"<button class=\"simplefavorite-button preset\" data-postid=\"44768\" data-siteid=\"1\" data-groupid=\"1\" data-favoritecount=\"1\" style=\"box-shadow:none;-webkit-box-shadow:none;-moz-box-shadow:none;background-color:#68ccb4;border-color:#68ccb4;color:#ffffff;\"><i class=\"sf-icon-favorite\" style=\"\"><\/i>Favorite<\/button><p>Ol\u00e1!<\/p>\n<p>Meus filhos t\u00eam sentido bastante esse tempo seco: tosse, nariz com catarro dentre outras coisas tem sido frequentes por aqui! Mas como ajudar nossos pequenos a n\u00e3o sentirem tanto nessa secura toda que estamos passando?<\/p>\n<p>Para me ajudar e tentar ajudar as que tamb\u00e9m est\u00e3o passando por isso, pedi para nosso colunista, o Dr. Jairo Len, dar algumas orienta\u00e7\u00f5es sobre este assunto!<\/p>\n<p>Espero que ajude!<\/p>\n<p>Mil Bjss<\/p>\n<p>&nbsp;<\/p>\n<p>\u2026\u2026\u2026\u2026\u2026\u2026\u2026\u2026\u2026\u2026\u2026\u2026\u2026\u2026\u2026\u2026\u2026\u2026\u2026\u2026\u2026\u2026\u2026\u2026\u2026\u2026\u2026\u2026\u2026\u2026\u2026\u2026\u2026\u2026\u2026\u2026\u2026\u2026\u2026\u2026\u2026\u2026\u2026\u2026\u2026\u2026\u2026\u2026\u2026\u2026\u2026\u2026\u2026\u2026\u2026\u2026<\/p>\n<p>&nbsp;<\/p>\n<p style=\"text-align: center;\"><strong>Tempos Secos<\/strong><\/p>\n<p>&nbsp;<\/p>\n<p>Vivemos em S\u00e3o Paulo e grande parte do Brasil uma \u00e9poca de tempo seco, baixa umidade do ar.<\/p>\n<p>Muitas pessoas sofrem demais com o clima seco, mas as crian\u00e7as particularmente sofrem mais, devido \u00e0s caracter\u00edsticas das vias respirat\u00f3rias ainda imaturas e, claro, o contato com as viroses e infec\u00e7\u00f5es bacterianas do trato respirat\u00f3rio, muito comuns na fase escolar.<\/p>\n<p>Come\u00e7amos a sofrer quando a umidade relativa do ar abaixa dos 40%, e a situa\u00e7\u00e3o \u00e9 cr\u00edtica abaixo dos 20%. Muitos dias temos umidade relativa do ar em cerca de 30%.<\/p>\n<p>As crian\u00e7as sentem mais essa falta de umidade nas vias respirat\u00f3rias, como nariz (coriza, congest\u00e3o), laringe (as laringites, famosa tosse de cachorro no meio da madrugada), bronquites e at\u00e9 aumento de pneumonias. Tamb\u00e9m sofrem os olhos (conjuntivites al\u00e9rgicas, virais e bacterianas) e a pele, mais seca.<\/p>\n<p>&nbsp;<\/p>\n<p><img fetchpriority=\"high\" decoding=\"async\" class=\"aligncenter wp-image-44771 size-full\" src=\"https:\/\/colinahomolog.com.br\/dev\/just-real-moms\/wp-content\/uploads\/2017\/09\/criancas_e_o_tempo_seco-just_real_moms-3.jpg\" alt=\"O que fazer para as crian\u00e7as n\u00e3o ficarem doentes no tempo seco? - por Dr. Jairo Len\" width=\"480\" height=\"300\" srcset=\"https:\/\/colinahomolog.com.br\/dev\/just-real-moms\/wp-content\/uploads\/2017\/09\/criancas_e_o_tempo_seco-just_real_moms-3.jpg 480w, https:\/\/colinahomolog.com.br\/dev\/just-real-moms\/wp-content\/uploads\/2017\/09\/criancas_e_o_tempo_seco-just_real_moms-3-400x250.jpg 400w, https:\/\/colinahomolog.com.br\/dev\/just-real-moms\/wp-content\/uploads\/2017\/09\/criancas_e_o_tempo_seco-just_real_moms-3-200x125.jpg 200w\" sizes=\"(max-width: 480px) 100vw, 480px\" \/><\/p>\n<p>&nbsp;<\/p>\n<p>&nbsp;<\/p>\n<p><strong>Como melhorar essa situa\u00e7\u00e3o?<\/strong><\/p>\n<p>As solu\u00e7\u00f5es s\u00e3o f\u00e1ceis, mas nem sempre 100% efetivas.<\/p>\n<p>E sempre recomendo que as medidas abaixo sejam feitas exclusivamente para as crian\u00e7as com sintomas ou com grande tend\u00eancia a ter sintomas quando o clima seca. Se seus filhos n\u00e3o sofrem com a falta de umidade, evite medidas di\u00e1rias de umidifica\u00e7\u00e3o.<\/p>\n<p>&nbsp;<\/p>\n<p><strong>Como ajudar?<\/strong><\/p>\n<p>&#8211; O uso de <strong>umidificador de ar<\/strong> <strong>\u00e9 a medida mais importante<\/strong>. De noite, e se poss\u00edvel de dia &#8211; apesar das crian\u00e7as nunca ficarem num mesmo ambiente o dia todo. Bacias de \u00e1gua n\u00e3o funcionam. Toalhas \u00famidas s\u00e3o uma solu\u00e7\u00e3o provis\u00f3ria, umidificam pouco o ambiente.<\/p>\n<p>&#8211; O ar condicionado \u00e9 um agravante, porque diminui a umidade do ar. Mas em muitas casas \u00e9 extremamente necess\u00e1rio. Considere usar um umidificador de ar junto, se necess\u00e1rio.<\/p>\n<p>&nbsp;<\/p>\n<p><img decoding=\"async\" class=\"aligncenter wp-image-44773 size-full\" src=\"https:\/\/colinahomolog.com.br\/dev\/just-real-moms\/wp-content\/uploads\/2017\/09\/criancas_e_o_tempo_seco-just_real_moms-5.jpg\" alt=\"O que fazer para as crian\u00e7as n\u00e3o ficarem doentes no tempo seco? - por Dr. Jairo Len\" width=\"300\" height=\"300\" \/><\/p>\n<p>&nbsp;<\/p>\n<p>&#8211; Se seu filho est\u00e1 com o nariz ruim, coriza, secre\u00e7\u00e3o ou congest\u00e3o, o <strong>uso de solu\u00e7\u00e3o salina (soro fisiol\u00f3gico 0,9%) \u00e9 o ideal<\/strong>. Existem in\u00fameros produtos no mercado, gosto das formas em Spray ou jato continuo.<\/p>\n<p>&#8211; O uso de <strong>seringas cheias de soro injetado no nariz, com press\u00e3o, n\u00e3o tem bases cient\u00edficas<\/strong>. Est\u00e1 muito na moda, mas poucos m\u00e9dicos recomendam. E a idade m\u00ednima deve ser uns 3 ou 4 anos. Caso voc\u00ea use, fa\u00e7a com suavidade. O soro com muita press\u00e3o pode penetrar ou mandar secre\u00e7\u00e3o para o ouvido e seios da face, causado infec\u00e7\u00f5es.<\/p>\n<p>&#8211; Tamb\u00e9m existe o Gel para hidrata\u00e7\u00e3o intra-nasal, para os casos mais severos. Mas s\u00f3 use com indica\u00e7\u00e3o m\u00e9dica.<\/p>\n<p>&nbsp;<\/p>\n<p><img decoding=\"async\" class=\"aligncenter wp-image-44769 size-full\" src=\"https:\/\/colinahomolog.com.br\/dev\/just-real-moms\/wp-content\/uploads\/2017\/09\/criancas_e_o_tempo_seco-just_real_moms-1.jpg\" alt=\"O que fazer para as crian\u00e7as n\u00e3o ficarem doentes no tempo seco? - por Dr. Jairo Len\" width=\"480\" height=\"300\" srcset=\"https:\/\/colinahomolog.com.br\/dev\/just-real-moms\/wp-content\/uploads\/2017\/09\/criancas_e_o_tempo_seco-just_real_moms-1.jpg 480w, https:\/\/colinahomolog.com.br\/dev\/just-real-moms\/wp-content\/uploads\/2017\/09\/criancas_e_o_tempo_seco-just_real_moms-1-400x250.jpg 400w, https:\/\/colinahomolog.com.br\/dev\/just-real-moms\/wp-content\/uploads\/2017\/09\/criancas_e_o_tempo_seco-just_real_moms-1-200x125.jpg 200w\" sizes=\"(max-width: 480px) 100vw, 480px\" \/><\/p>\n<p>&nbsp;<\/p>\n<p>&#8211; A <strong>inala\u00e7\u00e3o com soro fisiol\u00f3gico tamb\u00e9m pode ajudar<\/strong>. Quando \u00e9 feita com soro fisiol\u00f3gico puro, n\u00e3o h\u00e1 qualquer contraindica\u00e7\u00e3o. Existem medicamentos para se acrescentar ao soro para os casos de bronquite, mas todos com indica\u00e7\u00e3o do pediatra.<\/p>\n<p>&nbsp;<\/p>\n<p><img loading=\"lazy\" decoding=\"async\" class=\"aligncenter wp-image-44770\" src=\"https:\/\/colinahomolog.com.br\/dev\/just-real-moms\/wp-content\/uploads\/2017\/09\/criancas_e_o_tempo_seco-just_real_moms-2.jpg\" alt=\"O que fazer para as crian\u00e7as n\u00e3o ficarem doentes no tempo seco? - por Dr. Jairo Len\" width=\"480\" height=\"320\" srcset=\"https:\/\/colinahomolog.com.br\/dev\/just-real-moms\/wp-content\/uploads\/2017\/09\/criancas_e_o_tempo_seco-just_real_moms-2.jpg 736w, https:\/\/colinahomolog.com.br\/dev\/just-real-moms\/wp-content\/uploads\/2017\/09\/criancas_e_o_tempo_seco-just_real_moms-2-400x267.jpg 400w, https:\/\/colinahomolog.com.br\/dev\/just-real-moms\/wp-content\/uploads\/2017\/09\/criancas_e_o_tempo_seco-just_real_moms-2-225x150.jpg 225w\" sizes=\"(max-width: 480px) 100vw, 480px\" \/><\/p>\n<p>&nbsp;<\/p>\n<p>&#8211; <strong>Beber muita \u00e1gua<\/strong> \u00e9 fundamental nos dias secos. Ofer\u00e7a sempre que poss\u00edvel.<\/p>\n<p>&#8211; A <strong>pr\u00e1tica de esportes nos hor\u00e1rios de pico da secura do ar tamb\u00e9m deve ser evitada<\/strong> se a crian\u00e7a est\u00e1 com sintomas respirat\u00f3rios mais importantes. Em geral entre 11:00 e 17:00.<\/p>\n<p>&nbsp;<\/p>\n<p><img loading=\"lazy\" decoding=\"async\" class=\"aligncenter wp-image-44772\" src=\"https:\/\/colinahomolog.com.br\/dev\/just-real-moms\/wp-content\/uploads\/2017\/09\/criancas_e_o_tempo_seco-just_real_moms-4.jpg\" alt=\"O que fazer para as crian\u00e7as n\u00e3o ficarem doentes no tempo seco? - por Dr. Jairo Len\" width=\"480\" height=\"320\" srcset=\"https:\/\/colinahomolog.com.br\/dev\/just-real-moms\/wp-content\/uploads\/2017\/09\/criancas_e_o_tempo_seco-just_real_moms-4.jpg 612w, https:\/\/colinahomolog.com.br\/dev\/just-real-moms\/wp-content\/uploads\/2017\/09\/criancas_e_o_tempo_seco-just_real_moms-4-400x267.jpg 400w, https:\/\/colinahomolog.com.br\/dev\/just-real-moms\/wp-content\/uploads\/2017\/09\/criancas_e_o_tempo_seco-just_real_moms-4-225x150.jpg 225w\" sizes=\"(max-width: 480px) 100vw, 480px\" \/><\/p>\n<p>&nbsp;<\/p>\n<p>&#8211; Quando os olhos est\u00e3o sofrendo por causa do ar seco &#8211; coceira, secre\u00e7\u00e3o, sensa\u00e7\u00e3o de areia, lacrimejamento &#8211; <strong>col\u00edrios lubrificantes devem ser usados<\/strong>. Em geral n\u00e3o tem qualquer contraindica\u00e7\u00e3o.<\/p>\n<p>&#8211; E para a pele, se necess\u00e1rio, <strong>\u00f3timos hidratantes<\/strong>. Lembro que os \u00f3timos hidratantes n\u00e3o tem cheiro e infelizmente s\u00e3o aqueles mais caros da farm\u00e1cia &#8211; mas em geral rendem muito.<\/p>\n<p>&#8211; Em \u00e9pocas secas, o p\u00f3 e a poeira tamb\u00e9m tendem a aumentar. A <strong>limpeza da casa com panos \u00famidos ou pr\u00f3prios para isso deve ser intensificada<\/strong>.<\/p>\n<p>As doen\u00e7as respirat\u00f3rias aumentam em \u00e9pocas de tempo seco. Fique sempre atento e a qualquer d\u00favida contate o(a) pediatra.<\/p>\n<p>Jairo<\/p>\n<p>Dr. Jairo Len<br \/>\nCl\u00ednica Len de Pediatria<\/p>\n<p>&nbsp;<\/p>\n<p><img loading=\"lazy\" decoding=\"async\" class=\"aligncenter wp-image-44774\" src=\"https:\/\/colinahomolog.com.br\/dev\/just-real-moms\/wp-content\/uploads\/2017\/09\/criancas_e_o_tempo_seco-just_real_moms-6.jpg\" alt=\"O que fazer para as crian\u00e7as n\u00e3o ficarem doentes no tempo seco? - por Dr. Jairo Len\" width=\"480\" height=\"320\" srcset=\"https:\/\/colinahomolog.com.br\/dev\/just-real-moms\/wp-content\/uploads\/2017\/09\/criancas_e_o_tempo_seco-just_real_moms-6.jpg 612w, https:\/\/colinahomolog.com.br\/dev\/just-real-moms\/wp-content\/uploads\/2017\/09\/criancas_e_o_tempo_seco-just_real_moms-6-400x267.jpg 400w, https:\/\/colinahomolog.com.br\/dev\/just-real-moms\/wp-content\/uploads\/2017\/09\/criancas_e_o_tempo_seco-just_real_moms-6-225x150.jpg 225w\" sizes=\"(max-width: 480px) 100vw, 480px\" \/><\/p>\n<p>&nbsp;<\/p>\n<p>&nbsp;<\/p>\n\n    <div class=\"xs_social_share_widget xs_share_url after_content \t\tmain_content  wslu-style-1 wslu-share-box-shaped wslu-fill-colored wslu-none wslu-share-horizontal wslu-theme-font-no wslu-main_content\">\n\n\t\t\n        <ul>\n\t\t\t        <\/ul>\n    <\/div> \n","protected":false},"excerpt":{"rendered":"<p>FavoriteOl\u00e1! Meus filhos t\u00eam sentido bastante esse tempo seco: tosse, nariz com catarro dentre outras coisas tem sido frequentes por aqui! Mas como ajudar nossos pequenos a n\u00e3o sentirem tanto nessa secura toda que estamos passando? Para me ajudar e tentar ajudar as que tamb\u00e9m est\u00e3o passando por isso, pedi para nosso colunista, o Dr. [&hellip;]<\/p>\n","protected":false},"author":1022,"featured_media":44771,"comment_status":"open","ping_status":"closed","sticky":false,"template":"","format":"standard","meta":{"_acf_changed":false,"footnotes":""},"categories":[30,453],"tags":[],"class_list":{"0":"post-44768","1":"post","2":"type-post","3":"status-publish","4":"format-standard","5":"has-post-thumbnail","7":"category-de-mae-para-mae","8":"category-dicas-dos-especialistas"},"acf":[],"yoast_head":"<!-- This site is optimized with the Yoast SEO Premium plugin v26.6 (Yoast SEO v26.6) - https:\/\/yoast.com\/wordpress\/plugins\/seo\/ -->\n<title>O que fazer para as crian\u00e7as n\u00e3o ficarem doentes no tempo seco? - por Dr. Jairo Len<\/title>\n<meta name=\"robots\" content=\"index, follow, max-snippet:-1, max-image-preview:large, max-video-preview:-1\" \/>\n<link rel=\"canonical\" href=\"https:\/\/colinahomolog.com.br\/dev\/just-real-moms\/o-que-fazer-para-as-criancas-nao-ficarem-doentes-no-tempo-seco-por-dr-jairo-len\/\" \/>\n<meta property=\"og:locale\" content=\"pt_BR\" \/>\n<meta property=\"og:type\" content=\"article\" \/>\n<meta property=\"og:title\" content=\"O que fazer para as crian\u00e7as n\u00e3o ficarem doentes no tempo seco? - por Dr. Jairo Len\" \/>\n<meta property=\"og:description\" content=\"FavoriteOl\u00e1! Meus filhos t\u00eam sentido bastante esse tempo seco: tosse, nariz com catarro dentre outras coisas tem sido frequentes por aqui! Mas como ajudar nossos pequenos a n\u00e3o sentirem tanto nessa secura toda que estamos passando? Para me ajudar e tentar ajudar as que tamb\u00e9m est\u00e3o passando por isso, pedi para nosso colunista, o Dr. [&hellip;]\" \/>\n<meta property=\"og:url\" content=\"https:\/\/colinahomolog.com.br\/dev\/just-real-moms\/o-que-fazer-para-as-criancas-nao-ficarem-doentes-no-tempo-seco-por-dr-jairo-len\/\" \/>\n<meta property=\"og:site_name\" content=\"Just Real Moms - Blog para M\u00e3es\" \/>\n<meta property=\"article:publisher\" content=\"https:\/\/www.facebook.com\/JustRealMoms\" \/>\n<meta property=\"article:published_time\" content=\"2017-09-28T11:30:47+00:00\" \/>\n<meta property=\"article:modified_time\" content=\"2017-11-16T19:04:33+00:00\" \/>\n<meta property=\"og:image\" content=\"https:\/\/colinahomolog.com.br\/dev\/just-real-moms\/wp-content\/uploads\/2017\/09\/criancas_e_o_tempo_seco-just_real_moms-3.jpg\" \/>\n\t<meta property=\"og:image:width\" content=\"480\" \/>\n\t<meta property=\"og:image:height\" content=\"300\" \/>\n\t<meta property=\"og:image:type\" content=\"image\/jpeg\" \/>\n<meta name=\"author\" content=\"Dr. Jairo Len\" \/>\n<meta name=\"twitter:label1\" content=\"Escrito por\" \/>\n\t<meta name=\"twitter:data1\" content=\"Dr. Jairo Len\" \/>\n\t<meta name=\"twitter:label2\" content=\"Est. tempo de leitura\" \/>\n\t<meta name=\"twitter:data2\" content=\"4 minutos\" \/>\n<script type=\"application\/ld+json\" class=\"yoast-schema-graph\">{\"@context\":\"https:\/\/schema.org\",\"@graph\":[{\"@type\":\"WebPage\",\"@id\":\"https:\/\/colinahomolog.com.br\/dev\/just-real-moms\/o-que-fazer-para-as-criancas-nao-ficarem-doentes-no-tempo-seco-por-dr-jairo-len\/\",\"url\":\"https:\/\/colinahomolog.com.br\/dev\/just-real-moms\/o-que-fazer-para-as-criancas-nao-ficarem-doentes-no-tempo-seco-por-dr-jairo-len\/\",\"name\":\"O que fazer para as crian\u00e7as n\u00e3o ficarem doentes no tempo seco? - por Dr. Jairo Len\",\"isPartOf\":{\"@id\":\"https:\/\/colinahomolog.com.br\/dev\/just-real-moms\/#website\"},\"primaryImageOfPage\":{\"@id\":\"https:\/\/colinahomolog.com.br\/dev\/just-real-moms\/o-que-fazer-para-as-criancas-nao-ficarem-doentes-no-tempo-seco-por-dr-jairo-len\/#primaryimage\"},\"image\":{\"@id\":\"https:\/\/colinahomolog.com.br\/dev\/just-real-moms\/o-que-fazer-para-as-criancas-nao-ficarem-doentes-no-tempo-seco-por-dr-jairo-len\/#primaryimage\"},\"thumbnailUrl\":\"https:\/\/colinahomolog.com.br\/dev\/just-real-moms\/wp-content\/uploads\/2017\/09\/criancas_e_o_tempo_seco-just_real_moms-3.jpg\",\"datePublished\":\"2017-09-28T11:30:47+00:00\",\"dateModified\":\"2017-11-16T19:04:33+00:00\",\"author\":{\"@id\":\"https:\/\/colinahomolog.com.br\/dev\/just-real-moms\/#\/schema\/person\/ee846c28ba997ac2fd25a5b6a311dd3f\"},\"breadcrumb\":{\"@id\":\"https:\/\/colinahomolog.com.br\/dev\/just-real-moms\/o-que-fazer-para-as-criancas-nao-ficarem-doentes-no-tempo-seco-por-dr-jairo-len\/#breadcrumb\"},\"inLanguage\":\"pt-BR\",\"potentialAction\":[{\"@type\":\"ReadAction\",\"target\":[\"https:\/\/colinahomolog.com.br\/dev\/just-real-moms\/o-que-fazer-para-as-criancas-nao-ficarem-doentes-no-tempo-seco-por-dr-jairo-len\/\"]}]},{\"@type\":\"ImageObject\",\"inLanguage\":\"pt-BR\",\"@id\":\"https:\/\/colinahomolog.com.br\/dev\/just-real-moms\/o-que-fazer-para-as-criancas-nao-ficarem-doentes-no-tempo-seco-por-dr-jairo-len\/#primaryimage\",\"url\":\"https:\/\/colinahomolog.com.br\/dev\/just-real-moms\/wp-content\/uploads\/2017\/09\/criancas_e_o_tempo_seco-just_real_moms-3.jpg\",\"contentUrl\":\"https:\/\/colinahomolog.com.br\/dev\/just-real-moms\/wp-content\/uploads\/2017\/09\/criancas_e_o_tempo_seco-just_real_moms-3.jpg\",\"width\":480,\"height\":300},{\"@type\":\"BreadcrumbList\",\"@id\":\"https:\/\/colinahomolog.com.br\/dev\/just-real-moms\/o-que-fazer-para-as-criancas-nao-ficarem-doentes-no-tempo-seco-por-dr-jairo-len\/#breadcrumb\",\"itemListElement\":[{\"@type\":\"ListItem\",\"position\":1,\"name\":\"In\u00edcio\",\"item\":\"https:\/\/colinahomolog.com.br\/dev\/just-real-moms\/\"},{\"@type\":\"ListItem\",\"position\":2,\"name\":\"O que fazer para as crian\u00e7as n\u00e3o ficarem doentes no tempo seco? &#8211; por Dr. Jairo Len\"}]},{\"@type\":\"WebSite\",\"@id\":\"https:\/\/colinahomolog.com.br\/dev\/just-real-moms\/#website\",\"url\":\"https:\/\/colinahomolog.com.br\/dev\/just-real-moms\/\",\"name\":\"Just Real Moms - Blog para M\u00e3es\",\"description\":\"O melhor e mais completo portal para m\u00e3es, pais e futuros pais!\",\"potentialAction\":[{\"@type\":\"SearchAction\",\"target\":{\"@type\":\"EntryPoint\",\"urlTemplate\":\"https:\/\/colinahomolog.com.br\/dev\/just-real-moms\/?s={search_term_string}\"},\"query-input\":{\"@type\":\"PropertyValueSpecification\",\"valueRequired\":true,\"valueName\":\"search_term_string\"}}],\"inLanguage\":\"pt-BR\"},{\"@type\":\"Person\",\"@id\":\"https:\/\/colinahomolog.com.br\/dev\/just-real-moms\/#\/schema\/person\/ee846c28ba997ac2fd25a5b6a311dd3f\",\"name\":\"Dr. Jairo Len\",\"description\":\"Pediatra\",\"url\":\"https:\/\/colinahomolog.com.br\/dev\/just-real-moms\/author\/jairo-len\/\"}]}<\/script>\n<!-- \/ Yoast SEO Premium plugin. -->","yoast_head_json":{"title":"O que fazer para as crian\u00e7as n\u00e3o ficarem doentes no tempo seco? - por Dr. Jairo Len","robots":{"index":"index","follow":"follow","max-snippet":"max-snippet:-1","max-image-preview":"max-image-preview:large","max-video-preview":"max-video-preview:-1"},"canonical":"https:\/\/colinahomolog.com.br\/dev\/just-real-moms\/o-que-fazer-para-as-criancas-nao-ficarem-doentes-no-tempo-seco-por-dr-jairo-len\/","og_locale":"pt_BR","og_type":"article","og_title":"O que fazer para as crian\u00e7as n\u00e3o ficarem doentes no tempo seco? - por Dr. Jairo Len","og_description":"FavoriteOl\u00e1! Meus filhos t\u00eam sentido bastante esse tempo seco: tosse, nariz com catarro dentre outras coisas tem sido frequentes por aqui! Mas como ajudar nossos pequenos a n\u00e3o sentirem tanto nessa secura toda que estamos passando? Para me ajudar e tentar ajudar as que tamb\u00e9m est\u00e3o passando por isso, pedi para nosso colunista, o Dr. [&hellip;]","og_url":"https:\/\/colinahomolog.com.br\/dev\/just-real-moms\/o-que-fazer-para-as-criancas-nao-ficarem-doentes-no-tempo-seco-por-dr-jairo-len\/","og_site_name":"Just Real Moms - Blog para M\u00e3es","article_publisher":"https:\/\/www.facebook.com\/JustRealMoms","article_published_time":"2017-09-28T11:30:47+00:00","article_modified_time":"2017-11-16T19:04:33+00:00","og_image":[{"width":480,"height":300,"url":"https:\/\/colinahomolog.com.br\/dev\/just-real-moms\/wp-content\/uploads\/2017\/09\/criancas_e_o_tempo_seco-just_real_moms-3.jpg","type":"image\/jpeg"}],"author":"Dr. Jairo Len","twitter_misc":{"Escrito por":"Dr. Jairo Len","Est. tempo de leitura":"4 minutos"},"schema":{"@context":"https:\/\/schema.org","@graph":[{"@type":"WebPage","@id":"https:\/\/colinahomolog.com.br\/dev\/just-real-moms\/o-que-fazer-para-as-criancas-nao-ficarem-doentes-no-tempo-seco-por-dr-jairo-len\/","url":"https:\/\/colinahomolog.com.br\/dev\/just-real-moms\/o-que-fazer-para-as-criancas-nao-ficarem-doentes-no-tempo-seco-por-dr-jairo-len\/","name":"O que fazer para as crian\u00e7as n\u00e3o ficarem doentes no tempo seco? - por Dr. Jairo Len","isPartOf":{"@id":"https:\/\/colinahomolog.com.br\/dev\/just-real-moms\/#website"},"primaryImageOfPage":{"@id":"https:\/\/colinahomolog.com.br\/dev\/just-real-moms\/o-que-fazer-para-as-criancas-nao-ficarem-doentes-no-tempo-seco-por-dr-jairo-len\/#primaryimage"},"image":{"@id":"https:\/\/colinahomolog.com.br\/dev\/just-real-moms\/o-que-fazer-para-as-criancas-nao-ficarem-doentes-no-tempo-seco-por-dr-jairo-len\/#primaryimage"},"thumbnailUrl":"https:\/\/colinahomolog.com.br\/dev\/just-real-moms\/wp-content\/uploads\/2017\/09\/criancas_e_o_tempo_seco-just_real_moms-3.jpg","datePublished":"2017-09-28T11:30:47+00:00","dateModified":"2017-11-16T19:04:33+00:00","author":{"@id":"https:\/\/colinahomolog.com.br\/dev\/just-real-moms\/#\/schema\/person\/ee846c28ba997ac2fd25a5b6a311dd3f"},"breadcrumb":{"@id":"https:\/\/colinahomolog.com.br\/dev\/just-real-moms\/o-que-fazer-para-as-criancas-nao-ficarem-doentes-no-tempo-seco-por-dr-jairo-len\/#breadcrumb"},"inLanguage":"pt-BR","potentialAction":[{"@type":"ReadAction","target":["https:\/\/colinahomolog.com.br\/dev\/just-real-moms\/o-que-fazer-para-as-criancas-nao-ficarem-doentes-no-tempo-seco-por-dr-jairo-len\/"]}]},{"@type":"ImageObject","inLanguage":"pt-BR","@id":"https:\/\/colinahomolog.com.br\/dev\/just-real-moms\/o-que-fazer-para-as-criancas-nao-ficarem-doentes-no-tempo-seco-por-dr-jairo-len\/#primaryimage","url":"https:\/\/colinahomolog.com.br\/dev\/just-real-moms\/wp-content\/uploads\/2017\/09\/criancas_e_o_tempo_seco-just_real_moms-3.jpg","contentUrl":"https:\/\/colinahomolog.com.br\/dev\/just-real-moms\/wp-content\/uploads\/2017\/09\/criancas_e_o_tempo_seco-just_real_moms-3.jpg","width":480,"height":300},{"@type":"BreadcrumbList","@id":"https:\/\/colinahomolog.com.br\/dev\/just-real-moms\/o-que-fazer-para-as-criancas-nao-ficarem-doentes-no-tempo-seco-por-dr-jairo-len\/#breadcrumb","itemListElement":[{"@type":"ListItem","position":1,"name":"In\u00edcio","item":"https:\/\/colinahomolog.com.br\/dev\/just-real-moms\/"},{"@type":"ListItem","position":2,"name":"O que fazer para as crian\u00e7as n\u00e3o ficarem doentes no tempo seco? &#8211; por Dr. Jairo Len"}]},{"@type":"WebSite","@id":"https:\/\/colinahomolog.com.br\/dev\/just-real-moms\/#website","url":"https:\/\/colinahomolog.com.br\/dev\/just-real-moms\/","name":"Just Real Moms - Blog para M\u00e3es","description":"O melhor e mais completo portal para m\u00e3es, pais e futuros pais!","potentialAction":[{"@type":"SearchAction","target":{"@type":"EntryPoint","urlTemplate":"https:\/\/colinahomolog.com.br\/dev\/just-real-moms\/?s={search_term_string}"},"query-input":{"@type":"PropertyValueSpecification","valueRequired":true,"valueName":"search_term_string"}}],"inLanguage":"pt-BR"},{"@type":"Person","@id":"https:\/\/colinahomolog.com.br\/dev\/just-real-moms\/#\/schema\/person\/ee846c28ba997ac2fd25a5b6a311dd3f","name":"Dr. Jairo Len","description":"Pediatra","url":"https:\/\/colinahomolog.com.br\/dev\/just-real-moms\/author\/jairo-len\/"}]}},"_links":{"self":[{"href":"https:\/\/colinahomolog.com.br\/dev\/just-real-moms\/wp-json\/wp\/v2\/posts\/44768","targetHints":{"allow":["GET"]}}],"collection":[{"href":"https:\/\/colinahomolog.com.br\/dev\/just-real-moms\/wp-json\/wp\/v2\/posts"}],"about":[{"href":"https:\/\/colinahomolog.com.br\/dev\/just-real-moms\/wp-json\/wp\/v2\/types\/post"}],"author":[{"embeddable":true,"href":"https:\/\/colinahomolog.com.br\/dev\/just-real-moms\/wp-json\/wp\/v2\/users\/1022"}],"replies":[{"embeddable":true,"href":"https:\/\/colinahomolog.com.br\/dev\/just-real-moms\/wp-json\/wp\/v2\/comments?post=44768"}],"version-history":[{"count":0,"href":"https:\/\/colinahomolog.com.br\/dev\/just-real-moms\/wp-json\/wp\/v2\/posts\/44768\/revisions"}],"wp:featuredmedia":[{"embeddable":true,"href":"https:\/\/colinahomolog.com.br\/dev\/just-real-moms\/wp-json\/wp\/v2\/media\/44771"}],"wp:attachment":[{"href":"https:\/\/colinahomolog.com.br\/dev\/just-real-moms\/wp-json\/wp\/v2\/media?parent=44768"}],"wp:term":[{"taxonomy":"category","embeddable":true,"href":"https:\/\/colinahomolog.com.br\/dev\/just-real-moms\/wp-json\/wp\/v2\/categories?post=44768"},{"taxonomy":"post_tag","embeddable":true,"href":"https:\/\/colinahomolog.com.br\/dev\/just-real-moms\/wp-json\/wp\/v2\/tags?post=44768"}],"curies":[{"name":"wp","href":"https:\/\/api.w.org\/{rel}","templated":true}]}}