{"id":45034,"date":"2017-10-27T08:20:31","date_gmt":"2017-10-27T10:20:31","guid":{"rendered":"https:\/\/colinahomolog.com.br\/dev\/just-real-moms\/?p=45034"},"modified":"2017-10-31T13:44:20","modified_gmt":"2017-10-31T15:44:20","slug":"programacao-infantil-em-sao-paulo","status":"publish","type":"post","link":"https:\/\/colinahomolog.com.br\/dev\/just-real-moms\/programacao-infantil-em-sao-paulo\/","title":{"rendered":"Programa\u00e7\u00e3o infantil em S\u00e3o Paulo &#8211; por bora.ai"},"content":{"rendered":"<button class=\"simplefavorite-button preset\" data-postid=\"45034\" data-siteid=\"1\" data-groupid=\"1\" data-favoritecount=\"0\" style=\"box-shadow:none;-webkit-box-shadow:none;-moz-box-shadow:none;background-color:#68ccb4;border-color:#68ccb4;color:#ffffff;\"><i class=\"sf-icon-favorite\" style=\"\"><\/i>Favorite<\/button><p>&nbsp;<\/p>\n<p>Ol\u00e1, moms!<\/p>\n<p>Tudo bem?<\/p>\n<p>O final de semana vai ser bem agitado para as crian\u00e7as de S\u00e3o Paulo, pois a cidade contar\u00e1 com uma programa\u00e7\u00e3o mais do que especial!<\/p>\n<p>Para que voc\u00eas fiquem por dentro de tudo o que vai rolar, o <a href=\"http:\/\/bora.ai\" target=\"_blank\" rel=\"noopener\">bora.ai<\/a> nos enviou uma sele\u00e7\u00e3o com os melhores passeios da capital paulista.<\/p>\n<p>Confiram o que vem por a\u00ed e boa divers\u00e3o!<\/p>\n<p>&nbsp;<\/p>\n<p>________________________________________________________________________________<\/p>\n<p>&nbsp;<\/p>\n<p>Baseado no livro infanto-juvenil da escritora canadense Karen Levine, o espet\u00e1culo\u00a0<a href=\"http:\/\/bora.ai\/sp\/passeios\/a-mala-de-hana\" target=\"_blank\" rel=\"noopener\"><b>A Mala de Hana<\/b><\/a>\u00a0conta a hist\u00f3ria de Hana Brady,\u00a0 a partir das descobertas feitas pela diretora escolar Fumiko Ishioka e seus alunos, que decidiram conhecer a hist\u00f3ria da dona de uma mala que receberam para utilizar em uma exposi\u00e7\u00e3o.<\/p>\n<p>&nbsp;<\/p>\n<p><img fetchpriority=\"high\" decoding=\"async\" class=\"aligncenter wp-image-45035 size-medium\" src=\"https:\/\/colinahomolog.com.br\/dev\/just-real-moms\/wp-content\/uploads\/2017\/10\/sp1-3-400x267.jpg\" alt=\"Programa\u00e7\u00e3o infantil em S\u00e3o Paulo - por bora.ai\" width=\"400\" height=\"267\" srcset=\"https:\/\/colinahomolog.com.br\/dev\/just-real-moms\/wp-content\/uploads\/2017\/10\/sp1-3-400x267.jpg 400w, https:\/\/colinahomolog.com.br\/dev\/just-real-moms\/wp-content\/uploads\/2017\/10\/sp1-3-225x150.jpg 225w, https:\/\/colinahomolog.com.br\/dev\/just-real-moms\/wp-content\/uploads\/2017\/10\/sp1-3.jpg 448w\" sizes=\"(max-width: 400px) 100vw, 400px\" \/><\/p>\n<p>&nbsp;<\/p>\n<p>No espet\u00e1culo <a href=\"http:\/\/bora.ai\/sp\/passeios\/oras-bolas\" target=\"_blank\" rel=\"noopener\"><strong>Oras Bolas<\/strong><\/a>, as crian\u00e7as v\u00e3o se encantar com uma apresenta\u00e7\u00e3o de dan\u00e7a, m\u00fasica e objetos animados se transformando em bonecos enquanto s\u00e3o manipulados.<\/p>\n<p>&nbsp;<\/p>\n<p><img decoding=\"async\" class=\"aligncenter wp-image-45036 size-medium\" src=\"https:\/\/colinahomolog.com.br\/dev\/just-real-moms\/wp-content\/uploads\/2017\/10\/sp2-3-400x320.jpg\" alt=\"\" width=\"400\" height=\"320\" srcset=\"https:\/\/colinahomolog.com.br\/dev\/just-real-moms\/wp-content\/uploads\/2017\/10\/sp2-3-400x320.jpg 400w, https:\/\/colinahomolog.com.br\/dev\/just-real-moms\/wp-content\/uploads\/2017\/10\/sp2-3.jpg 500w\" sizes=\"(max-width: 400px) 100vw, 400px\" \/><\/p>\n<p>&nbsp;<\/p>\n<p>O\u00a0<a href=\"http:\/\/bora.ai\/sp\/passeios\/dia-das-bruxas-no-bourbon-street\" target=\"_blank\" rel=\"noopener\"><b>Dia das Bruxas\u00a0<\/b><\/a><b> no Bourbon Street\u00a0<\/b> ter\u00e1 uma matin\u00ea de arrepiar!<\/p>\n<p>Os pequenos e suas fam\u00edlias est\u00e3o convidados para uma animada festa \u00e0 fantasia,\u00a0onde v\u00e3o rolar po\u00e7\u00f5es\u00a0m\u00e1gicas, uma decora\u00e7\u00e3o super especial, espa\u00e7o para maquiagens assustadoras, show da banda\u00a0<b>KISS for Kids<\/b>\u00a0e muitas outras surpresas!<\/p>\n<p>&nbsp;<\/p>\n<p><img decoding=\"async\" class=\"size-medium wp-image-45037 aligncenter\" src=\"https:\/\/colinahomolog.com.br\/dev\/just-real-moms\/wp-content\/uploads\/2017\/10\/sp3-3-400x266.jpg\" alt=\"\" width=\"400\" height=\"266\" srcset=\"https:\/\/colinahomolog.com.br\/dev\/just-real-moms\/wp-content\/uploads\/2017\/10\/sp3-3-400x266.jpg 400w, https:\/\/colinahomolog.com.br\/dev\/just-real-moms\/wp-content\/uploads\/2017\/10\/sp3-3-225x150.jpg 225w, https:\/\/colinahomolog.com.br\/dev\/just-real-moms\/wp-content\/uploads\/2017\/10\/sp3-3.jpg 461w\" sizes=\"(max-width: 400px) 100vw, 400px\" \/><\/p>\n<p>&nbsp;<\/p>\n<p>Neste domingo o\u00a0<a href=\"http:\/\/bora.ai\/sp\/passeios\/bailinho-de-halloween-no-teatro\" target=\"_blank\" rel=\"noopener\"><b>Teatro Extra Itaim<\/b><\/a>, Mal\u00e9vola, \u00darsula, Cruela de Vil, Gothel, Cedric, Scarpin e Gaston convidam a fam\u00edlia toda para um grande evento onde as crian\u00e7as (que dever\u00e3o estar fantasiadas) eleger\u00e3o o rei e a rainha do baile e depois dan\u00e7ar\u00e3o muito no sagu\u00e3o em um bailinho a fantasia regado \u00e0 muitos doces!<\/p>\n<p>&nbsp;<\/p>\n<p><img loading=\"lazy\" decoding=\"async\" class=\"size-medium wp-image-45038 aligncenter\" src=\"https:\/\/colinahomolog.com.br\/dev\/just-real-moms\/wp-content\/uploads\/2017\/10\/sp4-3-400x179.jpg\" alt=\"\" width=\"400\" height=\"179\" srcset=\"https:\/\/colinahomolog.com.br\/dev\/just-real-moms\/wp-content\/uploads\/2017\/10\/sp4-3-400x179.jpg 400w, https:\/\/colinahomolog.com.br\/dev\/just-real-moms\/wp-content\/uploads\/2017\/10\/sp4-3.jpg 510w\" sizes=\"(max-width: 400px) 100vw, 400px\" \/><\/p>\n<p>&nbsp;<\/p>\n<p>No dia 29 de outubro, acontece a 9\u00aa edi\u00e7\u00e3o do <a href=\"http:\/\/slowkids.com.br\/\" target=\"_blank\" rel=\"noopener\"><strong>SlowKids<\/strong><\/a>. O evento acontecer\u00e1 a partir das 9h, no Parque Villa-Lobos, e contar\u00e1 com uma s\u00e9rie de atividades l\u00fadicas, teatro, m\u00fasica, literatura e arte. O projeto visa desacelerar as crian\u00e7as do universo digital e tecnol\u00f3gico, oferecendo brincadeiras tradicionais, contato com a natureza e com outras crian\u00e7as.<\/p>\n<p>&nbsp;<\/p>\n<p><img loading=\"lazy\" decoding=\"async\" class=\"aligncenter wp-image-45049 size-medium\" src=\"https:\/\/colinahomolog.com.br\/dev\/just-real-moms\/wp-content\/uploads\/2017\/10\/unnamed-2-400x267.jpg\" alt=\"\" width=\"400\" height=\"267\" srcset=\"https:\/\/colinahomolog.com.br\/dev\/just-real-moms\/wp-content\/uploads\/2017\/10\/unnamed-2-400x267.jpg 400w, https:\/\/colinahomolog.com.br\/dev\/just-real-moms\/wp-content\/uploads\/2017\/10\/unnamed-2-225x150.jpg 225w, https:\/\/colinahomolog.com.br\/dev\/just-real-moms\/wp-content\/uploads\/2017\/10\/unnamed-2.jpg 717w\" sizes=\"(max-width: 400px) 100vw, 400px\" \/><\/p>\n<p>&nbsp;<\/p>\n<p>Gostaram? Tem muito mais no site do <a href=\"http:\/\/bora.ai\" target=\"_blank\" rel=\"noopener\">bora.ai<\/a>! Acessem para conferir a programa\u00e7\u00e3o completa!<\/p>\n<p>&nbsp;<\/p>\n\n    <div class=\"xs_social_share_widget xs_share_url after_content \t\tmain_content  wslu-style-1 wslu-share-box-shaped wslu-fill-colored wslu-none wslu-share-horizontal wslu-theme-font-no wslu-main_content\">\n\n\t\t\n        <ul>\n\t\t\t        <\/ul>\n    <\/div> \n","protected":false},"excerpt":{"rendered":"<p>Favorite&nbsp; Ol\u00e1, moms! Tudo bem? O final de semana vai ser bem agitado para as crian\u00e7as de S\u00e3o Paulo, pois a cidade contar\u00e1 com uma programa\u00e7\u00e3o mais do que especial! Para que voc\u00eas fiquem por dentro de tudo o que vai rolar, o bora.ai nos enviou uma sele\u00e7\u00e3o com os melhores passeios da capital paulista. [&hellip;]<\/p>\n","protected":false},"author":1026,"featured_media":45038,"comment_status":"open","ping_status":"closed","sticky":false,"template":"","format":"standard","meta":{"_acf_changed":false,"footnotes":""},"categories":[1],"tags":[1870,326,45],"class_list":{"0":"post-45034","1":"post","2":"type-post","3":"status-publish","4":"format-standard","5":"has-post-thumbnail","7":"category-sem-categoria","8":"tag-passeios-infantis","9":"tag-programacao","10":"tag-sao-paulo"},"acf":[],"yoast_head":"<!-- This site is optimized with the Yoast SEO Premium plugin v26.6 (Yoast SEO v26.6) - https:\/\/yoast.com\/wordpress\/plugins\/seo\/ -->\n<title>Programa\u00e7\u00e3o infantil em S\u00e3o Paulo - por bora.ai<\/title>\n<meta name=\"description\" content=\"J\u00e1 sabe o que fazer durante o fim de semana? Vem ver a melhor programa\u00e7\u00e3o com o que vai rolar em S\u00e3o Paulo! N\u00e3o fique de fora!\" \/>\n<meta name=\"robots\" content=\"index, follow, max-snippet:-1, max-image-preview:large, max-video-preview:-1\" \/>\n<link rel=\"canonical\" href=\"https:\/\/colinahomolog.com.br\/dev\/just-real-moms\/programacao-infantil-em-sao-paulo\/\" \/>\n<meta property=\"og:locale\" content=\"pt_BR\" \/>\n<meta property=\"og:type\" content=\"article\" \/>\n<meta property=\"og:title\" content=\"Programa\u00e7\u00e3o infantil em S\u00e3o Paulo - por bora.ai\" \/>\n<meta property=\"og:description\" content=\"J\u00e1 sabe o que fazer durante o fim de semana? Vem ver a melhor programa\u00e7\u00e3o com o que vai rolar em S\u00e3o Paulo! N\u00e3o fique de fora!\" \/>\n<meta property=\"og:url\" content=\"https:\/\/colinahomolog.com.br\/dev\/just-real-moms\/programacao-infantil-em-sao-paulo\/\" \/>\n<meta property=\"og:site_name\" content=\"Just Real Moms - Blog para M\u00e3es\" \/>\n<meta property=\"article:publisher\" content=\"https:\/\/www.facebook.com\/JustRealMoms\" \/>\n<meta property=\"article:published_time\" content=\"2017-10-27T10:20:31+00:00\" \/>\n<meta property=\"article:modified_time\" content=\"2017-10-31T15:44:20+00:00\" \/>\n<meta property=\"og:image\" content=\"https:\/\/colinahomolog.com.br\/dev\/just-real-moms\/wp-content\/uploads\/2017\/10\/sp4-3.jpg\" \/>\n\t<meta property=\"og:image:width\" content=\"510\" \/>\n\t<meta property=\"og:image:height\" content=\"228\" \/>\n\t<meta property=\"og:image:type\" content=\"image\/jpeg\" \/>\n<meta name=\"author\" content=\"Ana L\u00fa Gerodetti\" \/>\n<meta name=\"twitter:label1\" content=\"Escrito por\" \/>\n\t<meta name=\"twitter:data1\" content=\"Ana L\u00fa Gerodetti\" \/>\n\t<meta name=\"twitter:label2\" content=\"Est. tempo de leitura\" \/>\n\t<meta name=\"twitter:data2\" content=\"2 minutos\" \/>\n<script type=\"application\/ld+json\" class=\"yoast-schema-graph\">{\"@context\":\"https:\/\/schema.org\",\"@graph\":[{\"@type\":\"WebPage\",\"@id\":\"https:\/\/colinahomolog.com.br\/dev\/just-real-moms\/programacao-infantil-em-sao-paulo\/\",\"url\":\"https:\/\/colinahomolog.com.br\/dev\/just-real-moms\/programacao-infantil-em-sao-paulo\/\",\"name\":\"Programa\u00e7\u00e3o infantil em S\u00e3o Paulo - por bora.ai\",\"isPartOf\":{\"@id\":\"https:\/\/colinahomolog.com.br\/dev\/just-real-moms\/#website\"},\"primaryImageOfPage\":{\"@id\":\"https:\/\/colinahomolog.com.br\/dev\/just-real-moms\/programacao-infantil-em-sao-paulo\/#primaryimage\"},\"image\":{\"@id\":\"https:\/\/colinahomolog.com.br\/dev\/just-real-moms\/programacao-infantil-em-sao-paulo\/#primaryimage\"},\"thumbnailUrl\":\"https:\/\/colinahomolog.com.br\/dev\/just-real-moms\/wp-content\/uploads\/2017\/10\/sp4-3.jpg\",\"datePublished\":\"2017-10-27T10:20:31+00:00\",\"dateModified\":\"2017-10-31T15:44:20+00:00\",\"author\":{\"@id\":\"https:\/\/colinahomolog.com.br\/dev\/just-real-moms\/#\/schema\/person\/515932a32be880c655c9a97801ec749d\"},\"description\":\"J\u00e1 sabe o que fazer durante o fim de semana? Vem ver a melhor programa\u00e7\u00e3o com o que vai rolar em S\u00e3o Paulo! N\u00e3o fique de fora!\",\"breadcrumb\":{\"@id\":\"https:\/\/colinahomolog.com.br\/dev\/just-real-moms\/programacao-infantil-em-sao-paulo\/#breadcrumb\"},\"inLanguage\":\"pt-BR\",\"potentialAction\":[{\"@type\":\"ReadAction\",\"target\":[\"https:\/\/colinahomolog.com.br\/dev\/just-real-moms\/programacao-infantil-em-sao-paulo\/\"]}]},{\"@type\":\"ImageObject\",\"inLanguage\":\"pt-BR\",\"@id\":\"https:\/\/colinahomolog.com.br\/dev\/just-real-moms\/programacao-infantil-em-sao-paulo\/#primaryimage\",\"url\":\"https:\/\/colinahomolog.com.br\/dev\/just-real-moms\/wp-content\/uploads\/2017\/10\/sp4-3.jpg\",\"contentUrl\":\"https:\/\/colinahomolog.com.br\/dev\/just-real-moms\/wp-content\/uploads\/2017\/10\/sp4-3.jpg\",\"width\":510,\"height\":228},{\"@type\":\"BreadcrumbList\",\"@id\":\"https:\/\/colinahomolog.com.br\/dev\/just-real-moms\/programacao-infantil-em-sao-paulo\/#breadcrumb\",\"itemListElement\":[{\"@type\":\"ListItem\",\"position\":1,\"name\":\"In\u00edcio\",\"item\":\"https:\/\/colinahomolog.com.br\/dev\/just-real-moms\/\"},{\"@type\":\"ListItem\",\"position\":2,\"name\":\"Programa\u00e7\u00e3o infantil em S\u00e3o Paulo &#8211; por bora.ai\"}]},{\"@type\":\"WebSite\",\"@id\":\"https:\/\/colinahomolog.com.br\/dev\/just-real-moms\/#website\",\"url\":\"https:\/\/colinahomolog.com.br\/dev\/just-real-moms\/\",\"name\":\"Just Real Moms - Blog para M\u00e3es\",\"description\":\"O melhor e mais completo portal para m\u00e3es, pais e futuros pais!\",\"potentialAction\":[{\"@type\":\"SearchAction\",\"target\":{\"@type\":\"EntryPoint\",\"urlTemplate\":\"https:\/\/colinahomolog.com.br\/dev\/just-real-moms\/?s={search_term_string}\"},\"query-input\":{\"@type\":\"PropertyValueSpecification\",\"valueRequired\":true,\"valueName\":\"search_term_string\"}}],\"inLanguage\":\"pt-BR\"},{\"@type\":\"Person\",\"@id\":\"https:\/\/colinahomolog.com.br\/dev\/just-real-moms\/#\/schema\/person\/515932a32be880c655c9a97801ec749d\",\"name\":\"Ana L\u00fa Gerodetti\",\"url\":\"https:\/\/colinahomolog.com.br\/dev\/just-real-moms\/author\/ana-luisa\/\"}]}<\/script>\n<!-- \/ Yoast SEO Premium plugin. -->","yoast_head_json":{"title":"Programa\u00e7\u00e3o infantil em S\u00e3o Paulo - por bora.ai","description":"J\u00e1 sabe o que fazer durante o fim de semana? Vem ver a melhor programa\u00e7\u00e3o com o que vai rolar em S\u00e3o Paulo! N\u00e3o fique de fora!","robots":{"index":"index","follow":"follow","max-snippet":"max-snippet:-1","max-image-preview":"max-image-preview:large","max-video-preview":"max-video-preview:-1"},"canonical":"https:\/\/colinahomolog.com.br\/dev\/just-real-moms\/programacao-infantil-em-sao-paulo\/","og_locale":"pt_BR","og_type":"article","og_title":"Programa\u00e7\u00e3o infantil em S\u00e3o Paulo - por bora.ai","og_description":"J\u00e1 sabe o que fazer durante o fim de semana? Vem ver a melhor programa\u00e7\u00e3o com o que vai rolar em S\u00e3o Paulo! N\u00e3o fique de fora!","og_url":"https:\/\/colinahomolog.com.br\/dev\/just-real-moms\/programacao-infantil-em-sao-paulo\/","og_site_name":"Just Real Moms - Blog para M\u00e3es","article_publisher":"https:\/\/www.facebook.com\/JustRealMoms","article_published_time":"2017-10-27T10:20:31+00:00","article_modified_time":"2017-10-31T15:44:20+00:00","og_image":[{"width":510,"height":228,"url":"https:\/\/colinahomolog.com.br\/dev\/just-real-moms\/wp-content\/uploads\/2017\/10\/sp4-3.jpg","type":"image\/jpeg"}],"author":"Ana L\u00fa Gerodetti","twitter_misc":{"Escrito por":"Ana L\u00fa Gerodetti","Est. tempo de leitura":"2 minutos"},"schema":{"@context":"https:\/\/schema.org","@graph":[{"@type":"WebPage","@id":"https:\/\/colinahomolog.com.br\/dev\/just-real-moms\/programacao-infantil-em-sao-paulo\/","url":"https:\/\/colinahomolog.com.br\/dev\/just-real-moms\/programacao-infantil-em-sao-paulo\/","name":"Programa\u00e7\u00e3o infantil em S\u00e3o Paulo - por bora.ai","isPartOf":{"@id":"https:\/\/colinahomolog.com.br\/dev\/just-real-moms\/#website"},"primaryImageOfPage":{"@id":"https:\/\/colinahomolog.com.br\/dev\/just-real-moms\/programacao-infantil-em-sao-paulo\/#primaryimage"},"image":{"@id":"https:\/\/colinahomolog.com.br\/dev\/just-real-moms\/programacao-infantil-em-sao-paulo\/#primaryimage"},"thumbnailUrl":"https:\/\/colinahomolog.com.br\/dev\/just-real-moms\/wp-content\/uploads\/2017\/10\/sp4-3.jpg","datePublished":"2017-10-27T10:20:31+00:00","dateModified":"2017-10-31T15:44:20+00:00","author":{"@id":"https:\/\/colinahomolog.com.br\/dev\/just-real-moms\/#\/schema\/person\/515932a32be880c655c9a97801ec749d"},"description":"J\u00e1 sabe o que fazer durante o fim de semana? Vem ver a melhor programa\u00e7\u00e3o com o que vai rolar em S\u00e3o Paulo! N\u00e3o fique de fora!","breadcrumb":{"@id":"https:\/\/colinahomolog.com.br\/dev\/just-real-moms\/programacao-infantil-em-sao-paulo\/#breadcrumb"},"inLanguage":"pt-BR","potentialAction":[{"@type":"ReadAction","target":["https:\/\/colinahomolog.com.br\/dev\/just-real-moms\/programacao-infantil-em-sao-paulo\/"]}]},{"@type":"ImageObject","inLanguage":"pt-BR","@id":"https:\/\/colinahomolog.com.br\/dev\/just-real-moms\/programacao-infantil-em-sao-paulo\/#primaryimage","url":"https:\/\/colinahomolog.com.br\/dev\/just-real-moms\/wp-content\/uploads\/2017\/10\/sp4-3.jpg","contentUrl":"https:\/\/colinahomolog.com.br\/dev\/just-real-moms\/wp-content\/uploads\/2017\/10\/sp4-3.jpg","width":510,"height":228},{"@type":"BreadcrumbList","@id":"https:\/\/colinahomolog.com.br\/dev\/just-real-moms\/programacao-infantil-em-sao-paulo\/#breadcrumb","itemListElement":[{"@type":"ListItem","position":1,"name":"In\u00edcio","item":"https:\/\/colinahomolog.com.br\/dev\/just-real-moms\/"},{"@type":"ListItem","position":2,"name":"Programa\u00e7\u00e3o infantil em S\u00e3o Paulo &#8211; por bora.ai"}]},{"@type":"WebSite","@id":"https:\/\/colinahomolog.com.br\/dev\/just-real-moms\/#website","url":"https:\/\/colinahomolog.com.br\/dev\/just-real-moms\/","name":"Just Real Moms - Blog para M\u00e3es","description":"O melhor e mais completo portal para m\u00e3es, pais e futuros pais!","potentialAction":[{"@type":"SearchAction","target":{"@type":"EntryPoint","urlTemplate":"https:\/\/colinahomolog.com.br\/dev\/just-real-moms\/?s={search_term_string}"},"query-input":{"@type":"PropertyValueSpecification","valueRequired":true,"valueName":"search_term_string"}}],"inLanguage":"pt-BR"},{"@type":"Person","@id":"https:\/\/colinahomolog.com.br\/dev\/just-real-moms\/#\/schema\/person\/515932a32be880c655c9a97801ec749d","name":"Ana L\u00fa Gerodetti","url":"https:\/\/colinahomolog.com.br\/dev\/just-real-moms\/author\/ana-luisa\/"}]}},"_links":{"self":[{"href":"https:\/\/colinahomolog.com.br\/dev\/just-real-moms\/wp-json\/wp\/v2\/posts\/45034","targetHints":{"allow":["GET"]}}],"collection":[{"href":"https:\/\/colinahomolog.com.br\/dev\/just-real-moms\/wp-json\/wp\/v2\/posts"}],"about":[{"href":"https:\/\/colinahomolog.com.br\/dev\/just-real-moms\/wp-json\/wp\/v2\/types\/post"}],"author":[{"embeddable":true,"href":"https:\/\/colinahomolog.com.br\/dev\/just-real-moms\/wp-json\/wp\/v2\/users\/1026"}],"replies":[{"embeddable":true,"href":"https:\/\/colinahomolog.com.br\/dev\/just-real-moms\/wp-json\/wp\/v2\/comments?post=45034"}],"version-history":[{"count":0,"href":"https:\/\/colinahomolog.com.br\/dev\/just-real-moms\/wp-json\/wp\/v2\/posts\/45034\/revisions"}],"wp:featuredmedia":[{"embeddable":true,"href":"https:\/\/colinahomolog.com.br\/dev\/just-real-moms\/wp-json\/wp\/v2\/media\/45038"}],"wp:attachment":[{"href":"https:\/\/colinahomolog.com.br\/dev\/just-real-moms\/wp-json\/wp\/v2\/media?parent=45034"}],"wp:term":[{"taxonomy":"category","embeddable":true,"href":"https:\/\/colinahomolog.com.br\/dev\/just-real-moms\/wp-json\/wp\/v2\/categories?post=45034"},{"taxonomy":"post_tag","embeddable":true,"href":"https:\/\/colinahomolog.com.br\/dev\/just-real-moms\/wp-json\/wp\/v2\/tags?post=45034"}],"curies":[{"name":"wp","href":"https:\/\/api.w.org\/{rel}","templated":true}]}}