{"id":45555,"date":"2017-12-15T08:15:29","date_gmt":"2017-12-15T10:15:29","guid":{"rendered":"https:\/\/colinahomolog.com.br\/dev\/just-real-moms\/?p=45555"},"modified":"2017-12-14T19:21:01","modified_gmt":"2017-12-14T21:21:01","slug":"ferias-divertidas-em-sao-paulo-por-bora-ai-2","status":"publish","type":"post","link":"https:\/\/colinahomolog.com.br\/dev\/just-real-moms\/ferias-divertidas-em-sao-paulo-por-bora-ai-2\/","title":{"rendered":"F\u00e9rias divertidas em S\u00e3o Paulo &#8211; por bora.ai"},"content":{"rendered":"<button class=\"simplefavorite-button preset\" data-postid=\"45555\" data-siteid=\"1\" data-groupid=\"1\" data-favoritecount=\"0\" style=\"box-shadow:none;-webkit-box-shadow:none;-moz-box-shadow:none;background-color:#68ccb4;border-color:#68ccb4;color:#ffffff;\"><i class=\"sf-icon-favorite\" style=\"\"><\/i>Favorite<\/button><p>Ol\u00e1, moms!<\/p>\n<p>Tudo bem?<\/p>\n<p>As f\u00e9rias chegaram e, para a alegria dos pequenos de S\u00e3o Paulo, a programa\u00e7\u00e3o infantil da cidade est\u00e1 sensacional!<\/p>\n<p>O <a href=\"http:\/\/bora.ai\" target=\"_blank\" rel=\"noopener\">bora.ai<\/a> nos enviou algumas dicas bem bacanas para fazer com as crian\u00e7as nos pr\u00f3ximos dias.<\/p>\n<p>Confiram!<\/p>\n<p>________________________________________________________________________________<\/p>\n<p>&nbsp;<\/p>\n<p>A\u00a0<a href=\"http:\/\/bora.ai\/sp\/passeios\/maratona-infantil-no-mis\" target=\"_blank\" rel=\"noopener\"><b>Maratona Infantil do MIS<\/b><\/a>\u00a0acontece mensalmente e \u00e9 um super programa para levar as crian\u00e7as! E a edi\u00e7\u00e3o de dezembro, \u00faltima de 2017, chega trazendo atividades especial\u00edssimas\u00a0<i><\/i>num dia dedicado aos grandes nomes do rock, com destaque para as oficinas tem\u00e1ticas de capa de discos, baquetas e bandanas e tamb\u00e9m para os shows que v\u00e3o homenagear os astros nacionais e internacionais: Beatles para Crian\u00e7as, Freddie Luizinho Mercury, Essa historia eu Lee e o Show Estralando Renato Russo &#8211; integrando a programa\u00e7\u00e3o paralela da exposi\u00e7\u00e3o\u00a0<a href=\"http:\/\/www.mis-sp.org.br\/icox\/icox.php?mdl=mis&amp;op=programacao_interna&amp;id_event=2401\"><b>Renato Russo<\/b><\/a>, em cartaz no Museu.<\/p>\n<p><img fetchpriority=\"high\" decoding=\"async\" class=\"aligncenter wp-image-45556 size-medium\" src=\"https:\/\/colinahomolog.com.br\/dev\/just-real-moms\/wp-content\/uploads\/2017\/12\/sp1-1-400x267.jpg\" alt=\"F\u00e9rias divertidas em S\u00e3o Paulo - por bora.ai\" width=\"400\" height=\"267\" srcset=\"https:\/\/colinahomolog.com.br\/dev\/just-real-moms\/wp-content\/uploads\/2017\/12\/sp1-1-400x267.jpg 400w, https:\/\/colinahomolog.com.br\/dev\/just-real-moms\/wp-content\/uploads\/2017\/12\/sp1-1-225x150.jpg 225w, https:\/\/colinahomolog.com.br\/dev\/just-real-moms\/wp-content\/uploads\/2017\/12\/sp1-1.jpg 640w\" sizes=\"(max-width: 400px) 100vw, 400px\" \/><\/p>\n<p>&nbsp;<\/p>\n<p>Como parte das comemora\u00e7\u00f5es dos <a href=\"http:\/\/bora.ai\/sp\/passeios\/show-tum-pa-com-barbatuques\" target=\"_blank\" rel=\"noopener\">20 anos dos\u00a0<b>Barbatuques<\/b><\/a>, grupo comandado pelo m\u00fasico Fernando Barba, o\u00a0<b>Sesc 24 de maio<\/b>\u00a0recebe nesse domingo o show infantil\u00a0<b>Tum P\u00e1<\/b>, uma remontagem do primeiro espet\u00e1culo do grupo que convida o p\u00fablico a perceber e brincar com a sonoridade do mundo de uma forma diferente.<\/p>\n<p><img decoding=\"async\" class=\"size-medium wp-image-45557 aligncenter\" src=\"https:\/\/colinahomolog.com.br\/dev\/just-real-moms\/wp-content\/uploads\/2017\/12\/sp2-1-400x218.jpg\" alt=\"\" width=\"400\" height=\"218\" srcset=\"https:\/\/colinahomolog.com.br\/dev\/just-real-moms\/wp-content\/uploads\/2017\/12\/sp2-1-400x218.jpg 400w, https:\/\/colinahomolog.com.br\/dev\/just-real-moms\/wp-content\/uploads\/2017\/12\/sp2-1-768x419.jpg 768w, https:\/\/colinahomolog.com.br\/dev\/just-real-moms\/wp-content\/uploads\/2017\/12\/sp2-1-820x448.jpg 820w, https:\/\/colinahomolog.com.br\/dev\/just-real-moms\/wp-content\/uploads\/2017\/12\/sp2-1.jpg 932w\" sizes=\"(max-width: 400px) 100vw, 400px\" \/><\/p>\n<p>&nbsp;<\/p>\n<p>O\u00a0<a href=\"http:\/\/bora.ai\/sp\/passeios\/bafafa-do-palavra-cantada\" target=\"_blank\" rel=\"noopener\"><b>Palavra Cantada<\/b><\/a>\u00a0sobe ao palco do Domingo na Paulista para\u00a0apresentar\u00a0<b>gratuitamente<\/b>\u00a0seu nov\u00edssimo show\u00a0<b>Bafaf\u00e1<\/b>, onde a dupla Sandra Peres e Paulo Tatit vai mesclar as can\u00e7\u00f5es in\u00e9ditas com os maiores e mais queridos sucessos.<\/p>\n<p><img decoding=\"async\" class=\"size-medium wp-image-45558 aligncenter\" src=\"https:\/\/colinahomolog.com.br\/dev\/just-real-moms\/wp-content\/uploads\/2017\/12\/sp3-1-400x218.jpg\" alt=\"\" width=\"400\" height=\"218\" srcset=\"https:\/\/colinahomolog.com.br\/dev\/just-real-moms\/wp-content\/uploads\/2017\/12\/sp3-1-400x218.jpg 400w, https:\/\/colinahomolog.com.br\/dev\/just-real-moms\/wp-content\/uploads\/2017\/12\/sp3-1-768x419.jpg 768w, https:\/\/colinahomolog.com.br\/dev\/just-real-moms\/wp-content\/uploads\/2017\/12\/sp3-1-820x448.jpg 820w, https:\/\/colinahomolog.com.br\/dev\/just-real-moms\/wp-content\/uploads\/2017\/12\/sp3-1.jpg 932w\" sizes=\"(max-width: 400px) 100vw, 400px\" \/><\/p>\n<p>&nbsp;<\/p>\n<p>Julia Pittier e Daniel Ayres, integrantes da Palavra Cantada desde 2005, formam o duo\u00a0<a href=\"http:\/\/bora.ai\/sp\/passeios\/show-badulaque\" target=\"_blank\" rel=\"noopener\"><b>Badulaque<\/b><\/a>, que far\u00e1 um show no Shopping Villa Lobos, no dia 09\/12.<\/p>\n<p><img loading=\"lazy\" decoding=\"async\" class=\"size-medium wp-image-45559 aligncenter\" src=\"https:\/\/colinahomolog.com.br\/dev\/just-real-moms\/wp-content\/uploads\/2017\/12\/sp4-1-400x218.jpg\" alt=\"\" width=\"400\" height=\"218\" srcset=\"https:\/\/colinahomolog.com.br\/dev\/just-real-moms\/wp-content\/uploads\/2017\/12\/sp4-1-400x218.jpg 400w, https:\/\/colinahomolog.com.br\/dev\/just-real-moms\/wp-content\/uploads\/2017\/12\/sp4-1-768x419.jpg 768w, https:\/\/colinahomolog.com.br\/dev\/just-real-moms\/wp-content\/uploads\/2017\/12\/sp4-1-820x448.jpg 820w, https:\/\/colinahomolog.com.br\/dev\/just-real-moms\/wp-content\/uploads\/2017\/12\/sp4-1.jpg 932w\" sizes=\"(max-width: 400px) 100vw, 400px\" \/><\/p>\n<p>&nbsp;<\/p>\n<p>A\u00a0<b><a href=\"http:\/\/bora.ai\/sp\/passeios\/aniversario-da-biblioteca-parque-villa-lobos\" target=\"_blank\" rel=\"noopener\">Biblioteca Parque Villa-Lobos<\/a><\/b>\u00a0completa 3 anos de atividade e para comemorar preparou uma grande festa com oficinas, interven\u00e7\u00f5es circenses e uma animad\u00edssima apresenta\u00e7\u00e3o do<b>\u00a0<\/b>espet\u00e1culo \u201cOs Mequetrefe\u201d, com os Parlapat\u00f5es.<\/p>\n<p><img loading=\"lazy\" decoding=\"async\" class=\"size-medium wp-image-45560 aligncenter\" src=\"https:\/\/colinahomolog.com.br\/dev\/just-real-moms\/wp-content\/uploads\/2017\/12\/sp5-400x191.jpg\" alt=\"\" width=\"400\" height=\"191\" srcset=\"https:\/\/colinahomolog.com.br\/dev\/just-real-moms\/wp-content\/uploads\/2017\/12\/sp5-400x191.jpg 400w, https:\/\/colinahomolog.com.br\/dev\/just-real-moms\/wp-content\/uploads\/2017\/12\/sp5-700x336.jpg 700w, https:\/\/colinahomolog.com.br\/dev\/just-real-moms\/wp-content\/uploads\/2017\/12\/sp5.jpg 702w\" sizes=\"(max-width: 400px) 100vw, 400px\" \/><\/p>\n<p>&nbsp;<\/p>\n<p>Inspirado na s\u00e9rie de TV \u201cO Show da Luna!\u201d, o espet\u00e1culo leva a cientista mais querida dos pequenos at\u00e9 <a href=\"http:\/\/bora.ai\/sp\/passeios\/o-show-da-luna-ao-vivo\" target=\"_blank\" rel=\"noopener\">o palco do\u00a0<b>Teatro Opus<\/b><\/a>\u00a0em um divertido show, repleto de can\u00e7\u00f5es, dan\u00e7a e fantasia, onde Luna, J\u00fapiter e Cl\u00e1udio tentar\u00e3o descobrir respostas para quest\u00f5es como: como a \u00e1gua vira chuva? Ser\u00e1 que existe vida em Marte? Porque as bolhas de sab\u00e3o s\u00e3o redondas?<\/p>\n<p><img loading=\"lazy\" decoding=\"async\" class=\"size-medium wp-image-45562 aligncenter\" src=\"https:\/\/colinahomolog.com.br\/dev\/just-real-moms\/wp-content\/uploads\/2017\/12\/sp6-400x294.jpg\" alt=\"\" width=\"400\" height=\"294\" srcset=\"https:\/\/colinahomolog.com.br\/dev\/just-real-moms\/wp-content\/uploads\/2017\/12\/sp6-400x294.jpg 400w, https:\/\/colinahomolog.com.br\/dev\/just-real-moms\/wp-content\/uploads\/2017\/12\/sp6.jpg 448w\" sizes=\"(max-width: 400px) 100vw, 400px\" \/><\/p>\n<p>&nbsp;<\/p>\n<p>O\u00a0<a href=\"http:\/\/bora.ai\/sp\/passeios\/escape-junior-jogos-de-escapada-para-criancas\" target=\"_blank\" rel=\"noopener\"><b>Escape J\u00fanior<\/b><\/a>\u00a0\u00e9 uma sala que convida meninos e meninas de 7 a 13 anos a encontrar pistas, decifrar enigmas e ainda escapar em 60 minutos!<\/p>\n<p><img loading=\"lazy\" decoding=\"async\" class=\"size-medium wp-image-45563 aligncenter\" src=\"https:\/\/colinahomolog.com.br\/dev\/just-real-moms\/wp-content\/uploads\/2017\/12\/sp7-400x218.jpg\" alt=\"\" width=\"400\" height=\"218\" srcset=\"https:\/\/colinahomolog.com.br\/dev\/just-real-moms\/wp-content\/uploads\/2017\/12\/sp7-400x218.jpg 400w, https:\/\/colinahomolog.com.br\/dev\/just-real-moms\/wp-content\/uploads\/2017\/12\/sp7-768x419.jpg 768w, https:\/\/colinahomolog.com.br\/dev\/just-real-moms\/wp-content\/uploads\/2017\/12\/sp7-820x448.jpg 820w, https:\/\/colinahomolog.com.br\/dev\/just-real-moms\/wp-content\/uploads\/2017\/12\/sp7.jpg 932w\" sizes=\"(max-width: 400px) 100vw, 400px\" \/><\/p>\n<p>&nbsp;<\/p>\n<p>Quer saber sobre outros passeios de f\u00e9rias em SP? Acesse o <a href=\"http:\/\/bora.ai\" target=\"_blank\" rel=\"noopener\">bora.ai<\/a>!<\/p>\n\n    <div class=\"xs_social_share_widget xs_share_url after_content \t\tmain_content  wslu-style-1 wslu-share-box-shaped wslu-fill-colored wslu-none wslu-share-horizontal wslu-theme-font-no wslu-main_content\">\n\n\t\t\n        <ul>\n\t\t\t        <\/ul>\n    <\/div> \n","protected":false},"excerpt":{"rendered":"<p>FavoriteOl\u00e1, moms! Tudo bem? As f\u00e9rias chegaram e, para a alegria dos pequenos de S\u00e3o Paulo, a programa\u00e7\u00e3o infantil da cidade est\u00e1 sensacional! O bora.ai nos enviou algumas dicas bem bacanas para fazer com as crian\u00e7as nos pr\u00f3ximos dias. Confiram! ________________________________________________________________________________ &nbsp; A\u00a0Maratona Infantil do MIS\u00a0acontece mensalmente e \u00e9 um super programa para levar as [&hellip;]<\/p>\n","protected":false},"author":1026,"featured_media":45557,"comment_status":"open","ping_status":"closed","sticky":false,"template":"","format":"standard","meta":{"_acf_changed":false,"footnotes":""},"categories":[33,1742,1823],"tags":[1870,1858,45],"class_list":{"0":"post-45555","1":"post","2":"type-post","3":"status-publish","4":"format-standard","5":"has-post-thumbnail","7":"category-have-fun","8":"category-programacao","9":"category-programacao-sao-paulo","10":"tag-passeios-infantis","11":"tag-programacao-infantil","12":"tag-sao-paulo"},"acf":[],"yoast_head":"<!-- This site is optimized with the Yoast SEO Premium plugin v26.6 (Yoast SEO v26.6) - https:\/\/yoast.com\/wordpress\/plugins\/seo\/ -->\n<title>F\u00e9rias divertidas em S\u00e3o Paulo - por bora.ai<\/title>\n<meta name=\"description\" content=\"As f\u00e9rias est\u00e3o a\u00ed e n\u00f3s trouxemos alguns passeios super divertidos para as crian\u00e7as de S\u00e3o Paulo. Confiram o que vai rolar na capital paulista!\" \/>\n<meta name=\"robots\" content=\"index, follow, max-snippet:-1, max-image-preview:large, max-video-preview:-1\" \/>\n<link rel=\"canonical\" href=\"https:\/\/colinahomolog.com.br\/dev\/just-real-moms\/ferias-divertidas-em-sao-paulo-por-bora-ai-2\/\" \/>\n<meta property=\"og:locale\" content=\"pt_BR\" \/>\n<meta property=\"og:type\" content=\"article\" \/>\n<meta property=\"og:title\" content=\"F\u00e9rias divertidas em S\u00e3o Paulo - por bora.ai\" \/>\n<meta property=\"og:description\" content=\"As f\u00e9rias est\u00e3o a\u00ed e n\u00f3s trouxemos alguns passeios super divertidos para as crian\u00e7as de S\u00e3o Paulo. Confiram o que vai rolar na capital paulista!\" \/>\n<meta property=\"og:url\" content=\"https:\/\/colinahomolog.com.br\/dev\/just-real-moms\/ferias-divertidas-em-sao-paulo-por-bora-ai-2\/\" \/>\n<meta property=\"og:site_name\" content=\"Just Real Moms - Blog para M\u00e3es\" \/>\n<meta property=\"article:publisher\" content=\"https:\/\/www.facebook.com\/JustRealMoms\" \/>\n<meta property=\"article:published_time\" content=\"2017-12-15T10:15:29+00:00\" \/>\n<meta property=\"og:image\" content=\"https:\/\/colinahomolog.com.br\/dev\/just-real-moms\/wp-content\/uploads\/2017\/12\/sp2-1.jpg\" \/>\n\t<meta property=\"og:image:width\" content=\"932\" \/>\n\t<meta property=\"og:image:height\" content=\"509\" \/>\n\t<meta property=\"og:image:type\" content=\"image\/jpeg\" \/>\n<meta name=\"author\" content=\"Ana L\u00fa Gerodetti\" \/>\n<meta name=\"twitter:label1\" content=\"Escrito por\" \/>\n\t<meta name=\"twitter:data1\" content=\"Ana L\u00fa Gerodetti\" \/>\n\t<meta name=\"twitter:label2\" content=\"Est. tempo de leitura\" \/>\n\t<meta name=\"twitter:data2\" content=\"2 minutos\" \/>\n<script type=\"application\/ld+json\" class=\"yoast-schema-graph\">{\"@context\":\"https:\/\/schema.org\",\"@graph\":[{\"@type\":\"WebPage\",\"@id\":\"https:\/\/colinahomolog.com.br\/dev\/just-real-moms\/ferias-divertidas-em-sao-paulo-por-bora-ai-2\/\",\"url\":\"https:\/\/colinahomolog.com.br\/dev\/just-real-moms\/ferias-divertidas-em-sao-paulo-por-bora-ai-2\/\",\"name\":\"F\u00e9rias divertidas em S\u00e3o Paulo - por bora.ai\",\"isPartOf\":{\"@id\":\"https:\/\/colinahomolog.com.br\/dev\/just-real-moms\/#website\"},\"primaryImageOfPage\":{\"@id\":\"https:\/\/colinahomolog.com.br\/dev\/just-real-moms\/ferias-divertidas-em-sao-paulo-por-bora-ai-2\/#primaryimage\"},\"image\":{\"@id\":\"https:\/\/colinahomolog.com.br\/dev\/just-real-moms\/ferias-divertidas-em-sao-paulo-por-bora-ai-2\/#primaryimage\"},\"thumbnailUrl\":\"https:\/\/colinahomolog.com.br\/dev\/just-real-moms\/wp-content\/uploads\/2017\/12\/sp2-1.jpg\",\"datePublished\":\"2017-12-15T10:15:29+00:00\",\"author\":{\"@id\":\"https:\/\/colinahomolog.com.br\/dev\/just-real-moms\/#\/schema\/person\/515932a32be880c655c9a97801ec749d\"},\"description\":\"As f\u00e9rias est\u00e3o a\u00ed e n\u00f3s trouxemos alguns passeios super divertidos para as crian\u00e7as de S\u00e3o Paulo. Confiram o que vai rolar na capital paulista!\",\"breadcrumb\":{\"@id\":\"https:\/\/colinahomolog.com.br\/dev\/just-real-moms\/ferias-divertidas-em-sao-paulo-por-bora-ai-2\/#breadcrumb\"},\"inLanguage\":\"pt-BR\",\"potentialAction\":[{\"@type\":\"ReadAction\",\"target\":[\"https:\/\/colinahomolog.com.br\/dev\/just-real-moms\/ferias-divertidas-em-sao-paulo-por-bora-ai-2\/\"]}]},{\"@type\":\"ImageObject\",\"inLanguage\":\"pt-BR\",\"@id\":\"https:\/\/colinahomolog.com.br\/dev\/just-real-moms\/ferias-divertidas-em-sao-paulo-por-bora-ai-2\/#primaryimage\",\"url\":\"https:\/\/colinahomolog.com.br\/dev\/just-real-moms\/wp-content\/uploads\/2017\/12\/sp2-1.jpg\",\"contentUrl\":\"https:\/\/colinahomolog.com.br\/dev\/just-real-moms\/wp-content\/uploads\/2017\/12\/sp2-1.jpg\",\"width\":932,\"height\":509},{\"@type\":\"BreadcrumbList\",\"@id\":\"https:\/\/colinahomolog.com.br\/dev\/just-real-moms\/ferias-divertidas-em-sao-paulo-por-bora-ai-2\/#breadcrumb\",\"itemListElement\":[{\"@type\":\"ListItem\",\"position\":1,\"name\":\"In\u00edcio\",\"item\":\"https:\/\/colinahomolog.com.br\/dev\/just-real-moms\/\"},{\"@type\":\"ListItem\",\"position\":2,\"name\":\"F\u00e9rias divertidas em S\u00e3o Paulo &#8211; por bora.ai\"}]},{\"@type\":\"WebSite\",\"@id\":\"https:\/\/colinahomolog.com.br\/dev\/just-real-moms\/#website\",\"url\":\"https:\/\/colinahomolog.com.br\/dev\/just-real-moms\/\",\"name\":\"Just Real Moms - Blog para M\u00e3es\",\"description\":\"O melhor e mais completo portal para m\u00e3es, pais e futuros pais!\",\"potentialAction\":[{\"@type\":\"SearchAction\",\"target\":{\"@type\":\"EntryPoint\",\"urlTemplate\":\"https:\/\/colinahomolog.com.br\/dev\/just-real-moms\/?s={search_term_string}\"},\"query-input\":{\"@type\":\"PropertyValueSpecification\",\"valueRequired\":true,\"valueName\":\"search_term_string\"}}],\"inLanguage\":\"pt-BR\"},{\"@type\":\"Person\",\"@id\":\"https:\/\/colinahomolog.com.br\/dev\/just-real-moms\/#\/schema\/person\/515932a32be880c655c9a97801ec749d\",\"name\":\"Ana L\u00fa Gerodetti\",\"url\":\"https:\/\/colinahomolog.com.br\/dev\/just-real-moms\/author\/ana-luisa\/\"}]}<\/script>\n<!-- \/ Yoast SEO Premium plugin. -->","yoast_head_json":{"title":"F\u00e9rias divertidas em S\u00e3o Paulo - por bora.ai","description":"As f\u00e9rias est\u00e3o a\u00ed e n\u00f3s trouxemos alguns passeios super divertidos para as crian\u00e7as de S\u00e3o Paulo. Confiram o que vai rolar na capital paulista!","robots":{"index":"index","follow":"follow","max-snippet":"max-snippet:-1","max-image-preview":"max-image-preview:large","max-video-preview":"max-video-preview:-1"},"canonical":"https:\/\/colinahomolog.com.br\/dev\/just-real-moms\/ferias-divertidas-em-sao-paulo-por-bora-ai-2\/","og_locale":"pt_BR","og_type":"article","og_title":"F\u00e9rias divertidas em S\u00e3o Paulo - por bora.ai","og_description":"As f\u00e9rias est\u00e3o a\u00ed e n\u00f3s trouxemos alguns passeios super divertidos para as crian\u00e7as de S\u00e3o Paulo. Confiram o que vai rolar na capital paulista!","og_url":"https:\/\/colinahomolog.com.br\/dev\/just-real-moms\/ferias-divertidas-em-sao-paulo-por-bora-ai-2\/","og_site_name":"Just Real Moms - Blog para M\u00e3es","article_publisher":"https:\/\/www.facebook.com\/JustRealMoms","article_published_time":"2017-12-15T10:15:29+00:00","og_image":[{"width":932,"height":509,"url":"https:\/\/colinahomolog.com.br\/dev\/just-real-moms\/wp-content\/uploads\/2017\/12\/sp2-1.jpg","type":"image\/jpeg"}],"author":"Ana L\u00fa Gerodetti","twitter_misc":{"Escrito por":"Ana L\u00fa Gerodetti","Est. tempo de leitura":"2 minutos"},"schema":{"@context":"https:\/\/schema.org","@graph":[{"@type":"WebPage","@id":"https:\/\/colinahomolog.com.br\/dev\/just-real-moms\/ferias-divertidas-em-sao-paulo-por-bora-ai-2\/","url":"https:\/\/colinahomolog.com.br\/dev\/just-real-moms\/ferias-divertidas-em-sao-paulo-por-bora-ai-2\/","name":"F\u00e9rias divertidas em S\u00e3o Paulo - por bora.ai","isPartOf":{"@id":"https:\/\/colinahomolog.com.br\/dev\/just-real-moms\/#website"},"primaryImageOfPage":{"@id":"https:\/\/colinahomolog.com.br\/dev\/just-real-moms\/ferias-divertidas-em-sao-paulo-por-bora-ai-2\/#primaryimage"},"image":{"@id":"https:\/\/colinahomolog.com.br\/dev\/just-real-moms\/ferias-divertidas-em-sao-paulo-por-bora-ai-2\/#primaryimage"},"thumbnailUrl":"https:\/\/colinahomolog.com.br\/dev\/just-real-moms\/wp-content\/uploads\/2017\/12\/sp2-1.jpg","datePublished":"2017-12-15T10:15:29+00:00","author":{"@id":"https:\/\/colinahomolog.com.br\/dev\/just-real-moms\/#\/schema\/person\/515932a32be880c655c9a97801ec749d"},"description":"As f\u00e9rias est\u00e3o a\u00ed e n\u00f3s trouxemos alguns passeios super divertidos para as crian\u00e7as de S\u00e3o Paulo. Confiram o que vai rolar na capital paulista!","breadcrumb":{"@id":"https:\/\/colinahomolog.com.br\/dev\/just-real-moms\/ferias-divertidas-em-sao-paulo-por-bora-ai-2\/#breadcrumb"},"inLanguage":"pt-BR","potentialAction":[{"@type":"ReadAction","target":["https:\/\/colinahomolog.com.br\/dev\/just-real-moms\/ferias-divertidas-em-sao-paulo-por-bora-ai-2\/"]}]},{"@type":"ImageObject","inLanguage":"pt-BR","@id":"https:\/\/colinahomolog.com.br\/dev\/just-real-moms\/ferias-divertidas-em-sao-paulo-por-bora-ai-2\/#primaryimage","url":"https:\/\/colinahomolog.com.br\/dev\/just-real-moms\/wp-content\/uploads\/2017\/12\/sp2-1.jpg","contentUrl":"https:\/\/colinahomolog.com.br\/dev\/just-real-moms\/wp-content\/uploads\/2017\/12\/sp2-1.jpg","width":932,"height":509},{"@type":"BreadcrumbList","@id":"https:\/\/colinahomolog.com.br\/dev\/just-real-moms\/ferias-divertidas-em-sao-paulo-por-bora-ai-2\/#breadcrumb","itemListElement":[{"@type":"ListItem","position":1,"name":"In\u00edcio","item":"https:\/\/colinahomolog.com.br\/dev\/just-real-moms\/"},{"@type":"ListItem","position":2,"name":"F\u00e9rias divertidas em S\u00e3o Paulo &#8211; por bora.ai"}]},{"@type":"WebSite","@id":"https:\/\/colinahomolog.com.br\/dev\/just-real-moms\/#website","url":"https:\/\/colinahomolog.com.br\/dev\/just-real-moms\/","name":"Just Real Moms - Blog para M\u00e3es","description":"O melhor e mais completo portal para m\u00e3es, pais e futuros pais!","potentialAction":[{"@type":"SearchAction","target":{"@type":"EntryPoint","urlTemplate":"https:\/\/colinahomolog.com.br\/dev\/just-real-moms\/?s={search_term_string}"},"query-input":{"@type":"PropertyValueSpecification","valueRequired":true,"valueName":"search_term_string"}}],"inLanguage":"pt-BR"},{"@type":"Person","@id":"https:\/\/colinahomolog.com.br\/dev\/just-real-moms\/#\/schema\/person\/515932a32be880c655c9a97801ec749d","name":"Ana L\u00fa Gerodetti","url":"https:\/\/colinahomolog.com.br\/dev\/just-real-moms\/author\/ana-luisa\/"}]}},"_links":{"self":[{"href":"https:\/\/colinahomolog.com.br\/dev\/just-real-moms\/wp-json\/wp\/v2\/posts\/45555","targetHints":{"allow":["GET"]}}],"collection":[{"href":"https:\/\/colinahomolog.com.br\/dev\/just-real-moms\/wp-json\/wp\/v2\/posts"}],"about":[{"href":"https:\/\/colinahomolog.com.br\/dev\/just-real-moms\/wp-json\/wp\/v2\/types\/post"}],"author":[{"embeddable":true,"href":"https:\/\/colinahomolog.com.br\/dev\/just-real-moms\/wp-json\/wp\/v2\/users\/1026"}],"replies":[{"embeddable":true,"href":"https:\/\/colinahomolog.com.br\/dev\/just-real-moms\/wp-json\/wp\/v2\/comments?post=45555"}],"version-history":[{"count":0,"href":"https:\/\/colinahomolog.com.br\/dev\/just-real-moms\/wp-json\/wp\/v2\/posts\/45555\/revisions"}],"wp:featuredmedia":[{"embeddable":true,"href":"https:\/\/colinahomolog.com.br\/dev\/just-real-moms\/wp-json\/wp\/v2\/media\/45557"}],"wp:attachment":[{"href":"https:\/\/colinahomolog.com.br\/dev\/just-real-moms\/wp-json\/wp\/v2\/media?parent=45555"}],"wp:term":[{"taxonomy":"category","embeddable":true,"href":"https:\/\/colinahomolog.com.br\/dev\/just-real-moms\/wp-json\/wp\/v2\/categories?post=45555"},{"taxonomy":"post_tag","embeddable":true,"href":"https:\/\/colinahomolog.com.br\/dev\/just-real-moms\/wp-json\/wp\/v2\/tags?post=45555"}],"curies":[{"name":"wp","href":"https:\/\/api.w.org\/{rel}","templated":true}]}}