{"id":45688,"date":"2018-01-05T08:20:51","date_gmt":"2018-01-05T10:20:51","guid":{"rendered":"https:\/\/colinahomolog.com.br\/dev\/just-real-moms\/?p=45688"},"modified":"2018-01-04T18:24:43","modified_gmt":"2018-01-04T20:24:43","slug":"ferias-divertidas-com-os-pequenos-de-sao-paulo","status":"publish","type":"post","link":"https:\/\/colinahomolog.com.br\/dev\/just-real-moms\/ferias-divertidas-com-os-pequenos-de-sao-paulo\/","title":{"rendered":"F\u00e9rias divertidas com os pequenos de S\u00e3o Paulo &#8211; por bora.ai"},"content":{"rendered":"<button class=\"simplefavorite-button preset\" data-postid=\"45688\" data-siteid=\"1\" data-groupid=\"1\" data-favoritecount=\"0\" style=\"box-shadow:none;-webkit-box-shadow:none;-moz-box-shadow:none;background-color:#68ccb4;border-color:#68ccb4;color:#ffffff;\"><i class=\"sf-icon-favorite\" style=\"\"><\/i>Favorite<\/button><p>Ol\u00e1, moms!<\/p>\n<p>Tudo bem?<\/p>\n<p>N\u00e3o tem nada mais gostoso do que as f\u00e9rias! Esse m\u00eas de folga permite que as mam\u00e3es curtam muuuuitos dias com os pequenos e n\u00e3o tem nada melhor do que fazer alguns passeios legais, certo?<\/p>\n<p>Pensando nisso, o <a href=\"http:\/\/bora.ai\" target=\"_blank\" rel=\"noopener\">bora.ai<\/a> fez uma lista com alguns programas divertid\u00edssimos! Confiram!<\/p>\n<p>________________________________________________________________________________<\/p>\n<p>&nbsp;<\/p>\n<p>Com uma programa\u00e7\u00e3o infantil recheada de espet\u00e1culos durante as f\u00e9rias escolares, o\u00a0<a href=\"http:\/\/bora.ai\/sp\/passeios\/festival-de-ferias-espetaculos-diarios\" target=\"_blank\" rel=\"noopener\"><b>Festival de F\u00e9rias do Teatro Folha<\/b><\/a>\u00a0acontece diariamente de 06 de janeiro a 02 de fevereiro trazendo nove pe\u00e7as repletas de aventura, com\u00e9dia, suspense, surpresas e muita m\u00fasica para os pequenos e tamb\u00e9m para os maiorzinhos!<\/p>\n<p><img fetchpriority=\"high\" decoding=\"async\" class=\"aligncenter wp-image-45689 size-medium\" src=\"https:\/\/colinahomolog.com.br\/dev\/just-real-moms\/wp-content\/uploads\/2018\/01\/sp1-400x218.jpg\" alt=\"F\u00e9rias divertidas com os pequenos de S\u00e3o Paulo - por bora.ai\" width=\"400\" height=\"218\" srcset=\"https:\/\/colinahomolog.com.br\/dev\/just-real-moms\/wp-content\/uploads\/2018\/01\/sp1-400x218.jpg 400w, https:\/\/colinahomolog.com.br\/dev\/just-real-moms\/wp-content\/uploads\/2018\/01\/sp1-768x419.jpg 768w, https:\/\/colinahomolog.com.br\/dev\/just-real-moms\/wp-content\/uploads\/2018\/01\/sp1-820x448.jpg 820w, https:\/\/colinahomolog.com.br\/dev\/just-real-moms\/wp-content\/uploads\/2018\/01\/sp1.jpg 932w\" sizes=\"(max-width: 400px) 100vw, 400px\" \/><\/p>\n<p>&nbsp;<\/p>\n<p>Depois de encantar quase um milh\u00e3o de espectadores em cidades do Brasil, Argentina, Chile e Peru,\u00a0<a href=\"http:\/\/bora.ai\/sp\/passeios\/a-bela-e-a-fera-o-espetaculo\" target=\"_blank\" rel=\"noopener\"><b>A Bela e a Fera<\/b><\/a>, musical dirigido e assinado pelo italiano Billy Bond e baseado no livro de Jeanne-Marie Leprince, entra em cartaz no\u00a0<b>Teatro Bradesco<\/b>\u00a0para recontar o cl\u00e1ssico romance da jovem Bela e seu pr\u00edncipe, transformado em uma figura monstruosa depois de um terr\u00edvel feiti\u00e7o.<\/p>\n<p><img decoding=\"async\" class=\"aligncenter wp-image-45690 size-medium\" src=\"https:\/\/colinahomolog.com.br\/dev\/just-real-moms\/wp-content\/uploads\/2018\/01\/sp2-400x218.jpg\" alt=\"\" width=\"400\" height=\"218\" srcset=\"https:\/\/colinahomolog.com.br\/dev\/just-real-moms\/wp-content\/uploads\/2018\/01\/sp2-400x218.jpg 400w, https:\/\/colinahomolog.com.br\/dev\/just-real-moms\/wp-content\/uploads\/2018\/01\/sp2-768x419.jpg 768w, https:\/\/colinahomolog.com.br\/dev\/just-real-moms\/wp-content\/uploads\/2018\/01\/sp2-820x448.jpg 820w, https:\/\/colinahomolog.com.br\/dev\/just-real-moms\/wp-content\/uploads\/2018\/01\/sp2.jpg 932w\" sizes=\"(max-width: 400px) 100vw, 400px\" \/><\/p>\n<p>&nbsp;<\/p>\n<p>Localizado a 60 km de\u00a0<b>S\u00e3o Paulo,\u00a0<\/b>o <a href=\"http:\/\/bora.ai\/sp\/passeios\/diversaeo-no-hopi-hari\" target=\"_blank\" rel=\"noopener\">parque de divers\u00f5es\u00a0<b>Hopi Hari<\/b><\/a>\u00a0passou recentemente por um processo de revitaliza\u00e7\u00e3o de suas instala\u00e7\u00f5es e atra\u00e7\u00f5es, tendo sido reaberto em agosto de 2017.<\/p>\n<p><img decoding=\"async\" class=\"size-medium wp-image-45691 aligncenter\" src=\"https:\/\/colinahomolog.com.br\/dev\/just-real-moms\/wp-content\/uploads\/2018\/01\/sp3-400x265.jpg\" alt=\"\" width=\"400\" height=\"265\" srcset=\"https:\/\/colinahomolog.com.br\/dev\/just-real-moms\/wp-content\/uploads\/2018\/01\/sp3-400x265.jpg 400w, https:\/\/colinahomolog.com.br\/dev\/just-real-moms\/wp-content\/uploads\/2018\/01\/sp3-225x150.jpg 225w, https:\/\/colinahomolog.com.br\/dev\/just-real-moms\/wp-content\/uploads\/2018\/01\/sp3.jpg 640w\" sizes=\"(max-width: 400px) 100vw, 400px\" \/><\/p>\n<p>&nbsp;<\/p>\n<p>\u200bO\u00a0<b><a href=\"http:\/\/bora.ai\/sp\/passeios\/ferias-no-museu-do-futebol\" target=\"_blank\" rel=\"noopener\">Museu do Futebol<\/a>\u00a0<\/b>oferece mais uma edi\u00e7\u00e3o do\u00a0<b>\u201cF\u00e9rias no Museu\u201d<\/b>, dessa vez com um espa\u00e7o fixo para brincadeiras onde os pequenos poder\u00e3o brincar em mesas de pebolim, futebol de bot\u00e3o e ping-pong, al\u00e9m de participar de atividades variadas como oficinas de bolhas de sab\u00e3o gigante, futebol de bot\u00e3o, pipas, origamis e jogo de futebol vendado.<\/p>\n<p><img loading=\"lazy\" decoding=\"async\" class=\"size-medium wp-image-45692 aligncenter\" src=\"https:\/\/colinahomolog.com.br\/dev\/just-real-moms\/wp-content\/uploads\/2018\/01\/sp4-400x218.jpg\" alt=\"\" width=\"400\" height=\"218\" srcset=\"https:\/\/colinahomolog.com.br\/dev\/just-real-moms\/wp-content\/uploads\/2018\/01\/sp4-400x218.jpg 400w, https:\/\/colinahomolog.com.br\/dev\/just-real-moms\/wp-content\/uploads\/2018\/01\/sp4-768x419.jpg 768w, https:\/\/colinahomolog.com.br\/dev\/just-real-moms\/wp-content\/uploads\/2018\/01\/sp4-820x448.jpg 820w, https:\/\/colinahomolog.com.br\/dev\/just-real-moms\/wp-content\/uploads\/2018\/01\/sp4.jpg 932w\" sizes=\"(max-width: 400px) 100vw, 400px\" \/><\/p>\n<p>&nbsp;<\/p>\n\n    <div class=\"xs_social_share_widget xs_share_url after_content \t\tmain_content  wslu-style-1 wslu-share-box-shaped wslu-fill-colored wslu-none wslu-share-horizontal wslu-theme-font-no wslu-main_content\">\n\n\t\t\n        <ul>\n\t\t\t        <\/ul>\n    <\/div> \n","protected":false},"excerpt":{"rendered":"<p>FavoriteOl\u00e1, moms! Tudo bem? N\u00e3o tem nada mais gostoso do que as f\u00e9rias! Esse m\u00eas de folga permite que as mam\u00e3es curtam muuuuitos dias com os pequenos e n\u00e3o tem nada melhor do que fazer alguns passeios legais, certo? Pensando nisso, o bora.ai fez uma lista com alguns programas divertid\u00edssimos! Confiram! ________________________________________________________________________________ &nbsp; Com uma [&hellip;]<\/p>\n","protected":false},"author":1026,"featured_media":45690,"comment_status":"open","ping_status":"closed","sticky":false,"template":"","format":"standard","meta":{"_acf_changed":false,"footnotes":""},"categories":[33,1742,1823],"tags":[],"class_list":{"0":"post-45688","1":"post","2":"type-post","3":"status-publish","4":"format-standard","5":"has-post-thumbnail","7":"category-have-fun","8":"category-programacao","9":"category-programacao-sao-paulo"},"acf":[],"yoast_head":"<!-- This site is optimized with the Yoast SEO Premium plugin v26.6 (Yoast SEO v26.6) - https:\/\/yoast.com\/wordpress\/plugins\/seo\/ -->\n<title>F\u00e9rias divertidas com os pequenos de S\u00e3o Paulo - por bora.ai<\/title>\n<meta name=\"description\" content=\"J\u00e1 sabe como curtir as f\u00e9rias dos pequenos? Vem ver quantos programas incr\u00edveis v\u00e3o rolar em S\u00e3o Paulo durante o m\u00eas de janeiro!\" \/>\n<meta name=\"robots\" content=\"index, follow, max-snippet:-1, max-image-preview:large, max-video-preview:-1\" \/>\n<link rel=\"canonical\" href=\"https:\/\/colinahomolog.com.br\/dev\/just-real-moms\/ferias-divertidas-com-os-pequenos-de-sao-paulo\/\" \/>\n<meta property=\"og:locale\" content=\"pt_BR\" \/>\n<meta property=\"og:type\" content=\"article\" \/>\n<meta property=\"og:title\" content=\"F\u00e9rias divertidas com os pequenos de S\u00e3o Paulo - por bora.ai\" \/>\n<meta property=\"og:description\" content=\"J\u00e1 sabe como curtir as f\u00e9rias dos pequenos? Vem ver quantos programas incr\u00edveis v\u00e3o rolar em S\u00e3o Paulo durante o m\u00eas de janeiro!\" \/>\n<meta property=\"og:url\" content=\"https:\/\/colinahomolog.com.br\/dev\/just-real-moms\/ferias-divertidas-com-os-pequenos-de-sao-paulo\/\" \/>\n<meta property=\"og:site_name\" content=\"Just Real Moms - Blog para M\u00e3es\" \/>\n<meta property=\"article:publisher\" content=\"https:\/\/www.facebook.com\/JustRealMoms\" \/>\n<meta property=\"article:published_time\" content=\"2018-01-05T10:20:51+00:00\" \/>\n<meta property=\"og:image\" content=\"https:\/\/colinahomolog.com.br\/dev\/just-real-moms\/wp-content\/uploads\/2018\/01\/sp2.jpg\" \/>\n\t<meta property=\"og:image:width\" content=\"932\" \/>\n\t<meta property=\"og:image:height\" content=\"509\" \/>\n\t<meta property=\"og:image:type\" content=\"image\/jpeg\" \/>\n<meta name=\"author\" content=\"Ana L\u00fa Gerodetti\" \/>\n<meta name=\"twitter:label1\" content=\"Escrito por\" \/>\n\t<meta name=\"twitter:data1\" content=\"Ana L\u00fa Gerodetti\" \/>\n\t<meta name=\"twitter:label2\" content=\"Est. tempo de leitura\" \/>\n\t<meta name=\"twitter:data2\" content=\"1 minuto\" \/>\n<script type=\"application\/ld+json\" class=\"yoast-schema-graph\">{\"@context\":\"https:\/\/schema.org\",\"@graph\":[{\"@type\":\"WebPage\",\"@id\":\"https:\/\/colinahomolog.com.br\/dev\/just-real-moms\/ferias-divertidas-com-os-pequenos-de-sao-paulo\/\",\"url\":\"https:\/\/colinahomolog.com.br\/dev\/just-real-moms\/ferias-divertidas-com-os-pequenos-de-sao-paulo\/\",\"name\":\"F\u00e9rias divertidas com os pequenos de S\u00e3o Paulo - por bora.ai\",\"isPartOf\":{\"@id\":\"https:\/\/colinahomolog.com.br\/dev\/just-real-moms\/#website\"},\"primaryImageOfPage\":{\"@id\":\"https:\/\/colinahomolog.com.br\/dev\/just-real-moms\/ferias-divertidas-com-os-pequenos-de-sao-paulo\/#primaryimage\"},\"image\":{\"@id\":\"https:\/\/colinahomolog.com.br\/dev\/just-real-moms\/ferias-divertidas-com-os-pequenos-de-sao-paulo\/#primaryimage\"},\"thumbnailUrl\":\"https:\/\/colinahomolog.com.br\/dev\/just-real-moms\/wp-content\/uploads\/2018\/01\/sp2.jpg\",\"datePublished\":\"2018-01-05T10:20:51+00:00\",\"author\":{\"@id\":\"https:\/\/colinahomolog.com.br\/dev\/just-real-moms\/#\/schema\/person\/515932a32be880c655c9a97801ec749d\"},\"description\":\"J\u00e1 sabe como curtir as f\u00e9rias dos pequenos? Vem ver quantos programas incr\u00edveis v\u00e3o rolar em S\u00e3o Paulo durante o m\u00eas de janeiro!\",\"breadcrumb\":{\"@id\":\"https:\/\/colinahomolog.com.br\/dev\/just-real-moms\/ferias-divertidas-com-os-pequenos-de-sao-paulo\/#breadcrumb\"},\"inLanguage\":\"pt-BR\",\"potentialAction\":[{\"@type\":\"ReadAction\",\"target\":[\"https:\/\/colinahomolog.com.br\/dev\/just-real-moms\/ferias-divertidas-com-os-pequenos-de-sao-paulo\/\"]}]},{\"@type\":\"ImageObject\",\"inLanguage\":\"pt-BR\",\"@id\":\"https:\/\/colinahomolog.com.br\/dev\/just-real-moms\/ferias-divertidas-com-os-pequenos-de-sao-paulo\/#primaryimage\",\"url\":\"https:\/\/colinahomolog.com.br\/dev\/just-real-moms\/wp-content\/uploads\/2018\/01\/sp2.jpg\",\"contentUrl\":\"https:\/\/colinahomolog.com.br\/dev\/just-real-moms\/wp-content\/uploads\/2018\/01\/sp2.jpg\",\"width\":932,\"height\":509},{\"@type\":\"BreadcrumbList\",\"@id\":\"https:\/\/colinahomolog.com.br\/dev\/just-real-moms\/ferias-divertidas-com-os-pequenos-de-sao-paulo\/#breadcrumb\",\"itemListElement\":[{\"@type\":\"ListItem\",\"position\":1,\"name\":\"In\u00edcio\",\"item\":\"https:\/\/colinahomolog.com.br\/dev\/just-real-moms\/\"},{\"@type\":\"ListItem\",\"position\":2,\"name\":\"F\u00e9rias divertidas com os pequenos de S\u00e3o Paulo &#8211; por bora.ai\"}]},{\"@type\":\"WebSite\",\"@id\":\"https:\/\/colinahomolog.com.br\/dev\/just-real-moms\/#website\",\"url\":\"https:\/\/colinahomolog.com.br\/dev\/just-real-moms\/\",\"name\":\"Just Real Moms - Blog para M\u00e3es\",\"description\":\"O melhor e mais completo portal para m\u00e3es, pais e futuros pais!\",\"potentialAction\":[{\"@type\":\"SearchAction\",\"target\":{\"@type\":\"EntryPoint\",\"urlTemplate\":\"https:\/\/colinahomolog.com.br\/dev\/just-real-moms\/?s={search_term_string}\"},\"query-input\":{\"@type\":\"PropertyValueSpecification\",\"valueRequired\":true,\"valueName\":\"search_term_string\"}}],\"inLanguage\":\"pt-BR\"},{\"@type\":\"Person\",\"@id\":\"https:\/\/colinahomolog.com.br\/dev\/just-real-moms\/#\/schema\/person\/515932a32be880c655c9a97801ec749d\",\"name\":\"Ana L\u00fa Gerodetti\",\"url\":\"https:\/\/colinahomolog.com.br\/dev\/just-real-moms\/author\/ana-luisa\/\"}]}<\/script>\n<!-- \/ Yoast SEO Premium plugin. -->","yoast_head_json":{"title":"F\u00e9rias divertidas com os pequenos de S\u00e3o Paulo - por bora.ai","description":"J\u00e1 sabe como curtir as f\u00e9rias dos pequenos? Vem ver quantos programas incr\u00edveis v\u00e3o rolar em S\u00e3o Paulo durante o m\u00eas de janeiro!","robots":{"index":"index","follow":"follow","max-snippet":"max-snippet:-1","max-image-preview":"max-image-preview:large","max-video-preview":"max-video-preview:-1"},"canonical":"https:\/\/colinahomolog.com.br\/dev\/just-real-moms\/ferias-divertidas-com-os-pequenos-de-sao-paulo\/","og_locale":"pt_BR","og_type":"article","og_title":"F\u00e9rias divertidas com os pequenos de S\u00e3o Paulo - por bora.ai","og_description":"J\u00e1 sabe como curtir as f\u00e9rias dos pequenos? Vem ver quantos programas incr\u00edveis v\u00e3o rolar em S\u00e3o Paulo durante o m\u00eas de janeiro!","og_url":"https:\/\/colinahomolog.com.br\/dev\/just-real-moms\/ferias-divertidas-com-os-pequenos-de-sao-paulo\/","og_site_name":"Just Real Moms - Blog para M\u00e3es","article_publisher":"https:\/\/www.facebook.com\/JustRealMoms","article_published_time":"2018-01-05T10:20:51+00:00","og_image":[{"width":932,"height":509,"url":"https:\/\/colinahomolog.com.br\/dev\/just-real-moms\/wp-content\/uploads\/2018\/01\/sp2.jpg","type":"image\/jpeg"}],"author":"Ana L\u00fa Gerodetti","twitter_misc":{"Escrito por":"Ana L\u00fa Gerodetti","Est. tempo de leitura":"1 minuto"},"schema":{"@context":"https:\/\/schema.org","@graph":[{"@type":"WebPage","@id":"https:\/\/colinahomolog.com.br\/dev\/just-real-moms\/ferias-divertidas-com-os-pequenos-de-sao-paulo\/","url":"https:\/\/colinahomolog.com.br\/dev\/just-real-moms\/ferias-divertidas-com-os-pequenos-de-sao-paulo\/","name":"F\u00e9rias divertidas com os pequenos de S\u00e3o Paulo - por bora.ai","isPartOf":{"@id":"https:\/\/colinahomolog.com.br\/dev\/just-real-moms\/#website"},"primaryImageOfPage":{"@id":"https:\/\/colinahomolog.com.br\/dev\/just-real-moms\/ferias-divertidas-com-os-pequenos-de-sao-paulo\/#primaryimage"},"image":{"@id":"https:\/\/colinahomolog.com.br\/dev\/just-real-moms\/ferias-divertidas-com-os-pequenos-de-sao-paulo\/#primaryimage"},"thumbnailUrl":"https:\/\/colinahomolog.com.br\/dev\/just-real-moms\/wp-content\/uploads\/2018\/01\/sp2.jpg","datePublished":"2018-01-05T10:20:51+00:00","author":{"@id":"https:\/\/colinahomolog.com.br\/dev\/just-real-moms\/#\/schema\/person\/515932a32be880c655c9a97801ec749d"},"description":"J\u00e1 sabe como curtir as f\u00e9rias dos pequenos? Vem ver quantos programas incr\u00edveis v\u00e3o rolar em S\u00e3o Paulo durante o m\u00eas de janeiro!","breadcrumb":{"@id":"https:\/\/colinahomolog.com.br\/dev\/just-real-moms\/ferias-divertidas-com-os-pequenos-de-sao-paulo\/#breadcrumb"},"inLanguage":"pt-BR","potentialAction":[{"@type":"ReadAction","target":["https:\/\/colinahomolog.com.br\/dev\/just-real-moms\/ferias-divertidas-com-os-pequenos-de-sao-paulo\/"]}]},{"@type":"ImageObject","inLanguage":"pt-BR","@id":"https:\/\/colinahomolog.com.br\/dev\/just-real-moms\/ferias-divertidas-com-os-pequenos-de-sao-paulo\/#primaryimage","url":"https:\/\/colinahomolog.com.br\/dev\/just-real-moms\/wp-content\/uploads\/2018\/01\/sp2.jpg","contentUrl":"https:\/\/colinahomolog.com.br\/dev\/just-real-moms\/wp-content\/uploads\/2018\/01\/sp2.jpg","width":932,"height":509},{"@type":"BreadcrumbList","@id":"https:\/\/colinahomolog.com.br\/dev\/just-real-moms\/ferias-divertidas-com-os-pequenos-de-sao-paulo\/#breadcrumb","itemListElement":[{"@type":"ListItem","position":1,"name":"In\u00edcio","item":"https:\/\/colinahomolog.com.br\/dev\/just-real-moms\/"},{"@type":"ListItem","position":2,"name":"F\u00e9rias divertidas com os pequenos de S\u00e3o Paulo &#8211; por bora.ai"}]},{"@type":"WebSite","@id":"https:\/\/colinahomolog.com.br\/dev\/just-real-moms\/#website","url":"https:\/\/colinahomolog.com.br\/dev\/just-real-moms\/","name":"Just Real Moms - Blog para M\u00e3es","description":"O melhor e mais completo portal para m\u00e3es, pais e futuros pais!","potentialAction":[{"@type":"SearchAction","target":{"@type":"EntryPoint","urlTemplate":"https:\/\/colinahomolog.com.br\/dev\/just-real-moms\/?s={search_term_string}"},"query-input":{"@type":"PropertyValueSpecification","valueRequired":true,"valueName":"search_term_string"}}],"inLanguage":"pt-BR"},{"@type":"Person","@id":"https:\/\/colinahomolog.com.br\/dev\/just-real-moms\/#\/schema\/person\/515932a32be880c655c9a97801ec749d","name":"Ana L\u00fa Gerodetti","url":"https:\/\/colinahomolog.com.br\/dev\/just-real-moms\/author\/ana-luisa\/"}]}},"_links":{"self":[{"href":"https:\/\/colinahomolog.com.br\/dev\/just-real-moms\/wp-json\/wp\/v2\/posts\/45688","targetHints":{"allow":["GET"]}}],"collection":[{"href":"https:\/\/colinahomolog.com.br\/dev\/just-real-moms\/wp-json\/wp\/v2\/posts"}],"about":[{"href":"https:\/\/colinahomolog.com.br\/dev\/just-real-moms\/wp-json\/wp\/v2\/types\/post"}],"author":[{"embeddable":true,"href":"https:\/\/colinahomolog.com.br\/dev\/just-real-moms\/wp-json\/wp\/v2\/users\/1026"}],"replies":[{"embeddable":true,"href":"https:\/\/colinahomolog.com.br\/dev\/just-real-moms\/wp-json\/wp\/v2\/comments?post=45688"}],"version-history":[{"count":0,"href":"https:\/\/colinahomolog.com.br\/dev\/just-real-moms\/wp-json\/wp\/v2\/posts\/45688\/revisions"}],"wp:featuredmedia":[{"embeddable":true,"href":"https:\/\/colinahomolog.com.br\/dev\/just-real-moms\/wp-json\/wp\/v2\/media\/45690"}],"wp:attachment":[{"href":"https:\/\/colinahomolog.com.br\/dev\/just-real-moms\/wp-json\/wp\/v2\/media?parent=45688"}],"wp:term":[{"taxonomy":"category","embeddable":true,"href":"https:\/\/colinahomolog.com.br\/dev\/just-real-moms\/wp-json\/wp\/v2\/categories?post=45688"},{"taxonomy":"post_tag","embeddable":true,"href":"https:\/\/colinahomolog.com.br\/dev\/just-real-moms\/wp-json\/wp\/v2\/tags?post=45688"}],"curies":[{"name":"wp","href":"https:\/\/api.w.org\/{rel}","templated":true}]}}