{"id":45922,"date":"2019-12-03T08:30:35","date_gmt":"2019-12-03T11:30:35","guid":{"rendered":"https:\/\/colinahomolog.com.br\/dev\/just-real-moms\/?p=45922"},"modified":"2019-12-03T10:29:33","modified_gmt":"2019-12-03T13:29:33","slug":"querida-filha-voce-e-tao-bonita","status":"publish","type":"post","link":"https:\/\/colinahomolog.com.br\/dev\/just-real-moms\/querida-filha-voce-e-tao-bonita\/","title":{"rendered":"Querida filha, voc\u00ea \u00e9 t\u00e3o bonita!"},"content":{"rendered":"<button class=\"simplefavorite-button preset\" data-postid=\"45922\" data-siteid=\"1\" data-groupid=\"1\" data-favoritecount=\"0\" style=\"box-shadow:none;-webkit-box-shadow:none;-moz-box-shadow:none;background-color:#68ccb4;border-color:#68ccb4;color:#ffffff;\"><i class=\"sf-icon-favorite\" style=\"\"><\/i>Favorite<\/button><p>Ol\u00e1, meninas!<\/p>\n<p>Tudo bem?<\/p>\n<p>As pessoas sempre buscam alcan\u00e7ar padr\u00f5es est\u00e9ticos (mesmo que imposs\u00edveis!) e se criticam duramente quando n\u00e3o consegue alcan\u00e7\u00e1-los.<\/p>\n<p>Por isso, hoje trouxemos um texto que super vale a reflex\u00e3o de uma m\u00e3e falando &#8211; ou apenas relembrando &#8211; para a sua filha do qu\u00e3o bonita ela \u00e9, com as suas pr\u00f3prias peculiaridades.<\/p>\n<p>Texto emocionante e cheio de amor! Aposto que muitas de voc\u00eas se identificar\u00e3o com esse sentimento.<\/p>\n<p>Confiram!<\/p>\n<p>________________________________________________________________________________<\/p>\n<p>&nbsp;<\/p>\n<p style=\"text-align: center;\"><img fetchpriority=\"high\" decoding=\"async\" class=\"aligncenter wp-image-45924 size-full\" src=\"https:\/\/colinahomolog.com.br\/dev\/just-real-moms\/wp-content\/uploads\/2018\/02\/daughter-your-beautiful.jpg\" alt=\"\" width=\"700\" height=\"400\" srcset=\"https:\/\/colinahomolog.com.br\/dev\/just-real-moms\/wp-content\/uploads\/2018\/02\/daughter-your-beautiful.jpg 700w, https:\/\/colinahomolog.com.br\/dev\/just-real-moms\/wp-content\/uploads\/2018\/02\/daughter-your-beautiful-400x229.jpg 400w\" sizes=\"(max-width: 700px) 100vw, 700px\" \/><\/p>\n<p>&nbsp;<\/p>\n<p>Na maioria das vezes, quando isso acontece, sou totalmente pega de surpresa!<\/p>\n<p>\u00c9 no jeito inocente que voc\u00ea acorda pela manh\u00e3, seu cabelo est\u00e1 todo emaranhado, porque voc\u00ea dorme exatamente como eu durmo &#8211; toda embrulhada no cobertor &#8211; e seus p\u00e9s estendidos para fora dos seus len\u00e7\u00f3is favoritos de Frozen.<\/p>\n<p>\u00c9 no jeito que voc\u00ea me olha, sem nenhum vest\u00edgio de maquiagem, que eu sei que voc\u00ea ir\u00e1 implorar para usar algum dia, e o meu cora\u00e7\u00e3o se quebrar em peda\u00e7os por voc\u00ea n\u00e3o se enxergar como eu te enxergo.<\/p>\n<p>\u00c9 quando eu estou vidrada vendo voc\u00ea atravessar o quintal, rindo com a sua irm\u00e3; seus corpos t\u00e3o puros e alegres em movimento, sem nenhum vest\u00edgio daquela auto consci\u00eancia que ir\u00e1 prejudic\u00e1-la pelo resto da sua vida.<\/p>\n<p>Eu sou atingida em cheio quando vejo voc\u00ea: uma jovem que vem substituindo um beb\u00ea que um dia me surpreendeu com a sua apari\u00e7\u00e3o, o beb\u00ea que se encaixava perfeitamente nos meus bra\u00e7os (isso nunca deixa de tirar o meu f\u00f4lego!).<\/p>\n<p>Porque s\u00e3o nesses momentos &#8211; os momentos que voc\u00ea nunca ver\u00e1, a realiza\u00e7\u00e3o que voc\u00ea pode nunca ter, mas eu consigo ver e sempre conseguirei &#8211; querida filha, que voc\u00ea \u00e9 t\u00e3o, t\u00e3o bonita!<\/p>\n<p>Eu fico imaginando quando ser\u00e1 que voc\u00ea come\u00e7ar\u00e1 a ficar parecida com os outros. Quando voc\u00ea ir\u00e1 colocar e tirar todas as suas roupas, passando horas na frente do espelho que nunca refletir\u00e1 o que eu vejo em voc\u00ea.<\/p>\n<p>Eu fico imaginando como ser\u00e1 quando voc\u00ea franzir a testa para alguma coisa pela primeira vez, quando voc\u00ea ir\u00e1 se tornar a sua maior cr\u00edtica, quando voc\u00ea ir\u00e1 revirar os seus olhos com desd\u00e9m por eu protestar que voc\u00ea est\u00e1, sim, linda de morrer.<\/p>\n<p>Porque eu realmente acredito nisso, querida filha, acredito muito.<\/p>\n<p>Voc\u00ea poder\u00e1 mandar apertar ou encurtar roupas, fazer milh\u00f5es de exerc\u00edcios e dietas, poder\u00e1 at\u00e9 usar um monte de glitter (os jovens ainda usam glitter? Me desculpem se a minha idade estiver sendo revelada aqui rs!), mas, querida filha, voc\u00ea sempre ser\u00e1 uma luz incrivelmente linda para os meus olhos.<\/p>\n<p>Para mim, voc\u00ea sempre trar\u00e1 admira\u00e7\u00e3o e mais admira\u00e7\u00e3o, do mesmo jeito que senti isso na sala de parto, quando eles te trouxerem e a colocaram sobre o meu peito, e eu engasguei&#8230; Porque era voc\u00ea. Voc\u00ea, que de alguma forma eu reconheci no mesmo instante, como se fossemos velhas amigas que simplesmente haviam se separado e estavam reunidas novamente, colocando toda a vida em dia, ao inv\u00e9s de ser um encontro de m\u00e3e e filha pela primeira vez.<\/p>\n<p>A verdade \u00e9 que \u00e0s vezes eu s\u00f3 fico te olhando. Sim, eu sei que talvez isso possa soar um pouco estranho, mas eu n\u00e3o irei me desculpar, porque eu sou uma m\u00e3e e isso me faz uma maluca, pois seria imposs\u00edvel viver com o seu cora\u00e7\u00e3o machucado por estar em um mundo onde basicamente todo mundo joga bombas de \u00f3dio e tristeza para todos os lados e isso te faz perder a cabe\u00e7a um pouquinho.<\/p>\n<p>Eu fico te olhando porque eu nunca parei de sentir aquela ansiedade, aquela respira\u00e7\u00e3o aguda de quando eu te carregava nos meus bra\u00e7os; meu cora\u00e7\u00e3o inchado e batendo forte at\u00e9 eu sentir que ele n\u00e3o cabe mais dentro do meu peito e nos engoliu inteiras.<\/p>\n<p>Eu fico te olhando porque tudo em voc\u00ea, desde aquela mancha na sua perna at\u00e9 o jeito como coloca os cabelos atr\u00e1s da orelha, passando pela forma como voc\u00ea faz quando est\u00e1 pintando um desenho, me lembra de mim mesma.<\/p>\n<p>\u00c0s vezes, a intensidade do quanto eu te amo me surpreende, como se eu tivesse que me controlar, voltar \u00e0s sombras e me lembrar de ficar tranquila para n\u00e3o te assustar sendo uma m\u00e3e extremamente emocional e sens\u00edvel. Eu chorei na sua gradua\u00e7\u00e3o do jardim de inf\u00e2ncia e fiquei envergonhada com isso, sabendo que eu tinha 18 anos completos e mais 3 crian\u00e7as que passar\u00e3o por isso. Foi e ser\u00e1 dif\u00edcil!<\/p>\n<p>Mas eu quero engarrafar a beleza que vejo em voc\u00ea, na sua maneira descuidada de pular e correr e brincar com os seus irm\u00e3os, em cada respira\u00e7\u00e3o que voc\u00ea me tira quando est\u00e1 dormindo, em cada abra\u00e7o que voc\u00ea me d\u00e1 sem nem pensar por um segundo antes disso. Eu quero colocar em um potinho a sua beleza deslumbrante, como se fosse um pouco de areia, para poder te entregar quando voc\u00ea atingir essa idade que sei que est\u00e1 chegando; aquela idade em que voc\u00ea come\u00e7a a viver n\u00e3o s\u00f3 por si mesma e pela pura alegria de ser voc\u00ea, mas tamb\u00e9m pelas compara\u00e7\u00f5es que far\u00e1 com os outros &#8211; com outras mulheres, aos olhos dos meninos, contra os seus pr\u00f3prios padr\u00f5es super cr\u00edticos.<\/p>\n<p>Eu gostaria de construir o maior espelho do mundo, aquele que poderia maficamente te mostrar o que eu vejo e gesticular de forma incessante para que voc\u00ea olhasse e visse o que eu vejo em voc\u00ea.<\/p>\n<p>Para que voc\u00ea visse a for\u00e7a, a sensibilidade, a intelig\u00eancia, a gentileza, todas as peculiaridades, os tra\u00e7os, os defeitos&#8230; Tudo junto, como em uma grande tape\u00e7aria m\u00e1gica.<\/p>\n<p>Porque, querida filha, voc\u00ea \u00e9 t\u00e3o bonita! Mesmo sabendo que algum dia voc\u00ea n\u00e3o ir\u00e1 acreditar nisso, voc\u00ea \u00e9 t\u00e3o bonita!<\/p>\n<p style=\"text-align: center;\"><strong>FONTE: <a href=\"http:\/\/www.scarymommy.com\/dear-daughter-you-are-so-beautiful\/?utm_source=FB\" target=\"_blank\" rel=\"noopener\">Scary Mommy<\/a><\/strong><\/p>\n<p>&nbsp;<\/p>\n<p>&nbsp;<\/p>\n<p>&nbsp;<\/p>\n<p>&nbsp;<\/p>\n<p>&nbsp;<\/p>\n\n    <div class=\"xs_social_share_widget xs_share_url after_content \t\tmain_content  wslu-style-1 wslu-share-box-shaped wslu-fill-colored wslu-none wslu-share-horizontal wslu-theme-font-no wslu-main_content\">\n\n\t\t\n        <ul>\n\t\t\t        <\/ul>\n    <\/div> \n","protected":false},"excerpt":{"rendered":"<p>FavoriteOl\u00e1, meninas! Tudo bem? As pessoas sempre buscam alcan\u00e7ar padr\u00f5es est\u00e9ticos (mesmo que imposs\u00edveis!) e se criticam duramente quando n\u00e3o consegue alcan\u00e7\u00e1-los. Por isso, hoje trouxemos um texto que super vale a reflex\u00e3o de uma m\u00e3e falando &#8211; ou apenas relembrando &#8211; para a sua filha do qu\u00e3o bonita ela \u00e9, com as suas pr\u00f3prias [&hellip;]<\/p>\n","protected":false},"author":1026,"featured_media":45924,"comment_status":"open","ping_status":"closed","sticky":false,"template":"","format":"standard","meta":{"_acf_changed":false,"footnotes":""},"categories":[30,1777],"tags":[],"class_list":{"0":"post-45922","1":"post","2":"type-post","3":"status-publish","4":"format-standard","5":"has-post-thumbnail","7":"category-de-mae-para-mae","8":"category-somos-todas-iguais"},"acf":[],"yoast_head":"<!-- This site is optimized with the Yoast SEO Premium plugin v26.6 (Yoast SEO v26.6) - https:\/\/yoast.com\/wordpress\/plugins\/seo\/ -->\n<title>Querida filha, voc\u00ea \u00e9 t\u00e3o bonita!<\/title>\n<meta name=\"description\" content=\"Voc\u00ea tamb\u00e9m gostaria que a sua filha se visse t\u00e3o bonita quanto voc\u00ea a v\u00ea?! Confira o post de hoje com um texto emocionante de uma m\u00e3e para a sua pequena!\" \/>\n<meta name=\"robots\" content=\"index, follow, max-snippet:-1, max-image-preview:large, max-video-preview:-1\" \/>\n<link rel=\"canonical\" href=\"https:\/\/colinahomolog.com.br\/dev\/just-real-moms\/querida-filha-voce-e-tao-bonita\/\" \/>\n<meta property=\"og:locale\" content=\"pt_BR\" \/>\n<meta property=\"og:type\" content=\"article\" \/>\n<meta property=\"og:title\" content=\"Querida filha, voc\u00ea \u00e9 t\u00e3o bonita!\" \/>\n<meta property=\"og:description\" content=\"Voc\u00ea tamb\u00e9m gostaria que a sua filha se visse t\u00e3o bonita quanto voc\u00ea a v\u00ea?! Confira o post de hoje com um texto emocionante de uma m\u00e3e para a sua pequena!\" \/>\n<meta property=\"og:url\" content=\"https:\/\/colinahomolog.com.br\/dev\/just-real-moms\/querida-filha-voce-e-tao-bonita\/\" \/>\n<meta property=\"og:site_name\" content=\"Just Real Moms - Blog para M\u00e3es\" \/>\n<meta property=\"article:publisher\" content=\"https:\/\/www.facebook.com\/JustRealMoms\" \/>\n<meta property=\"article:published_time\" content=\"2019-12-03T11:30:35+00:00\" \/>\n<meta property=\"article:modified_time\" content=\"2019-12-03T13:29:33+00:00\" \/>\n<meta property=\"og:image\" content=\"https:\/\/colinahomolog.com.br\/dev\/just-real-moms\/wp-content\/uploads\/2018\/02\/daughter-your-beautiful.jpg\" \/>\n\t<meta property=\"og:image:width\" content=\"700\" \/>\n\t<meta property=\"og:image:height\" content=\"400\" \/>\n\t<meta property=\"og:image:type\" content=\"image\/jpeg\" \/>\n<meta name=\"author\" content=\"Ana L\u00fa Gerodetti\" \/>\n<meta name=\"twitter:label1\" content=\"Escrito por\" \/>\n\t<meta name=\"twitter:data1\" content=\"Ana L\u00fa Gerodetti\" \/>\n\t<meta name=\"twitter:label2\" content=\"Est. tempo de leitura\" \/>\n\t<meta name=\"twitter:data2\" content=\"5 minutos\" \/>\n<script type=\"application\/ld+json\" class=\"yoast-schema-graph\">{\"@context\":\"https:\/\/schema.org\",\"@graph\":[{\"@type\":\"WebPage\",\"@id\":\"https:\/\/colinahomolog.com.br\/dev\/just-real-moms\/querida-filha-voce-e-tao-bonita\/\",\"url\":\"https:\/\/colinahomolog.com.br\/dev\/just-real-moms\/querida-filha-voce-e-tao-bonita\/\",\"name\":\"Querida filha, voc\u00ea \u00e9 t\u00e3o bonita!\",\"isPartOf\":{\"@id\":\"https:\/\/colinahomolog.com.br\/dev\/just-real-moms\/#website\"},\"primaryImageOfPage\":{\"@id\":\"https:\/\/colinahomolog.com.br\/dev\/just-real-moms\/querida-filha-voce-e-tao-bonita\/#primaryimage\"},\"image\":{\"@id\":\"https:\/\/colinahomolog.com.br\/dev\/just-real-moms\/querida-filha-voce-e-tao-bonita\/#primaryimage\"},\"thumbnailUrl\":\"https:\/\/colinahomolog.com.br\/dev\/just-real-moms\/wp-content\/uploads\/2018\/02\/daughter-your-beautiful.jpg\",\"datePublished\":\"2019-12-03T11:30:35+00:00\",\"dateModified\":\"2019-12-03T13:29:33+00:00\",\"author\":{\"@id\":\"https:\/\/colinahomolog.com.br\/dev\/just-real-moms\/#\/schema\/person\/515932a32be880c655c9a97801ec749d\"},\"description\":\"Voc\u00ea tamb\u00e9m gostaria que a sua filha se visse t\u00e3o bonita quanto voc\u00ea a v\u00ea?! Confira o post de hoje com um texto emocionante de uma m\u00e3e para a sua pequena!\",\"breadcrumb\":{\"@id\":\"https:\/\/colinahomolog.com.br\/dev\/just-real-moms\/querida-filha-voce-e-tao-bonita\/#breadcrumb\"},\"inLanguage\":\"pt-BR\",\"potentialAction\":[{\"@type\":\"ReadAction\",\"target\":[\"https:\/\/colinahomolog.com.br\/dev\/just-real-moms\/querida-filha-voce-e-tao-bonita\/\"]}]},{\"@type\":\"ImageObject\",\"inLanguage\":\"pt-BR\",\"@id\":\"https:\/\/colinahomolog.com.br\/dev\/just-real-moms\/querida-filha-voce-e-tao-bonita\/#primaryimage\",\"url\":\"https:\/\/colinahomolog.com.br\/dev\/just-real-moms\/wp-content\/uploads\/2018\/02\/daughter-your-beautiful.jpg\",\"contentUrl\":\"https:\/\/colinahomolog.com.br\/dev\/just-real-moms\/wp-content\/uploads\/2018\/02\/daughter-your-beautiful.jpg\",\"width\":700,\"height\":400},{\"@type\":\"BreadcrumbList\",\"@id\":\"https:\/\/colinahomolog.com.br\/dev\/just-real-moms\/querida-filha-voce-e-tao-bonita\/#breadcrumb\",\"itemListElement\":[{\"@type\":\"ListItem\",\"position\":1,\"name\":\"In\u00edcio\",\"item\":\"https:\/\/colinahomolog.com.br\/dev\/just-real-moms\/\"},{\"@type\":\"ListItem\",\"position\":2,\"name\":\"Querida filha, voc\u00ea \u00e9 t\u00e3o bonita!\"}]},{\"@type\":\"WebSite\",\"@id\":\"https:\/\/colinahomolog.com.br\/dev\/just-real-moms\/#website\",\"url\":\"https:\/\/colinahomolog.com.br\/dev\/just-real-moms\/\",\"name\":\"Just Real Moms - Blog para M\u00e3es\",\"description\":\"O melhor e mais completo portal para m\u00e3es, pais e futuros pais!\",\"potentialAction\":[{\"@type\":\"SearchAction\",\"target\":{\"@type\":\"EntryPoint\",\"urlTemplate\":\"https:\/\/colinahomolog.com.br\/dev\/just-real-moms\/?s={search_term_string}\"},\"query-input\":{\"@type\":\"PropertyValueSpecification\",\"valueRequired\":true,\"valueName\":\"search_term_string\"}}],\"inLanguage\":\"pt-BR\"},{\"@type\":\"Person\",\"@id\":\"https:\/\/colinahomolog.com.br\/dev\/just-real-moms\/#\/schema\/person\/515932a32be880c655c9a97801ec749d\",\"name\":\"Ana L\u00fa Gerodetti\",\"url\":\"https:\/\/colinahomolog.com.br\/dev\/just-real-moms\/author\/ana-luisa\/\"}]}<\/script>\n<!-- \/ Yoast SEO Premium plugin. -->","yoast_head_json":{"title":"Querida filha, voc\u00ea \u00e9 t\u00e3o bonita!","description":"Voc\u00ea tamb\u00e9m gostaria que a sua filha se visse t\u00e3o bonita quanto voc\u00ea a v\u00ea?! Confira o post de hoje com um texto emocionante de uma m\u00e3e para a sua pequena!","robots":{"index":"index","follow":"follow","max-snippet":"max-snippet:-1","max-image-preview":"max-image-preview:large","max-video-preview":"max-video-preview:-1"},"canonical":"https:\/\/colinahomolog.com.br\/dev\/just-real-moms\/querida-filha-voce-e-tao-bonita\/","og_locale":"pt_BR","og_type":"article","og_title":"Querida filha, voc\u00ea \u00e9 t\u00e3o bonita!","og_description":"Voc\u00ea tamb\u00e9m gostaria que a sua filha se visse t\u00e3o bonita quanto voc\u00ea a v\u00ea?! Confira o post de hoje com um texto emocionante de uma m\u00e3e para a sua pequena!","og_url":"https:\/\/colinahomolog.com.br\/dev\/just-real-moms\/querida-filha-voce-e-tao-bonita\/","og_site_name":"Just Real Moms - Blog para M\u00e3es","article_publisher":"https:\/\/www.facebook.com\/JustRealMoms","article_published_time":"2019-12-03T11:30:35+00:00","article_modified_time":"2019-12-03T13:29:33+00:00","og_image":[{"width":700,"height":400,"url":"https:\/\/colinahomolog.com.br\/dev\/just-real-moms\/wp-content\/uploads\/2018\/02\/daughter-your-beautiful.jpg","type":"image\/jpeg"}],"author":"Ana L\u00fa Gerodetti","twitter_misc":{"Escrito por":"Ana L\u00fa Gerodetti","Est. tempo de leitura":"5 minutos"},"schema":{"@context":"https:\/\/schema.org","@graph":[{"@type":"WebPage","@id":"https:\/\/colinahomolog.com.br\/dev\/just-real-moms\/querida-filha-voce-e-tao-bonita\/","url":"https:\/\/colinahomolog.com.br\/dev\/just-real-moms\/querida-filha-voce-e-tao-bonita\/","name":"Querida filha, voc\u00ea \u00e9 t\u00e3o bonita!","isPartOf":{"@id":"https:\/\/colinahomolog.com.br\/dev\/just-real-moms\/#website"},"primaryImageOfPage":{"@id":"https:\/\/colinahomolog.com.br\/dev\/just-real-moms\/querida-filha-voce-e-tao-bonita\/#primaryimage"},"image":{"@id":"https:\/\/colinahomolog.com.br\/dev\/just-real-moms\/querida-filha-voce-e-tao-bonita\/#primaryimage"},"thumbnailUrl":"https:\/\/colinahomolog.com.br\/dev\/just-real-moms\/wp-content\/uploads\/2018\/02\/daughter-your-beautiful.jpg","datePublished":"2019-12-03T11:30:35+00:00","dateModified":"2019-12-03T13:29:33+00:00","author":{"@id":"https:\/\/colinahomolog.com.br\/dev\/just-real-moms\/#\/schema\/person\/515932a32be880c655c9a97801ec749d"},"description":"Voc\u00ea tamb\u00e9m gostaria que a sua filha se visse t\u00e3o bonita quanto voc\u00ea a v\u00ea?! Confira o post de hoje com um texto emocionante de uma m\u00e3e para a sua pequena!","breadcrumb":{"@id":"https:\/\/colinahomolog.com.br\/dev\/just-real-moms\/querida-filha-voce-e-tao-bonita\/#breadcrumb"},"inLanguage":"pt-BR","potentialAction":[{"@type":"ReadAction","target":["https:\/\/colinahomolog.com.br\/dev\/just-real-moms\/querida-filha-voce-e-tao-bonita\/"]}]},{"@type":"ImageObject","inLanguage":"pt-BR","@id":"https:\/\/colinahomolog.com.br\/dev\/just-real-moms\/querida-filha-voce-e-tao-bonita\/#primaryimage","url":"https:\/\/colinahomolog.com.br\/dev\/just-real-moms\/wp-content\/uploads\/2018\/02\/daughter-your-beautiful.jpg","contentUrl":"https:\/\/colinahomolog.com.br\/dev\/just-real-moms\/wp-content\/uploads\/2018\/02\/daughter-your-beautiful.jpg","width":700,"height":400},{"@type":"BreadcrumbList","@id":"https:\/\/colinahomolog.com.br\/dev\/just-real-moms\/querida-filha-voce-e-tao-bonita\/#breadcrumb","itemListElement":[{"@type":"ListItem","position":1,"name":"In\u00edcio","item":"https:\/\/colinahomolog.com.br\/dev\/just-real-moms\/"},{"@type":"ListItem","position":2,"name":"Querida filha, voc\u00ea \u00e9 t\u00e3o bonita!"}]},{"@type":"WebSite","@id":"https:\/\/colinahomolog.com.br\/dev\/just-real-moms\/#website","url":"https:\/\/colinahomolog.com.br\/dev\/just-real-moms\/","name":"Just Real Moms - Blog para M\u00e3es","description":"O melhor e mais completo portal para m\u00e3es, pais e futuros pais!","potentialAction":[{"@type":"SearchAction","target":{"@type":"EntryPoint","urlTemplate":"https:\/\/colinahomolog.com.br\/dev\/just-real-moms\/?s={search_term_string}"},"query-input":{"@type":"PropertyValueSpecification","valueRequired":true,"valueName":"search_term_string"}}],"inLanguage":"pt-BR"},{"@type":"Person","@id":"https:\/\/colinahomolog.com.br\/dev\/just-real-moms\/#\/schema\/person\/515932a32be880c655c9a97801ec749d","name":"Ana L\u00fa Gerodetti","url":"https:\/\/colinahomolog.com.br\/dev\/just-real-moms\/author\/ana-luisa\/"}]}},"_links":{"self":[{"href":"https:\/\/colinahomolog.com.br\/dev\/just-real-moms\/wp-json\/wp\/v2\/posts\/45922","targetHints":{"allow":["GET"]}}],"collection":[{"href":"https:\/\/colinahomolog.com.br\/dev\/just-real-moms\/wp-json\/wp\/v2\/posts"}],"about":[{"href":"https:\/\/colinahomolog.com.br\/dev\/just-real-moms\/wp-json\/wp\/v2\/types\/post"}],"author":[{"embeddable":true,"href":"https:\/\/colinahomolog.com.br\/dev\/just-real-moms\/wp-json\/wp\/v2\/users\/1026"}],"replies":[{"embeddable":true,"href":"https:\/\/colinahomolog.com.br\/dev\/just-real-moms\/wp-json\/wp\/v2\/comments?post=45922"}],"version-history":[{"count":0,"href":"https:\/\/colinahomolog.com.br\/dev\/just-real-moms\/wp-json\/wp\/v2\/posts\/45922\/revisions"}],"wp:featuredmedia":[{"embeddable":true,"href":"https:\/\/colinahomolog.com.br\/dev\/just-real-moms\/wp-json\/wp\/v2\/media\/45924"}],"wp:attachment":[{"href":"https:\/\/colinahomolog.com.br\/dev\/just-real-moms\/wp-json\/wp\/v2\/media?parent=45922"}],"wp:term":[{"taxonomy":"category","embeddable":true,"href":"https:\/\/colinahomolog.com.br\/dev\/just-real-moms\/wp-json\/wp\/v2\/categories?post=45922"},{"taxonomy":"post_tag","embeddable":true,"href":"https:\/\/colinahomolog.com.br\/dev\/just-real-moms\/wp-json\/wp\/v2\/tags?post=45922"}],"curies":[{"name":"wp","href":"https:\/\/api.w.org\/{rel}","templated":true}]}}