{"id":46078,"date":"2020-04-30T08:30:01","date_gmt":"2020-04-30T11:30:01","guid":{"rendered":"https:\/\/colinahomolog.com.br\/dev\/just-real-moms\/?p=46078"},"modified":"2020-04-08T12:54:28","modified_gmt":"2020-04-08T15:54:28","slug":"conta-nao-bate-por-manuela-titoto","status":"publish","type":"post","link":"https:\/\/colinahomolog.com.br\/dev\/just-real-moms\/conta-nao-bate-por-manuela-titoto\/","title":{"rendered":"A conta n\u00e3o bate &#8211; por Manuela Titoto"},"content":{"rendered":"<button class=\"simplefavorite-button preset\" data-postid=\"46078\" data-siteid=\"1\" data-groupid=\"1\" data-favoritecount=\"0\" style=\"box-shadow:none;-webkit-box-shadow:none;-moz-box-shadow:none;background-color:#68ccb4;border-color:#68ccb4;color:#ffffff;\"><i class=\"sf-icon-favorite\" style=\"\"><\/i>Favorite<\/button><p>Oie, moms!<\/p>\n<p>Quem nos acompanha aqui no blog, sabe que temos um espa\u00e7o para as nossas leitoras nos enviarem seus textos e compartilharem seus conhecimentos com outras m\u00e3es &#8211; afinal, o apoio m\u00fatuo \u00e9 sempre bom, n\u00e9?<\/p>\n<p>Hoje, quem escreveu o post foi a <strong>Manuela Titoto<\/strong>, de Ribeir\u00e3o Preto, autora do livro &#8220;<a href=\"https:\/\/manuelatitoto.wordpress.com\/livros\/\" target=\"_blank\" rel=\"noopener noreferrer\">A Tempestade<\/a>&#8221; e m\u00e3e da Isabella e do Caetano. Ela fez uma reflex\u00e3o importante sobre como as agendas e as cobran\u00e7as podem ser exageradas com os pequenos.<\/p>\n<p>Ah, e caso voc\u00ea goste das palavras da Manuela, n\u00e3o deixe de conferir o blog incr\u00edvel que ela tem (<a href=\"https:\/\/manuelatitoto.wordpress.com\" target=\"_blank\" rel=\"noopener noreferrer\">clique aqui<\/a>)!<\/p>\n<p>Confiram essa leitura super real e importante!<\/p>\n<p>________________________________________________________________________________<\/p>\n<p>&nbsp;<\/p>\n<p><img fetchpriority=\"high\" decoding=\"async\" class=\"aligncenter wp-image-46079 size-full\" src=\"https:\/\/colinahomolog.com.br\/dev\/just-real-moms\/wp-content\/uploads\/2018\/03\/depositphotos_12386402_s-2015.jpg\" alt=\"A conta n\u00e3o bate - por Manuela Titoto\" width=\"500\" height=\"364\" srcset=\"https:\/\/colinahomolog.com.br\/dev\/just-real-moms\/wp-content\/uploads\/2018\/03\/depositphotos_12386402_s-2015.jpg 500w, https:\/\/colinahomolog.com.br\/dev\/just-real-moms\/wp-content\/uploads\/2018\/03\/depositphotos_12386402_s-2015-400x291.jpg 400w\" sizes=\"(max-width: 500px) 100vw, 500px\" \/><\/p>\n<p>&nbsp;<\/p>\n<p>Mozart come\u00e7ou a escrever sua primeira sinfonia com oito anos de idade. Beethoven estudava cravo, viola e violino aos cinco. Quando assoprou a sexta velinha, Tchaikovsky j\u00e1 tocava piano.<\/p>\n<p>Aqui em casa, minha filha tem sete. Ganhou uma flauta que leva para escola, mas n\u00e3o tem ideia de como tocar. Meu filho tem cinco e canta Wesley Safad\u00e3o \u2013uma m\u00fasica que nem eu conhecia e sabe-se-Deus onde ele aprendeu.<\/p>\n<p>Queria ter introduzido a educa\u00e7\u00e3o musical h\u00e1 tempos na vida dos pequenos. Estudos cient\u00edficos comprovam a liga\u00e7\u00e3o da pr\u00e1tica musical com o desenvolvimento cerebral.<\/p>\n<p>Agora que j\u00e1 privei a op\u00e7\u00e3o dos meus filhos se tornarem g\u00eanios da m\u00fasica e tamb\u00e9m de terem o melhor desenvolvimento cerebral poss\u00edvel, a \u00fanica coisa que me resta \u00e9 a culpa. Eu sabia -sei- da import\u00e2ncia das notas, queria ter feito melhor, mas \u00e9 que simplesmente &#8230; a conta n\u00e3o bate.<\/p>\n<p>Veja bem, o dia tem vinte e quatro horas.<\/p>\n<p>A crian\u00e7a precisa dormir de 9 a 12 horas, de acordo com a American Academy of Sleep Medicine (Academia Americana de Medicina do Sono).\u00a0\u00a0Caso contr\u00e1rio, podem desenvolver problemas de aten\u00e7\u00e3o, mem\u00f3ria, comportamento, obesidade, hipertens\u00e3o, ansiedade e depress\u00e3o.<\/p>\n<p>Pai amado, Deus nos livre disso.<\/p>\n<p>Cinco horas v\u00e3o para escola, claro. Educa\u00e7\u00e3o \u00e9 primordial e escola imprescind\u00edvel.<\/p>\n<p>Nata\u00e7\u00e3o, como ensinou nossa amada pediatra, a Dra. Sueli, n\u00e3o \u00e9 op\u00e7\u00e3o, \u00e9 quesito fundamental de seguran\u00e7a. Fora o tanto que contribui para o desenvolvimento cognitivo, socioafetivo e motor.<\/p>\n<p>Educa\u00e7\u00e3o musical, j\u00e1 expus os benef\u00edcios.<\/p>\n<p>Luta ou ballet para disciplina e postura.<\/p>\n<p>Ingl\u00eas ou outra l\u00edngua. A habilidade de aprender outro idioma \u00e9 maior entre os dois e cinco anos, aumenta a consci\u00eancia metalingu\u00edstica, os pensamentos de l\u00f3gica e c\u00e1lculo.<\/p>\n<p>Tempo para li\u00e7\u00e3o de casa.<\/p>\n<p>Dia sem atividade extra, para brincar. Todo mundo sabe que o t\u00e9dio \u00e9 fundamental para a criatividade das crian\u00e7as.<\/p>\n<p>Os necess\u00e1rios \u2013que, n\u00e3o sei na casa de voc\u00eas, mas na minha leva cerca de quarenta minutos cada: caf\u00e9-da-manh\u00e3, lanche, almo\u00e7o, lanche, jantar, banho, se trocar.<\/p>\n<p>Colocar as crian\u00e7as no carro, s\u00f3 quem \u00e9 m\u00e3e sabe que tamb\u00e9m leva tempo.<\/p>\n<p>Tempo para ficar no tablet (dispens\u00e1vel total, mas existe e precisamos ser male\u00e1veis. Tamb\u00e9m n\u00e3o queremos alienados de tecnologia).<\/p>\n<p>M\u00e9dico, acupuntura, homeopatia, Kumon.<\/p>\n<p>Os dois dias que ficam integral na escola.<\/p>\n<p>Tempo exclusivo m\u00e3e e filho1, tempo exclusivo m\u00e3e e filho2.<\/p>\n<p>Tempo para ir na casa dos amiguinhos. Tempo para os amiguinhos virem em casa.<\/p>\n<p>Hora de contar hist\u00f3ria para dormir \u2013 tamb\u00e9m imprescind\u00edvel, hist\u00f3rias movem o mundo.<\/p>\n<p>Cineminha, teatrinho, picnics.<\/p>\n<p>T\u00eanis, hipismo, futebol, computa\u00e7\u00e3o, xadrez, pintura, circo, viol\u00e3o, piano, esgrima, teatro, yoga, tudo aquilo que desejo que meus filhos conhe\u00e7am, mas que simplesmente n\u00e3o d\u00e1.<\/p>\n<p>A conta n\u00e3o fecha, o dia tem limite de horas- e de paci\u00eancia. Todo mundo quer que as crias tenham a intelig\u00eancia do rec\u00e9m falecido Stephen Hawking, a habilidade de Federer, o empreendedorismo de Jobs. Minha maior inten\u00e7\u00e3o como m\u00e3e \u00e9 poder guiar meus filhos para que possam ser o melhor de si, independentemente do que isso seja. Segue \u2013e sempre seguir\u00e1- a n\u00edtida sensa\u00e7\u00e3o de que eu poderia estar fazendo mais. O que \u00e9 uma bobagem sem fim, porque o que importa no fim das contas, \u00e9 se eles est\u00e3o felizes, se t\u00eam bons exemplos em casa e se seguem curiosos com o mundo. Formando car\u00e1ter, mais do que qualquer outra atividade, trar\u00e1 o que precisam para enfrentar a vida. \u00c9 nisso que acredito, com toda minha alma.<\/p>\n<p>Mas, se abrir vaga na turma de chefs mirins, n\u00e3o deixe de me avisar.<\/p>\n<p>________________________________________________________________________________<\/p>\n<p>&nbsp;<\/p>\n<p>Voc\u00ea tamb\u00e9m gostaria de compartilhar um texto seu com as nossas leitoras?\u00a0<a href=\"https:\/\/colinahomolog.com.br\/dev\/just-real-moms\/contato\/\" target=\"_blank\" rel=\"noopener noreferrer\">Envie para a gente<\/a>!<\/p>\n\n    <div class=\"xs_social_share_widget xs_share_url after_content \t\tmain_content  wslu-style-1 wslu-share-box-shaped wslu-fill-colored wslu-none wslu-share-horizontal wslu-theme-font-no wslu-main_content\">\n\n\t\t\n        <ul>\n\t\t\t        <\/ul>\n    <\/div> \n","protected":false},"excerpt":{"rendered":"<p>FavoriteOie, moms! Quem nos acompanha aqui no blog, sabe que temos um espa\u00e7o para as nossas leitoras nos enviarem seus textos e compartilharem seus conhecimentos com outras m\u00e3es &#8211; afinal, o apoio m\u00fatuo \u00e9 sempre bom, n\u00e9? Hoje, quem escreveu o post foi a Manuela Titoto, de Ribeir\u00e3o Preto, autora do livro &#8220;A Tempestade&#8221; e [&hellip;]<\/p>\n","protected":false},"author":1026,"featured_media":46079,"comment_status":"open","ping_status":"closed","sticky":false,"template":"","format":"standard","meta":{"_acf_changed":false,"footnotes":""},"categories":[30,1777],"tags":[],"class_list":{"0":"post-46078","1":"post","2":"type-post","3":"status-publish","4":"format-standard","5":"has-post-thumbnail","7":"category-de-mae-para-mae","8":"category-somos-todas-iguais"},"acf":[],"yoast_head":"<!-- This site is optimized with the Yoast SEO Premium plugin v26.6 (Yoast SEO v26.6) - https:\/\/yoast.com\/wordpress\/plugins\/seo\/ -->\n<title>A conta n\u00e3o bate - por Manuela Titoto<\/title>\n<meta name=\"description\" content=\"No post de hoje, a escritora Manuela Titoto fala sobre o excesso de atividades na vida das crian\u00e7as e como essa conta n\u00e3o bate. Confiram!\" \/>\n<meta name=\"robots\" content=\"index, follow, max-snippet:-1, max-image-preview:large, max-video-preview:-1\" \/>\n<link rel=\"canonical\" href=\"https:\/\/colinahomolog.com.br\/dev\/just-real-moms\/conta-nao-bate-por-manuela-titoto\/\" \/>\n<meta property=\"og:locale\" content=\"pt_BR\" \/>\n<meta property=\"og:type\" content=\"article\" \/>\n<meta property=\"og:title\" content=\"A conta n\u00e3o bate - por Manuela Titoto\" \/>\n<meta property=\"og:description\" content=\"No post de hoje, a escritora Manuela Titoto fala sobre o excesso de atividades na vida das crian\u00e7as e como essa conta n\u00e3o bate. Confiram!\" \/>\n<meta property=\"og:url\" content=\"https:\/\/colinahomolog.com.br\/dev\/just-real-moms\/conta-nao-bate-por-manuela-titoto\/\" \/>\n<meta property=\"og:site_name\" content=\"Just Real Moms - Blog para M\u00e3es\" \/>\n<meta property=\"article:publisher\" content=\"https:\/\/www.facebook.com\/JustRealMoms\" \/>\n<meta property=\"article:published_time\" content=\"2020-04-30T11:30:01+00:00\" \/>\n<meta property=\"og:image\" content=\"https:\/\/colinahomolog.com.br\/dev\/just-real-moms\/wp-content\/uploads\/2018\/03\/depositphotos_12386402_s-2015.jpg\" \/>\n\t<meta property=\"og:image:width\" content=\"500\" \/>\n\t<meta property=\"og:image:height\" content=\"364\" \/>\n\t<meta property=\"og:image:type\" content=\"image\/jpeg\" \/>\n<meta name=\"author\" content=\"Ana L\u00fa Gerodetti\" \/>\n<meta name=\"twitter:label1\" content=\"Escrito por\" \/>\n\t<meta name=\"twitter:data1\" content=\"Ana L\u00fa Gerodetti\" \/>\n\t<meta name=\"twitter:label2\" content=\"Est. tempo de leitura\" \/>\n\t<meta name=\"twitter:data2\" content=\"4 minutos\" \/>\n<script type=\"application\/ld+json\" class=\"yoast-schema-graph\">{\"@context\":\"https:\/\/schema.org\",\"@graph\":[{\"@type\":\"WebPage\",\"@id\":\"https:\/\/colinahomolog.com.br\/dev\/just-real-moms\/conta-nao-bate-por-manuela-titoto\/\",\"url\":\"https:\/\/colinahomolog.com.br\/dev\/just-real-moms\/conta-nao-bate-por-manuela-titoto\/\",\"name\":\"A conta n\u00e3o bate - por Manuela Titoto\",\"isPartOf\":{\"@id\":\"https:\/\/colinahomolog.com.br\/dev\/just-real-moms\/#website\"},\"primaryImageOfPage\":{\"@id\":\"https:\/\/colinahomolog.com.br\/dev\/just-real-moms\/conta-nao-bate-por-manuela-titoto\/#primaryimage\"},\"image\":{\"@id\":\"https:\/\/colinahomolog.com.br\/dev\/just-real-moms\/conta-nao-bate-por-manuela-titoto\/#primaryimage\"},\"thumbnailUrl\":\"https:\/\/colinahomolog.com.br\/dev\/just-real-moms\/wp-content\/uploads\/2018\/03\/depositphotos_12386402_s-2015.jpg\",\"datePublished\":\"2020-04-30T11:30:01+00:00\",\"author\":{\"@id\":\"https:\/\/colinahomolog.com.br\/dev\/just-real-moms\/#\/schema\/person\/515932a32be880c655c9a97801ec749d\"},\"description\":\"No post de hoje, a escritora Manuela Titoto fala sobre o excesso de atividades na vida das crian\u00e7as e como essa conta n\u00e3o bate. Confiram!\",\"breadcrumb\":{\"@id\":\"https:\/\/colinahomolog.com.br\/dev\/just-real-moms\/conta-nao-bate-por-manuela-titoto\/#breadcrumb\"},\"inLanguage\":\"pt-BR\",\"potentialAction\":[{\"@type\":\"ReadAction\",\"target\":[\"https:\/\/colinahomolog.com.br\/dev\/just-real-moms\/conta-nao-bate-por-manuela-titoto\/\"]}]},{\"@type\":\"ImageObject\",\"inLanguage\":\"pt-BR\",\"@id\":\"https:\/\/colinahomolog.com.br\/dev\/just-real-moms\/conta-nao-bate-por-manuela-titoto\/#primaryimage\",\"url\":\"https:\/\/colinahomolog.com.br\/dev\/just-real-moms\/wp-content\/uploads\/2018\/03\/depositphotos_12386402_s-2015.jpg\",\"contentUrl\":\"https:\/\/colinahomolog.com.br\/dev\/just-real-moms\/wp-content\/uploads\/2018\/03\/depositphotos_12386402_s-2015.jpg\",\"width\":500,\"height\":364,\"caption\":\"sad little girl and books\"},{\"@type\":\"BreadcrumbList\",\"@id\":\"https:\/\/colinahomolog.com.br\/dev\/just-real-moms\/conta-nao-bate-por-manuela-titoto\/#breadcrumb\",\"itemListElement\":[{\"@type\":\"ListItem\",\"position\":1,\"name\":\"In\u00edcio\",\"item\":\"https:\/\/colinahomolog.com.br\/dev\/just-real-moms\/\"},{\"@type\":\"ListItem\",\"position\":2,\"name\":\"A conta n\u00e3o bate &#8211; por Manuela Titoto\"}]},{\"@type\":\"WebSite\",\"@id\":\"https:\/\/colinahomolog.com.br\/dev\/just-real-moms\/#website\",\"url\":\"https:\/\/colinahomolog.com.br\/dev\/just-real-moms\/\",\"name\":\"Just Real Moms - Blog para M\u00e3es\",\"description\":\"O melhor e mais completo portal para m\u00e3es, pais e futuros pais!\",\"potentialAction\":[{\"@type\":\"SearchAction\",\"target\":{\"@type\":\"EntryPoint\",\"urlTemplate\":\"https:\/\/colinahomolog.com.br\/dev\/just-real-moms\/?s={search_term_string}\"},\"query-input\":{\"@type\":\"PropertyValueSpecification\",\"valueRequired\":true,\"valueName\":\"search_term_string\"}}],\"inLanguage\":\"pt-BR\"},{\"@type\":\"Person\",\"@id\":\"https:\/\/colinahomolog.com.br\/dev\/just-real-moms\/#\/schema\/person\/515932a32be880c655c9a97801ec749d\",\"name\":\"Ana L\u00fa Gerodetti\",\"url\":\"https:\/\/colinahomolog.com.br\/dev\/just-real-moms\/author\/ana-luisa\/\"}]}<\/script>\n<!-- \/ Yoast SEO Premium plugin. -->","yoast_head_json":{"title":"A conta n\u00e3o bate - por Manuela Titoto","description":"No post de hoje, a escritora Manuela Titoto fala sobre o excesso de atividades na vida das crian\u00e7as e como essa conta n\u00e3o bate. Confiram!","robots":{"index":"index","follow":"follow","max-snippet":"max-snippet:-1","max-image-preview":"max-image-preview:large","max-video-preview":"max-video-preview:-1"},"canonical":"https:\/\/colinahomolog.com.br\/dev\/just-real-moms\/conta-nao-bate-por-manuela-titoto\/","og_locale":"pt_BR","og_type":"article","og_title":"A conta n\u00e3o bate - por Manuela Titoto","og_description":"No post de hoje, a escritora Manuela Titoto fala sobre o excesso de atividades na vida das crian\u00e7as e como essa conta n\u00e3o bate. Confiram!","og_url":"https:\/\/colinahomolog.com.br\/dev\/just-real-moms\/conta-nao-bate-por-manuela-titoto\/","og_site_name":"Just Real Moms - Blog para M\u00e3es","article_publisher":"https:\/\/www.facebook.com\/JustRealMoms","article_published_time":"2020-04-30T11:30:01+00:00","og_image":[{"width":500,"height":364,"url":"https:\/\/colinahomolog.com.br\/dev\/just-real-moms\/wp-content\/uploads\/2018\/03\/depositphotos_12386402_s-2015.jpg","type":"image\/jpeg"}],"author":"Ana L\u00fa Gerodetti","twitter_misc":{"Escrito por":"Ana L\u00fa Gerodetti","Est. tempo de leitura":"4 minutos"},"schema":{"@context":"https:\/\/schema.org","@graph":[{"@type":"WebPage","@id":"https:\/\/colinahomolog.com.br\/dev\/just-real-moms\/conta-nao-bate-por-manuela-titoto\/","url":"https:\/\/colinahomolog.com.br\/dev\/just-real-moms\/conta-nao-bate-por-manuela-titoto\/","name":"A conta n\u00e3o bate - por Manuela Titoto","isPartOf":{"@id":"https:\/\/colinahomolog.com.br\/dev\/just-real-moms\/#website"},"primaryImageOfPage":{"@id":"https:\/\/colinahomolog.com.br\/dev\/just-real-moms\/conta-nao-bate-por-manuela-titoto\/#primaryimage"},"image":{"@id":"https:\/\/colinahomolog.com.br\/dev\/just-real-moms\/conta-nao-bate-por-manuela-titoto\/#primaryimage"},"thumbnailUrl":"https:\/\/colinahomolog.com.br\/dev\/just-real-moms\/wp-content\/uploads\/2018\/03\/depositphotos_12386402_s-2015.jpg","datePublished":"2020-04-30T11:30:01+00:00","author":{"@id":"https:\/\/colinahomolog.com.br\/dev\/just-real-moms\/#\/schema\/person\/515932a32be880c655c9a97801ec749d"},"description":"No post de hoje, a escritora Manuela Titoto fala sobre o excesso de atividades na vida das crian\u00e7as e como essa conta n\u00e3o bate. Confiram!","breadcrumb":{"@id":"https:\/\/colinahomolog.com.br\/dev\/just-real-moms\/conta-nao-bate-por-manuela-titoto\/#breadcrumb"},"inLanguage":"pt-BR","potentialAction":[{"@type":"ReadAction","target":["https:\/\/colinahomolog.com.br\/dev\/just-real-moms\/conta-nao-bate-por-manuela-titoto\/"]}]},{"@type":"ImageObject","inLanguage":"pt-BR","@id":"https:\/\/colinahomolog.com.br\/dev\/just-real-moms\/conta-nao-bate-por-manuela-titoto\/#primaryimage","url":"https:\/\/colinahomolog.com.br\/dev\/just-real-moms\/wp-content\/uploads\/2018\/03\/depositphotos_12386402_s-2015.jpg","contentUrl":"https:\/\/colinahomolog.com.br\/dev\/just-real-moms\/wp-content\/uploads\/2018\/03\/depositphotos_12386402_s-2015.jpg","width":500,"height":364,"caption":"sad little girl and books"},{"@type":"BreadcrumbList","@id":"https:\/\/colinahomolog.com.br\/dev\/just-real-moms\/conta-nao-bate-por-manuela-titoto\/#breadcrumb","itemListElement":[{"@type":"ListItem","position":1,"name":"In\u00edcio","item":"https:\/\/colinahomolog.com.br\/dev\/just-real-moms\/"},{"@type":"ListItem","position":2,"name":"A conta n\u00e3o bate &#8211; por Manuela Titoto"}]},{"@type":"WebSite","@id":"https:\/\/colinahomolog.com.br\/dev\/just-real-moms\/#website","url":"https:\/\/colinahomolog.com.br\/dev\/just-real-moms\/","name":"Just Real Moms - Blog para M\u00e3es","description":"O melhor e mais completo portal para m\u00e3es, pais e futuros pais!","potentialAction":[{"@type":"SearchAction","target":{"@type":"EntryPoint","urlTemplate":"https:\/\/colinahomolog.com.br\/dev\/just-real-moms\/?s={search_term_string}"},"query-input":{"@type":"PropertyValueSpecification","valueRequired":true,"valueName":"search_term_string"}}],"inLanguage":"pt-BR"},{"@type":"Person","@id":"https:\/\/colinahomolog.com.br\/dev\/just-real-moms\/#\/schema\/person\/515932a32be880c655c9a97801ec749d","name":"Ana L\u00fa Gerodetti","url":"https:\/\/colinahomolog.com.br\/dev\/just-real-moms\/author\/ana-luisa\/"}]}},"_links":{"self":[{"href":"https:\/\/colinahomolog.com.br\/dev\/just-real-moms\/wp-json\/wp\/v2\/posts\/46078","targetHints":{"allow":["GET"]}}],"collection":[{"href":"https:\/\/colinahomolog.com.br\/dev\/just-real-moms\/wp-json\/wp\/v2\/posts"}],"about":[{"href":"https:\/\/colinahomolog.com.br\/dev\/just-real-moms\/wp-json\/wp\/v2\/types\/post"}],"author":[{"embeddable":true,"href":"https:\/\/colinahomolog.com.br\/dev\/just-real-moms\/wp-json\/wp\/v2\/users\/1026"}],"replies":[{"embeddable":true,"href":"https:\/\/colinahomolog.com.br\/dev\/just-real-moms\/wp-json\/wp\/v2\/comments?post=46078"}],"version-history":[{"count":0,"href":"https:\/\/colinahomolog.com.br\/dev\/just-real-moms\/wp-json\/wp\/v2\/posts\/46078\/revisions"}],"wp:featuredmedia":[{"embeddable":true,"href":"https:\/\/colinahomolog.com.br\/dev\/just-real-moms\/wp-json\/wp\/v2\/media\/46079"}],"wp:attachment":[{"href":"https:\/\/colinahomolog.com.br\/dev\/just-real-moms\/wp-json\/wp\/v2\/media?parent=46078"}],"wp:term":[{"taxonomy":"category","embeddable":true,"href":"https:\/\/colinahomolog.com.br\/dev\/just-real-moms\/wp-json\/wp\/v2\/categories?post=46078"},{"taxonomy":"post_tag","embeddable":true,"href":"https:\/\/colinahomolog.com.br\/dev\/just-real-moms\/wp-json\/wp\/v2\/tags?post=46078"}],"curies":[{"name":"wp","href":"https:\/\/api.w.org\/{rel}","templated":true}]}}