{"id":46863,"date":"2018-07-31T08:30:49","date_gmt":"2018-07-31T11:30:49","guid":{"rendered":"https:\/\/colinahomolog.com.br\/dev\/just-real-moms\/?p=46863"},"modified":"2018-07-30T16:09:22","modified_gmt":"2018-07-30T19:09:22","slug":"surto-de-sarampo-e-vacinacao-por-dr-jairo-len","status":"publish","type":"post","link":"https:\/\/colinahomolog.com.br\/dev\/just-real-moms\/surto-de-sarampo-e-vacinacao-por-dr-jairo-len\/","title":{"rendered":"Surto de sarampo e vacina\u00e7\u00e3o &#8211; por Dr. Jairo Len"},"content":{"rendered":"<button class=\"simplefavorite-button preset\" data-postid=\"46863\" data-siteid=\"1\" data-groupid=\"1\" data-favoritecount=\"0\" style=\"box-shadow:none;-webkit-box-shadow:none;-moz-box-shadow:none;background-color:#68ccb4;border-color:#68ccb4;color:#ffffff;\"><i class=\"sf-icon-favorite\" style=\"\"><\/i>Favorite<\/button><p>Ol\u00e1, moms!<\/p>\n<p>No texto de hoje, o nosso colunista e pediatra, <strong>Dr. Jairo Len<\/strong> (<a href=\"http:\/\/www.clinicalen.com.br\/\" target=\"_blank\" rel=\"noopener\">Cl\u00ednica Len<\/a>), fala sobre um assunto que tem deixado muitas m\u00e3es de cabelos em p\u00e9: o risco de um surto de sarampo no Brasil.<\/p>\n<p>Confiram!<\/p>\n<p><img fetchpriority=\"high\" decoding=\"async\" class=\"size-full wp-image-46864 aligncenter\" src=\"https:\/\/colinahomolog.com.br\/dev\/just-real-moms\/wp-content\/uploads\/2018\/07\/dr_jairo_len-1.jpg\" alt=\"\" width=\"362\" height=\"482\" \/><\/p>\n<p>________________________________________________________________________________<\/p>\n<p>&nbsp;<\/p>\n<p style=\"text-align: center;\"><strong>Surto de sarampo e vacina\u00e7\u00e3o\u00a0<\/strong><\/p>\n<p><img decoding=\"async\" class=\"aligncenter wp-image-46865\" src=\"https:\/\/colinahomolog.com.br\/dev\/just-real-moms\/wp-content\/uploads\/2018\/07\/sarampo.jpg\" alt=\"Surto de sarampo e vacina\u00e7\u00e3o - por Dr. Jairo Len\" width=\"532\" height=\"470\" srcset=\"https:\/\/colinahomolog.com.br\/dev\/just-real-moms\/wp-content\/uploads\/2018\/07\/sarampo.jpg 681w, https:\/\/colinahomolog.com.br\/dev\/just-real-moms\/wp-content\/uploads\/2018\/07\/sarampo-400x354.jpg 400w\" sizes=\"(max-width: 532px) 100vw, 532px\" \/><\/p>\n<p>&nbsp;<\/p>\n<p>Como a maioria sabe, existe um risco de um surto de sarampo no Brasil, parte deste continente que, em 2006, foi declarado &#8220;livre de sarampo&#8221;. Seriamos livres de sarampo e outras mazelas se os governos sul-americanos tivessem um m\u00ednimo de seriedade&#8230;<\/p>\n<p>De qualquer forma, o risco de sarampo est\u00e1 por a\u00ed.<br \/>\nAlguns fatores s\u00e3o importantes para o surto: a m\u00e1 cobertura vacinal no Brasil, por conta dos programas mal-feitos do governo, de pais e m\u00e3es que n\u00e3o vacinam seus filhos, e no caso atual por conta do fluxo de imigrantes venezuelanos, fugindo do seu pa\u00eds, entrando no Brasil.<\/p>\n<p>O sarampo n\u00e3o \u00e9 uma doen\u00e7a viral benigna, porque tem risco de complica\u00e7\u00f5es. O \u00edndice de mortalidade \u00e9 de 1:1000, devido \u00e0 encefalite pelo sarampo.<\/p>\n<p>O quadro cl\u00ednico pode aparecer at\u00e9 12 dias ap\u00f3s o contato com a doen\u00e7a, e \u00e9 caracterizado por: febre alta, manchas pelo corpo todo e dentro da boca, coriza, dores no corpo.<\/p>\n<p><strong>VACINA\u00c7\u00c3O<\/strong><\/p>\n<p>Consideramos\u00a0PROTEGIDA\u00a0 por toda a vida\u00a0a crian\u00e7a que tomou\u00a0<u>DUAS DOSES<\/u>\u00a0da vacina a partir dos 12 meses de idade.<\/p>\n<p>Em geral usamos a tr\u00edplice ou qu\u00e1drupla viral: a SCR\/MMR &#8211; sarampo, caxumba e rub\u00e9ola &#8211; ou a MMRV, com catapora.<\/p>\n<p>Todas as crian\u00e7as com a vacina\u00e7\u00e3o em dia\u00a0recebem as doses com: 12 meses e entre 15 e 20 meses.<\/p>\n<p>Est\u00e3o protegidas para a vida toda.<br \/>\nOs que j\u00e1 tomaram a primeira dose com 12 meses est\u00e3o protegidos at\u00e9 o refor\u00e7o.<\/p>\n<p>O governo vacina nos postos de sa\u00fade aos 12 meses e 15 meses.<\/p>\n<p><strong>ADULTOS<\/strong><\/p>\n<p>Adultos que n\u00e3o sabem seu status vacinal (quantas doses recebeu) podem tomar, sem qualquer problema, uma dose de refor\u00e7o. Todas as cl\u00ednicas particulares e postos de sa\u00fade vacinam.<\/p>\n<p><strong>IMPORTANTE<\/strong><\/p>\n<p>Se todas as crian\u00e7as e adultos estiverem vacinados, o risco de epidemia em nosso meio \u00e9 muito baixo. Os menores de 12 meses (que ainda n\u00e3o receberam a primeira dose) estar\u00e3o protegidos se pais, irm\u00e3os, av\u00f3s e cuidadores estiverem vacinados.<\/p>\n<p><strong>VACINEM SEUS FILHOS<\/strong><\/p>\n<p>O mesmo vale para todas as outras doen\u00e7as emergentes, como a poliomielite, a coqueluche, entre outras. S\u00e3o doen\u00e7as extremamente importantes que podem ser evitadas com vacinas seguras e eficazes.<\/p>\n\n    <div class=\"xs_social_share_widget xs_share_url after_content \t\tmain_content  wslu-style-1 wslu-share-box-shaped wslu-fill-colored wslu-none wslu-share-horizontal wslu-theme-font-no wslu-main_content\">\n\n\t\t\n        <ul>\n\t\t\t        <\/ul>\n    <\/div> \n","protected":false},"excerpt":{"rendered":"<p>FavoriteOl\u00e1, moms! No texto de hoje, o nosso colunista e pediatra, Dr. Jairo Len (Cl\u00ednica Len), fala sobre um assunto que tem deixado muitas m\u00e3es de cabelos em p\u00e9: o risco de um surto de sarampo no Brasil. Confiram! ________________________________________________________________________________ &nbsp; Surto de sarampo e vacina\u00e7\u00e3o\u00a0 &nbsp; Como a maioria sabe, existe um risco de [&hellip;]<\/p>\n","protected":false},"author":1026,"featured_media":46865,"comment_status":"open","ping_status":"closed","sticky":false,"template":"","format":"standard","meta":{"_acf_changed":false,"footnotes":""},"categories":[30,453,1778],"tags":[2222,2223],"class_list":{"0":"post-46863","1":"post","2":"type-post","3":"status-publish","4":"format-standard","5":"has-post-thumbnail","7":"category-de-mae-para-mae","8":"category-dicas-dos-especialistas","9":"category-saude-da-crianca","10":"tag-sarampo","11":"tag-vacinacao"},"acf":[],"yoast_head":"<!-- This site is optimized with the Yoast SEO Premium plugin v26.6 (Yoast SEO v26.6) - https:\/\/yoast.com\/wordpress\/plugins\/seo\/ -->\n<title>Surto de sarampo e vacina\u00e7\u00e3o - por Dr. Jairo Len<\/title>\n<meta name=\"description\" content=\"Com o risco de um surto de sarampo no Brasil, muitas m\u00e3es tem ficado em d\u00favida sobre vacina\u00e7\u00e3o, cuidados etc. Confiram o post do pediatra Dr. Jairo Len explicando tudo o que voc\u00ea precisa saber!\" \/>\n<meta name=\"robots\" content=\"index, follow, max-snippet:-1, max-image-preview:large, max-video-preview:-1\" \/>\n<link rel=\"canonical\" href=\"https:\/\/colinahomolog.com.br\/dev\/just-real-moms\/surto-de-sarampo-e-vacinacao-por-dr-jairo-len\/\" \/>\n<meta property=\"og:locale\" content=\"pt_BR\" \/>\n<meta property=\"og:type\" content=\"article\" \/>\n<meta property=\"og:title\" content=\"Surto de sarampo e vacina\u00e7\u00e3o - por Dr. Jairo Len\" \/>\n<meta property=\"og:description\" content=\"Com o risco de um surto de sarampo no Brasil, muitas m\u00e3es tem ficado em d\u00favida sobre vacina\u00e7\u00e3o, cuidados etc. Confiram o post do pediatra Dr. Jairo Len explicando tudo o que voc\u00ea precisa saber!\" \/>\n<meta property=\"og:url\" content=\"https:\/\/colinahomolog.com.br\/dev\/just-real-moms\/surto-de-sarampo-e-vacinacao-por-dr-jairo-len\/\" \/>\n<meta property=\"og:site_name\" content=\"Just Real Moms - Blog para M\u00e3es\" \/>\n<meta property=\"article:publisher\" content=\"https:\/\/www.facebook.com\/JustRealMoms\" \/>\n<meta property=\"article:published_time\" content=\"2018-07-31T11:30:49+00:00\" \/>\n<meta property=\"og:image\" content=\"https:\/\/colinahomolog.com.br\/dev\/just-real-moms\/wp-content\/uploads\/2018\/07\/sarampo.jpg\" \/>\n\t<meta property=\"og:image:width\" content=\"681\" \/>\n\t<meta property=\"og:image:height\" content=\"602\" \/>\n\t<meta property=\"og:image:type\" content=\"image\/jpeg\" \/>\n<meta name=\"author\" content=\"Ana L\u00fa Gerodetti\" \/>\n<meta name=\"twitter:label1\" content=\"Escrito por\" \/>\n\t<meta name=\"twitter:data1\" content=\"Ana L\u00fa Gerodetti\" \/>\n\t<meta name=\"twitter:label2\" content=\"Est. tempo de leitura\" \/>\n\t<meta name=\"twitter:data2\" content=\"2 minutos\" \/>\n<script type=\"application\/ld+json\" class=\"yoast-schema-graph\">{\"@context\":\"https:\/\/schema.org\",\"@graph\":[{\"@type\":\"WebPage\",\"@id\":\"https:\/\/colinahomolog.com.br\/dev\/just-real-moms\/surto-de-sarampo-e-vacinacao-por-dr-jairo-len\/\",\"url\":\"https:\/\/colinahomolog.com.br\/dev\/just-real-moms\/surto-de-sarampo-e-vacinacao-por-dr-jairo-len\/\",\"name\":\"Surto de sarampo e vacina\u00e7\u00e3o - por Dr. Jairo Len\",\"isPartOf\":{\"@id\":\"https:\/\/colinahomolog.com.br\/dev\/just-real-moms\/#website\"},\"primaryImageOfPage\":{\"@id\":\"https:\/\/colinahomolog.com.br\/dev\/just-real-moms\/surto-de-sarampo-e-vacinacao-por-dr-jairo-len\/#primaryimage\"},\"image\":{\"@id\":\"https:\/\/colinahomolog.com.br\/dev\/just-real-moms\/surto-de-sarampo-e-vacinacao-por-dr-jairo-len\/#primaryimage\"},\"thumbnailUrl\":\"https:\/\/colinahomolog.com.br\/dev\/just-real-moms\/wp-content\/uploads\/2018\/07\/sarampo.jpg\",\"datePublished\":\"2018-07-31T11:30:49+00:00\",\"author\":{\"@id\":\"https:\/\/colinahomolog.com.br\/dev\/just-real-moms\/#\/schema\/person\/515932a32be880c655c9a97801ec749d\"},\"description\":\"Com o risco de um surto de sarampo no Brasil, muitas m\u00e3es tem ficado em d\u00favida sobre vacina\u00e7\u00e3o, cuidados etc. Confiram o post do pediatra Dr. Jairo Len explicando tudo o que voc\u00ea precisa saber!\",\"breadcrumb\":{\"@id\":\"https:\/\/colinahomolog.com.br\/dev\/just-real-moms\/surto-de-sarampo-e-vacinacao-por-dr-jairo-len\/#breadcrumb\"},\"inLanguage\":\"pt-BR\",\"potentialAction\":[{\"@type\":\"ReadAction\",\"target\":[\"https:\/\/colinahomolog.com.br\/dev\/just-real-moms\/surto-de-sarampo-e-vacinacao-por-dr-jairo-len\/\"]}]},{\"@type\":\"ImageObject\",\"inLanguage\":\"pt-BR\",\"@id\":\"https:\/\/colinahomolog.com.br\/dev\/just-real-moms\/surto-de-sarampo-e-vacinacao-por-dr-jairo-len\/#primaryimage\",\"url\":\"https:\/\/colinahomolog.com.br\/dev\/just-real-moms\/wp-content\/uploads\/2018\/07\/sarampo.jpg\",\"contentUrl\":\"https:\/\/colinahomolog.com.br\/dev\/just-real-moms\/wp-content\/uploads\/2018\/07\/sarampo.jpg\",\"width\":681,\"height\":602},{\"@type\":\"BreadcrumbList\",\"@id\":\"https:\/\/colinahomolog.com.br\/dev\/just-real-moms\/surto-de-sarampo-e-vacinacao-por-dr-jairo-len\/#breadcrumb\",\"itemListElement\":[{\"@type\":\"ListItem\",\"position\":1,\"name\":\"In\u00edcio\",\"item\":\"https:\/\/colinahomolog.com.br\/dev\/just-real-moms\/\"},{\"@type\":\"ListItem\",\"position\":2,\"name\":\"Surto de sarampo e vacina\u00e7\u00e3o &#8211; por Dr. Jairo Len\"}]},{\"@type\":\"WebSite\",\"@id\":\"https:\/\/colinahomolog.com.br\/dev\/just-real-moms\/#website\",\"url\":\"https:\/\/colinahomolog.com.br\/dev\/just-real-moms\/\",\"name\":\"Just Real Moms - Blog para M\u00e3es\",\"description\":\"O melhor e mais completo portal para m\u00e3es, pais e futuros pais!\",\"potentialAction\":[{\"@type\":\"SearchAction\",\"target\":{\"@type\":\"EntryPoint\",\"urlTemplate\":\"https:\/\/colinahomolog.com.br\/dev\/just-real-moms\/?s={search_term_string}\"},\"query-input\":{\"@type\":\"PropertyValueSpecification\",\"valueRequired\":true,\"valueName\":\"search_term_string\"}}],\"inLanguage\":\"pt-BR\"},{\"@type\":\"Person\",\"@id\":\"https:\/\/colinahomolog.com.br\/dev\/just-real-moms\/#\/schema\/person\/515932a32be880c655c9a97801ec749d\",\"name\":\"Ana L\u00fa Gerodetti\",\"url\":\"https:\/\/colinahomolog.com.br\/dev\/just-real-moms\/author\/ana-luisa\/\"}]}<\/script>\n<!-- \/ Yoast SEO Premium plugin. -->","yoast_head_json":{"title":"Surto de sarampo e vacina\u00e7\u00e3o - por Dr. Jairo Len","description":"Com o risco de um surto de sarampo no Brasil, muitas m\u00e3es tem ficado em d\u00favida sobre vacina\u00e7\u00e3o, cuidados etc. Confiram o post do pediatra Dr. Jairo Len explicando tudo o que voc\u00ea precisa saber!","robots":{"index":"index","follow":"follow","max-snippet":"max-snippet:-1","max-image-preview":"max-image-preview:large","max-video-preview":"max-video-preview:-1"},"canonical":"https:\/\/colinahomolog.com.br\/dev\/just-real-moms\/surto-de-sarampo-e-vacinacao-por-dr-jairo-len\/","og_locale":"pt_BR","og_type":"article","og_title":"Surto de sarampo e vacina\u00e7\u00e3o - por Dr. Jairo Len","og_description":"Com o risco de um surto de sarampo no Brasil, muitas m\u00e3es tem ficado em d\u00favida sobre vacina\u00e7\u00e3o, cuidados etc. Confiram o post do pediatra Dr. Jairo Len explicando tudo o que voc\u00ea precisa saber!","og_url":"https:\/\/colinahomolog.com.br\/dev\/just-real-moms\/surto-de-sarampo-e-vacinacao-por-dr-jairo-len\/","og_site_name":"Just Real Moms - Blog para M\u00e3es","article_publisher":"https:\/\/www.facebook.com\/JustRealMoms","article_published_time":"2018-07-31T11:30:49+00:00","og_image":[{"width":681,"height":602,"url":"https:\/\/colinahomolog.com.br\/dev\/just-real-moms\/wp-content\/uploads\/2018\/07\/sarampo.jpg","type":"image\/jpeg"}],"author":"Ana L\u00fa Gerodetti","twitter_misc":{"Escrito por":"Ana L\u00fa Gerodetti","Est. tempo de leitura":"2 minutos"},"schema":{"@context":"https:\/\/schema.org","@graph":[{"@type":"WebPage","@id":"https:\/\/colinahomolog.com.br\/dev\/just-real-moms\/surto-de-sarampo-e-vacinacao-por-dr-jairo-len\/","url":"https:\/\/colinahomolog.com.br\/dev\/just-real-moms\/surto-de-sarampo-e-vacinacao-por-dr-jairo-len\/","name":"Surto de sarampo e vacina\u00e7\u00e3o - por Dr. Jairo Len","isPartOf":{"@id":"https:\/\/colinahomolog.com.br\/dev\/just-real-moms\/#website"},"primaryImageOfPage":{"@id":"https:\/\/colinahomolog.com.br\/dev\/just-real-moms\/surto-de-sarampo-e-vacinacao-por-dr-jairo-len\/#primaryimage"},"image":{"@id":"https:\/\/colinahomolog.com.br\/dev\/just-real-moms\/surto-de-sarampo-e-vacinacao-por-dr-jairo-len\/#primaryimage"},"thumbnailUrl":"https:\/\/colinahomolog.com.br\/dev\/just-real-moms\/wp-content\/uploads\/2018\/07\/sarampo.jpg","datePublished":"2018-07-31T11:30:49+00:00","author":{"@id":"https:\/\/colinahomolog.com.br\/dev\/just-real-moms\/#\/schema\/person\/515932a32be880c655c9a97801ec749d"},"description":"Com o risco de um surto de sarampo no Brasil, muitas m\u00e3es tem ficado em d\u00favida sobre vacina\u00e7\u00e3o, cuidados etc. Confiram o post do pediatra Dr. Jairo Len explicando tudo o que voc\u00ea precisa saber!","breadcrumb":{"@id":"https:\/\/colinahomolog.com.br\/dev\/just-real-moms\/surto-de-sarampo-e-vacinacao-por-dr-jairo-len\/#breadcrumb"},"inLanguage":"pt-BR","potentialAction":[{"@type":"ReadAction","target":["https:\/\/colinahomolog.com.br\/dev\/just-real-moms\/surto-de-sarampo-e-vacinacao-por-dr-jairo-len\/"]}]},{"@type":"ImageObject","inLanguage":"pt-BR","@id":"https:\/\/colinahomolog.com.br\/dev\/just-real-moms\/surto-de-sarampo-e-vacinacao-por-dr-jairo-len\/#primaryimage","url":"https:\/\/colinahomolog.com.br\/dev\/just-real-moms\/wp-content\/uploads\/2018\/07\/sarampo.jpg","contentUrl":"https:\/\/colinahomolog.com.br\/dev\/just-real-moms\/wp-content\/uploads\/2018\/07\/sarampo.jpg","width":681,"height":602},{"@type":"BreadcrumbList","@id":"https:\/\/colinahomolog.com.br\/dev\/just-real-moms\/surto-de-sarampo-e-vacinacao-por-dr-jairo-len\/#breadcrumb","itemListElement":[{"@type":"ListItem","position":1,"name":"In\u00edcio","item":"https:\/\/colinahomolog.com.br\/dev\/just-real-moms\/"},{"@type":"ListItem","position":2,"name":"Surto de sarampo e vacina\u00e7\u00e3o &#8211; por Dr. Jairo Len"}]},{"@type":"WebSite","@id":"https:\/\/colinahomolog.com.br\/dev\/just-real-moms\/#website","url":"https:\/\/colinahomolog.com.br\/dev\/just-real-moms\/","name":"Just Real Moms - Blog para M\u00e3es","description":"O melhor e mais completo portal para m\u00e3es, pais e futuros pais!","potentialAction":[{"@type":"SearchAction","target":{"@type":"EntryPoint","urlTemplate":"https:\/\/colinahomolog.com.br\/dev\/just-real-moms\/?s={search_term_string}"},"query-input":{"@type":"PropertyValueSpecification","valueRequired":true,"valueName":"search_term_string"}}],"inLanguage":"pt-BR"},{"@type":"Person","@id":"https:\/\/colinahomolog.com.br\/dev\/just-real-moms\/#\/schema\/person\/515932a32be880c655c9a97801ec749d","name":"Ana L\u00fa Gerodetti","url":"https:\/\/colinahomolog.com.br\/dev\/just-real-moms\/author\/ana-luisa\/"}]}},"_links":{"self":[{"href":"https:\/\/colinahomolog.com.br\/dev\/just-real-moms\/wp-json\/wp\/v2\/posts\/46863","targetHints":{"allow":["GET"]}}],"collection":[{"href":"https:\/\/colinahomolog.com.br\/dev\/just-real-moms\/wp-json\/wp\/v2\/posts"}],"about":[{"href":"https:\/\/colinahomolog.com.br\/dev\/just-real-moms\/wp-json\/wp\/v2\/types\/post"}],"author":[{"embeddable":true,"href":"https:\/\/colinahomolog.com.br\/dev\/just-real-moms\/wp-json\/wp\/v2\/users\/1026"}],"replies":[{"embeddable":true,"href":"https:\/\/colinahomolog.com.br\/dev\/just-real-moms\/wp-json\/wp\/v2\/comments?post=46863"}],"version-history":[{"count":0,"href":"https:\/\/colinahomolog.com.br\/dev\/just-real-moms\/wp-json\/wp\/v2\/posts\/46863\/revisions"}],"wp:featuredmedia":[{"embeddable":true,"href":"https:\/\/colinahomolog.com.br\/dev\/just-real-moms\/wp-json\/wp\/v2\/media\/46865"}],"wp:attachment":[{"href":"https:\/\/colinahomolog.com.br\/dev\/just-real-moms\/wp-json\/wp\/v2\/media?parent=46863"}],"wp:term":[{"taxonomy":"category","embeddable":true,"href":"https:\/\/colinahomolog.com.br\/dev\/just-real-moms\/wp-json\/wp\/v2\/categories?post=46863"},{"taxonomy":"post_tag","embeddable":true,"href":"https:\/\/colinahomolog.com.br\/dev\/just-real-moms\/wp-json\/wp\/v2\/tags?post=46863"}],"curies":[{"name":"wp","href":"https:\/\/api.w.org\/{rel}","templated":true}]}}