{"id":47440,"date":"2018-10-31T08:20:44","date_gmt":"2018-10-31T11:20:44","guid":{"rendered":"https:\/\/colinahomolog.com.br\/dev\/just-real-moms\/?p=47440"},"modified":"2018-11-23T17:48:23","modified_gmt":"2018-11-23T19:48:23","slug":"segura-eu-ele-sim-com-certeza-por-ana-castelo-branco","status":"publish","type":"post","link":"https:\/\/colinahomolog.com.br\/dev\/just-real-moms\/segura-eu-ele-sim-com-certeza-por-ana-castelo-branco\/","title":{"rendered":"Segura eu? Ele sim, com certeza! &#8211; por Ana Castelo Branco"},"content":{"rendered":"<button class=\"simplefavorite-button preset\" data-postid=\"47440\" data-siteid=\"1\" data-groupid=\"1\" data-favoritecount=\"0\" style=\"box-shadow:none;-webkit-box-shadow:none;-moz-box-shadow:none;background-color:#68ccb4;border-color:#68ccb4;color:#ffffff;\"><i class=\"sf-icon-favorite\" style=\"\"><\/i>Favorite<\/button><p>Oie, meninas!<\/p>\n<p>Tudo bem?<\/p>\n<p>O post de hoje traz o texto da nossa querida colunista e redatora publicit\u00e1ria,\u00a0<a href=\"https:\/\/www.instagram.com\/anabranco\/\" target=\"_blank\" rel=\"noopener\">Ana Castelo Branco<\/a>. Ela, que \u00e9 mam\u00e3e do Matheus e da Helena, j\u00e1 falou aqui sobre <a href=\"https:\/\/colinahomolog.com.br\/dev\/just-real-moms\/sobre-datas-e-aprendizados\/\" target=\"_blank\" rel=\"noopener\">datas e aprendizados<\/a>, <a href=\"https:\/\/colinahomolog.com.br\/dev\/just-real-moms\/sobre-recomecos-por-ana-castelo-branco\/\" target=\"_blank\" rel=\"noopener\">recome\u00e7os<\/a>, <a href=\"https:\/\/colinahomolog.com.br\/dev\/just-real-moms\/sobre-frutas-e-fraldas-por-ana-castelo-branco\/\" target=\"_blank\" rel=\"noopener\">frutas e fraldas<\/a>, e agora vem mais uma vez nos encantar com as suas palavras divertidas e reais!<\/p>\n<p>Em seu novo texto, a Ana falou um pouco sobre pequenos momentos que lhe trazem uma imensa gratid\u00e3o e satisfa\u00e7\u00e3o.<\/p>\n<p>Boa leitura, meninas!<\/p>\n<p>______________________________________________________________________________<\/p>\n<p>&nbsp;<\/p>\n<p style=\"text-align: center;\"><strong>Segura eu? Ele sim, com certeza! &#8211; por Ana Castelo Branco<\/strong><\/p>\n<p><img fetchpriority=\"high\" decoding=\"async\" class=\"aligncenter wp-image-47441 \" src=\"https:\/\/colinahomolog.com.br\/dev\/just-real-moms\/wp-content\/uploads\/2018\/10\/cama-elastica-820x547.jpg\" alt=\"Segura eu? Ele sim, com certeza! - por Ana Castelo Branco\" width=\"600\" height=\"400\" srcset=\"https:\/\/colinahomolog.com.br\/dev\/just-real-moms\/wp-content\/uploads\/2018\/10\/cama-elastica-820x547.jpg 820w, https:\/\/colinahomolog.com.br\/dev\/just-real-moms\/wp-content\/uploads\/2018\/10\/cama-elastica-400x267.jpg 400w, https:\/\/colinahomolog.com.br\/dev\/just-real-moms\/wp-content\/uploads\/2018\/10\/cama-elastica-768x512.jpg 768w, https:\/\/colinahomolog.com.br\/dev\/just-real-moms\/wp-content\/uploads\/2018\/10\/cama-elastica-225x150.jpg 225w, https:\/\/colinahomolog.com.br\/dev\/just-real-moms\/wp-content\/uploads\/2018\/10\/cama-elastica.jpg 1194w\" sizes=\"(max-width: 600px) 100vw, 600px\" \/><\/p>\n<p>&nbsp;<\/p>\n<p>Uma das frases motivacionais que voc\u00ea mais escuta depois de ter um filho com alguma defici\u00eancia \u00e9 que voc\u00ea vai aprender a valorizar as pequenas conquistas como nunca.<\/p>\n<p>E, posso falar? \u00c9 claro que sempre acreditei e entendi essa afirma\u00e7\u00e3o. Mas dei muita sorte. O primeiro ano do Mateus foi muito pr\u00f3ximo ao desenvolvimento de qualquer outra crian\u00e7a. Demorou um pouco mais para sentar, mas nada demais. A avalanche de dificuldades que imaginei logo ap\u00f3s o parto n\u00e3o veio.<\/p>\n<p>Ali\u00e1s, sempre digo que, para mim, na nossa hist\u00f3ria, este primeiro ano foi bem gentil. Praticamente um est\u00e1gio nessa hist\u00f3ria toda de atrasos e preocupa\u00e7\u00f5es.<\/p>\n<p>Com o tempo, os aprendizados come\u00e7aram a se afastar mais do calend\u00e1rio das outras crian\u00e7as. E, a cada ano, se afastam um pouco mais. N\u00e3o estou aqui para disfar\u00e7ar o que \u00e9 a real. Dificuldades? Check. Elas aumentam com o tempo? Check.<\/p>\n<p>Mas seguimos. Aprendendo, repetindo, \u00e0s vezes cobrando, \u00e0s vezes relaxando. Porque, na boa, n\u00e3o vou ficar 100%, e nem mesmo 80% do tempo, cobrando meu filho para ser como eu ou como qualquer outra pessoa espera que ele seja. S\u00f3 que tamb\u00e9m sei que o desenvolvimento dele depende de um certo empenho. Dele pr\u00f3prio e, principalmente, de todos n\u00f3s em volta.<\/p>\n<p>Esta introdu\u00e7\u00e3o \u00e9 para contar uma cena t\u00e3o pequena e t\u00e3o grande que vi esta semana. Uma dessas conquistinhas que, se voc\u00ea estiver meio distra\u00edda, nem repara.<\/p>\n<p>No dia 24 de setembro, anivers\u00e1rio do Mateus, meu marido deu, de presente para ele, uma cama el\u00e1stica gigante. GI-GAN-TE. Do tamanho da vontade que fiquei de esgan\u00e1-lo. Ocupou nosso micro quintal IN-TEI-RO.<\/p>\n<p>\u00d3bvio que o pequeno amou.<\/p>\n<p>Primeira surpresa boa: o Ma \u00e9 muito f\u00edsico. Adora escalar, subir, cair, rolar, se jogar. Ama uma cama el\u00e1stica. S\u00f3 por isso, j\u00e1 fiquei com um medinho. Temi que ele viciasse naquilo. Sim, quem tem um filho com s\u00edndrome de down sabe bem que nossas crian\u00e7as tem uma tend\u00eancia \u00e0 repeti\u00e7\u00e3o. A fazer, sem nunca mais parar, aquilo que gosta. E eu trabalho o dia todo. Ent\u00e3o, tamb\u00e9m fiquei com medo que aquilo fosse muito c\u00f4modo para manter meu filho entretido o dia todo sem dar trabalho. Mas n\u00e3o. J\u00e1 percebi que est\u00e1 tudo sob controle. A cama el\u00e1stica n\u00e3o ganhou uma fun\u00e7\u00e3o hipn\u00f3tica parecida com a da TV ou de um Ipad descontrolado sob os p\u00e9s da crian\u00e7a. Pula-pula devidamente usado com modera\u00e7\u00e3o: check.<\/p>\n<p>Segunda surpresa. Outro dia, tirei um day-off para ficar com as crian\u00e7as. Eu estava dando uma afastadinha disfar\u00e7ada para ir ao banheiro quando vi o Ma entrando na cama el\u00e1stica. Xixi cancelado: check.<\/p>\n<p>Vi ele come\u00e7ar a pular e reparei que o z\u00edper estava aberto. N\u00e3o sei se voc\u00ea tem o desenho de uma cama el\u00e1stica na cabe\u00e7a. Mas ela tem uma rede em volta e uma abertura para entrada e sa\u00edda que \u00e9 fechada por z\u00edper.<\/p>\n<p>O que eu vi?<\/p>\n<p>Meu filho entrar, dar dois pulos, parar pensativo, tirar os sapatos e as meias e colocar bem ao lado. Por fora. Repito: por fora. Todo organizado na brincadeira.<\/p>\n<p>Como se isso j\u00e1 n\u00e3o bastasse, antes de voltar a pular, ele fechou o z\u00edper da rede, garantindo sua seguran\u00e7a. E, como qualquer crian\u00e7a, ele entrou e saiu da cama el\u00e1stica in\u00fameras vezes. Sempre abrindo o z\u00edper para brincar e fechando para se proteger. Em algumas vezes, esqueceu do segundo passo. Mas deu s\u00f3 um ou dois pulos e voltou para fechar aquela abertura perigosa.<\/p>\n<p>Hoje, tenho certeza que esta era uma das pequenas conquistas que sempre me falaram. N\u00e3o \u00e9 sobre o sentar, n\u00e3o \u00e9 sobre o andar e nem sobre o falar. N\u00e3o \u00e9 nenhum daqueles grandes marcos em que prestamos aten\u00e7\u00e3o o tempo todo e precisamos nos controlar para n\u00e3o andar por a\u00ed com uma tabela na m\u00e3o dando checks.<\/p>\n<p>\u00c9 sobre perceb\u00ea-lo capaz de, mesmo aos poucos, aprender a cuidar de si mesmo.<\/p>\n<p>Um grande, big, master check.<\/p>\n\n    <div class=\"xs_social_share_widget xs_share_url after_content \t\tmain_content  wslu-style-1 wslu-share-box-shaped wslu-fill-colored wslu-none wslu-share-horizontal wslu-theme-font-no wslu-main_content\">\n\n\t\t\n        <ul>\n\t\t\t        <\/ul>\n    <\/div> \n","protected":false},"excerpt":{"rendered":"<p>FavoriteOie, meninas! Tudo bem? O post de hoje traz o texto da nossa querida colunista e redatora publicit\u00e1ria,\u00a0Ana Castelo Branco. Ela, que \u00e9 mam\u00e3e do Matheus e da Helena, j\u00e1 falou aqui sobre datas e aprendizados, recome\u00e7os, frutas e fraldas, e agora vem mais uma vez nos encantar com as suas palavras divertidas e reais! [&hellip;]<\/p>\n","protected":false},"author":1026,"featured_media":47441,"comment_status":"open","ping_status":"closed","sticky":false,"template":"","format":"standard","meta":{"_acf_changed":false,"footnotes":""},"categories":[30,1777],"tags":[],"class_list":{"0":"post-47440","1":"post","2":"type-post","3":"status-publish","4":"format-standard","5":"has-post-thumbnail","7":"category-de-mae-para-mae","8":"category-somos-todas-iguais"},"acf":[],"yoast_head":"<!-- This site is optimized with the Yoast SEO Premium plugin v26.6 (Yoast SEO v26.6) - https:\/\/yoast.com\/wordpress\/plugins\/seo\/ -->\n<title>Segura eu? Ele sim, com certeza! - por Ana Castelo Branco<\/title>\n<meta name=\"description\" content=\"Neste post, confiram um texto incr\u00edvel sobre a valoriza\u00e7\u00e3o de pequenos momentos feito pela nossa colunista e redatora publicit\u00e1ria, Ana Castelo Branco!\" \/>\n<meta name=\"robots\" content=\"index, follow, max-snippet:-1, max-image-preview:large, max-video-preview:-1\" \/>\n<link rel=\"canonical\" href=\"https:\/\/colinahomolog.com.br\/dev\/just-real-moms\/segura-eu-ele-sim-com-certeza-por-ana-castelo-branco\/\" \/>\n<meta property=\"og:locale\" content=\"pt_BR\" \/>\n<meta property=\"og:type\" content=\"article\" \/>\n<meta property=\"og:title\" content=\"Segura eu? Ele sim, com certeza! - por Ana Castelo Branco\" \/>\n<meta property=\"og:description\" content=\"Neste post, confiram um texto incr\u00edvel sobre a valoriza\u00e7\u00e3o de pequenos momentos feito pela nossa colunista e redatora publicit\u00e1ria, Ana Castelo Branco!\" \/>\n<meta property=\"og:url\" content=\"https:\/\/colinahomolog.com.br\/dev\/just-real-moms\/segura-eu-ele-sim-com-certeza-por-ana-castelo-branco\/\" \/>\n<meta property=\"og:site_name\" content=\"Just Real Moms - Blog para M\u00e3es\" \/>\n<meta property=\"article:publisher\" content=\"https:\/\/www.facebook.com\/JustRealMoms\" \/>\n<meta property=\"article:published_time\" content=\"2018-10-31T11:20:44+00:00\" \/>\n<meta property=\"article:modified_time\" content=\"2018-11-23T19:48:23+00:00\" \/>\n<meta property=\"og:image\" content=\"https:\/\/colinahomolog.com.br\/dev\/just-real-moms\/wp-content\/uploads\/2018\/10\/cama-elastica.jpg\" \/>\n\t<meta property=\"og:image:width\" content=\"1194\" \/>\n\t<meta property=\"og:image:height\" content=\"796\" \/>\n\t<meta property=\"og:image:type\" content=\"image\/jpeg\" \/>\n<meta name=\"author\" content=\"Ana L\u00fa Gerodetti\" \/>\n<meta name=\"twitter:label1\" content=\"Escrito por\" \/>\n\t<meta name=\"twitter:data1\" content=\"Ana L\u00fa Gerodetti\" \/>\n\t<meta name=\"twitter:label2\" content=\"Est. tempo de leitura\" \/>\n\t<meta name=\"twitter:data2\" content=\"4 minutos\" \/>\n<script type=\"application\/ld+json\" class=\"yoast-schema-graph\">{\"@context\":\"https:\/\/schema.org\",\"@graph\":[{\"@type\":\"WebPage\",\"@id\":\"https:\/\/colinahomolog.com.br\/dev\/just-real-moms\/segura-eu-ele-sim-com-certeza-por-ana-castelo-branco\/\",\"url\":\"https:\/\/colinahomolog.com.br\/dev\/just-real-moms\/segura-eu-ele-sim-com-certeza-por-ana-castelo-branco\/\",\"name\":\"Segura eu? Ele sim, com certeza! - por Ana Castelo Branco\",\"isPartOf\":{\"@id\":\"https:\/\/colinahomolog.com.br\/dev\/just-real-moms\/#website\"},\"primaryImageOfPage\":{\"@id\":\"https:\/\/colinahomolog.com.br\/dev\/just-real-moms\/segura-eu-ele-sim-com-certeza-por-ana-castelo-branco\/#primaryimage\"},\"image\":{\"@id\":\"https:\/\/colinahomolog.com.br\/dev\/just-real-moms\/segura-eu-ele-sim-com-certeza-por-ana-castelo-branco\/#primaryimage\"},\"thumbnailUrl\":\"https:\/\/colinahomolog.com.br\/dev\/just-real-moms\/wp-content\/uploads\/2018\/10\/cama-elastica.jpg\",\"datePublished\":\"2018-10-31T11:20:44+00:00\",\"dateModified\":\"2018-11-23T19:48:23+00:00\",\"author\":{\"@id\":\"https:\/\/colinahomolog.com.br\/dev\/just-real-moms\/#\/schema\/person\/515932a32be880c655c9a97801ec749d\"},\"description\":\"Neste post, confiram um texto incr\u00edvel sobre a valoriza\u00e7\u00e3o de pequenos momentos feito pela nossa colunista e redatora publicit\u00e1ria, Ana Castelo Branco!\",\"breadcrumb\":{\"@id\":\"https:\/\/colinahomolog.com.br\/dev\/just-real-moms\/segura-eu-ele-sim-com-certeza-por-ana-castelo-branco\/#breadcrumb\"},\"inLanguage\":\"pt-BR\",\"potentialAction\":[{\"@type\":\"ReadAction\",\"target\":[\"https:\/\/colinahomolog.com.br\/dev\/just-real-moms\/segura-eu-ele-sim-com-certeza-por-ana-castelo-branco\/\"]}]},{\"@type\":\"ImageObject\",\"inLanguage\":\"pt-BR\",\"@id\":\"https:\/\/colinahomolog.com.br\/dev\/just-real-moms\/segura-eu-ele-sim-com-certeza-por-ana-castelo-branco\/#primaryimage\",\"url\":\"https:\/\/colinahomolog.com.br\/dev\/just-real-moms\/wp-content\/uploads\/2018\/10\/cama-elastica.jpg\",\"contentUrl\":\"https:\/\/colinahomolog.com.br\/dev\/just-real-moms\/wp-content\/uploads\/2018\/10\/cama-elastica.jpg\",\"width\":1194,\"height\":796},{\"@type\":\"BreadcrumbList\",\"@id\":\"https:\/\/colinahomolog.com.br\/dev\/just-real-moms\/segura-eu-ele-sim-com-certeza-por-ana-castelo-branco\/#breadcrumb\",\"itemListElement\":[{\"@type\":\"ListItem\",\"position\":1,\"name\":\"In\u00edcio\",\"item\":\"https:\/\/colinahomolog.com.br\/dev\/just-real-moms\/\"},{\"@type\":\"ListItem\",\"position\":2,\"name\":\"Segura eu? Ele sim, com certeza! &#8211; por Ana Castelo Branco\"}]},{\"@type\":\"WebSite\",\"@id\":\"https:\/\/colinahomolog.com.br\/dev\/just-real-moms\/#website\",\"url\":\"https:\/\/colinahomolog.com.br\/dev\/just-real-moms\/\",\"name\":\"Just Real Moms - Blog para M\u00e3es\",\"description\":\"O melhor e mais completo portal para m\u00e3es, pais e futuros pais!\",\"potentialAction\":[{\"@type\":\"SearchAction\",\"target\":{\"@type\":\"EntryPoint\",\"urlTemplate\":\"https:\/\/colinahomolog.com.br\/dev\/just-real-moms\/?s={search_term_string}\"},\"query-input\":{\"@type\":\"PropertyValueSpecification\",\"valueRequired\":true,\"valueName\":\"search_term_string\"}}],\"inLanguage\":\"pt-BR\"},{\"@type\":\"Person\",\"@id\":\"https:\/\/colinahomolog.com.br\/dev\/just-real-moms\/#\/schema\/person\/515932a32be880c655c9a97801ec749d\",\"name\":\"Ana L\u00fa Gerodetti\",\"url\":\"https:\/\/colinahomolog.com.br\/dev\/just-real-moms\/author\/ana-luisa\/\"}]}<\/script>\n<!-- \/ Yoast SEO Premium plugin. -->","yoast_head_json":{"title":"Segura eu? Ele sim, com certeza! - por Ana Castelo Branco","description":"Neste post, confiram um texto incr\u00edvel sobre a valoriza\u00e7\u00e3o de pequenos momentos feito pela nossa colunista e redatora publicit\u00e1ria, Ana Castelo Branco!","robots":{"index":"index","follow":"follow","max-snippet":"max-snippet:-1","max-image-preview":"max-image-preview:large","max-video-preview":"max-video-preview:-1"},"canonical":"https:\/\/colinahomolog.com.br\/dev\/just-real-moms\/segura-eu-ele-sim-com-certeza-por-ana-castelo-branco\/","og_locale":"pt_BR","og_type":"article","og_title":"Segura eu? Ele sim, com certeza! - por Ana Castelo Branco","og_description":"Neste post, confiram um texto incr\u00edvel sobre a valoriza\u00e7\u00e3o de pequenos momentos feito pela nossa colunista e redatora publicit\u00e1ria, Ana Castelo Branco!","og_url":"https:\/\/colinahomolog.com.br\/dev\/just-real-moms\/segura-eu-ele-sim-com-certeza-por-ana-castelo-branco\/","og_site_name":"Just Real Moms - Blog para M\u00e3es","article_publisher":"https:\/\/www.facebook.com\/JustRealMoms","article_published_time":"2018-10-31T11:20:44+00:00","article_modified_time":"2018-11-23T19:48:23+00:00","og_image":[{"width":1194,"height":796,"url":"https:\/\/colinahomolog.com.br\/dev\/just-real-moms\/wp-content\/uploads\/2018\/10\/cama-elastica.jpg","type":"image\/jpeg"}],"author":"Ana L\u00fa Gerodetti","twitter_misc":{"Escrito por":"Ana L\u00fa Gerodetti","Est. tempo de leitura":"4 minutos"},"schema":{"@context":"https:\/\/schema.org","@graph":[{"@type":"WebPage","@id":"https:\/\/colinahomolog.com.br\/dev\/just-real-moms\/segura-eu-ele-sim-com-certeza-por-ana-castelo-branco\/","url":"https:\/\/colinahomolog.com.br\/dev\/just-real-moms\/segura-eu-ele-sim-com-certeza-por-ana-castelo-branco\/","name":"Segura eu? Ele sim, com certeza! - por Ana Castelo Branco","isPartOf":{"@id":"https:\/\/colinahomolog.com.br\/dev\/just-real-moms\/#website"},"primaryImageOfPage":{"@id":"https:\/\/colinahomolog.com.br\/dev\/just-real-moms\/segura-eu-ele-sim-com-certeza-por-ana-castelo-branco\/#primaryimage"},"image":{"@id":"https:\/\/colinahomolog.com.br\/dev\/just-real-moms\/segura-eu-ele-sim-com-certeza-por-ana-castelo-branco\/#primaryimage"},"thumbnailUrl":"https:\/\/colinahomolog.com.br\/dev\/just-real-moms\/wp-content\/uploads\/2018\/10\/cama-elastica.jpg","datePublished":"2018-10-31T11:20:44+00:00","dateModified":"2018-11-23T19:48:23+00:00","author":{"@id":"https:\/\/colinahomolog.com.br\/dev\/just-real-moms\/#\/schema\/person\/515932a32be880c655c9a97801ec749d"},"description":"Neste post, confiram um texto incr\u00edvel sobre a valoriza\u00e7\u00e3o de pequenos momentos feito pela nossa colunista e redatora publicit\u00e1ria, Ana Castelo Branco!","breadcrumb":{"@id":"https:\/\/colinahomolog.com.br\/dev\/just-real-moms\/segura-eu-ele-sim-com-certeza-por-ana-castelo-branco\/#breadcrumb"},"inLanguage":"pt-BR","potentialAction":[{"@type":"ReadAction","target":["https:\/\/colinahomolog.com.br\/dev\/just-real-moms\/segura-eu-ele-sim-com-certeza-por-ana-castelo-branco\/"]}]},{"@type":"ImageObject","inLanguage":"pt-BR","@id":"https:\/\/colinahomolog.com.br\/dev\/just-real-moms\/segura-eu-ele-sim-com-certeza-por-ana-castelo-branco\/#primaryimage","url":"https:\/\/colinahomolog.com.br\/dev\/just-real-moms\/wp-content\/uploads\/2018\/10\/cama-elastica.jpg","contentUrl":"https:\/\/colinahomolog.com.br\/dev\/just-real-moms\/wp-content\/uploads\/2018\/10\/cama-elastica.jpg","width":1194,"height":796},{"@type":"BreadcrumbList","@id":"https:\/\/colinahomolog.com.br\/dev\/just-real-moms\/segura-eu-ele-sim-com-certeza-por-ana-castelo-branco\/#breadcrumb","itemListElement":[{"@type":"ListItem","position":1,"name":"In\u00edcio","item":"https:\/\/colinahomolog.com.br\/dev\/just-real-moms\/"},{"@type":"ListItem","position":2,"name":"Segura eu? Ele sim, com certeza! &#8211; por Ana Castelo Branco"}]},{"@type":"WebSite","@id":"https:\/\/colinahomolog.com.br\/dev\/just-real-moms\/#website","url":"https:\/\/colinahomolog.com.br\/dev\/just-real-moms\/","name":"Just Real Moms - Blog para M\u00e3es","description":"O melhor e mais completo portal para m\u00e3es, pais e futuros pais!","potentialAction":[{"@type":"SearchAction","target":{"@type":"EntryPoint","urlTemplate":"https:\/\/colinahomolog.com.br\/dev\/just-real-moms\/?s={search_term_string}"},"query-input":{"@type":"PropertyValueSpecification","valueRequired":true,"valueName":"search_term_string"}}],"inLanguage":"pt-BR"},{"@type":"Person","@id":"https:\/\/colinahomolog.com.br\/dev\/just-real-moms\/#\/schema\/person\/515932a32be880c655c9a97801ec749d","name":"Ana L\u00fa Gerodetti","url":"https:\/\/colinahomolog.com.br\/dev\/just-real-moms\/author\/ana-luisa\/"}]}},"_links":{"self":[{"href":"https:\/\/colinahomolog.com.br\/dev\/just-real-moms\/wp-json\/wp\/v2\/posts\/47440","targetHints":{"allow":["GET"]}}],"collection":[{"href":"https:\/\/colinahomolog.com.br\/dev\/just-real-moms\/wp-json\/wp\/v2\/posts"}],"about":[{"href":"https:\/\/colinahomolog.com.br\/dev\/just-real-moms\/wp-json\/wp\/v2\/types\/post"}],"author":[{"embeddable":true,"href":"https:\/\/colinahomolog.com.br\/dev\/just-real-moms\/wp-json\/wp\/v2\/users\/1026"}],"replies":[{"embeddable":true,"href":"https:\/\/colinahomolog.com.br\/dev\/just-real-moms\/wp-json\/wp\/v2\/comments?post=47440"}],"version-history":[{"count":0,"href":"https:\/\/colinahomolog.com.br\/dev\/just-real-moms\/wp-json\/wp\/v2\/posts\/47440\/revisions"}],"wp:featuredmedia":[{"embeddable":true,"href":"https:\/\/colinahomolog.com.br\/dev\/just-real-moms\/wp-json\/wp\/v2\/media\/47441"}],"wp:attachment":[{"href":"https:\/\/colinahomolog.com.br\/dev\/just-real-moms\/wp-json\/wp\/v2\/media?parent=47440"}],"wp:term":[{"taxonomy":"category","embeddable":true,"href":"https:\/\/colinahomolog.com.br\/dev\/just-real-moms\/wp-json\/wp\/v2\/categories?post=47440"},{"taxonomy":"post_tag","embeddable":true,"href":"https:\/\/colinahomolog.com.br\/dev\/just-real-moms\/wp-json\/wp\/v2\/tags?post=47440"}],"curies":[{"name":"wp","href":"https:\/\/api.w.org\/{rel}","templated":true}]}}