{"id":47706,"date":"2018-12-14T08:25:43","date_gmt":"2018-12-14T10:25:43","guid":{"rendered":"https:\/\/colinahomolog.com.br\/dev\/just-real-moms\/?p=47706"},"modified":"2018-12-13T11:03:33","modified_gmt":"2018-12-13T13:03:33","slug":"ferias-animadas-em-campinas-por-bora-ai","status":"publish","type":"post","link":"https:\/\/colinahomolog.com.br\/dev\/just-real-moms\/ferias-animadas-em-campinas-por-bora-ai\/","title":{"rendered":"F\u00e9rias animadas em Campinas &#8211; por bora.ai"},"content":{"rendered":"<button class=\"simplefavorite-button preset\" data-postid=\"47706\" data-siteid=\"1\" data-groupid=\"1\" data-favoritecount=\"0\" style=\"box-shadow:none;-webkit-box-shadow:none;-moz-box-shadow:none;background-color:#68ccb4;border-color:#68ccb4;color:#ffffff;\"><i class=\"sf-icon-favorite\" style=\"\"><\/i>Favorite<\/button><p>Ol\u00e1, moms!<\/p>\n<p>Que tal aproveitar as f\u00e9rias para fazer alguns passeios diferentes com as crian\u00e7as? Quem d\u00e1 as dicas \u00e9 o <a href=\"http:\/\/bora.ai\" target=\"_blank\" rel=\"noopener\">bora.ai<\/a>, que separou algumas das melhores atra\u00e7\u00f5es que v\u00e3o rolar em Campinas.<\/p>\n<p>Confiram!<\/p>\n<p>______________________________________________________________________________<\/p>\n<p>&nbsp;<\/p>\n<p>O\u00a0<a href=\"https:\/\/bora.ai\/cps\/passeios\/a-bela-e-a-fera-in-concert-campinas\" target=\"_blank\" rel=\"noopener\"><b>Teatro Iguatemi<\/b><\/a>\u00a0recebe nesse final de semana o espet\u00e1culo\u00a0<b>musical<\/b>: \u201cA Bela e a Fera &#8211; In Concert\u201d.<\/p>\n<p><img fetchpriority=\"high\" decoding=\"async\" class=\"aligncenter wp-image-47809 size-medium\" src=\"https:\/\/colinahomolog.com.br\/dev\/just-real-moms\/wp-content\/uploads\/2018\/12\/cam1-1-400x218.jpg\" alt=\"F\u00e9rias animadas em Campinas - por bora.ai\" width=\"400\" height=\"218\" srcset=\"https:\/\/colinahomolog.com.br\/dev\/just-real-moms\/wp-content\/uploads\/2018\/12\/cam1-1-400x218.jpg 400w, https:\/\/colinahomolog.com.br\/dev\/just-real-moms\/wp-content\/uploads\/2018\/12\/cam1-1-768x419.jpg 768w, https:\/\/colinahomolog.com.br\/dev\/just-real-moms\/wp-content\/uploads\/2018\/12\/cam1-1-820x448.jpg 820w, https:\/\/colinahomolog.com.br\/dev\/just-real-moms\/wp-content\/uploads\/2018\/12\/cam1-1.jpg 932w\" sizes=\"(max-width: 400px) 100vw, 400px\" \/><\/p>\n<p>&nbsp;<\/p>\n<p>Nesse s\u00e1bado \u00e0s 15h, a Arena do\u00a0<b>Sesc Campinas<\/b>\u00a0recebe o\u00a0<a href=\"https:\/\/bora.ai\/cps\/passeios\/espetaculo-circense-cabare-no-sesc-campinas\" target=\"_blank\" rel=\"noopener\"><b>espet\u00e1culo circense<\/b>:\u00a0<b>Cabar\u00e9<\/b><\/a>, com a Cia do Relativo.<\/p>\n<p><img decoding=\"async\" class=\"size-medium wp-image-47810 aligncenter\" src=\"https:\/\/colinahomolog.com.br\/dev\/just-real-moms\/wp-content\/uploads\/2018\/12\/cam2-1-400x163.jpg\" alt=\"\" width=\"400\" height=\"163\" srcset=\"https:\/\/colinahomolog.com.br\/dev\/just-real-moms\/wp-content\/uploads\/2018\/12\/cam2-1-400x163.jpg 400w, https:\/\/colinahomolog.com.br\/dev\/just-real-moms\/wp-content\/uploads\/2018\/12\/cam2-1.jpg 477w\" sizes=\"(max-width: 400px) 100vw, 400px\" \/><\/p>\n<p>&nbsp;<\/p>\n<p>Nesse final de semana, a\u00a0<b>Torre do Castelo<\/b>\u00a0recebe o\u00a0<a href=\"https:\/\/bora.ai\/cps\/passeios\/celebrai-castelo-festival-de-natal\" target=\"_blank\" rel=\"noopener\"><b>Festival<\/b>\u00a0<strong>Celebrai Castelo<\/strong><\/a>, com op\u00e7\u00f5es de entretenimento, cultura, gastronomia e divers\u00e3o.<\/p>\n<p><img decoding=\"async\" class=\"size-medium wp-image-47811 aligncenter\" src=\"https:\/\/colinahomolog.com.br\/dev\/just-real-moms\/wp-content\/uploads\/2018\/12\/cam3-1-400x288.jpg\" alt=\"\" width=\"400\" height=\"288\" srcset=\"https:\/\/colinahomolog.com.br\/dev\/just-real-moms\/wp-content\/uploads\/2018\/12\/cam3-1-400x288.jpg 400w, https:\/\/colinahomolog.com.br\/dev\/just-real-moms\/wp-content\/uploads\/2018\/12\/cam3-1.jpg 555w\" sizes=\"(max-width: 400px) 100vw, 400px\" \/><\/p>\n<p>&nbsp;<\/p>\n\n    <div class=\"xs_social_share_widget xs_share_url after_content \t\tmain_content  wslu-style-1 wslu-share-box-shaped wslu-fill-colored wslu-none wslu-share-horizontal wslu-theme-font-no wslu-main_content\">\n\n\t\t\n        <ul>\n\t\t\t        <\/ul>\n    <\/div> \n","protected":false},"excerpt":{"rendered":"<p>FavoriteOl\u00e1, moms! Que tal aproveitar as f\u00e9rias para fazer alguns passeios diferentes com as crian\u00e7as? Quem d\u00e1 as dicas \u00e9 o bora.ai, que separou algumas das melhores atra\u00e7\u00f5es que v\u00e3o rolar em Campinas. Confiram! ______________________________________________________________________________ &nbsp; O\u00a0Teatro Iguatemi\u00a0recebe nesse final de semana o espet\u00e1culo\u00a0musical: \u201cA Bela e a Fera &#8211; In Concert\u201d. &nbsp; Nesse s\u00e1bado [&hellip;]<\/p>\n","protected":false},"author":1026,"featured_media":47809,"comment_status":"open","ping_status":"closed","sticky":false,"template":"","format":"standard","meta":{"_acf_changed":false,"footnotes":""},"categories":[33,1742],"tags":[2210,2240,1870],"class_list":{"0":"post-47706","1":"post","2":"type-post","3":"status-publish","4":"format-standard","5":"has-post-thumbnail","7":"category-have-fun","8":"category-programacao","9":"tag-campinas","10":"tag-ferias-infantis","11":"tag-passeios-infantis"},"acf":[],"yoast_head":"<!-- This site is optimized with the Yoast SEO Premium plugin v26.6 (Yoast SEO v26.6) - https:\/\/yoast.com\/wordpress\/plugins\/seo\/ -->\n<title>F\u00e9rias animadas em Campinas - por bora.ai<\/title>\n<meta name=\"description\" content=\"As f\u00e9rias est\u00e3o animadas para as crian\u00e7as que moram em Campinas! Confiram os passeios infantis que v\u00e3o rolar durante o fim de semana!\" \/>\n<meta name=\"robots\" content=\"index, follow, max-snippet:-1, max-image-preview:large, max-video-preview:-1\" \/>\n<link rel=\"canonical\" href=\"https:\/\/colinahomolog.com.br\/dev\/just-real-moms\/ferias-animadas-em-campinas-por-bora-ai\/\" \/>\n<meta property=\"og:locale\" content=\"pt_BR\" \/>\n<meta property=\"og:type\" content=\"article\" \/>\n<meta property=\"og:title\" content=\"F\u00e9rias animadas em Campinas - por bora.ai\" \/>\n<meta property=\"og:description\" content=\"As f\u00e9rias est\u00e3o animadas para as crian\u00e7as que moram em Campinas! Confiram os passeios infantis que v\u00e3o rolar durante o fim de semana!\" \/>\n<meta property=\"og:url\" content=\"https:\/\/colinahomolog.com.br\/dev\/just-real-moms\/ferias-animadas-em-campinas-por-bora-ai\/\" \/>\n<meta property=\"og:site_name\" content=\"Just Real Moms - Blog para M\u00e3es\" \/>\n<meta property=\"article:publisher\" content=\"https:\/\/www.facebook.com\/JustRealMoms\" \/>\n<meta property=\"article:published_time\" content=\"2018-12-14T10:25:43+00:00\" \/>\n<meta property=\"og:image\" content=\"https:\/\/colinahomolog.com.br\/dev\/just-real-moms\/wp-content\/uploads\/2018\/12\/cam1-1.jpg\" \/>\n\t<meta property=\"og:image:width\" content=\"932\" \/>\n\t<meta property=\"og:image:height\" content=\"509\" \/>\n\t<meta property=\"og:image:type\" content=\"image\/jpeg\" \/>\n<meta name=\"author\" content=\"Ana L\u00fa Gerodetti\" \/>\n<meta name=\"twitter:label1\" content=\"Escrito por\" \/>\n\t<meta name=\"twitter:data1\" content=\"Ana L\u00fa Gerodetti\" \/>\n\t<meta name=\"twitter:label2\" content=\"Est. tempo de leitura\" \/>\n\t<meta name=\"twitter:data2\" content=\"1 minuto\" \/>\n<script type=\"application\/ld+json\" class=\"yoast-schema-graph\">{\"@context\":\"https:\/\/schema.org\",\"@graph\":[{\"@type\":\"WebPage\",\"@id\":\"https:\/\/colinahomolog.com.br\/dev\/just-real-moms\/ferias-animadas-em-campinas-por-bora-ai\/\",\"url\":\"https:\/\/colinahomolog.com.br\/dev\/just-real-moms\/ferias-animadas-em-campinas-por-bora-ai\/\",\"name\":\"F\u00e9rias animadas em Campinas - por bora.ai\",\"isPartOf\":{\"@id\":\"https:\/\/colinahomolog.com.br\/dev\/just-real-moms\/#website\"},\"primaryImageOfPage\":{\"@id\":\"https:\/\/colinahomolog.com.br\/dev\/just-real-moms\/ferias-animadas-em-campinas-por-bora-ai\/#primaryimage\"},\"image\":{\"@id\":\"https:\/\/colinahomolog.com.br\/dev\/just-real-moms\/ferias-animadas-em-campinas-por-bora-ai\/#primaryimage\"},\"thumbnailUrl\":\"https:\/\/colinahomolog.com.br\/dev\/just-real-moms\/wp-content\/uploads\/2018\/12\/cam1-1.jpg\",\"datePublished\":\"2018-12-14T10:25:43+00:00\",\"author\":{\"@id\":\"https:\/\/colinahomolog.com.br\/dev\/just-real-moms\/#\/schema\/person\/515932a32be880c655c9a97801ec749d\"},\"description\":\"As f\u00e9rias est\u00e3o animadas para as crian\u00e7as que moram em Campinas! Confiram os passeios infantis que v\u00e3o rolar durante o fim de semana!\",\"breadcrumb\":{\"@id\":\"https:\/\/colinahomolog.com.br\/dev\/just-real-moms\/ferias-animadas-em-campinas-por-bora-ai\/#breadcrumb\"},\"inLanguage\":\"pt-BR\",\"potentialAction\":[{\"@type\":\"ReadAction\",\"target\":[\"https:\/\/colinahomolog.com.br\/dev\/just-real-moms\/ferias-animadas-em-campinas-por-bora-ai\/\"]}]},{\"@type\":\"ImageObject\",\"inLanguage\":\"pt-BR\",\"@id\":\"https:\/\/colinahomolog.com.br\/dev\/just-real-moms\/ferias-animadas-em-campinas-por-bora-ai\/#primaryimage\",\"url\":\"https:\/\/colinahomolog.com.br\/dev\/just-real-moms\/wp-content\/uploads\/2018\/12\/cam1-1.jpg\",\"contentUrl\":\"https:\/\/colinahomolog.com.br\/dev\/just-real-moms\/wp-content\/uploads\/2018\/12\/cam1-1.jpg\",\"width\":932,\"height\":509},{\"@type\":\"BreadcrumbList\",\"@id\":\"https:\/\/colinahomolog.com.br\/dev\/just-real-moms\/ferias-animadas-em-campinas-por-bora-ai\/#breadcrumb\",\"itemListElement\":[{\"@type\":\"ListItem\",\"position\":1,\"name\":\"In\u00edcio\",\"item\":\"https:\/\/colinahomolog.com.br\/dev\/just-real-moms\/\"},{\"@type\":\"ListItem\",\"position\":2,\"name\":\"F\u00e9rias animadas em Campinas &#8211; por bora.ai\"}]},{\"@type\":\"WebSite\",\"@id\":\"https:\/\/colinahomolog.com.br\/dev\/just-real-moms\/#website\",\"url\":\"https:\/\/colinahomolog.com.br\/dev\/just-real-moms\/\",\"name\":\"Just Real Moms - Blog para M\u00e3es\",\"description\":\"O melhor e mais completo portal para m\u00e3es, pais e futuros pais!\",\"potentialAction\":[{\"@type\":\"SearchAction\",\"target\":{\"@type\":\"EntryPoint\",\"urlTemplate\":\"https:\/\/colinahomolog.com.br\/dev\/just-real-moms\/?s={search_term_string}\"},\"query-input\":{\"@type\":\"PropertyValueSpecification\",\"valueRequired\":true,\"valueName\":\"search_term_string\"}}],\"inLanguage\":\"pt-BR\"},{\"@type\":\"Person\",\"@id\":\"https:\/\/colinahomolog.com.br\/dev\/just-real-moms\/#\/schema\/person\/515932a32be880c655c9a97801ec749d\",\"name\":\"Ana L\u00fa Gerodetti\",\"url\":\"https:\/\/colinahomolog.com.br\/dev\/just-real-moms\/author\/ana-luisa\/\"}]}<\/script>\n<!-- \/ Yoast SEO Premium plugin. -->","yoast_head_json":{"title":"F\u00e9rias animadas em Campinas - por bora.ai","description":"As f\u00e9rias est\u00e3o animadas para as crian\u00e7as que moram em Campinas! Confiram os passeios infantis que v\u00e3o rolar durante o fim de semana!","robots":{"index":"index","follow":"follow","max-snippet":"max-snippet:-1","max-image-preview":"max-image-preview:large","max-video-preview":"max-video-preview:-1"},"canonical":"https:\/\/colinahomolog.com.br\/dev\/just-real-moms\/ferias-animadas-em-campinas-por-bora-ai\/","og_locale":"pt_BR","og_type":"article","og_title":"F\u00e9rias animadas em Campinas - por bora.ai","og_description":"As f\u00e9rias est\u00e3o animadas para as crian\u00e7as que moram em Campinas! Confiram os passeios infantis que v\u00e3o rolar durante o fim de semana!","og_url":"https:\/\/colinahomolog.com.br\/dev\/just-real-moms\/ferias-animadas-em-campinas-por-bora-ai\/","og_site_name":"Just Real Moms - Blog para M\u00e3es","article_publisher":"https:\/\/www.facebook.com\/JustRealMoms","article_published_time":"2018-12-14T10:25:43+00:00","og_image":[{"width":932,"height":509,"url":"https:\/\/colinahomolog.com.br\/dev\/just-real-moms\/wp-content\/uploads\/2018\/12\/cam1-1.jpg","type":"image\/jpeg"}],"author":"Ana L\u00fa Gerodetti","twitter_misc":{"Escrito por":"Ana L\u00fa Gerodetti","Est. tempo de leitura":"1 minuto"},"schema":{"@context":"https:\/\/schema.org","@graph":[{"@type":"WebPage","@id":"https:\/\/colinahomolog.com.br\/dev\/just-real-moms\/ferias-animadas-em-campinas-por-bora-ai\/","url":"https:\/\/colinahomolog.com.br\/dev\/just-real-moms\/ferias-animadas-em-campinas-por-bora-ai\/","name":"F\u00e9rias animadas em Campinas - por bora.ai","isPartOf":{"@id":"https:\/\/colinahomolog.com.br\/dev\/just-real-moms\/#website"},"primaryImageOfPage":{"@id":"https:\/\/colinahomolog.com.br\/dev\/just-real-moms\/ferias-animadas-em-campinas-por-bora-ai\/#primaryimage"},"image":{"@id":"https:\/\/colinahomolog.com.br\/dev\/just-real-moms\/ferias-animadas-em-campinas-por-bora-ai\/#primaryimage"},"thumbnailUrl":"https:\/\/colinahomolog.com.br\/dev\/just-real-moms\/wp-content\/uploads\/2018\/12\/cam1-1.jpg","datePublished":"2018-12-14T10:25:43+00:00","author":{"@id":"https:\/\/colinahomolog.com.br\/dev\/just-real-moms\/#\/schema\/person\/515932a32be880c655c9a97801ec749d"},"description":"As f\u00e9rias est\u00e3o animadas para as crian\u00e7as que moram em Campinas! Confiram os passeios infantis que v\u00e3o rolar durante o fim de semana!","breadcrumb":{"@id":"https:\/\/colinahomolog.com.br\/dev\/just-real-moms\/ferias-animadas-em-campinas-por-bora-ai\/#breadcrumb"},"inLanguage":"pt-BR","potentialAction":[{"@type":"ReadAction","target":["https:\/\/colinahomolog.com.br\/dev\/just-real-moms\/ferias-animadas-em-campinas-por-bora-ai\/"]}]},{"@type":"ImageObject","inLanguage":"pt-BR","@id":"https:\/\/colinahomolog.com.br\/dev\/just-real-moms\/ferias-animadas-em-campinas-por-bora-ai\/#primaryimage","url":"https:\/\/colinahomolog.com.br\/dev\/just-real-moms\/wp-content\/uploads\/2018\/12\/cam1-1.jpg","contentUrl":"https:\/\/colinahomolog.com.br\/dev\/just-real-moms\/wp-content\/uploads\/2018\/12\/cam1-1.jpg","width":932,"height":509},{"@type":"BreadcrumbList","@id":"https:\/\/colinahomolog.com.br\/dev\/just-real-moms\/ferias-animadas-em-campinas-por-bora-ai\/#breadcrumb","itemListElement":[{"@type":"ListItem","position":1,"name":"In\u00edcio","item":"https:\/\/colinahomolog.com.br\/dev\/just-real-moms\/"},{"@type":"ListItem","position":2,"name":"F\u00e9rias animadas em Campinas &#8211; por bora.ai"}]},{"@type":"WebSite","@id":"https:\/\/colinahomolog.com.br\/dev\/just-real-moms\/#website","url":"https:\/\/colinahomolog.com.br\/dev\/just-real-moms\/","name":"Just Real Moms - Blog para M\u00e3es","description":"O melhor e mais completo portal para m\u00e3es, pais e futuros pais!","potentialAction":[{"@type":"SearchAction","target":{"@type":"EntryPoint","urlTemplate":"https:\/\/colinahomolog.com.br\/dev\/just-real-moms\/?s={search_term_string}"},"query-input":{"@type":"PropertyValueSpecification","valueRequired":true,"valueName":"search_term_string"}}],"inLanguage":"pt-BR"},{"@type":"Person","@id":"https:\/\/colinahomolog.com.br\/dev\/just-real-moms\/#\/schema\/person\/515932a32be880c655c9a97801ec749d","name":"Ana L\u00fa Gerodetti","url":"https:\/\/colinahomolog.com.br\/dev\/just-real-moms\/author\/ana-luisa\/"}]}},"_links":{"self":[{"href":"https:\/\/colinahomolog.com.br\/dev\/just-real-moms\/wp-json\/wp\/v2\/posts\/47706","targetHints":{"allow":["GET"]}}],"collection":[{"href":"https:\/\/colinahomolog.com.br\/dev\/just-real-moms\/wp-json\/wp\/v2\/posts"}],"about":[{"href":"https:\/\/colinahomolog.com.br\/dev\/just-real-moms\/wp-json\/wp\/v2\/types\/post"}],"author":[{"embeddable":true,"href":"https:\/\/colinahomolog.com.br\/dev\/just-real-moms\/wp-json\/wp\/v2\/users\/1026"}],"replies":[{"embeddable":true,"href":"https:\/\/colinahomolog.com.br\/dev\/just-real-moms\/wp-json\/wp\/v2\/comments?post=47706"}],"version-history":[{"count":0,"href":"https:\/\/colinahomolog.com.br\/dev\/just-real-moms\/wp-json\/wp\/v2\/posts\/47706\/revisions"}],"wp:featuredmedia":[{"embeddable":true,"href":"https:\/\/colinahomolog.com.br\/dev\/just-real-moms\/wp-json\/wp\/v2\/media\/47809"}],"wp:attachment":[{"href":"https:\/\/colinahomolog.com.br\/dev\/just-real-moms\/wp-json\/wp\/v2\/media?parent=47706"}],"wp:term":[{"taxonomy":"category","embeddable":true,"href":"https:\/\/colinahomolog.com.br\/dev\/just-real-moms\/wp-json\/wp\/v2\/categories?post=47706"},{"taxonomy":"post_tag","embeddable":true,"href":"https:\/\/colinahomolog.com.br\/dev\/just-real-moms\/wp-json\/wp\/v2\/tags?post=47706"}],"curies":[{"name":"wp","href":"https:\/\/api.w.org\/{rel}","templated":true}]}}