{"id":48235,"date":"2019-04-05T09:01:02","date_gmt":"2019-04-05T12:01:02","guid":{"rendered":"https:\/\/colinahomolog.com.br\/dev\/just-real-moms\/?p=48235"},"modified":"2019-04-05T09:01:02","modified_gmt":"2019-04-05T12:01:02","slug":"prepare-se-para-o-fim-de-semana-em-sao-paulo-por-bora-ai","status":"publish","type":"post","link":"https:\/\/colinahomolog.com.br\/dev\/just-real-moms\/prepare-se-para-o-fim-de-semana-em-sao-paulo-por-bora-ai\/","title":{"rendered":"Prepare-se para o fim de semana em S\u00e3o Paulo &#8211; por bora.ai"},"content":{"rendered":"<button class=\"simplefavorite-button preset\" data-postid=\"48235\" data-siteid=\"1\" data-groupid=\"1\" data-favoritecount=\"0\" style=\"box-shadow:none;-webkit-box-shadow:none;-moz-box-shadow:none;background-color:#68ccb4;border-color:#68ccb4;color:#ffffff;\"><i class=\"sf-icon-favorite\" style=\"\"><\/i>Favorite<\/button><p>Ol\u00e1, moms!<\/p>\n<p>Tudo bem?<\/p>\n<p>O fim de semana finalmente chegou! Como de costume, separamos alguns passeios infantis legais para voc\u00eas fazerem com as crian\u00e7as durante esses dois dias.<\/p>\n<p>Quem d\u00e1 as dicas \u00e9 <a href=\"http:\/\/bora.ai\" target=\"_blank\" rel=\"noopener\">bora.ai<\/a>!<\/p>\n<p>Confiram!<\/p>\n<p>______________________________________________________________________________<\/p>\n<p>&nbsp;<\/p>\n<p>A partir de 5 de abril o\u00a0<b>Museu de Arte de S\u00e3o Paulo Assis Chateaubriand (MASP)<\/b>\u00a0recebe a exposi\u00e7\u00e3o\u00a0<b>\u201c<a href=\"https:\/\/bora.ai\/sp\/passeios\/exposicaeo-tarsila-popular-no-masp\" target=\"_blank\" rel=\"noopener\">Tarsila popular<\/a>\u201d<\/b>, reunindo cerca de 120 obras da artista, entre pinturas e desenhos das tr\u00eas principais fases de sua carreira: \u201cPau-Brasil\u201d, \u201cAntropof\u00e1gico\u201d e \u201cSocial\u201d.<\/p>\n<p><img fetchpriority=\"high\" decoding=\"async\" class=\"aligncenter wp-image-48236 size-medium\" src=\"https:\/\/colinahomolog.com.br\/dev\/just-real-moms\/wp-content\/uploads\/2019\/04\/sp1-400x218.jpg\" alt=\"Prepare-se para o fim de semana em S\u00e3o Paulo - por bora.ai\" width=\"400\" height=\"218\" srcset=\"https:\/\/colinahomolog.com.br\/dev\/just-real-moms\/wp-content\/uploads\/2019\/04\/sp1-400x218.jpg 400w, https:\/\/colinahomolog.com.br\/dev\/just-real-moms\/wp-content\/uploads\/2019\/04\/sp1-768x419.jpg 768w, https:\/\/colinahomolog.com.br\/dev\/just-real-moms\/wp-content\/uploads\/2019\/04\/sp1-820x448.jpg 820w, https:\/\/colinahomolog.com.br\/dev\/just-real-moms\/wp-content\/uploads\/2019\/04\/sp1.jpg 932w\" sizes=\"(max-width: 400px) 100vw, 400px\" \/><\/p>\n<p>&nbsp;<\/p>\n<p>A s\u00e9rie\u00a0<b><a href=\"https:\/\/bora.ai\/sp\/passeios\/tucca-aprendiz-de-maestro\" target=\"_blank\" rel=\"noopener\">Aprendiz de Maestro da TUCCA<\/a>\u00a0<\/b>\u2013 Associa\u00e7\u00e3o para Crian\u00e7as e Adolescentes com C\u00e2ncer da continuidade a programa\u00e7\u00e3o da temporada 2019, com o emocionante espet\u00e1culo\u00a0<b>\u201cF\u00edgaro, l\u00e1\u201d,<\/b>\u00a0contando as trapalhadas de F\u00edgaro, o \u201cfaz tudo\u201d da Cidade, quando tenta ajudar o Conde Almaviva a se aproximar de sua amada Rosina, mantida trancada em um quarto pelo malvado Dom Bartolo. S\u00f3 que somente o Barbeiro n\u00e3o bastar\u00e1 para juntar os pombinhos enamorados\u2026<\/p>\n<p><img decoding=\"async\" class=\"size-medium wp-image-48237 aligncenter\" src=\"https:\/\/colinahomolog.com.br\/dev\/just-real-moms\/wp-content\/uploads\/2019\/04\/sp2-400x218.jpg\" alt=\"\" width=\"400\" height=\"218\" srcset=\"https:\/\/colinahomolog.com.br\/dev\/just-real-moms\/wp-content\/uploads\/2019\/04\/sp2-400x218.jpg 400w, https:\/\/colinahomolog.com.br\/dev\/just-real-moms\/wp-content\/uploads\/2019\/04\/sp2-768x419.jpg 768w, https:\/\/colinahomolog.com.br\/dev\/just-real-moms\/wp-content\/uploads\/2019\/04\/sp2-820x448.jpg 820w, https:\/\/colinahomolog.com.br\/dev\/just-real-moms\/wp-content\/uploads\/2019\/04\/sp2.jpg 932w\" sizes=\"(max-width: 400px) 100vw, 400px\" \/><\/p>\n<p>&nbsp;<\/p>\n<p>Quem a\u00ed \u00e9 f\u00e3 de slime?<\/p>\n<p>Ent\u00e3o prepare-se para uma das experi\u00eancias mais divertidas da Nickelodeon! De 13 a 28 de abril o\u00a0<b>Shopping Market Place<\/b>\u00a0recebe a atra\u00e7\u00e3o\u00a0<b>\u201c<a href=\"https:\/\/bora.ai\/sp\/passeios\/slime-e-nick-experience-circuito-de-slime-no-shopping\" target=\"_blank\" rel=\"noopener\">Slime \u00e9 Nick Experience<\/a>\u201d<\/b>, que convida crian\u00e7as de 05 a 13 anos a personalizarem sua pr\u00f3pria massinha, participando de atividades interativas e muito divertidas, todas elas inspiradas no tema!<\/p>\n<p><img decoding=\"async\" class=\"size-medium wp-image-48238 aligncenter\" src=\"https:\/\/colinahomolog.com.br\/dev\/just-real-moms\/wp-content\/uploads\/2019\/04\/sp3-400x218.jpg\" alt=\"\" width=\"400\" height=\"218\" srcset=\"https:\/\/colinahomolog.com.br\/dev\/just-real-moms\/wp-content\/uploads\/2019\/04\/sp3-400x218.jpg 400w, https:\/\/colinahomolog.com.br\/dev\/just-real-moms\/wp-content\/uploads\/2019\/04\/sp3-768x419.jpg 768w, https:\/\/colinahomolog.com.br\/dev\/just-real-moms\/wp-content\/uploads\/2019\/04\/sp3-820x448.jpg 820w, https:\/\/colinahomolog.com.br\/dev\/just-real-moms\/wp-content\/uploads\/2019\/04\/sp3.jpg 932w\" sizes=\"(max-width: 400px) 100vw, 400px\" \/><\/p>\n<p>&nbsp;<\/p>\n<p>&nbsp;<\/p>\n\n    <div class=\"xs_social_share_widget xs_share_url after_content \t\tmain_content  wslu-style-1 wslu-share-box-shaped wslu-fill-colored wslu-none wslu-share-horizontal wslu-theme-font-no wslu-main_content\">\n\n\t\t\n        <ul>\n\t\t\t        <\/ul>\n    <\/div> \n","protected":false},"excerpt":{"rendered":"<p>FavoriteOl\u00e1, moms! Tudo bem? O fim de semana finalmente chegou! Como de costume, separamos alguns passeios infantis legais para voc\u00eas fazerem com as crian\u00e7as durante esses dois dias. Quem d\u00e1 as dicas \u00e9 bora.ai! Confiram! ______________________________________________________________________________ &nbsp; A partir de 5 de abril o\u00a0Museu de Arte de S\u00e3o Paulo Assis Chateaubriand (MASP)\u00a0recebe a exposi\u00e7\u00e3o\u00a0\u201cTarsila popular\u201d, [&hellip;]<\/p>\n","protected":false},"author":1026,"featured_media":48238,"comment_status":"open","ping_status":"closed","sticky":false,"template":"","format":"standard","meta":{"_acf_changed":false,"footnotes":""},"categories":[33,1742,1823],"tags":[1983,1870,45],"class_list":{"0":"post-48235","1":"post","2":"type-post","3":"status-publish","4":"format-standard","5":"has-post-thumbnail","7":"category-have-fun","8":"category-programacao","9":"category-programacao-sao-paulo","10":"tag-diversao-infantil","11":"tag-passeios-infantis","12":"tag-sao-paulo"},"acf":[],"yoast_head":"<!-- This site is optimized with the Yoast SEO Premium plugin v26.6 (Yoast SEO v26.6) - https:\/\/yoast.com\/wordpress\/plugins\/seo\/ -->\n<title>Prepare-se para o fim de semana em S\u00e3o Paulo - por bora.ai<\/title>\n<meta name=\"description\" content=\"J\u00e1 sabe o que fazer com as crian\u00e7as durante o fim de semana em S\u00e3o Paulo? Venham conferir os passeios infantis mais legais da cidade!\" \/>\n<meta name=\"robots\" content=\"index, follow, max-snippet:-1, max-image-preview:large, max-video-preview:-1\" \/>\n<link rel=\"canonical\" href=\"https:\/\/colinahomolog.com.br\/dev\/just-real-moms\/prepare-se-para-o-fim-de-semana-em-sao-paulo-por-bora-ai\/\" \/>\n<meta property=\"og:locale\" content=\"pt_BR\" \/>\n<meta property=\"og:type\" content=\"article\" \/>\n<meta property=\"og:title\" content=\"Prepare-se para o fim de semana em S\u00e3o Paulo - por bora.ai\" \/>\n<meta property=\"og:description\" content=\"J\u00e1 sabe o que fazer com as crian\u00e7as durante o fim de semana em S\u00e3o Paulo? Venham conferir os passeios infantis mais legais da cidade!\" \/>\n<meta property=\"og:url\" content=\"https:\/\/colinahomolog.com.br\/dev\/just-real-moms\/prepare-se-para-o-fim-de-semana-em-sao-paulo-por-bora-ai\/\" \/>\n<meta property=\"og:site_name\" content=\"Just Real Moms - Blog para M\u00e3es\" \/>\n<meta property=\"article:publisher\" content=\"https:\/\/www.facebook.com\/JustRealMoms\" \/>\n<meta property=\"article:published_time\" content=\"2019-04-05T12:01:02+00:00\" \/>\n<meta property=\"og:image\" content=\"https:\/\/colinahomolog.com.br\/dev\/just-real-moms\/wp-content\/uploads\/2019\/04\/sp3.jpg\" \/>\n\t<meta property=\"og:image:width\" content=\"932\" \/>\n\t<meta property=\"og:image:height\" content=\"509\" \/>\n\t<meta property=\"og:image:type\" content=\"image\/jpeg\" \/>\n<meta name=\"author\" content=\"Ana L\u00fa Gerodetti\" \/>\n<meta name=\"twitter:label1\" content=\"Escrito por\" \/>\n\t<meta name=\"twitter:data1\" content=\"Ana L\u00fa Gerodetti\" \/>\n\t<meta name=\"twitter:label2\" content=\"Est. tempo de leitura\" \/>\n\t<meta name=\"twitter:data2\" content=\"1 minuto\" \/>\n<script type=\"application\/ld+json\" class=\"yoast-schema-graph\">{\"@context\":\"https:\/\/schema.org\",\"@graph\":[{\"@type\":\"WebPage\",\"@id\":\"https:\/\/colinahomolog.com.br\/dev\/just-real-moms\/prepare-se-para-o-fim-de-semana-em-sao-paulo-por-bora-ai\/\",\"url\":\"https:\/\/colinahomolog.com.br\/dev\/just-real-moms\/prepare-se-para-o-fim-de-semana-em-sao-paulo-por-bora-ai\/\",\"name\":\"Prepare-se para o fim de semana em S\u00e3o Paulo - por bora.ai\",\"isPartOf\":{\"@id\":\"https:\/\/colinahomolog.com.br\/dev\/just-real-moms\/#website\"},\"primaryImageOfPage\":{\"@id\":\"https:\/\/colinahomolog.com.br\/dev\/just-real-moms\/prepare-se-para-o-fim-de-semana-em-sao-paulo-por-bora-ai\/#primaryimage\"},\"image\":{\"@id\":\"https:\/\/colinahomolog.com.br\/dev\/just-real-moms\/prepare-se-para-o-fim-de-semana-em-sao-paulo-por-bora-ai\/#primaryimage\"},\"thumbnailUrl\":\"https:\/\/colinahomolog.com.br\/dev\/just-real-moms\/wp-content\/uploads\/2019\/04\/sp3.jpg\",\"datePublished\":\"2019-04-05T12:01:02+00:00\",\"author\":{\"@id\":\"https:\/\/colinahomolog.com.br\/dev\/just-real-moms\/#\/schema\/person\/515932a32be880c655c9a97801ec749d\"},\"description\":\"J\u00e1 sabe o que fazer com as crian\u00e7as durante o fim de semana em S\u00e3o Paulo? Venham conferir os passeios infantis mais legais da cidade!\",\"breadcrumb\":{\"@id\":\"https:\/\/colinahomolog.com.br\/dev\/just-real-moms\/prepare-se-para-o-fim-de-semana-em-sao-paulo-por-bora-ai\/#breadcrumb\"},\"inLanguage\":\"pt-BR\",\"potentialAction\":[{\"@type\":\"ReadAction\",\"target\":[\"https:\/\/colinahomolog.com.br\/dev\/just-real-moms\/prepare-se-para-o-fim-de-semana-em-sao-paulo-por-bora-ai\/\"]}]},{\"@type\":\"ImageObject\",\"inLanguage\":\"pt-BR\",\"@id\":\"https:\/\/colinahomolog.com.br\/dev\/just-real-moms\/prepare-se-para-o-fim-de-semana-em-sao-paulo-por-bora-ai\/#primaryimage\",\"url\":\"https:\/\/colinahomolog.com.br\/dev\/just-real-moms\/wp-content\/uploads\/2019\/04\/sp3.jpg\",\"contentUrl\":\"https:\/\/colinahomolog.com.br\/dev\/just-real-moms\/wp-content\/uploads\/2019\/04\/sp3.jpg\",\"width\":932,\"height\":509},{\"@type\":\"BreadcrumbList\",\"@id\":\"https:\/\/colinahomolog.com.br\/dev\/just-real-moms\/prepare-se-para-o-fim-de-semana-em-sao-paulo-por-bora-ai\/#breadcrumb\",\"itemListElement\":[{\"@type\":\"ListItem\",\"position\":1,\"name\":\"In\u00edcio\",\"item\":\"https:\/\/colinahomolog.com.br\/dev\/just-real-moms\/\"},{\"@type\":\"ListItem\",\"position\":2,\"name\":\"Prepare-se para o fim de semana em S\u00e3o Paulo &#8211; por bora.ai\"}]},{\"@type\":\"WebSite\",\"@id\":\"https:\/\/colinahomolog.com.br\/dev\/just-real-moms\/#website\",\"url\":\"https:\/\/colinahomolog.com.br\/dev\/just-real-moms\/\",\"name\":\"Just Real Moms - Blog para M\u00e3es\",\"description\":\"O melhor e mais completo portal para m\u00e3es, pais e futuros pais!\",\"potentialAction\":[{\"@type\":\"SearchAction\",\"target\":{\"@type\":\"EntryPoint\",\"urlTemplate\":\"https:\/\/colinahomolog.com.br\/dev\/just-real-moms\/?s={search_term_string}\"},\"query-input\":{\"@type\":\"PropertyValueSpecification\",\"valueRequired\":true,\"valueName\":\"search_term_string\"}}],\"inLanguage\":\"pt-BR\"},{\"@type\":\"Person\",\"@id\":\"https:\/\/colinahomolog.com.br\/dev\/just-real-moms\/#\/schema\/person\/515932a32be880c655c9a97801ec749d\",\"name\":\"Ana L\u00fa Gerodetti\",\"url\":\"https:\/\/colinahomolog.com.br\/dev\/just-real-moms\/author\/ana-luisa\/\"}]}<\/script>\n<!-- \/ Yoast SEO Premium plugin. -->","yoast_head_json":{"title":"Prepare-se para o fim de semana em S\u00e3o Paulo - por bora.ai","description":"J\u00e1 sabe o que fazer com as crian\u00e7as durante o fim de semana em S\u00e3o Paulo? Venham conferir os passeios infantis mais legais da cidade!","robots":{"index":"index","follow":"follow","max-snippet":"max-snippet:-1","max-image-preview":"max-image-preview:large","max-video-preview":"max-video-preview:-1"},"canonical":"https:\/\/colinahomolog.com.br\/dev\/just-real-moms\/prepare-se-para-o-fim-de-semana-em-sao-paulo-por-bora-ai\/","og_locale":"pt_BR","og_type":"article","og_title":"Prepare-se para o fim de semana em S\u00e3o Paulo - por bora.ai","og_description":"J\u00e1 sabe o que fazer com as crian\u00e7as durante o fim de semana em S\u00e3o Paulo? Venham conferir os passeios infantis mais legais da cidade!","og_url":"https:\/\/colinahomolog.com.br\/dev\/just-real-moms\/prepare-se-para-o-fim-de-semana-em-sao-paulo-por-bora-ai\/","og_site_name":"Just Real Moms - Blog para M\u00e3es","article_publisher":"https:\/\/www.facebook.com\/JustRealMoms","article_published_time":"2019-04-05T12:01:02+00:00","og_image":[{"width":932,"height":509,"url":"https:\/\/colinahomolog.com.br\/dev\/just-real-moms\/wp-content\/uploads\/2019\/04\/sp3.jpg","type":"image\/jpeg"}],"author":"Ana L\u00fa Gerodetti","twitter_misc":{"Escrito por":"Ana L\u00fa Gerodetti","Est. tempo de leitura":"1 minuto"},"schema":{"@context":"https:\/\/schema.org","@graph":[{"@type":"WebPage","@id":"https:\/\/colinahomolog.com.br\/dev\/just-real-moms\/prepare-se-para-o-fim-de-semana-em-sao-paulo-por-bora-ai\/","url":"https:\/\/colinahomolog.com.br\/dev\/just-real-moms\/prepare-se-para-o-fim-de-semana-em-sao-paulo-por-bora-ai\/","name":"Prepare-se para o fim de semana em S\u00e3o Paulo - por bora.ai","isPartOf":{"@id":"https:\/\/colinahomolog.com.br\/dev\/just-real-moms\/#website"},"primaryImageOfPage":{"@id":"https:\/\/colinahomolog.com.br\/dev\/just-real-moms\/prepare-se-para-o-fim-de-semana-em-sao-paulo-por-bora-ai\/#primaryimage"},"image":{"@id":"https:\/\/colinahomolog.com.br\/dev\/just-real-moms\/prepare-se-para-o-fim-de-semana-em-sao-paulo-por-bora-ai\/#primaryimage"},"thumbnailUrl":"https:\/\/colinahomolog.com.br\/dev\/just-real-moms\/wp-content\/uploads\/2019\/04\/sp3.jpg","datePublished":"2019-04-05T12:01:02+00:00","author":{"@id":"https:\/\/colinahomolog.com.br\/dev\/just-real-moms\/#\/schema\/person\/515932a32be880c655c9a97801ec749d"},"description":"J\u00e1 sabe o que fazer com as crian\u00e7as durante o fim de semana em S\u00e3o Paulo? Venham conferir os passeios infantis mais legais da cidade!","breadcrumb":{"@id":"https:\/\/colinahomolog.com.br\/dev\/just-real-moms\/prepare-se-para-o-fim-de-semana-em-sao-paulo-por-bora-ai\/#breadcrumb"},"inLanguage":"pt-BR","potentialAction":[{"@type":"ReadAction","target":["https:\/\/colinahomolog.com.br\/dev\/just-real-moms\/prepare-se-para-o-fim-de-semana-em-sao-paulo-por-bora-ai\/"]}]},{"@type":"ImageObject","inLanguage":"pt-BR","@id":"https:\/\/colinahomolog.com.br\/dev\/just-real-moms\/prepare-se-para-o-fim-de-semana-em-sao-paulo-por-bora-ai\/#primaryimage","url":"https:\/\/colinahomolog.com.br\/dev\/just-real-moms\/wp-content\/uploads\/2019\/04\/sp3.jpg","contentUrl":"https:\/\/colinahomolog.com.br\/dev\/just-real-moms\/wp-content\/uploads\/2019\/04\/sp3.jpg","width":932,"height":509},{"@type":"BreadcrumbList","@id":"https:\/\/colinahomolog.com.br\/dev\/just-real-moms\/prepare-se-para-o-fim-de-semana-em-sao-paulo-por-bora-ai\/#breadcrumb","itemListElement":[{"@type":"ListItem","position":1,"name":"In\u00edcio","item":"https:\/\/colinahomolog.com.br\/dev\/just-real-moms\/"},{"@type":"ListItem","position":2,"name":"Prepare-se para o fim de semana em S\u00e3o Paulo &#8211; por bora.ai"}]},{"@type":"WebSite","@id":"https:\/\/colinahomolog.com.br\/dev\/just-real-moms\/#website","url":"https:\/\/colinahomolog.com.br\/dev\/just-real-moms\/","name":"Just Real Moms - Blog para M\u00e3es","description":"O melhor e mais completo portal para m\u00e3es, pais e futuros pais!","potentialAction":[{"@type":"SearchAction","target":{"@type":"EntryPoint","urlTemplate":"https:\/\/colinahomolog.com.br\/dev\/just-real-moms\/?s={search_term_string}"},"query-input":{"@type":"PropertyValueSpecification","valueRequired":true,"valueName":"search_term_string"}}],"inLanguage":"pt-BR"},{"@type":"Person","@id":"https:\/\/colinahomolog.com.br\/dev\/just-real-moms\/#\/schema\/person\/515932a32be880c655c9a97801ec749d","name":"Ana L\u00fa Gerodetti","url":"https:\/\/colinahomolog.com.br\/dev\/just-real-moms\/author\/ana-luisa\/"}]}},"_links":{"self":[{"href":"https:\/\/colinahomolog.com.br\/dev\/just-real-moms\/wp-json\/wp\/v2\/posts\/48235","targetHints":{"allow":["GET"]}}],"collection":[{"href":"https:\/\/colinahomolog.com.br\/dev\/just-real-moms\/wp-json\/wp\/v2\/posts"}],"about":[{"href":"https:\/\/colinahomolog.com.br\/dev\/just-real-moms\/wp-json\/wp\/v2\/types\/post"}],"author":[{"embeddable":true,"href":"https:\/\/colinahomolog.com.br\/dev\/just-real-moms\/wp-json\/wp\/v2\/users\/1026"}],"replies":[{"embeddable":true,"href":"https:\/\/colinahomolog.com.br\/dev\/just-real-moms\/wp-json\/wp\/v2\/comments?post=48235"}],"version-history":[{"count":0,"href":"https:\/\/colinahomolog.com.br\/dev\/just-real-moms\/wp-json\/wp\/v2\/posts\/48235\/revisions"}],"wp:featuredmedia":[{"embeddable":true,"href":"https:\/\/colinahomolog.com.br\/dev\/just-real-moms\/wp-json\/wp\/v2\/media\/48238"}],"wp:attachment":[{"href":"https:\/\/colinahomolog.com.br\/dev\/just-real-moms\/wp-json\/wp\/v2\/media?parent=48235"}],"wp:term":[{"taxonomy":"category","embeddable":true,"href":"https:\/\/colinahomolog.com.br\/dev\/just-real-moms\/wp-json\/wp\/v2\/categories?post=48235"},{"taxonomy":"post_tag","embeddable":true,"href":"https:\/\/colinahomolog.com.br\/dev\/just-real-moms\/wp-json\/wp\/v2\/tags?post=48235"}],"curies":[{"name":"wp","href":"https:\/\/api.w.org\/{rel}","templated":true}]}}