{"id":48492,"date":"2019-06-28T16:06:31","date_gmt":"2019-06-28T19:06:31","guid":{"rendered":"https:\/\/colinahomolog.com.br\/dev\/just-real-moms\/?p=48492"},"modified":"2024-05-21T10:52:57","modified_gmt":"2024-05-21T13:52:57","slug":"programacao-infantil-de-sao-paulo-por-bora-ai","status":"publish","type":"post","link":"https:\/\/colinahomolog.com.br\/dev\/just-real-moms\/programacao-infantil-de-sao-paulo-por-bora-ai\/","title":{"rendered":"Programa\u00e7\u00e3o infantil de S\u00e3o Paulo &#8211; por bora.ai"},"content":{"rendered":"<button class=\"simplefavorite-button preset\" data-postid=\"48492\" data-siteid=\"1\" data-groupid=\"1\" data-favoritecount=\"0\" style=\"box-shadow:none;-webkit-box-shadow:none;-moz-box-shadow:none;background-color:#68ccb4;border-color:#68ccb4;color:#ffffff;\"><i class=\"sf-icon-favorite\" style=\"\"><\/i>Favorite<\/button><p>Oie, moms!<\/p>\n<p>Tudo bem com voc\u00eas?<\/p>\n<p>O final de semana chegou e, com ele, vem muuuuita divers\u00e3o para as crian\u00e7as!<\/p>\n<p>Para sair um pouco da rotina, o bora.ai nos enviou algumas dicas super bacanas com a programa\u00e7\u00e3o infantil de S\u00e3o Paulo.<\/p>\n<p>Confiram!<\/p>\n<p>________________________________________________________________________________<\/p>\n<p>&nbsp;<\/p>\n<p>De 6 a 28 de julho, aos s\u00e1bados e domingos, o\u00a0<b>Teatro Alfa<\/b>\u00a0recebe o\u00a0<a href=\"https:\/\/bora.ai\/sp\/passeios\/festival-rock-for-kids\" target=\"_blank\" rel=\"noopener\"><b>Festival de F\u00e9rias Rock for Kids<\/b><\/a>, uma super oportunidade de apresentar os pequenos aos cl\u00e1ssicos do ritmo, reunindo covers das bandas Guns N\u2019Roses, U2, Pitty e Princesas do Rock.<\/p>\n<p><img fetchpriority=\"high\" decoding=\"async\" class=\"aligncenter wp-image-48493 size-medium\" src=\"https:\/\/colinahomolog.com.br\/dev\/just-real-moms\/wp-content\/uploads\/2019\/06\/sp1-3-400x218.jpg\" alt=\"Programa\u00e7\u00e3o infantil de S\u00e3o Paulo - por bora.ai\" width=\"400\" height=\"218\" srcset=\"https:\/\/colinahomolog.com.br\/dev\/just-real-moms\/wp-content\/uploads\/2019\/06\/sp1-3-400x218.jpg 400w, https:\/\/colinahomolog.com.br\/dev\/just-real-moms\/wp-content\/uploads\/2019\/06\/sp1-3-768x419.jpg 768w, https:\/\/colinahomolog.com.br\/dev\/just-real-moms\/wp-content\/uploads\/2019\/06\/sp1-3-820x448.jpg 820w, https:\/\/colinahomolog.com.br\/dev\/just-real-moms\/wp-content\/uploads\/2019\/06\/sp1-3.jpg 932w\" sizes=\"(max-width: 400px) 100vw, 400px\" \/><\/p>\n<p>&nbsp;<\/p>\n<p>O restaurante Hortalice, localizado nas depend\u00eancias da escola\u00a0<b>Una Yoga<\/b>, nos jardins, promove<b>\u00a0oficinas infantis nas f\u00e9rias de julho<\/b>. <a href=\"https:\/\/bora.ai\/sp\/passeios\/oficinas-naturais-no-una-yoga\" target=\"_blank\" rel=\"noopener\">Confira a programa\u00e7\u00e3o<\/a>!<\/p>\n<p><img decoding=\"async\" class=\"size-medium wp-image-48494 aligncenter\" src=\"https:\/\/colinahomolog.com.br\/dev\/just-real-moms\/wp-content\/uploads\/2019\/06\/sp2-3-400x266.jpg\" alt=\"\" width=\"400\" height=\"266\" srcset=\"https:\/\/colinahomolog.com.br\/dev\/just-real-moms\/wp-content\/uploads\/2019\/06\/sp2-3-400x266.jpg 400w, https:\/\/colinahomolog.com.br\/dev\/just-real-moms\/wp-content\/uploads\/2019\/06\/sp2-3-225x150.jpg 225w, https:\/\/colinahomolog.com.br\/dev\/just-real-moms\/wp-content\/uploads\/2019\/06\/sp2-3.jpg 626w\" sizes=\"(max-width: 400px) 100vw, 400px\" \/><\/p>\n<p>&nbsp;<\/p>\n<p>Neste s\u00e1bado, 29 de Junho, a Ilha Musical do Parque Villa Lobos recebe o <a href=\"https:\/\/bora.ai\/sp\/passeios\/shows-gastronomia-e-muita-diversaeo-ao-ar-livre-no-parque\" target=\"_blank\" rel=\"noopener\"><strong>Festival Comg\u00e1s Transforma,<\/strong><\/a> um evento que traz na programa\u00e7\u00e3o shows, gastronomia e muita divers\u00e3o ao ar livre para a fam\u00edlia toda!<\/p>\n<p><img decoding=\"async\" class=\"size-medium wp-image-48495 aligncenter\" src=\"https:\/\/colinahomolog.com.br\/dev\/just-real-moms\/wp-content\/uploads\/2019\/06\/sp3-3-400x267.jpg\" alt=\"\" width=\"400\" height=\"267\" srcset=\"https:\/\/colinahomolog.com.br\/dev\/just-real-moms\/wp-content\/uploads\/2019\/06\/sp3-3-400x267.jpg 400w, https:\/\/colinahomolog.com.br\/dev\/just-real-moms\/wp-content\/uploads\/2019\/06\/sp3-3-225x150.jpg 225w, https:\/\/colinahomolog.com.br\/dev\/just-real-moms\/wp-content\/uploads\/2019\/06\/sp3-3.jpg 496w\" sizes=\"(max-width: 400px) 100vw, 400px\" \/><\/p>\n<p>&nbsp;<\/p>\n<p>O\u00a0<b>Escape J\u00fanior<\/b>\u00a0\u00e9 uma sala que convida meninos e meninas de 7 a 13 anos a encontrar pistas, decifrar enigmas e ainda escapar em 60 minutos!<\/p>\n<p><img loading=\"lazy\" decoding=\"async\" class=\"size-medium wp-image-48496 aligncenter\" src=\"https:\/\/colinahomolog.com.br\/dev\/just-real-moms\/wp-content\/uploads\/2019\/06\/sp4-2-400x291.jpg\" alt=\"\" width=\"400\" height=\"291\" srcset=\"https:\/\/colinahomolog.com.br\/dev\/just-real-moms\/wp-content\/uploads\/2019\/06\/sp4-2-400x291.jpg 400w, https:\/\/colinahomolog.com.br\/dev\/just-real-moms\/wp-content\/uploads\/2019\/06\/sp4-2.jpg 640w\" sizes=\"(max-width: 400px) 100vw, 400px\" \/><\/p>\n\n    <div class=\"xs_social_share_widget xs_share_url after_content \t\tmain_content  wslu-style-1 wslu-share-box-shaped wslu-fill-colored wslu-none wslu-share-horizontal wslu-theme-font-no wslu-main_content\">\n\n\t\t\n        <ul>\n\t\t\t        <\/ul>\n    <\/div> \n","protected":false},"excerpt":{"rendered":"<p>FavoriteOie, moms! Tudo bem com voc\u00eas? O final de semana chegou e, com ele, vem muuuuita divers\u00e3o para as crian\u00e7as! Para sair um pouco da rotina, o bora.ai nos enviou algumas dicas super bacanas com a programa\u00e7\u00e3o infantil de S\u00e3o Paulo. Confiram! ________________________________________________________________________________ &nbsp; De 6 a 28 de julho, aos s\u00e1bados e domingos, o\u00a0Teatro [&hellip;]<\/p>\n","protected":false},"author":1026,"featured_media":48493,"comment_status":"open","ping_status":"open","sticky":false,"template":"","format":"standard","meta":{"_acf_changed":false,"footnotes":""},"categories":[33,1742,1823],"tags":[1870,1968,45],"class_list":{"0":"post-48492","1":"post","2":"type-post","3":"status-publish","4":"format-standard","5":"has-post-thumbnail","7":"category-have-fun","8":"category-programacao","9":"category-programacao-sao-paulo","10":"tag-passeios-infantis","11":"tag-passeios-para-criancas","12":"tag-sao-paulo"},"acf":[],"yoast_head":"<!-- This site is optimized with the Yoast SEO Premium plugin v26.6 (Yoast SEO v26.6) - https:\/\/yoast.com\/wordpress\/plugins\/seo\/ -->\n<title>Programa\u00e7\u00e3o infantil de S\u00e3o Paulo - por bora.ai<\/title>\n<meta name=\"robots\" content=\"index, follow, max-snippet:-1, max-image-preview:large, max-video-preview:-1\" \/>\n<link rel=\"canonical\" href=\"https:\/\/colinahomolog.com.br\/dev\/just-real-moms\/programacao-infantil-de-sao-paulo-por-bora-ai\/\" \/>\n<meta property=\"og:locale\" content=\"pt_BR\" \/>\n<meta property=\"og:type\" content=\"article\" \/>\n<meta property=\"og:title\" content=\"Programa\u00e7\u00e3o infantil de S\u00e3o Paulo - por bora.ai\" \/>\n<meta property=\"og:description\" content=\"FavoriteOie, moms! Tudo bem com voc\u00eas? O final de semana chegou e, com ele, vem muuuuita divers\u00e3o para as crian\u00e7as! Para sair um pouco da rotina, o bora.ai nos enviou algumas dicas super bacanas com a programa\u00e7\u00e3o infantil de S\u00e3o Paulo. Confiram! ________________________________________________________________________________ &nbsp; De 6 a 28 de julho, aos s\u00e1bados e domingos, o\u00a0Teatro [&hellip;]\" \/>\n<meta property=\"og:url\" content=\"https:\/\/colinahomolog.com.br\/dev\/just-real-moms\/programacao-infantil-de-sao-paulo-por-bora-ai\/\" \/>\n<meta property=\"og:site_name\" content=\"Just Real Moms - Blog para M\u00e3es\" \/>\n<meta property=\"article:publisher\" content=\"https:\/\/www.facebook.com\/JustRealMoms\" \/>\n<meta property=\"article:published_time\" content=\"2019-06-28T19:06:31+00:00\" \/>\n<meta property=\"article:modified_time\" content=\"2024-05-21T13:52:57+00:00\" \/>\n<meta property=\"og:image\" content=\"https:\/\/colinahomolog.com.br\/dev\/just-real-moms\/wp-content\/uploads\/2019\/06\/sp1-3.jpg\" \/>\n\t<meta property=\"og:image:width\" content=\"932\" \/>\n\t<meta property=\"og:image:height\" content=\"509\" \/>\n\t<meta property=\"og:image:type\" content=\"image\/jpeg\" \/>\n<meta name=\"author\" content=\"Ana L\u00fa Gerodetti\" \/>\n<meta name=\"twitter:label1\" content=\"Escrito por\" \/>\n\t<meta name=\"twitter:data1\" content=\"Ana L\u00fa Gerodetti\" \/>\n\t<meta name=\"twitter:label2\" content=\"Est. tempo de leitura\" \/>\n\t<meta name=\"twitter:data2\" content=\"2 minutos\" \/>\n<script type=\"application\/ld+json\" class=\"yoast-schema-graph\">{\"@context\":\"https:\/\/schema.org\",\"@graph\":[{\"@type\":\"WebPage\",\"@id\":\"https:\/\/colinahomolog.com.br\/dev\/just-real-moms\/programacao-infantil-de-sao-paulo-por-bora-ai\/\",\"url\":\"https:\/\/colinahomolog.com.br\/dev\/just-real-moms\/programacao-infantil-de-sao-paulo-por-bora-ai\/\",\"name\":\"Programa\u00e7\u00e3o infantil de S\u00e3o Paulo - por bora.ai\",\"isPartOf\":{\"@id\":\"https:\/\/colinahomolog.com.br\/dev\/just-real-moms\/#website\"},\"primaryImageOfPage\":{\"@id\":\"https:\/\/colinahomolog.com.br\/dev\/just-real-moms\/programacao-infantil-de-sao-paulo-por-bora-ai\/#primaryimage\"},\"image\":{\"@id\":\"https:\/\/colinahomolog.com.br\/dev\/just-real-moms\/programacao-infantil-de-sao-paulo-por-bora-ai\/#primaryimage\"},\"thumbnailUrl\":\"https:\/\/colinahomolog.com.br\/dev\/just-real-moms\/wp-content\/uploads\/2019\/06\/sp1-3.jpg\",\"datePublished\":\"2019-06-28T19:06:31+00:00\",\"dateModified\":\"2024-05-21T13:52:57+00:00\",\"author\":{\"@id\":\"https:\/\/colinahomolog.com.br\/dev\/just-real-moms\/#\/schema\/person\/515932a32be880c655c9a97801ec749d\"},\"breadcrumb\":{\"@id\":\"https:\/\/colinahomolog.com.br\/dev\/just-real-moms\/programacao-infantil-de-sao-paulo-por-bora-ai\/#breadcrumb\"},\"inLanguage\":\"pt-BR\",\"potentialAction\":[{\"@type\":\"ReadAction\",\"target\":[\"https:\/\/colinahomolog.com.br\/dev\/just-real-moms\/programacao-infantil-de-sao-paulo-por-bora-ai\/\"]}]},{\"@type\":\"ImageObject\",\"inLanguage\":\"pt-BR\",\"@id\":\"https:\/\/colinahomolog.com.br\/dev\/just-real-moms\/programacao-infantil-de-sao-paulo-por-bora-ai\/#primaryimage\",\"url\":\"https:\/\/colinahomolog.com.br\/dev\/just-real-moms\/wp-content\/uploads\/2019\/06\/sp1-3.jpg\",\"contentUrl\":\"https:\/\/colinahomolog.com.br\/dev\/just-real-moms\/wp-content\/uploads\/2019\/06\/sp1-3.jpg\",\"width\":932,\"height\":509},{\"@type\":\"BreadcrumbList\",\"@id\":\"https:\/\/colinahomolog.com.br\/dev\/just-real-moms\/programacao-infantil-de-sao-paulo-por-bora-ai\/#breadcrumb\",\"itemListElement\":[{\"@type\":\"ListItem\",\"position\":1,\"name\":\"In\u00edcio\",\"item\":\"https:\/\/colinahomolog.com.br\/dev\/just-real-moms\/\"},{\"@type\":\"ListItem\",\"position\":2,\"name\":\"Programa\u00e7\u00e3o infantil de S\u00e3o Paulo &#8211; por bora.ai\"}]},{\"@type\":\"WebSite\",\"@id\":\"https:\/\/colinahomolog.com.br\/dev\/just-real-moms\/#website\",\"url\":\"https:\/\/colinahomolog.com.br\/dev\/just-real-moms\/\",\"name\":\"Just Real Moms - Blog para M\u00e3es\",\"description\":\"O melhor e mais completo portal para m\u00e3es, pais e futuros pais!\",\"potentialAction\":[{\"@type\":\"SearchAction\",\"target\":{\"@type\":\"EntryPoint\",\"urlTemplate\":\"https:\/\/colinahomolog.com.br\/dev\/just-real-moms\/?s={search_term_string}\"},\"query-input\":{\"@type\":\"PropertyValueSpecification\",\"valueRequired\":true,\"valueName\":\"search_term_string\"}}],\"inLanguage\":\"pt-BR\"},{\"@type\":\"Person\",\"@id\":\"https:\/\/colinahomolog.com.br\/dev\/just-real-moms\/#\/schema\/person\/515932a32be880c655c9a97801ec749d\",\"name\":\"Ana L\u00fa Gerodetti\",\"url\":\"https:\/\/colinahomolog.com.br\/dev\/just-real-moms\/author\/ana-luisa\/\"}]}<\/script>\n<!-- \/ Yoast SEO Premium plugin. -->","yoast_head_json":{"title":"Programa\u00e7\u00e3o infantil de S\u00e3o Paulo - por bora.ai","robots":{"index":"index","follow":"follow","max-snippet":"max-snippet:-1","max-image-preview":"max-image-preview:large","max-video-preview":"max-video-preview:-1"},"canonical":"https:\/\/colinahomolog.com.br\/dev\/just-real-moms\/programacao-infantil-de-sao-paulo-por-bora-ai\/","og_locale":"pt_BR","og_type":"article","og_title":"Programa\u00e7\u00e3o infantil de S\u00e3o Paulo - por bora.ai","og_description":"FavoriteOie, moms! Tudo bem com voc\u00eas? O final de semana chegou e, com ele, vem muuuuita divers\u00e3o para as crian\u00e7as! Para sair um pouco da rotina, o bora.ai nos enviou algumas dicas super bacanas com a programa\u00e7\u00e3o infantil de S\u00e3o Paulo. Confiram! ________________________________________________________________________________ &nbsp; De 6 a 28 de julho, aos s\u00e1bados e domingos, o\u00a0Teatro [&hellip;]","og_url":"https:\/\/colinahomolog.com.br\/dev\/just-real-moms\/programacao-infantil-de-sao-paulo-por-bora-ai\/","og_site_name":"Just Real Moms - Blog para M\u00e3es","article_publisher":"https:\/\/www.facebook.com\/JustRealMoms","article_published_time":"2019-06-28T19:06:31+00:00","article_modified_time":"2024-05-21T13:52:57+00:00","og_image":[{"width":932,"height":509,"url":"https:\/\/colinahomolog.com.br\/dev\/just-real-moms\/wp-content\/uploads\/2019\/06\/sp1-3.jpg","type":"image\/jpeg"}],"author":"Ana L\u00fa Gerodetti","twitter_misc":{"Escrito por":"Ana L\u00fa Gerodetti","Est. tempo de leitura":"2 minutos"},"schema":{"@context":"https:\/\/schema.org","@graph":[{"@type":"WebPage","@id":"https:\/\/colinahomolog.com.br\/dev\/just-real-moms\/programacao-infantil-de-sao-paulo-por-bora-ai\/","url":"https:\/\/colinahomolog.com.br\/dev\/just-real-moms\/programacao-infantil-de-sao-paulo-por-bora-ai\/","name":"Programa\u00e7\u00e3o infantil de S\u00e3o Paulo - por bora.ai","isPartOf":{"@id":"https:\/\/colinahomolog.com.br\/dev\/just-real-moms\/#website"},"primaryImageOfPage":{"@id":"https:\/\/colinahomolog.com.br\/dev\/just-real-moms\/programacao-infantil-de-sao-paulo-por-bora-ai\/#primaryimage"},"image":{"@id":"https:\/\/colinahomolog.com.br\/dev\/just-real-moms\/programacao-infantil-de-sao-paulo-por-bora-ai\/#primaryimage"},"thumbnailUrl":"https:\/\/colinahomolog.com.br\/dev\/just-real-moms\/wp-content\/uploads\/2019\/06\/sp1-3.jpg","datePublished":"2019-06-28T19:06:31+00:00","dateModified":"2024-05-21T13:52:57+00:00","author":{"@id":"https:\/\/colinahomolog.com.br\/dev\/just-real-moms\/#\/schema\/person\/515932a32be880c655c9a97801ec749d"},"breadcrumb":{"@id":"https:\/\/colinahomolog.com.br\/dev\/just-real-moms\/programacao-infantil-de-sao-paulo-por-bora-ai\/#breadcrumb"},"inLanguage":"pt-BR","potentialAction":[{"@type":"ReadAction","target":["https:\/\/colinahomolog.com.br\/dev\/just-real-moms\/programacao-infantil-de-sao-paulo-por-bora-ai\/"]}]},{"@type":"ImageObject","inLanguage":"pt-BR","@id":"https:\/\/colinahomolog.com.br\/dev\/just-real-moms\/programacao-infantil-de-sao-paulo-por-bora-ai\/#primaryimage","url":"https:\/\/colinahomolog.com.br\/dev\/just-real-moms\/wp-content\/uploads\/2019\/06\/sp1-3.jpg","contentUrl":"https:\/\/colinahomolog.com.br\/dev\/just-real-moms\/wp-content\/uploads\/2019\/06\/sp1-3.jpg","width":932,"height":509},{"@type":"BreadcrumbList","@id":"https:\/\/colinahomolog.com.br\/dev\/just-real-moms\/programacao-infantil-de-sao-paulo-por-bora-ai\/#breadcrumb","itemListElement":[{"@type":"ListItem","position":1,"name":"In\u00edcio","item":"https:\/\/colinahomolog.com.br\/dev\/just-real-moms\/"},{"@type":"ListItem","position":2,"name":"Programa\u00e7\u00e3o infantil de S\u00e3o Paulo &#8211; por bora.ai"}]},{"@type":"WebSite","@id":"https:\/\/colinahomolog.com.br\/dev\/just-real-moms\/#website","url":"https:\/\/colinahomolog.com.br\/dev\/just-real-moms\/","name":"Just Real Moms - Blog para M\u00e3es","description":"O melhor e mais completo portal para m\u00e3es, pais e futuros pais!","potentialAction":[{"@type":"SearchAction","target":{"@type":"EntryPoint","urlTemplate":"https:\/\/colinahomolog.com.br\/dev\/just-real-moms\/?s={search_term_string}"},"query-input":{"@type":"PropertyValueSpecification","valueRequired":true,"valueName":"search_term_string"}}],"inLanguage":"pt-BR"},{"@type":"Person","@id":"https:\/\/colinahomolog.com.br\/dev\/just-real-moms\/#\/schema\/person\/515932a32be880c655c9a97801ec749d","name":"Ana L\u00fa Gerodetti","url":"https:\/\/colinahomolog.com.br\/dev\/just-real-moms\/author\/ana-luisa\/"}]}},"_links":{"self":[{"href":"https:\/\/colinahomolog.com.br\/dev\/just-real-moms\/wp-json\/wp\/v2\/posts\/48492","targetHints":{"allow":["GET"]}}],"collection":[{"href":"https:\/\/colinahomolog.com.br\/dev\/just-real-moms\/wp-json\/wp\/v2\/posts"}],"about":[{"href":"https:\/\/colinahomolog.com.br\/dev\/just-real-moms\/wp-json\/wp\/v2\/types\/post"}],"author":[{"embeddable":true,"href":"https:\/\/colinahomolog.com.br\/dev\/just-real-moms\/wp-json\/wp\/v2\/users\/1026"}],"replies":[{"embeddable":true,"href":"https:\/\/colinahomolog.com.br\/dev\/just-real-moms\/wp-json\/wp\/v2\/comments?post=48492"}],"version-history":[{"count":0,"href":"https:\/\/colinahomolog.com.br\/dev\/just-real-moms\/wp-json\/wp\/v2\/posts\/48492\/revisions"}],"wp:featuredmedia":[{"embeddable":true,"href":"https:\/\/colinahomolog.com.br\/dev\/just-real-moms\/wp-json\/wp\/v2\/media\/48493"}],"wp:attachment":[{"href":"https:\/\/colinahomolog.com.br\/dev\/just-real-moms\/wp-json\/wp\/v2\/media?parent=48492"}],"wp:term":[{"taxonomy":"category","embeddable":true,"href":"https:\/\/colinahomolog.com.br\/dev\/just-real-moms\/wp-json\/wp\/v2\/categories?post=48492"},{"taxonomy":"post_tag","embeddable":true,"href":"https:\/\/colinahomolog.com.br\/dev\/just-real-moms\/wp-json\/wp\/v2\/tags?post=48492"}],"curies":[{"name":"wp","href":"https:\/\/api.w.org\/{rel}","templated":true}]}}