{"id":48643,"date":"2019-08-16T10:34:53","date_gmt":"2019-08-16T13:34:53","guid":{"rendered":"https:\/\/colinahomolog.com.br\/dev\/just-real-moms\/?p=48643"},"modified":"2019-08-16T11:07:43","modified_gmt":"2019-08-16T14:07:43","slug":"fim-de-semana-animado-em-sao-paulo-por-bora-ai-3","status":"publish","type":"post","link":"https:\/\/colinahomolog.com.br\/dev\/just-real-moms\/fim-de-semana-animado-em-sao-paulo-por-bora-ai-3\/","title":{"rendered":"Fim de semana animado em S\u00e3o Paulo &#8211; por bora.ai"},"content":{"rendered":"<button class=\"simplefavorite-button preset\" data-postid=\"48643\" data-siteid=\"1\" data-groupid=\"1\" data-favoritecount=\"0\" style=\"box-shadow:none;-webkit-box-shadow:none;-moz-box-shadow:none;background-color:#68ccb4;border-color:#68ccb4;color:#ffffff;\"><i class=\"sf-icon-favorite\" style=\"\"><\/i>Favorite<\/button><p>Ol\u00e1, meninas!<\/p>\n<p>Tudo bem com voc\u00eas?<\/p>\n<p>O final de semana ser\u00e1 super animado para as fam\u00edlias que forem ficar em S\u00e3o Paulo.<\/p>\n<p>Acontecer\u00e3o alguns passeios infantis mega divertidos, por isso o <a href=\"http:\/\/bora.ai\" target=\"_blank\" rel=\"noopener noreferrer\">bora.ai<\/a> fez uma sele\u00e7\u00e3o dos melhores para trazermos \u00e0s nossas leitoras.<\/p>\n<p>Confiram!<\/p>\n<p>________________________________________________________________________________<\/p>\n<p>&nbsp;<\/p>\n<p>A <a href=\"https:\/\/bora.ai\/sp\/passeios\/maratona-infantil-no-mis\" target=\"_blank\" rel=\"noopener noreferrer\"><strong>Maratona Infantil do MIS<\/strong><\/a> acontece mensalmente e \u00e9 um super programa para levar as crian\u00e7as! E a edi\u00e7\u00e3o de agosto chega com atra\u00e7\u00f5es especial\u00edssimas inspiradas na cantora islandesa Bj\u00f6rk, com oficinas tem\u00e1ticas, espet\u00e1culos e muitas brincadeiras para comemorar o \u00faltimo dia de visita\u00e7\u00e3o da exposi\u00e7\u00e3o Bj\u00f6rk Digital.<\/p>\n<p><img fetchpriority=\"high\" decoding=\"async\" class=\"aligncenter wp-image-48645 size-medium\" src=\"https:\/\/colinahomolog.com.br\/dev\/just-real-moms\/wp-content\/uploads\/2019\/08\/sp1-2-400x300.jpg\" alt=\"Fim de semana animado em S\u00e3o Paulo - por bora.ai\" width=\"400\" height=\"300\" srcset=\"https:\/\/colinahomolog.com.br\/dev\/just-real-moms\/wp-content\/uploads\/2019\/08\/sp1-2-400x300.jpg 400w, https:\/\/colinahomolog.com.br\/dev\/just-real-moms\/wp-content\/uploads\/2019\/08\/sp1-2.jpg 640w\" sizes=\"(max-width: 400px) 100vw, 400px\" \/><\/p>\n<p>&nbsp;<\/p>\n<p>As tardes de domingo dos pequenos s\u00e3o repletas de divers\u00e3o na\u00a0<a href=\"https:\/\/bora.ai\/sp\/passeios\/casinha-brincadeira-e-musica-na-casa-natura-musical\" target=\"_blank\" rel=\"noopener noreferrer\"><b>Casa Natura Musical<\/b><\/a>! E no dia 18 de agosto o espa\u00e7o recebe mais uma edi\u00e7\u00e3o do projeto\u00a0<b>Casinha<\/b>, com uma programa\u00e7\u00e3o totalmente desenvolvida para o p\u00fablico infantil, feita em parceria com a\u00a0<a href=\"https:\/\/bora.ai\/sp\/passeios\/atividades-na-casa-do-brincar\">Casa do Brincar<\/a>!<\/p>\n<p><img decoding=\"async\" class=\"aligncenter wp-image-48646 size-medium\" src=\"https:\/\/colinahomolog.com.br\/dev\/just-real-moms\/wp-content\/uploads\/2019\/08\/sp2-2-400x218.jpg\" alt=\"\" width=\"400\" height=\"218\" srcset=\"https:\/\/colinahomolog.com.br\/dev\/just-real-moms\/wp-content\/uploads\/2019\/08\/sp2-2-400x218.jpg 400w, https:\/\/colinahomolog.com.br\/dev\/just-real-moms\/wp-content\/uploads\/2019\/08\/sp2-2-768x419.jpg 768w, https:\/\/colinahomolog.com.br\/dev\/just-real-moms\/wp-content\/uploads\/2019\/08\/sp2-2-820x448.jpg 820w, https:\/\/colinahomolog.com.br\/dev\/just-real-moms\/wp-content\/uploads\/2019\/08\/sp2-2.jpg 932w\" sizes=\"(max-width: 400px) 100vw, 400px\" \/><\/p>\n<p>&nbsp;<\/p>\n<p>Instalado no segundo andar do\u00a0<b>Conjunto Nacional<\/b>, na esquina da\u00a0<b>Avenida Paulista<\/b>\u00a0com a Rua Augusta, o\u00a0<b>Blue Note<\/b>, renomado clube de jazz nova iorquino, promove duas vezes por m\u00eas at\u00e9 dezembro, aos domingos \u00e0s 15 horas, o <a href=\"https:\/\/bora.ai\/sp\/passeios\/blue-note-kids-musica-de-qualidade-para-todas-as-idades\" target=\"_blank\" rel=\"noopener noreferrer\"><strong>Blue Note Kids<\/strong><\/a>, um projeto que acredita que m\u00fasica de qualidade n\u00e3o deve ser apenas para os adultos, mas para todos de todas as idades!<\/p>\n<p><img decoding=\"async\" class=\"size-medium wp-image-48647 aligncenter\" src=\"https:\/\/colinahomolog.com.br\/dev\/just-real-moms\/wp-content\/uploads\/2019\/08\/sp3-2-400x218.jpg\" alt=\"\" width=\"400\" height=\"218\" srcset=\"https:\/\/colinahomolog.com.br\/dev\/just-real-moms\/wp-content\/uploads\/2019\/08\/sp3-2-400x218.jpg 400w, https:\/\/colinahomolog.com.br\/dev\/just-real-moms\/wp-content\/uploads\/2019\/08\/sp3-2-768x419.jpg 768w, https:\/\/colinahomolog.com.br\/dev\/just-real-moms\/wp-content\/uploads\/2019\/08\/sp3-2-820x448.jpg 820w, https:\/\/colinahomolog.com.br\/dev\/just-real-moms\/wp-content\/uploads\/2019\/08\/sp3-2.jpg 932w\" sizes=\"(max-width: 400px) 100vw, 400px\" \/><\/p>\n<p>&nbsp;<\/p>\n<p>De 17 de agosto a 15 de setembro o v\u00e3o central do\u00a0<b>Shopping P\u00e1tio Higien\u00f3polis<\/b>\u00a0recebe a\u00a0<b>Exposi\u00e7\u00e3o Imersiva \u201c<a href=\"https:\/\/bora.ai\/sp\/passeios\/exposicaeo-imersiva-paisagens-de-van-gogh\" target=\"_blank\" rel=\"noopener noreferrer\">Paisagens de van Gogh<\/a>\u201d<\/b>, mostrando parte da vida e da obra do pintor holand\u00eas considerado uma das figuras mais famosas e influentes da hist\u00f3ria da arte ocidental.<\/p>\n<p><img loading=\"lazy\" decoding=\"async\" class=\"size-medium wp-image-48648 aligncenter\" src=\"https:\/\/colinahomolog.com.br\/dev\/just-real-moms\/wp-content\/uploads\/2019\/08\/sp4-2-400x218.png\" alt=\"\" width=\"400\" height=\"218\" srcset=\"https:\/\/colinahomolog.com.br\/dev\/just-real-moms\/wp-content\/uploads\/2019\/08\/sp4-2-400x218.png 400w, https:\/\/colinahomolog.com.br\/dev\/just-real-moms\/wp-content\/uploads\/2019\/08\/sp4-2-768x419.png 768w, https:\/\/colinahomolog.com.br\/dev\/just-real-moms\/wp-content\/uploads\/2019\/08\/sp4-2-820x448.png 820w, https:\/\/colinahomolog.com.br\/dev\/just-real-moms\/wp-content\/uploads\/2019\/08\/sp4-2.png 932w\" sizes=\"(max-width: 400px) 100vw, 400px\" \/><\/p>\n\n    <div class=\"xs_social_share_widget xs_share_url after_content \t\tmain_content  wslu-style-1 wslu-share-box-shaped wslu-fill-colored wslu-none wslu-share-horizontal wslu-theme-font-no wslu-main_content\">\n\n\t\t\n        <ul>\n\t\t\t        <\/ul>\n    <\/div> \n","protected":false},"excerpt":{"rendered":"<p>FavoriteOl\u00e1, meninas! Tudo bem com voc\u00eas? O final de semana ser\u00e1 super animado para as fam\u00edlias que forem ficar em S\u00e3o Paulo. Acontecer\u00e3o alguns passeios infantis mega divertidos, por isso o bora.ai fez uma sele\u00e7\u00e3o dos melhores para trazermos \u00e0s nossas leitoras. Confiram! ________________________________________________________________________________ &nbsp; A Maratona Infantil do MIS acontece mensalmente e \u00e9 um [&hellip;]<\/p>\n","protected":false},"author":1026,"featured_media":48646,"comment_status":"open","ping_status":"open","sticky":false,"template":"","format":"standard","meta":{"_acf_changed":false,"footnotes":""},"categories":[33,1742,1823],"tags":[1870,2285,45],"class_list":{"0":"post-48643","1":"post","2":"type-post","3":"status-publish","4":"format-standard","5":"has-post-thumbnail","7":"category-have-fun","8":"category-programacao","9":"category-programacao-sao-paulo","10":"tag-passeios-infantis","11":"tag-passeios-infantis-em-sp","12":"tag-sao-paulo"},"acf":[],"yoast_head":"<!-- This site is optimized with the Yoast SEO Premium plugin v26.6 (Yoast SEO v26.6) - https:\/\/yoast.com\/wordpress\/plugins\/seo\/ -->\n<title>Fim de semana animado em S\u00e3o Paulo - por bora.ai<\/title>\n<meta name=\"description\" content=\"J\u00e1 sabe o que fazer com as crian\u00e7as em S\u00e3o Paulo? Venha conferir o fim de semana animado que agitar\u00e1 os pequenos que estar\u00e3o na capital de SP.\" \/>\n<meta name=\"robots\" content=\"index, follow, max-snippet:-1, max-image-preview:large, max-video-preview:-1\" \/>\n<link rel=\"canonical\" href=\"https:\/\/colinahomolog.com.br\/dev\/just-real-moms\/fim-de-semana-animado-em-sao-paulo-por-bora-ai-3\/\" \/>\n<meta property=\"og:locale\" content=\"pt_BR\" \/>\n<meta property=\"og:type\" content=\"article\" \/>\n<meta property=\"og:title\" content=\"Fim de semana animado em S\u00e3o Paulo - por bora.ai\" \/>\n<meta property=\"og:description\" content=\"J\u00e1 sabe o que fazer com as crian\u00e7as em S\u00e3o Paulo? Venha conferir o fim de semana animado que agitar\u00e1 os pequenos que estar\u00e3o na capital de SP.\" \/>\n<meta property=\"og:url\" content=\"https:\/\/colinahomolog.com.br\/dev\/just-real-moms\/fim-de-semana-animado-em-sao-paulo-por-bora-ai-3\/\" \/>\n<meta property=\"og:site_name\" content=\"Just Real Moms - Blog para M\u00e3es\" \/>\n<meta property=\"article:publisher\" content=\"https:\/\/www.facebook.com\/JustRealMoms\" \/>\n<meta property=\"article:published_time\" content=\"2019-08-16T13:34:53+00:00\" \/>\n<meta property=\"article:modified_time\" content=\"2019-08-16T14:07:43+00:00\" \/>\n<meta property=\"og:image\" content=\"https:\/\/colinahomolog.com.br\/dev\/just-real-moms\/wp-content\/uploads\/2019\/08\/sp2-2.jpg\" \/>\n\t<meta property=\"og:image:width\" content=\"932\" \/>\n\t<meta property=\"og:image:height\" content=\"509\" \/>\n\t<meta property=\"og:image:type\" content=\"image\/jpeg\" \/>\n<meta name=\"author\" content=\"Ana L\u00fa Gerodetti\" \/>\n<meta name=\"twitter:label1\" content=\"Escrito por\" \/>\n\t<meta name=\"twitter:data1\" content=\"Ana L\u00fa Gerodetti\" \/>\n\t<meta name=\"twitter:label2\" content=\"Est. tempo de leitura\" \/>\n\t<meta name=\"twitter:data2\" content=\"1 minuto\" \/>\n<script type=\"application\/ld+json\" class=\"yoast-schema-graph\">{\"@context\":\"https:\/\/schema.org\",\"@graph\":[{\"@type\":\"WebPage\",\"@id\":\"https:\/\/colinahomolog.com.br\/dev\/just-real-moms\/fim-de-semana-animado-em-sao-paulo-por-bora-ai-3\/\",\"url\":\"https:\/\/colinahomolog.com.br\/dev\/just-real-moms\/fim-de-semana-animado-em-sao-paulo-por-bora-ai-3\/\",\"name\":\"Fim de semana animado em S\u00e3o Paulo - por bora.ai\",\"isPartOf\":{\"@id\":\"https:\/\/colinahomolog.com.br\/dev\/just-real-moms\/#website\"},\"primaryImageOfPage\":{\"@id\":\"https:\/\/colinahomolog.com.br\/dev\/just-real-moms\/fim-de-semana-animado-em-sao-paulo-por-bora-ai-3\/#primaryimage\"},\"image\":{\"@id\":\"https:\/\/colinahomolog.com.br\/dev\/just-real-moms\/fim-de-semana-animado-em-sao-paulo-por-bora-ai-3\/#primaryimage\"},\"thumbnailUrl\":\"https:\/\/colinahomolog.com.br\/dev\/just-real-moms\/wp-content\/uploads\/2019\/08\/sp2-2.jpg\",\"datePublished\":\"2019-08-16T13:34:53+00:00\",\"dateModified\":\"2019-08-16T14:07:43+00:00\",\"author\":{\"@id\":\"https:\/\/colinahomolog.com.br\/dev\/just-real-moms\/#\/schema\/person\/515932a32be880c655c9a97801ec749d\"},\"description\":\"J\u00e1 sabe o que fazer com as crian\u00e7as em S\u00e3o Paulo? Venha conferir o fim de semana animado que agitar\u00e1 os pequenos que estar\u00e3o na capital de SP.\",\"breadcrumb\":{\"@id\":\"https:\/\/colinahomolog.com.br\/dev\/just-real-moms\/fim-de-semana-animado-em-sao-paulo-por-bora-ai-3\/#breadcrumb\"},\"inLanguage\":\"pt-BR\",\"potentialAction\":[{\"@type\":\"ReadAction\",\"target\":[\"https:\/\/colinahomolog.com.br\/dev\/just-real-moms\/fim-de-semana-animado-em-sao-paulo-por-bora-ai-3\/\"]}]},{\"@type\":\"ImageObject\",\"inLanguage\":\"pt-BR\",\"@id\":\"https:\/\/colinahomolog.com.br\/dev\/just-real-moms\/fim-de-semana-animado-em-sao-paulo-por-bora-ai-3\/#primaryimage\",\"url\":\"https:\/\/colinahomolog.com.br\/dev\/just-real-moms\/wp-content\/uploads\/2019\/08\/sp2-2.jpg\",\"contentUrl\":\"https:\/\/colinahomolog.com.br\/dev\/just-real-moms\/wp-content\/uploads\/2019\/08\/sp2-2.jpg\",\"width\":932,\"height\":509,\"caption\":\"????????????????????????????????????\"},{\"@type\":\"BreadcrumbList\",\"@id\":\"https:\/\/colinahomolog.com.br\/dev\/just-real-moms\/fim-de-semana-animado-em-sao-paulo-por-bora-ai-3\/#breadcrumb\",\"itemListElement\":[{\"@type\":\"ListItem\",\"position\":1,\"name\":\"In\u00edcio\",\"item\":\"https:\/\/colinahomolog.com.br\/dev\/just-real-moms\/\"},{\"@type\":\"ListItem\",\"position\":2,\"name\":\"Fim de semana animado em S\u00e3o Paulo &#8211; por bora.ai\"}]},{\"@type\":\"WebSite\",\"@id\":\"https:\/\/colinahomolog.com.br\/dev\/just-real-moms\/#website\",\"url\":\"https:\/\/colinahomolog.com.br\/dev\/just-real-moms\/\",\"name\":\"Just Real Moms - Blog para M\u00e3es\",\"description\":\"O melhor e mais completo portal para m\u00e3es, pais e futuros pais!\",\"potentialAction\":[{\"@type\":\"SearchAction\",\"target\":{\"@type\":\"EntryPoint\",\"urlTemplate\":\"https:\/\/colinahomolog.com.br\/dev\/just-real-moms\/?s={search_term_string}\"},\"query-input\":{\"@type\":\"PropertyValueSpecification\",\"valueRequired\":true,\"valueName\":\"search_term_string\"}}],\"inLanguage\":\"pt-BR\"},{\"@type\":\"Person\",\"@id\":\"https:\/\/colinahomolog.com.br\/dev\/just-real-moms\/#\/schema\/person\/515932a32be880c655c9a97801ec749d\",\"name\":\"Ana L\u00fa Gerodetti\",\"url\":\"https:\/\/colinahomolog.com.br\/dev\/just-real-moms\/author\/ana-luisa\/\"}]}<\/script>\n<!-- \/ Yoast SEO Premium plugin. -->","yoast_head_json":{"title":"Fim de semana animado em S\u00e3o Paulo - por bora.ai","description":"J\u00e1 sabe o que fazer com as crian\u00e7as em S\u00e3o Paulo? Venha conferir o fim de semana animado que agitar\u00e1 os pequenos que estar\u00e3o na capital de SP.","robots":{"index":"index","follow":"follow","max-snippet":"max-snippet:-1","max-image-preview":"max-image-preview:large","max-video-preview":"max-video-preview:-1"},"canonical":"https:\/\/colinahomolog.com.br\/dev\/just-real-moms\/fim-de-semana-animado-em-sao-paulo-por-bora-ai-3\/","og_locale":"pt_BR","og_type":"article","og_title":"Fim de semana animado em S\u00e3o Paulo - por bora.ai","og_description":"J\u00e1 sabe o que fazer com as crian\u00e7as em S\u00e3o Paulo? Venha conferir o fim de semana animado que agitar\u00e1 os pequenos que estar\u00e3o na capital de SP.","og_url":"https:\/\/colinahomolog.com.br\/dev\/just-real-moms\/fim-de-semana-animado-em-sao-paulo-por-bora-ai-3\/","og_site_name":"Just Real Moms - Blog para M\u00e3es","article_publisher":"https:\/\/www.facebook.com\/JustRealMoms","article_published_time":"2019-08-16T13:34:53+00:00","article_modified_time":"2019-08-16T14:07:43+00:00","og_image":[{"width":932,"height":509,"url":"https:\/\/colinahomolog.com.br\/dev\/just-real-moms\/wp-content\/uploads\/2019\/08\/sp2-2.jpg","type":"image\/jpeg"}],"author":"Ana L\u00fa Gerodetti","twitter_misc":{"Escrito por":"Ana L\u00fa Gerodetti","Est. tempo de leitura":"1 minuto"},"schema":{"@context":"https:\/\/schema.org","@graph":[{"@type":"WebPage","@id":"https:\/\/colinahomolog.com.br\/dev\/just-real-moms\/fim-de-semana-animado-em-sao-paulo-por-bora-ai-3\/","url":"https:\/\/colinahomolog.com.br\/dev\/just-real-moms\/fim-de-semana-animado-em-sao-paulo-por-bora-ai-3\/","name":"Fim de semana animado em S\u00e3o Paulo - por bora.ai","isPartOf":{"@id":"https:\/\/colinahomolog.com.br\/dev\/just-real-moms\/#website"},"primaryImageOfPage":{"@id":"https:\/\/colinahomolog.com.br\/dev\/just-real-moms\/fim-de-semana-animado-em-sao-paulo-por-bora-ai-3\/#primaryimage"},"image":{"@id":"https:\/\/colinahomolog.com.br\/dev\/just-real-moms\/fim-de-semana-animado-em-sao-paulo-por-bora-ai-3\/#primaryimage"},"thumbnailUrl":"https:\/\/colinahomolog.com.br\/dev\/just-real-moms\/wp-content\/uploads\/2019\/08\/sp2-2.jpg","datePublished":"2019-08-16T13:34:53+00:00","dateModified":"2019-08-16T14:07:43+00:00","author":{"@id":"https:\/\/colinahomolog.com.br\/dev\/just-real-moms\/#\/schema\/person\/515932a32be880c655c9a97801ec749d"},"description":"J\u00e1 sabe o que fazer com as crian\u00e7as em S\u00e3o Paulo? Venha conferir o fim de semana animado que agitar\u00e1 os pequenos que estar\u00e3o na capital de SP.","breadcrumb":{"@id":"https:\/\/colinahomolog.com.br\/dev\/just-real-moms\/fim-de-semana-animado-em-sao-paulo-por-bora-ai-3\/#breadcrumb"},"inLanguage":"pt-BR","potentialAction":[{"@type":"ReadAction","target":["https:\/\/colinahomolog.com.br\/dev\/just-real-moms\/fim-de-semana-animado-em-sao-paulo-por-bora-ai-3\/"]}]},{"@type":"ImageObject","inLanguage":"pt-BR","@id":"https:\/\/colinahomolog.com.br\/dev\/just-real-moms\/fim-de-semana-animado-em-sao-paulo-por-bora-ai-3\/#primaryimage","url":"https:\/\/colinahomolog.com.br\/dev\/just-real-moms\/wp-content\/uploads\/2019\/08\/sp2-2.jpg","contentUrl":"https:\/\/colinahomolog.com.br\/dev\/just-real-moms\/wp-content\/uploads\/2019\/08\/sp2-2.jpg","width":932,"height":509,"caption":"????????????????????????????????????"},{"@type":"BreadcrumbList","@id":"https:\/\/colinahomolog.com.br\/dev\/just-real-moms\/fim-de-semana-animado-em-sao-paulo-por-bora-ai-3\/#breadcrumb","itemListElement":[{"@type":"ListItem","position":1,"name":"In\u00edcio","item":"https:\/\/colinahomolog.com.br\/dev\/just-real-moms\/"},{"@type":"ListItem","position":2,"name":"Fim de semana animado em S\u00e3o Paulo &#8211; por bora.ai"}]},{"@type":"WebSite","@id":"https:\/\/colinahomolog.com.br\/dev\/just-real-moms\/#website","url":"https:\/\/colinahomolog.com.br\/dev\/just-real-moms\/","name":"Just Real Moms - Blog para M\u00e3es","description":"O melhor e mais completo portal para m\u00e3es, pais e futuros pais!","potentialAction":[{"@type":"SearchAction","target":{"@type":"EntryPoint","urlTemplate":"https:\/\/colinahomolog.com.br\/dev\/just-real-moms\/?s={search_term_string}"},"query-input":{"@type":"PropertyValueSpecification","valueRequired":true,"valueName":"search_term_string"}}],"inLanguage":"pt-BR"},{"@type":"Person","@id":"https:\/\/colinahomolog.com.br\/dev\/just-real-moms\/#\/schema\/person\/515932a32be880c655c9a97801ec749d","name":"Ana L\u00fa Gerodetti","url":"https:\/\/colinahomolog.com.br\/dev\/just-real-moms\/author\/ana-luisa\/"}]}},"_links":{"self":[{"href":"https:\/\/colinahomolog.com.br\/dev\/just-real-moms\/wp-json\/wp\/v2\/posts\/48643","targetHints":{"allow":["GET"]}}],"collection":[{"href":"https:\/\/colinahomolog.com.br\/dev\/just-real-moms\/wp-json\/wp\/v2\/posts"}],"about":[{"href":"https:\/\/colinahomolog.com.br\/dev\/just-real-moms\/wp-json\/wp\/v2\/types\/post"}],"author":[{"embeddable":true,"href":"https:\/\/colinahomolog.com.br\/dev\/just-real-moms\/wp-json\/wp\/v2\/users\/1026"}],"replies":[{"embeddable":true,"href":"https:\/\/colinahomolog.com.br\/dev\/just-real-moms\/wp-json\/wp\/v2\/comments?post=48643"}],"version-history":[{"count":0,"href":"https:\/\/colinahomolog.com.br\/dev\/just-real-moms\/wp-json\/wp\/v2\/posts\/48643\/revisions"}],"wp:featuredmedia":[{"embeddable":true,"href":"https:\/\/colinahomolog.com.br\/dev\/just-real-moms\/wp-json\/wp\/v2\/media\/48646"}],"wp:attachment":[{"href":"https:\/\/colinahomolog.com.br\/dev\/just-real-moms\/wp-json\/wp\/v2\/media?parent=48643"}],"wp:term":[{"taxonomy":"category","embeddable":true,"href":"https:\/\/colinahomolog.com.br\/dev\/just-real-moms\/wp-json\/wp\/v2\/categories?post=48643"},{"taxonomy":"post_tag","embeddable":true,"href":"https:\/\/colinahomolog.com.br\/dev\/just-real-moms\/wp-json\/wp\/v2\/tags?post=48643"}],"curies":[{"name":"wp","href":"https:\/\/api.w.org\/{rel}","templated":true}]}}