{"id":49449,"date":"2021-01-19T09:00:13","date_gmt":"2021-01-19T12:00:13","guid":{"rendered":"https:\/\/colinahomolog.com.br\/dev\/just-real-moms\/?p=49449"},"modified":"2022-01-09T13:06:50","modified_gmt":"2022-01-09T16:06:50","slug":"marina-soares-mama-mais-da-as-dicas","status":"publish","type":"post","link":"https:\/\/colinahomolog.com.br\/dev\/just-real-moms\/marina-soares-mama-mais-da-as-dicas\/","title":{"rendered":"Marina C. Soares do Mama+ d\u00e1 as dicas!"},"content":{"rendered":"<button class=\"simplefavorite-button preset\" data-postid=\"49449\" data-siteid=\"1\" data-groupid=\"1\" data-favoritecount=\"0\" style=\"box-shadow:none;-webkit-box-shadow:none;-moz-box-shadow:none;background-color:#68ccb4;border-color:#68ccb4;color:#ffffff;\"><i class=\"sf-icon-favorite\" style=\"\"><\/i>Favorite<\/button><h2>Marina Soares veste v\u00e1rias camisas (de m\u00e3e a empreendedora)! Ela come\u00e7ou a empreender e criou o Mama+ depois de ter sua filha!<\/h2>\n<p><img fetchpriority=\"high\" decoding=\"async\" class=\"alignnone size-full wp-image-49456\" src=\"https:\/\/colinahomolog.com.br\/dev\/just-real-moms\/wp-content\/uploads\/2021\/01\/just-real-moms-marina-soares-maite-sorrisos.jpeg\" alt=\"Just Real Moms Marina Soares Maite Sorrisos\" width=\"826\" height=\"826\" srcset=\"https:\/\/colinahomolog.com.br\/dev\/just-real-moms\/wp-content\/uploads\/2021\/01\/just-real-moms-marina-soares-maite-sorrisos.jpeg 826w, https:\/\/colinahomolog.com.br\/dev\/just-real-moms\/wp-content\/uploads\/2021\/01\/just-real-moms-marina-soares-maite-sorrisos-400x400.jpeg 400w, https:\/\/colinahomolog.com.br\/dev\/just-real-moms\/wp-content\/uploads\/2021\/01\/just-real-moms-marina-soares-maite-sorrisos-820x820.jpeg 820w, https:\/\/colinahomolog.com.br\/dev\/just-real-moms\/wp-content\/uploads\/2021\/01\/just-real-moms-marina-soares-maite-sorrisos-768x768.jpeg 768w, https:\/\/colinahomolog.com.br\/dev\/just-real-moms\/wp-content\/uploads\/2021\/01\/just-real-moms-marina-soares-maite-sorrisos-300x300.jpeg 300w\" sizes=\"(max-width: 826px) 100vw, 826px\" \/><\/p>\n<p>Oi Meninas! Hoje trazemos uma entrevista incr\u00edvel com a Marina Soares, do Mama+ uma linha de ch\u00e1s e extratos vegetais que estimulam a produ\u00e7\u00e3o de leite materno e ajudam na amamenta\u00e7\u00e3o!<\/p>\n<p>Tudo 100% natural!<\/p>\n<p>A hist\u00f3ria da Marina \u00e9 certamente inspiracional! Ela come\u00e7ou a empreender depois de sua filha, Maite, que tinha apenas 2 aninhos!<\/p>\n<p>Hoje o Mama+ \u00e9 uma marca de produto super reconhecida que j\u00e1 ajudou in\u00fameras mam\u00e3es nessa jornada da maternidade e durante a amamenta\u00e7\u00e3o.<\/p>\n<p>Confiram!<\/p>\n<hr \/>\n<h3>Cite 3 m\u00e3es que te inspiram!<\/h3>\n<p>1) <strong>Rafaela Carvalho<\/strong> \u2013 Escritora! Escreveu dois Best-Sellers: <a href=\"https:\/\/www.amazon.com.br\/gp\/product\/8565269450\/ref=as_li_qf_asin_il_tl?ie=UTF8&amp;tag=justrealmoms-20&amp;creative=9325&amp;linkCode=as2&amp;creativeASIN=8565269450&amp;linkId=c2458f6aa05e0632666691c9b0d07fa3\" target=\"_blank\" rel=\"noopener noreferrer\">60 Dias de Neblina<\/a> e <a href=\"https:\/\/www.amazon.com.br\/gp\/product\/6580922001\/ref=as_li_qf_asin_il_tl?ie=UTF8&amp;tag=justrealmoms-20&amp;creative=9325&amp;linkCode=as2&amp;creativeASIN=6580922001&amp;linkId=f513933ce3fc34fab3013f007941aa96\" target=\"_blank\" rel=\"noopener noreferrer\">\u00c9 Fase<\/a>.<br \/>\n2)<strong> Vera Iaconelli<\/strong> \u2013 Psic\u00f3loga. Escreveu: <a href=\"https:\/\/www.amazon.com.br\/gp\/product\/8552001535\/ref=as_li_qf_asin_il_tl?ie=UTF8&amp;tag=justrealmoms-20&amp;creative=9325&amp;linkCode=as2&amp;creativeASIN=8552001535&amp;linkId=7cedb19e12f103b3ce8d459b43db6139\" target=\"_blank\" rel=\"noopener noreferrer\">Criar filhos no s\u00e9culo XXI<\/a>, entre outros livros!<br \/>\n3) <strong>Minha m\u00e3e<\/strong> vale? Acho ela bem pho\u2026.. Hahaha!<\/p>\n<h3>Qual o seu conselho para uma rec\u00e9m m\u00e3e ou gr\u00e1vida de primeira viagem?<\/h3>\n<p>N\u00e3o foque suas energias s\u00f3 em enxoval e prepara\u00e7\u00e3o para o parto! Leia MUITO sobre amamenta\u00e7\u00e3o e sobre a <a href=\"https:\/\/paisefilhos.uol.com.br\/recem-nascido\/exterogestacao-a-gravidez-fora-do-utero-que-pode-durar-mais-de-9-meses\/\" target=\"_blank\" rel=\"noopener noreferrer\">exterogesta\u00e7\u00e3o<\/a>.<\/p>\n<p>Se poss\u00edvel j\u00e1 passe por uma consultoria durante a gravidez, converse e planeje como e quem vai ser sua rede de apoio no puerp\u00e9rio, se n\u00e3o tiver ajuda em casa, organize como v\u00e3o ser suas refei\u00e7\u00f5es (deixar o freezer com comidas congeladas \u00e9 uma \u00f3tima op\u00e7\u00e3o, ou fechar assinatura de entrega de comida fresquinha pronta em casa).<\/p>\n<p>Tudo bem a casa ficar bagun\u00e7ada um pouco (ou muitas vezes!) &#8211; seu descanso e sa\u00fade mental s\u00e3o prioridade nessa fase.<\/p>\n<p>Inclua o seu parceiro no dia a dia do beb\u00ea e deixe ele fazer as coisas do jeito dele!!!!!!! \u00c9 importante e riqu\u00edssimo a crian\u00e7a ter dois tipos de est\u00edmulo s e estilos de cria\u00e7\u00e3o. Deixe o pai dar o banho da noite no seu beb\u00ea no chuveiro! \u00c9 um momento lindo de conex\u00e3o dos dois, \u00e9 pr\u00e1tico e ainda te d\u00e1 uns minutos de descanso!!!!<\/p>\n<p>E o maior de todos os conselhos: siga seu cora\u00e7\u00e3o e intui\u00e7\u00e3o!!! Cada uma tem um maternar, n\u00e3o tem certo nem errado, as vezes \u00e9 punk mesmo, mas siga o mantra de facilitar a sua vida e n\u00e3o complicar o desnecess\u00e1rio!!! No final, juro que d\u00e1 tudo certo!<\/p>\n<p><img decoding=\"async\" class=\"alignnone size-full wp-image-49457\" src=\"https:\/\/colinahomolog.com.br\/dev\/just-real-moms\/wp-content\/uploads\/2021\/01\/just-real-moms-marina-soares-maite.jpeg\" alt=\"Just Real Moms Marina Soares Maite\" width=\"543\" height=\"543\" srcset=\"https:\/\/colinahomolog.com.br\/dev\/just-real-moms\/wp-content\/uploads\/2021\/01\/just-real-moms-marina-soares-maite.jpeg 543w, https:\/\/colinahomolog.com.br\/dev\/just-real-moms\/wp-content\/uploads\/2021\/01\/just-real-moms-marina-soares-maite-400x400.jpeg 400w, https:\/\/colinahomolog.com.br\/dev\/just-real-moms\/wp-content\/uploads\/2021\/01\/just-real-moms-marina-soares-maite-300x300.jpeg 300w\" sizes=\"(max-width: 543px) 100vw, 543px\" \/><\/p>\n<h3>O que voc\u00ea jurou n\u00e3o fazer ao ser m\u00e3e e agora se pega fazendo?<\/h3>\n<p>Dar eletr\u00f4nicos pra ter um segundo de paz e tranquilidade!!!! (M\u00e3e normal ou m\u00e3e de m*rda?!?!)<\/p>\n<h3>O que n\u00e3o tinha ideia que existia ou acontecia, at\u00e9 acontecer?<\/h3>\n<p>Toda vez que voc\u00ea sentar com um prato quente de comida na sua frente, sua filha\/seu filho vai gritar: M\u00c3AAAAAE, acabei o coc\u00f4, vem me limpar!!!???!!!<\/p>\n<h3>Conte um pouco sobre sua jornada na Mama+ &#8230;como come\u00e7ou, novidades para 2021, etc..!<\/h3>\n<p>A <a href=\"https:\/\/www.mamamais.com.br\/\" target=\"_blank\" rel=\"noopener noreferrer\">Mama+<\/a> surgiu quando minha filha tinha 2 meses de idade e eu precisei voltar a trabalhar. Com isso minha produ\u00e7\u00e3o de leite caiu muito.<\/p>\n<p>Como queria muito manter a amamenta\u00e7\u00e3o, fui em busca de alternativas naturais para estimular minha produ\u00e7\u00e3o de leite e pra minha surpresa s\u00f3 tinha uma marca aqui no Brasil, internacional, e que para meu momento financeiro&#8230;n\u00e3o era uma op\u00e7\u00e3o.<\/p>\n<p>Descobri nesse per\u00edodo in\u00fameras marcas fora do Brasil com esse prop\u00f3sito, e com a ajuda do meu sogro (que \u00e9 pediatra), fizemos um blend de ervas para eu tomar.<\/p>\n<p>Deu certo pra mim, fui passando a receita pra amigas e foi dando certo pra elas tamb\u00e9m. Foi em um estalo da madrugada que decidi come\u00e7ar a vender essa mistura em um marketplace pra tentar pagar a conta do celular!<\/p>\n<p>E assim fomos indo, fazendo os pacotinhos de ch\u00e1 em saquinho de celofane, toda noite, depois que minha filha dormia, na garagem de casa.<\/p>\n<p>As vendas foram dando certo, fomos crescendo e hoje j\u00e1 ajudamos mais de 50.000 fam\u00edlias com nossos produtos. Tenho muito orgulho e ainda me pego surpresa de algo t\u00e3o despretensioso estar ajudando tantas fam\u00edlias.<\/p>\n<p>Em 2021 pretendemos lan\u00e7ar mais uma linha de produtos, vamos investir no crescimento da empresa para espalhar a marca para ainda mais fam\u00edlias no Brasil e agora internacionalmente tamb\u00e9m, buscando melhorar a qualidade dos produtos e atendimento as nossas sempre!<\/p>\n<figure id=\"attachment_49458\" aria-describedby=\"caption-attachment-49458\" style=\"width: 540px\" class=\"wp-caption alignnone\"><img decoding=\"async\" class=\"size-full wp-image-49458\" src=\"https:\/\/colinahomolog.com.br\/dev\/just-real-moms\/wp-content\/uploads\/2021\/01\/just-real-moms-marina-soares-mama-mais-feira-fornecedores.jpeg\" alt=\"Just Real Moms Marina Soares Mama Mais Feira Fornecedores\" width=\"540\" height=\"523\" srcset=\"https:\/\/colinahomolog.com.br\/dev\/just-real-moms\/wp-content\/uploads\/2021\/01\/just-real-moms-marina-soares-mama-mais-feira-fornecedores.jpeg 540w, https:\/\/colinahomolog.com.br\/dev\/just-real-moms\/wp-content\/uploads\/2021\/01\/just-real-moms-marina-soares-mama-mais-feira-fornecedores-400x387.jpeg 400w\" sizes=\"(max-width: 540px) 100vw, 540px\" \/><figcaption id=\"caption-attachment-49458\" class=\"wp-caption-text\">Primeira feira que a Mama+ participou! Toda fam\u00edlia foi junto!<\/figcaption><\/figure>\n<hr \/>\n<h2><span style=\"text-decoration: underline;\"><strong>Dicas Quentes:<\/strong><\/span><\/h2>\n<h3>1) Confiss\u00e3o:<\/h3>\n<p>Sou suuuuuper bagunceira! #shameonme<\/p>\n<h3>2) Dificuldade x Supera\u00e7\u00e3o:<\/h3>\n<p>Minha maior dificuldade \u00e9 enfrentar conflitos. Tenho pavor de briga e tem sido uma supera\u00e7\u00e3o impor minhas necessidades, falar mais N\u00c3O para as pessoas.<\/p>\n<h3>3) Hotel &amp; Viagem:<\/h3>\n<p>Uma das viagens mais gostosas que fiz foi quando eu e meu marido fomos conhecer os C\u00e2nions do Rio S\u00e3o Francisco na divisa de Alagoas\/Sergipe\/Pernambuco.<\/p>\n<p>\u00c9 um lugar maravilhoso, surpreendente, super hospitaleiro. Recomendo muito conhecerem esse para\u00edso.<\/p>\n<p>Ficamos hospedados no <a href=\"https:\/\/www.pedradosinohotel.com.br\/\" target=\"_blank\" rel=\"noopener noreferrer\">Hotel Pedra do Sino<\/a>, com uma piscina de borda infinita que d\u00e1 para os C\u00e2nions, coisas mais maravilhosa do mundo!!!!!!<\/p>\n<p><img loading=\"lazy\" decoding=\"async\" class=\"alignnone size-full wp-image-49460\" src=\"https:\/\/colinahomolog.com.br\/dev\/just-real-moms\/wp-content\/uploads\/2021\/01\/just-real-moms-marina-soares-viagem.jpeg\" alt=\"Just Real Moms Marina Soares Viagem\" width=\"960\" height=\"720\" srcset=\"https:\/\/colinahomolog.com.br\/dev\/just-real-moms\/wp-content\/uploads\/2021\/01\/just-real-moms-marina-soares-viagem.jpeg 960w, https:\/\/colinahomolog.com.br\/dev\/just-real-moms\/wp-content\/uploads\/2021\/01\/just-real-moms-marina-soares-viagem-400x300.jpeg 400w, https:\/\/colinahomolog.com.br\/dev\/just-real-moms\/wp-content\/uploads\/2021\/01\/just-real-moms-marina-soares-viagem-820x615.jpeg 820w, https:\/\/colinahomolog.com.br\/dev\/just-real-moms\/wp-content\/uploads\/2021\/01\/just-real-moms-marina-soares-viagem-768x576.jpeg 768w\" sizes=\"(max-width: 960px) 100vw, 960px\" \/><\/p>\n<h3>4) Produtos Sustent\u00e1veis:<\/h3>\n<p>Nanu Box, uma caixa que pode ser usada pelo rec\u00e9m nascido como bercinho e depois vira um porta treco. Acho um produto fant\u00e1stico!<\/p>\n<h3>5) Moda para a Mam\u00e3e:<\/h3>\n<p>Sou adepta de um estilo b\u00e1sico, confort\u00e1vel e pr\u00e1tico, al\u00e9m de ser zero consumista.<\/p>\n<p>Ent\u00e3o, qualquer roupa confort\u00e1vel e bonitinha de fast fashion ou magazine pra mim t\u00e1 valendo!!!<\/p>\n<h3>6) Festa:<\/h3>\n<p>Meu ideal e realidade pessoal de festa s\u00e3o as festinhas \u00e0 moda antiga mesmo: com bolo de brigadeiro, brigadeiro enrolado, bala de coco, bexiga e varal de bandeirinhas, na pra\u00e7a ao ar livre, com comidinhas leves e f\u00e1ceis, e muito verde para a crian\u00e7ada aproveitar o m\u00e1ximo!<\/p>\n<p>Assim tem sido os 4 anos de comemora\u00e7\u00f5es da minha filha!<\/p>\n<p><img loading=\"lazy\" decoding=\"async\" class=\"alignnone size-full wp-image-49453\" src=\"https:\/\/colinahomolog.com.br\/dev\/just-real-moms\/wp-content\/uploads\/2021\/01\/just-real-moms-marina-soares-festa-infantil-jardim-e1610418750456.jpeg\" alt=\"Just Real Moms Marina Soares Festa Infantil Jardim\" width=\"960\" height=\"704\" srcset=\"https:\/\/colinahomolog.com.br\/dev\/just-real-moms\/wp-content\/uploads\/2021\/01\/just-real-moms-marina-soares-festa-infantil-jardim-e1610418750456.jpeg 960w, https:\/\/colinahomolog.com.br\/dev\/just-real-moms\/wp-content\/uploads\/2021\/01\/just-real-moms-marina-soares-festa-infantil-jardim-e1610418750456-400x293.jpeg 400w, https:\/\/colinahomolog.com.br\/dev\/just-real-moms\/wp-content\/uploads\/2021\/01\/just-real-moms-marina-soares-festa-infantil-jardim-e1610418750456-820x601.jpeg 820w, https:\/\/colinahomolog.com.br\/dev\/just-real-moms\/wp-content\/uploads\/2021\/01\/just-real-moms-marina-soares-festa-infantil-jardim-e1610418750456-768x563.jpeg 768w\" sizes=\"(max-width: 960px) 100vw, 960px\" \/><\/p>\n<h3>7) Alguma ONG \/ Iniciativa:<\/h3>\n<p>Ajudo sempre o <a href=\"https:\/\/grupoanjoazul.com.br\/\" target=\"_blank\" rel=\"noopener noreferrer\">Grupo Anjo Azul<\/a>, que \u00e9 uma institui\u00e7\u00e3o que ajuda crian\u00e7as com c\u00e2ncer aqui em S\u00e3o Paulo.<\/p>\n<h3>8) De M\u00e3e para M\u00e3e:<\/h3>\n<p>A vida \u00e9 uma s\u00f3 pra gente complicar com coisas que n\u00e3o tem import\u00e2ncia!<\/p>\n<p>Ent\u00e3o, valorize os pequenos momentos, a sa\u00fade da sua fam\u00edlia e as pequenas conquistas. Alimente seus pequenos de amor e respeito, isso \u00e9 MUITO poderoso!<\/p>\n<hr \/>\n<p>Marina, muito obrigada por esta entrevista! Adoramos conhecer mais sobre sua hist\u00f3ria e saber suas dicas!<\/p>\n<p>Para quem ama viajar, veja tamb\u00e9m a entrevista com a <a href=\"https:\/\/colinahomolog.com.br\/dev\/just-real-moms\/ana-maria-junqueira-tilkian-da-as-dicas\/\" target=\"_blank\" rel=\"noopener noreferrer\">Ana Maria Junqueira Tilkian<\/a>, fundadora da ag\u00eancia de turismo: Magari Blu!<\/p>\n\n    <div class=\"xs_social_share_widget xs_share_url after_content \t\tmain_content  wslu-style-1 wslu-share-box-shaped wslu-fill-colored wslu-none wslu-share-horizontal wslu-theme-font-no wslu-main_content\">\n\n\t\t\n        <ul>\n\t\t\t        <\/ul>\n    <\/div> \n","protected":false},"excerpt":{"rendered":"<p>FavoriteMarina Soares veste v\u00e1rias camisas (de m\u00e3e a empreendedora)! Ela come\u00e7ou a empreender e criou o Mama+ depois de ter sua filha! Oi Meninas! Hoje trazemos uma entrevista incr\u00edvel com a Marina Soares, do Mama+ uma linha de ch\u00e1s e extratos vegetais que estimulam a produ\u00e7\u00e3o de leite materno e ajudam na amamenta\u00e7\u00e3o! Tudo 100% [&hellip;]<\/p>\n","protected":false},"author":1042,"featured_media":49459,"comment_status":"open","ping_status":"closed","sticky":false,"template":"","format":"standard","meta":{"_acf_changed":false,"footnotes":""},"categories":[1782,1786,30,264,2304],"tags":[96,450,1978,854,2314],"class_list":{"0":"post-49449","1":"post","2":"type-post","3":"status-publish","4":"format-standard","5":"has-post-thumbnail","7":"category-amamentacao","8":"category-cuidados-especiais","9":"category-de-mae-para-mae","10":"category-entrevistas","11":"category-maes-empreendedoras","12":"tag-amamentacao","13":"tag-dicas-de-mae","14":"tag-dicas-de-maternidade","15":"tag-entrevistas-2","16":"tag-produtos-para-mamae"},"acf":[],"yoast_head":"<!-- This site is optimized with the Yoast SEO Premium plugin v26.6 (Yoast SEO v26.6) - https:\/\/yoast.com\/wordpress\/plugins\/seo\/ -->\n<title>Marina C. Soares do Mama+ d\u00e1 as dicas!<\/title>\n<meta name=\"description\" content=\"Marina Soares veste v\u00e1rias camisas (de m\u00e3e a empreendedora)! Ela come\u00e7ou a empreender e criou o Mama+ depois de ter sua filha! Confira!\" \/>\n<meta name=\"robots\" content=\"index, follow, max-snippet:-1, max-image-preview:large, max-video-preview:-1\" \/>\n<link rel=\"canonical\" href=\"https:\/\/colinahomolog.com.br\/dev\/just-real-moms\/marina-soares-mama-mais-da-as-dicas\/\" \/>\n<meta property=\"og:locale\" content=\"pt_BR\" \/>\n<meta property=\"og:type\" content=\"article\" \/>\n<meta property=\"og:title\" content=\"Marina C. Soares do Mama+ d\u00e1 as dicas!\" \/>\n<meta property=\"og:description\" content=\"Marina Soares veste v\u00e1rias camisas (de m\u00e3e a empreendedora)! Ela come\u00e7ou a empreender e criou o Mama+ depois de ter sua filha! Confira!\" \/>\n<meta property=\"og:url\" content=\"https:\/\/colinahomolog.com.br\/dev\/just-real-moms\/marina-soares-mama-mais-da-as-dicas\/\" \/>\n<meta property=\"og:site_name\" content=\"Just Real Moms - Blog para M\u00e3es\" \/>\n<meta property=\"article:publisher\" content=\"https:\/\/www.facebook.com\/JustRealMoms\" \/>\n<meta property=\"article:published_time\" content=\"2021-01-19T12:00:13+00:00\" \/>\n<meta property=\"article:modified_time\" content=\"2022-01-09T16:06:50+00:00\" \/>\n<meta property=\"og:image\" content=\"https:\/\/colinahomolog.com.br\/dev\/just-real-moms\/wp-content\/uploads\/2021\/01\/just-real-moms-marina-soares-mama-mais.jpeg\" \/>\n\t<meta property=\"og:image:width\" content=\"614\" \/>\n\t<meta property=\"og:image:height\" content=\"614\" \/>\n\t<meta property=\"og:image:type\" content=\"image\/jpeg\" \/>\n<meta name=\"author\" content=\"Reda\u00e7\u00e3o\" \/>\n<meta name=\"twitter:label1\" content=\"Escrito por\" \/>\n\t<meta name=\"twitter:data1\" content=\"Reda\u00e7\u00e3o\" \/>\n\t<meta name=\"twitter:label2\" content=\"Est. tempo de leitura\" \/>\n\t<meta name=\"twitter:data2\" content=\"7 minutos\" \/>\n<script type=\"application\/ld+json\" class=\"yoast-schema-graph\">{\"@context\":\"https:\/\/schema.org\",\"@graph\":[{\"@type\":\"WebPage\",\"@id\":\"https:\/\/colinahomolog.com.br\/dev\/just-real-moms\/marina-soares-mama-mais-da-as-dicas\/\",\"url\":\"https:\/\/colinahomolog.com.br\/dev\/just-real-moms\/marina-soares-mama-mais-da-as-dicas\/\",\"name\":\"Marina C. Soares do Mama+ d\u00e1 as dicas!\",\"isPartOf\":{\"@id\":\"https:\/\/colinahomolog.com.br\/dev\/just-real-moms\/#website\"},\"primaryImageOfPage\":{\"@id\":\"https:\/\/colinahomolog.com.br\/dev\/just-real-moms\/marina-soares-mama-mais-da-as-dicas\/#primaryimage\"},\"image\":{\"@id\":\"https:\/\/colinahomolog.com.br\/dev\/just-real-moms\/marina-soares-mama-mais-da-as-dicas\/#primaryimage\"},\"thumbnailUrl\":\"https:\/\/colinahomolog.com.br\/dev\/just-real-moms\/wp-content\/uploads\/2021\/01\/just-real-moms-marina-soares-mama-mais.jpeg\",\"datePublished\":\"2021-01-19T12:00:13+00:00\",\"dateModified\":\"2022-01-09T16:06:50+00:00\",\"author\":{\"@id\":\"https:\/\/colinahomolog.com.br\/dev\/just-real-moms\/#\/schema\/person\/bd7507fb1f5172997adec35527bd8d1b\"},\"description\":\"Marina Soares veste v\u00e1rias camisas (de m\u00e3e a empreendedora)! Ela come\u00e7ou a empreender e criou o Mama+ depois de ter sua filha! Confira!\",\"breadcrumb\":{\"@id\":\"https:\/\/colinahomolog.com.br\/dev\/just-real-moms\/marina-soares-mama-mais-da-as-dicas\/#breadcrumb\"},\"inLanguage\":\"pt-BR\",\"potentialAction\":[{\"@type\":\"ReadAction\",\"target\":[\"https:\/\/colinahomolog.com.br\/dev\/just-real-moms\/marina-soares-mama-mais-da-as-dicas\/\"]}]},{\"@type\":\"ImageObject\",\"inLanguage\":\"pt-BR\",\"@id\":\"https:\/\/colinahomolog.com.br\/dev\/just-real-moms\/marina-soares-mama-mais-da-as-dicas\/#primaryimage\",\"url\":\"https:\/\/colinahomolog.com.br\/dev\/just-real-moms\/wp-content\/uploads\/2021\/01\/just-real-moms-marina-soares-mama-mais.jpeg\",\"contentUrl\":\"https:\/\/colinahomolog.com.br\/dev\/just-real-moms\/wp-content\/uploads\/2021\/01\/just-real-moms-marina-soares-mama-mais.jpeg\",\"width\":614,\"height\":614,\"caption\":\"Just Real Moms Marina Soares Mama Mais\"},{\"@type\":\"BreadcrumbList\",\"@id\":\"https:\/\/colinahomolog.com.br\/dev\/just-real-moms\/marina-soares-mama-mais-da-as-dicas\/#breadcrumb\",\"itemListElement\":[{\"@type\":\"ListItem\",\"position\":1,\"name\":\"In\u00edcio\",\"item\":\"https:\/\/colinahomolog.com.br\/dev\/just-real-moms\/\"},{\"@type\":\"ListItem\",\"position\":2,\"name\":\"Marina C. Soares do Mama+ d\u00e1 as dicas!\"}]},{\"@type\":\"WebSite\",\"@id\":\"https:\/\/colinahomolog.com.br\/dev\/just-real-moms\/#website\",\"url\":\"https:\/\/colinahomolog.com.br\/dev\/just-real-moms\/\",\"name\":\"Just Real Moms - Blog para M\u00e3es\",\"description\":\"O melhor e mais completo portal para m\u00e3es, pais e futuros pais!\",\"potentialAction\":[{\"@type\":\"SearchAction\",\"target\":{\"@type\":\"EntryPoint\",\"urlTemplate\":\"https:\/\/colinahomolog.com.br\/dev\/just-real-moms\/?s={search_term_string}\"},\"query-input\":{\"@type\":\"PropertyValueSpecification\",\"valueRequired\":true,\"valueName\":\"search_term_string\"}}],\"inLanguage\":\"pt-BR\"},{\"@type\":\"Person\",\"@id\":\"https:\/\/colinahomolog.com.br\/dev\/just-real-moms\/#\/schema\/person\/bd7507fb1f5172997adec35527bd8d1b\",\"name\":\"Reda\u00e7\u00e3o\",\"url\":\"https:\/\/colinahomolog.com.br\/dev\/just-real-moms\/author\/adminjrm\/\"}]}<\/script>\n<!-- \/ Yoast SEO Premium plugin. -->","yoast_head_json":{"title":"Marina C. Soares do Mama+ d\u00e1 as dicas!","description":"Marina Soares veste v\u00e1rias camisas (de m\u00e3e a empreendedora)! Ela come\u00e7ou a empreender e criou o Mama+ depois de ter sua filha! Confira!","robots":{"index":"index","follow":"follow","max-snippet":"max-snippet:-1","max-image-preview":"max-image-preview:large","max-video-preview":"max-video-preview:-1"},"canonical":"https:\/\/colinahomolog.com.br\/dev\/just-real-moms\/marina-soares-mama-mais-da-as-dicas\/","og_locale":"pt_BR","og_type":"article","og_title":"Marina C. Soares do Mama+ d\u00e1 as dicas!","og_description":"Marina Soares veste v\u00e1rias camisas (de m\u00e3e a empreendedora)! Ela come\u00e7ou a empreender e criou o Mama+ depois de ter sua filha! Confira!","og_url":"https:\/\/colinahomolog.com.br\/dev\/just-real-moms\/marina-soares-mama-mais-da-as-dicas\/","og_site_name":"Just Real Moms - Blog para M\u00e3es","article_publisher":"https:\/\/www.facebook.com\/JustRealMoms","article_published_time":"2021-01-19T12:00:13+00:00","article_modified_time":"2022-01-09T16:06:50+00:00","og_image":[{"width":614,"height":614,"url":"https:\/\/colinahomolog.com.br\/dev\/just-real-moms\/wp-content\/uploads\/2021\/01\/just-real-moms-marina-soares-mama-mais.jpeg","type":"image\/jpeg"}],"author":"Reda\u00e7\u00e3o","twitter_misc":{"Escrito por":"Reda\u00e7\u00e3o","Est. tempo de leitura":"7 minutos"},"schema":{"@context":"https:\/\/schema.org","@graph":[{"@type":"WebPage","@id":"https:\/\/colinahomolog.com.br\/dev\/just-real-moms\/marina-soares-mama-mais-da-as-dicas\/","url":"https:\/\/colinahomolog.com.br\/dev\/just-real-moms\/marina-soares-mama-mais-da-as-dicas\/","name":"Marina C. Soares do Mama+ d\u00e1 as dicas!","isPartOf":{"@id":"https:\/\/colinahomolog.com.br\/dev\/just-real-moms\/#website"},"primaryImageOfPage":{"@id":"https:\/\/colinahomolog.com.br\/dev\/just-real-moms\/marina-soares-mama-mais-da-as-dicas\/#primaryimage"},"image":{"@id":"https:\/\/colinahomolog.com.br\/dev\/just-real-moms\/marina-soares-mama-mais-da-as-dicas\/#primaryimage"},"thumbnailUrl":"https:\/\/colinahomolog.com.br\/dev\/just-real-moms\/wp-content\/uploads\/2021\/01\/just-real-moms-marina-soares-mama-mais.jpeg","datePublished":"2021-01-19T12:00:13+00:00","dateModified":"2022-01-09T16:06:50+00:00","author":{"@id":"https:\/\/colinahomolog.com.br\/dev\/just-real-moms\/#\/schema\/person\/bd7507fb1f5172997adec35527bd8d1b"},"description":"Marina Soares veste v\u00e1rias camisas (de m\u00e3e a empreendedora)! Ela come\u00e7ou a empreender e criou o Mama+ depois de ter sua filha! Confira!","breadcrumb":{"@id":"https:\/\/colinahomolog.com.br\/dev\/just-real-moms\/marina-soares-mama-mais-da-as-dicas\/#breadcrumb"},"inLanguage":"pt-BR","potentialAction":[{"@type":"ReadAction","target":["https:\/\/colinahomolog.com.br\/dev\/just-real-moms\/marina-soares-mama-mais-da-as-dicas\/"]}]},{"@type":"ImageObject","inLanguage":"pt-BR","@id":"https:\/\/colinahomolog.com.br\/dev\/just-real-moms\/marina-soares-mama-mais-da-as-dicas\/#primaryimage","url":"https:\/\/colinahomolog.com.br\/dev\/just-real-moms\/wp-content\/uploads\/2021\/01\/just-real-moms-marina-soares-mama-mais.jpeg","contentUrl":"https:\/\/colinahomolog.com.br\/dev\/just-real-moms\/wp-content\/uploads\/2021\/01\/just-real-moms-marina-soares-mama-mais.jpeg","width":614,"height":614,"caption":"Just Real Moms Marina Soares Mama Mais"},{"@type":"BreadcrumbList","@id":"https:\/\/colinahomolog.com.br\/dev\/just-real-moms\/marina-soares-mama-mais-da-as-dicas\/#breadcrumb","itemListElement":[{"@type":"ListItem","position":1,"name":"In\u00edcio","item":"https:\/\/colinahomolog.com.br\/dev\/just-real-moms\/"},{"@type":"ListItem","position":2,"name":"Marina C. Soares do Mama+ d\u00e1 as dicas!"}]},{"@type":"WebSite","@id":"https:\/\/colinahomolog.com.br\/dev\/just-real-moms\/#website","url":"https:\/\/colinahomolog.com.br\/dev\/just-real-moms\/","name":"Just Real Moms - Blog para M\u00e3es","description":"O melhor e mais completo portal para m\u00e3es, pais e futuros pais!","potentialAction":[{"@type":"SearchAction","target":{"@type":"EntryPoint","urlTemplate":"https:\/\/colinahomolog.com.br\/dev\/just-real-moms\/?s={search_term_string}"},"query-input":{"@type":"PropertyValueSpecification","valueRequired":true,"valueName":"search_term_string"}}],"inLanguage":"pt-BR"},{"@type":"Person","@id":"https:\/\/colinahomolog.com.br\/dev\/just-real-moms\/#\/schema\/person\/bd7507fb1f5172997adec35527bd8d1b","name":"Reda\u00e7\u00e3o","url":"https:\/\/colinahomolog.com.br\/dev\/just-real-moms\/author\/adminjrm\/"}]}},"_links":{"self":[{"href":"https:\/\/colinahomolog.com.br\/dev\/just-real-moms\/wp-json\/wp\/v2\/posts\/49449","targetHints":{"allow":["GET"]}}],"collection":[{"href":"https:\/\/colinahomolog.com.br\/dev\/just-real-moms\/wp-json\/wp\/v2\/posts"}],"about":[{"href":"https:\/\/colinahomolog.com.br\/dev\/just-real-moms\/wp-json\/wp\/v2\/types\/post"}],"author":[{"embeddable":true,"href":"https:\/\/colinahomolog.com.br\/dev\/just-real-moms\/wp-json\/wp\/v2\/users\/1042"}],"replies":[{"embeddable":true,"href":"https:\/\/colinahomolog.com.br\/dev\/just-real-moms\/wp-json\/wp\/v2\/comments?post=49449"}],"version-history":[{"count":0,"href":"https:\/\/colinahomolog.com.br\/dev\/just-real-moms\/wp-json\/wp\/v2\/posts\/49449\/revisions"}],"wp:featuredmedia":[{"embeddable":true,"href":"https:\/\/colinahomolog.com.br\/dev\/just-real-moms\/wp-json\/wp\/v2\/media\/49459"}],"wp:attachment":[{"href":"https:\/\/colinahomolog.com.br\/dev\/just-real-moms\/wp-json\/wp\/v2\/media?parent=49449"}],"wp:term":[{"taxonomy":"category","embeddable":true,"href":"https:\/\/colinahomolog.com.br\/dev\/just-real-moms\/wp-json\/wp\/v2\/categories?post=49449"},{"taxonomy":"post_tag","embeddable":true,"href":"https:\/\/colinahomolog.com.br\/dev\/just-real-moms\/wp-json\/wp\/v2\/tags?post=49449"}],"curies":[{"name":"wp","href":"https:\/\/api.w.org\/{rel}","templated":true}]}}