{"id":4968,"date":"2012-08-05T23:17:50","date_gmt":"2012-08-06T02:17:50","guid":{"rendered":"http:\/\/jrm.tecnologia.ws\/?p=4968"},"modified":"2016-05-05T19:06:39","modified_gmt":"2016-05-05T22:06:39","slug":"bebes-tambem-vestem-grifes","status":"publish","type":"post","link":"https:\/\/colinahomolog.com.br\/dev\/just-real-moms\/bebes-tambem-vestem-grifes\/","title":{"rendered":"Beb\u00eas tamb\u00e9m vestem grifes!"},"content":{"rendered":"<button class=\"simplefavorite-button preset\" data-postid=\"4968\" data-siteid=\"1\" data-groupid=\"1\" data-favoritecount=\"0\" style=\"box-shadow:none;-webkit-box-shadow:none;-moz-box-shadow:none;background-color:#68ccb4;border-color:#68ccb4;color:#ffffff;\"><i class=\"sf-icon-favorite\" style=\"\"><\/i>Favorite<\/button><p style=\"text-align: center;\"><img decoding=\"async\" class=\"aligncenter  wp-image-4969\" title=\"littlemarcjacobs1\" src=\"https:\/\/colinahomolog.com.br\/dev\/just-real-moms\/wp-content\/uploads\/2012\/08\/littlemarcjacobs1.jpg\" alt=\"\" width=\"549\" height=\"53\" srcset=\"https:\/\/colinahomolog.com.br\/dev\/just-real-moms\/wp-content\/uploads\/2012\/08\/littlemarcjacobs1.jpg 1748w, https:\/\/colinahomolog.com.br\/dev\/just-real-moms\/wp-content\/uploads\/2012\/08\/littlemarcjacobs1-150x14.jpg 150w, https:\/\/colinahomolog.com.br\/dev\/just-real-moms\/wp-content\/uploads\/2012\/08\/littlemarcjacobs1-300x29.jpg 300w, https:\/\/colinahomolog.com.br\/dev\/just-real-moms\/wp-content\/uploads\/2012\/08\/littlemarcjacobs1-630x61.jpg 630w\" sizes=\"(max-width: 549px) 100vw, 549px\" \/><\/p>\n<p>Olha que coisas mais lindas as roupas da <strong>Little Marc Jacobs<\/strong>&#8230; N\u00e3o tem mais fofas!!! O estilista est\u00e1 fazendo pe\u00e7as de 0 a 12 anos e tem at\u00e9 sapatinho.\u00a0 S\u00e3o demais, super descoladas!<\/p>\n<p>&nbsp;<\/p>\n<p style=\"text-align: center;\"><img fetchpriority=\"high\" decoding=\"async\" class=\"aligncenter  wp-image-4970\" title=\"littlemarcjacobs2\" src=\"https:\/\/colinahomolog.com.br\/dev\/just-real-moms\/wp-content\/uploads\/2012\/08\/littlemarcjacobs2.jpg\" alt=\"\" width=\"676\" height=\"356\" \/><\/p>\n<p style=\"text-align: center;\"><img decoding=\"async\" class=\"aligncenter  wp-image-4971\" title=\"littlemarcjacobs3\" src=\"https:\/\/colinahomolog.com.br\/dev\/just-real-moms\/wp-content\/uploads\/2012\/08\/littlemarcjacobs3.jpg\" alt=\"\" width=\"606\" height=\"310\" srcset=\"https:\/\/colinahomolog.com.br\/dev\/just-real-moms\/wp-content\/uploads\/2012\/08\/littlemarcjacobs3.jpg 962w, https:\/\/colinahomolog.com.br\/dev\/just-real-moms\/wp-content\/uploads\/2012\/08\/littlemarcjacobs3-150x76.jpg 150w, https:\/\/colinahomolog.com.br\/dev\/just-real-moms\/wp-content\/uploads\/2012\/08\/littlemarcjacobs3-300x153.jpg 300w, https:\/\/colinahomolog.com.br\/dev\/just-real-moms\/wp-content\/uploads\/2012\/08\/littlemarcjacobs3-630x322.jpg 630w\" sizes=\"(max-width: 606px) 100vw, 606px\" \/><\/p>\n<p style=\"text-align: center;\">\n<p style=\"text-align: left;\">Outra marca famosa que investe no segmento kids \u00e9 a <strong>Burberry<\/strong>:<\/p>\n<p style=\"text-align: left;\">\n<p style=\"text-align: left;\">\n<p style=\"text-align: center;\"><img loading=\"lazy\" decoding=\"async\" class=\"aligncenter  wp-image-4972\" title=\"burberry1\" src=\"https:\/\/colinahomolog.com.br\/dev\/just-real-moms\/wp-content\/uploads\/2012\/08\/burberry1.jpg\" alt=\"\" width=\"258\" height=\"87\" srcset=\"https:\/\/colinahomolog.com.br\/dev\/just-real-moms\/wp-content\/uploads\/2012\/08\/burberry1.jpg 1070w, https:\/\/colinahomolog.com.br\/dev\/just-real-moms\/wp-content\/uploads\/2012\/08\/burberry1-150x50.jpg 150w, https:\/\/colinahomolog.com.br\/dev\/just-real-moms\/wp-content\/uploads\/2012\/08\/burberry1-300x100.jpg 300w, https:\/\/colinahomolog.com.br\/dev\/just-real-moms\/wp-content\/uploads\/2012\/08\/burberry1-630x210.jpg 630w\" sizes=\"(max-width: 258px) 100vw, 258px\" \/><\/p>\n<p>\u00a0Eu amo muito as coisas para beb\u00eas da Burberry!!! S\u00e3o lindas demais e as crian\u00e7as ficam muito arrumadinhas!!!<\/p>\n<p>&nbsp;<\/p>\n<p style=\"text-align: center;\"><img loading=\"lazy\" decoding=\"async\" class=\"aligncenter  wp-image-4973\" title=\"burberry2\" src=\"https:\/\/colinahomolog.com.br\/dev\/just-real-moms\/wp-content\/uploads\/2012\/08\/burberry2.jpg\" alt=\"\" width=\"564\" height=\"241\" srcset=\"https:\/\/colinahomolog.com.br\/dev\/just-real-moms\/wp-content\/uploads\/2012\/08\/burberry2.jpg 1101w, https:\/\/colinahomolog.com.br\/dev\/just-real-moms\/wp-content\/uploads\/2012\/08\/burberry2-150x64.jpg 150w, https:\/\/colinahomolog.com.br\/dev\/just-real-moms\/wp-content\/uploads\/2012\/08\/burberry2-300x128.jpg 300w, https:\/\/colinahomolog.com.br\/dev\/just-real-moms\/wp-content\/uploads\/2012\/08\/burberry2-630x268.jpg 630w, https:\/\/colinahomolog.com.br\/dev\/just-real-moms\/wp-content\/uploads\/2012\/08\/burberry2-471x200.jpg 471w\" sizes=\"(max-width: 564px) 100vw, 564px\" \/><\/p>\n<p style=\"text-align: center;\"><img loading=\"lazy\" decoding=\"async\" class=\"aligncenter  wp-image-4974\" title=\"burberry3\" src=\"https:\/\/colinahomolog.com.br\/dev\/just-real-moms\/wp-content\/uploads\/2012\/08\/burberry3.jpg\" alt=\"\" width=\"578\" height=\"122\" srcset=\"https:\/\/colinahomolog.com.br\/dev\/just-real-moms\/wp-content\/uploads\/2012\/08\/burberry3.jpg 1002w, https:\/\/colinahomolog.com.br\/dev\/just-real-moms\/wp-content\/uploads\/2012\/08\/burberry3-150x31.jpg 150w, https:\/\/colinahomolog.com.br\/dev\/just-real-moms\/wp-content\/uploads\/2012\/08\/burberry3-300x63.jpg 300w, https:\/\/colinahomolog.com.br\/dev\/just-real-moms\/wp-content\/uploads\/2012\/08\/burberry3-630x132.jpg 630w, https:\/\/colinahomolog.com.br\/dev\/just-real-moms\/wp-content\/uploads\/2012\/08\/burberry3-940x198.jpg 940w\" sizes=\"(max-width: 578px) 100vw, 578px\" \/><\/p>\n<p>S\u00e3o ou n\u00e3o s\u00e3o demais???<\/p>\n<p>Mil bjsss<\/p>\n\n    <div class=\"xs_social_share_widget xs_share_url after_content \t\tmain_content  wslu-style-1 wslu-share-box-shaped wslu-fill-colored wslu-none wslu-share-horizontal wslu-theme-font-no wslu-main_content\">\n\n\t\t\n        <ul>\n\t\t\t        <\/ul>\n    <\/div> \n","protected":false},"excerpt":{"rendered":"<p>Favorite Olha que coisas mais lindas as roupas da Little Marc Jacobs&#8230; N\u00e3o tem mais fofas!!! O estilista est\u00e1 fazendo pe\u00e7as de 0 a 12 anos e tem at\u00e9 sapatinho.\u00a0 S\u00e3o demais, super descoladas! &nbsp; Outra marca famosa que investe no segmento kids \u00e9 a Burberry: \u00a0Eu amo muito as coisas para beb\u00eas da Burberry!!! [&hellip;]<\/p>\n","protected":false},"author":4,"featured_media":4970,"comment_status":"open","ping_status":"closed","sticky":false,"template":"","format":"standard","meta":{"_acf_changed":false,"footnotes":""},"categories":[28],"tags":[1746,77],"class_list":{"0":"post-4968","1":"post","2":"type-post","3":"status-publish","4":"format-standard","5":"has-post-thumbnail","7":"category-moda","8":"tag-moda","9":"tag-moda-criancas"},"acf":[],"yoast_head":"<!-- This site is optimized with the Yoast SEO Premium plugin v26.6 (Yoast SEO v26.6) - https:\/\/yoast.com\/wordpress\/plugins\/seo\/ -->\n<title>Beb\u00eas tamb\u00e9m vestem grifes!<\/title>\n<meta name=\"robots\" content=\"index, follow, max-snippet:-1, max-image-preview:large, max-video-preview:-1\" \/>\n<link rel=\"canonical\" href=\"https:\/\/colinahomolog.com.br\/dev\/just-real-moms\/bebes-tambem-vestem-grifes\/\" \/>\n<meta property=\"og:locale\" content=\"pt_BR\" \/>\n<meta property=\"og:type\" content=\"article\" \/>\n<meta property=\"og:title\" content=\"Beb\u00eas tamb\u00e9m vestem grifes!\" \/>\n<meta property=\"og:description\" content=\"Favorite Olha que coisas mais lindas as roupas da Little Marc Jacobs&#8230; N\u00e3o tem mais fofas!!! O estilista est\u00e1 fazendo pe\u00e7as de 0 a 12 anos e tem at\u00e9 sapatinho.\u00a0 S\u00e3o demais, super descoladas! &nbsp; Outra marca famosa que investe no segmento kids \u00e9 a Burberry: \u00a0Eu amo muito as coisas para beb\u00eas da Burberry!!! [&hellip;]\" \/>\n<meta property=\"og:url\" content=\"https:\/\/colinahomolog.com.br\/dev\/just-real-moms\/bebes-tambem-vestem-grifes\/\" \/>\n<meta property=\"og:site_name\" content=\"Just Real Moms - Blog para M\u00e3es\" \/>\n<meta property=\"article:publisher\" content=\"https:\/\/www.facebook.com\/JustRealMoms\" \/>\n<meta property=\"article:published_time\" content=\"2012-08-06T02:17:50+00:00\" \/>\n<meta property=\"article:modified_time\" content=\"2016-05-05T22:06:39+00:00\" \/>\n<meta property=\"og:image\" content=\"https:\/\/colinahomolog.com.br\/dev\/just-real-moms\/wp-content\/uploads\/2012\/08\/littlemarcjacobs2.jpg\" \/>\n\t<meta property=\"og:image:width\" content=\"1\" \/>\n\t<meta property=\"og:image:height\" content=\"1\" \/>\n\t<meta property=\"og:image:type\" content=\"image\/jpeg\" \/>\n<meta name=\"author\" content=\"Renata\" \/>\n<meta name=\"twitter:label1\" content=\"Escrito por\" \/>\n\t<meta name=\"twitter:data1\" content=\"Renata\" \/>\n<script type=\"application\/ld+json\" class=\"yoast-schema-graph\">{\"@context\":\"https:\/\/schema.org\",\"@graph\":[{\"@type\":\"WebPage\",\"@id\":\"https:\/\/colinahomolog.com.br\/dev\/just-real-moms\/bebes-tambem-vestem-grifes\/\",\"url\":\"https:\/\/colinahomolog.com.br\/dev\/just-real-moms\/bebes-tambem-vestem-grifes\/\",\"name\":\"Beb\u00eas tamb\u00e9m vestem grifes!\",\"isPartOf\":{\"@id\":\"https:\/\/colinahomolog.com.br\/dev\/just-real-moms\/#website\"},\"primaryImageOfPage\":{\"@id\":\"https:\/\/colinahomolog.com.br\/dev\/just-real-moms\/bebes-tambem-vestem-grifes\/#primaryimage\"},\"image\":{\"@id\":\"https:\/\/colinahomolog.com.br\/dev\/just-real-moms\/bebes-tambem-vestem-grifes\/#primaryimage\"},\"thumbnailUrl\":\"https:\/\/colinahomolog.com.br\/dev\/just-real-moms\/wp-content\/uploads\/2012\/08\/littlemarcjacobs2.jpg\",\"datePublished\":\"2012-08-06T02:17:50+00:00\",\"dateModified\":\"2016-05-05T22:06:39+00:00\",\"author\":{\"@id\":\"https:\/\/colinahomolog.com.br\/dev\/just-real-moms\/#\/schema\/person\/2f9d85c04a6847c0f366e0a40924a2fa\"},\"breadcrumb\":{\"@id\":\"https:\/\/colinahomolog.com.br\/dev\/just-real-moms\/bebes-tambem-vestem-grifes\/#breadcrumb\"},\"inLanguage\":\"pt-BR\",\"potentialAction\":[{\"@type\":\"ReadAction\",\"target\":[\"https:\/\/colinahomolog.com.br\/dev\/just-real-moms\/bebes-tambem-vestem-grifes\/\"]}]},{\"@type\":\"ImageObject\",\"inLanguage\":\"pt-BR\",\"@id\":\"https:\/\/colinahomolog.com.br\/dev\/just-real-moms\/bebes-tambem-vestem-grifes\/#primaryimage\",\"url\":\"https:\/\/colinahomolog.com.br\/dev\/just-real-moms\/wp-content\/uploads\/2012\/08\/littlemarcjacobs2.jpg\",\"contentUrl\":\"https:\/\/colinahomolog.com.br\/dev\/just-real-moms\/wp-content\/uploads\/2012\/08\/littlemarcjacobs2.jpg\"},{\"@type\":\"BreadcrumbList\",\"@id\":\"https:\/\/colinahomolog.com.br\/dev\/just-real-moms\/bebes-tambem-vestem-grifes\/#breadcrumb\",\"itemListElement\":[{\"@type\":\"ListItem\",\"position\":1,\"name\":\"In\u00edcio\",\"item\":\"https:\/\/colinahomolog.com.br\/dev\/just-real-moms\/\"},{\"@type\":\"ListItem\",\"position\":2,\"name\":\"Beb\u00eas tamb\u00e9m vestem grifes!\"}]},{\"@type\":\"WebSite\",\"@id\":\"https:\/\/colinahomolog.com.br\/dev\/just-real-moms\/#website\",\"url\":\"https:\/\/colinahomolog.com.br\/dev\/just-real-moms\/\",\"name\":\"Just Real Moms - Blog para M\u00e3es\",\"description\":\"O melhor e mais completo portal para m\u00e3es, pais e futuros pais!\",\"potentialAction\":[{\"@type\":\"SearchAction\",\"target\":{\"@type\":\"EntryPoint\",\"urlTemplate\":\"https:\/\/colinahomolog.com.br\/dev\/just-real-moms\/?s={search_term_string}\"},\"query-input\":{\"@type\":\"PropertyValueSpecification\",\"valueRequired\":true,\"valueName\":\"search_term_string\"}}],\"inLanguage\":\"pt-BR\"},{\"@type\":\"Person\",\"@id\":\"https:\/\/colinahomolog.com.br\/dev\/just-real-moms\/#\/schema\/person\/2f9d85c04a6847c0f366e0a40924a2fa\",\"name\":\"Renata\",\"url\":\"https:\/\/colinahomolog.com.br\/dev\/just-real-moms\/author\/renata\/\"}]}<\/script>\n<!-- \/ Yoast SEO Premium plugin. -->","yoast_head_json":{"title":"Beb\u00eas tamb\u00e9m vestem grifes!","robots":{"index":"index","follow":"follow","max-snippet":"max-snippet:-1","max-image-preview":"max-image-preview:large","max-video-preview":"max-video-preview:-1"},"canonical":"https:\/\/colinahomolog.com.br\/dev\/just-real-moms\/bebes-tambem-vestem-grifes\/","og_locale":"pt_BR","og_type":"article","og_title":"Beb\u00eas tamb\u00e9m vestem grifes!","og_description":"Favorite Olha que coisas mais lindas as roupas da Little Marc Jacobs&#8230; N\u00e3o tem mais fofas!!! O estilista est\u00e1 fazendo pe\u00e7as de 0 a 12 anos e tem at\u00e9 sapatinho.\u00a0 S\u00e3o demais, super descoladas! &nbsp; Outra marca famosa que investe no segmento kids \u00e9 a Burberry: \u00a0Eu amo muito as coisas para beb\u00eas da Burberry!!! [&hellip;]","og_url":"https:\/\/colinahomolog.com.br\/dev\/just-real-moms\/bebes-tambem-vestem-grifes\/","og_site_name":"Just Real Moms - Blog para M\u00e3es","article_publisher":"https:\/\/www.facebook.com\/JustRealMoms","article_published_time":"2012-08-06T02:17:50+00:00","article_modified_time":"2016-05-05T22:06:39+00:00","og_image":[{"url":"https:\/\/colinahomolog.com.br\/dev\/just-real-moms\/wp-content\/uploads\/2012\/08\/littlemarcjacobs2.jpg","width":1,"height":1,"type":"image\/jpeg"}],"author":"Renata","twitter_misc":{"Escrito por":"Renata"},"schema":{"@context":"https:\/\/schema.org","@graph":[{"@type":"WebPage","@id":"https:\/\/colinahomolog.com.br\/dev\/just-real-moms\/bebes-tambem-vestem-grifes\/","url":"https:\/\/colinahomolog.com.br\/dev\/just-real-moms\/bebes-tambem-vestem-grifes\/","name":"Beb\u00eas tamb\u00e9m vestem grifes!","isPartOf":{"@id":"https:\/\/colinahomolog.com.br\/dev\/just-real-moms\/#website"},"primaryImageOfPage":{"@id":"https:\/\/colinahomolog.com.br\/dev\/just-real-moms\/bebes-tambem-vestem-grifes\/#primaryimage"},"image":{"@id":"https:\/\/colinahomolog.com.br\/dev\/just-real-moms\/bebes-tambem-vestem-grifes\/#primaryimage"},"thumbnailUrl":"https:\/\/colinahomolog.com.br\/dev\/just-real-moms\/wp-content\/uploads\/2012\/08\/littlemarcjacobs2.jpg","datePublished":"2012-08-06T02:17:50+00:00","dateModified":"2016-05-05T22:06:39+00:00","author":{"@id":"https:\/\/colinahomolog.com.br\/dev\/just-real-moms\/#\/schema\/person\/2f9d85c04a6847c0f366e0a40924a2fa"},"breadcrumb":{"@id":"https:\/\/colinahomolog.com.br\/dev\/just-real-moms\/bebes-tambem-vestem-grifes\/#breadcrumb"},"inLanguage":"pt-BR","potentialAction":[{"@type":"ReadAction","target":["https:\/\/colinahomolog.com.br\/dev\/just-real-moms\/bebes-tambem-vestem-grifes\/"]}]},{"@type":"ImageObject","inLanguage":"pt-BR","@id":"https:\/\/colinahomolog.com.br\/dev\/just-real-moms\/bebes-tambem-vestem-grifes\/#primaryimage","url":"https:\/\/colinahomolog.com.br\/dev\/just-real-moms\/wp-content\/uploads\/2012\/08\/littlemarcjacobs2.jpg","contentUrl":"https:\/\/colinahomolog.com.br\/dev\/just-real-moms\/wp-content\/uploads\/2012\/08\/littlemarcjacobs2.jpg"},{"@type":"BreadcrumbList","@id":"https:\/\/colinahomolog.com.br\/dev\/just-real-moms\/bebes-tambem-vestem-grifes\/#breadcrumb","itemListElement":[{"@type":"ListItem","position":1,"name":"In\u00edcio","item":"https:\/\/colinahomolog.com.br\/dev\/just-real-moms\/"},{"@type":"ListItem","position":2,"name":"Beb\u00eas tamb\u00e9m vestem grifes!"}]},{"@type":"WebSite","@id":"https:\/\/colinahomolog.com.br\/dev\/just-real-moms\/#website","url":"https:\/\/colinahomolog.com.br\/dev\/just-real-moms\/","name":"Just Real Moms - Blog para M\u00e3es","description":"O melhor e mais completo portal para m\u00e3es, pais e futuros pais!","potentialAction":[{"@type":"SearchAction","target":{"@type":"EntryPoint","urlTemplate":"https:\/\/colinahomolog.com.br\/dev\/just-real-moms\/?s={search_term_string}"},"query-input":{"@type":"PropertyValueSpecification","valueRequired":true,"valueName":"search_term_string"}}],"inLanguage":"pt-BR"},{"@type":"Person","@id":"https:\/\/colinahomolog.com.br\/dev\/just-real-moms\/#\/schema\/person\/2f9d85c04a6847c0f366e0a40924a2fa","name":"Renata","url":"https:\/\/colinahomolog.com.br\/dev\/just-real-moms\/author\/renata\/"}]}},"_links":{"self":[{"href":"https:\/\/colinahomolog.com.br\/dev\/just-real-moms\/wp-json\/wp\/v2\/posts\/4968","targetHints":{"allow":["GET"]}}],"collection":[{"href":"https:\/\/colinahomolog.com.br\/dev\/just-real-moms\/wp-json\/wp\/v2\/posts"}],"about":[{"href":"https:\/\/colinahomolog.com.br\/dev\/just-real-moms\/wp-json\/wp\/v2\/types\/post"}],"author":[{"embeddable":true,"href":"https:\/\/colinahomolog.com.br\/dev\/just-real-moms\/wp-json\/wp\/v2\/users\/4"}],"replies":[{"embeddable":true,"href":"https:\/\/colinahomolog.com.br\/dev\/just-real-moms\/wp-json\/wp\/v2\/comments?post=4968"}],"version-history":[{"count":0,"href":"https:\/\/colinahomolog.com.br\/dev\/just-real-moms\/wp-json\/wp\/v2\/posts\/4968\/revisions"}],"wp:featuredmedia":[{"embeddable":true,"href":"https:\/\/colinahomolog.com.br\/dev\/just-real-moms\/wp-json\/wp\/v2\/media\/4970"}],"wp:attachment":[{"href":"https:\/\/colinahomolog.com.br\/dev\/just-real-moms\/wp-json\/wp\/v2\/media?parent=4968"}],"wp:term":[{"taxonomy":"category","embeddable":true,"href":"https:\/\/colinahomolog.com.br\/dev\/just-real-moms\/wp-json\/wp\/v2\/categories?post=4968"},{"taxonomy":"post_tag","embeddable":true,"href":"https:\/\/colinahomolog.com.br\/dev\/just-real-moms\/wp-json\/wp\/v2\/tags?post=4968"}],"curies":[{"name":"wp","href":"https:\/\/api.w.org\/{rel}","templated":true}]}}