{"id":4981,"date":"2012-08-06T11:06:18","date_gmt":"2012-08-06T14:06:18","guid":{"rendered":"http:\/\/jrm.tecnologia.ws\/?p=4981"},"modified":"2022-01-09T14:03:20","modified_gmt":"2022-01-09T17:03:20","slug":"urso-baloeiro","status":"publish","type":"post","link":"https:\/\/colinahomolog.com.br\/dev\/just-real-moms\/urso-baloeiro\/","title":{"rendered":"Festa &#8220;Urso Baloeiro&#8221;!"},"content":{"rendered":"<button class=\"simplefavorite-button preset\" data-postid=\"4981\" data-siteid=\"1\" data-groupid=\"1\" data-favoritecount=\"0\" style=\"box-shadow:none;-webkit-box-shadow:none;-moz-box-shadow:none;background-color:#68ccb4;border-color:#68ccb4;color:#ffffff;\"><i class=\"sf-icon-favorite\" style=\"\"><\/i>Favorite<\/button><p>Ol\u00e1, mam\u00e3es e papais! Tudo bem? Para inaugurar os posts de festas de meninos, n\u00e3o podia escolher outra festa que n\u00e3o a do meu filho Olavinho, n\u00e9? Escolhemos o tema Urso Baloeiro!<\/p>\n<p>Na festinha de 1 ano dele, eu estava muito feliz e fiz quest\u00e3o de comemorar!<\/p>\n<p>Pensei em todos os detalhes, estava muito empolgada e tentei montar uma festa bem linda para ele.<\/p>\n<p>Escolhi fazer em casa e n\u00e3o em buffet &#8230; Deu muuuuuito trabalho, mas no final deu tudo certo e eu AMEI!<\/p>\n<p>Quis fugir um pouco dos temas mais tradicionais e inventei um tema que quase n\u00e3o achava refer\u00eancias: <strong>Ursinho Baloeiro<\/strong>!<\/p>\n<p>Comprei uns bal\u00f5es retr\u00f4s muito lindos para enfeitar a mesa e me baseei neles para montar o restante da festa.<\/p>\n<p>Quem me ajudou na decora\u00e7\u00e3o\u00a0 e doces foram as meninas da <strong>Maria Pipoca<\/strong>. Elas s\u00e3o muito dedicadas e caprichosas, al\u00e9m de terem um super bom gosto.<\/p>\n<p>Como atra\u00e7\u00e3o da festa,\u00a0 contratei um grupo musical infantil chamado <strong>Trii<\/strong>, eles fazem parte do grupo Palavra Cantada, foi demais!! Eles arrasaram e os convidados amaram!<\/p>\n<p style=\"text-align: left;\">Deem uma olhada nas fotos da festinha!<\/p>\n<p style=\"text-align: left;\">Espero que gostem!<\/p>\n<hr \/>\n<p style=\"text-align: center;\"><img fetchpriority=\"high\" decoding=\"async\" class=\"aligncenter wp-image-4983\" title=\"balao2\" src=\"https:\/\/colinahomolog.com.br\/dev\/just-real-moms\/wp-content\/uploads\/2012\/08\/balao2.jpg\" alt=\"\" width=\"618\" height=\"285\" srcset=\"https:\/\/colinahomolog.com.br\/dev\/just-real-moms\/wp-content\/uploads\/2012\/08\/balao2.jpg 1190w, https:\/\/colinahomolog.com.br\/dev\/just-real-moms\/wp-content\/uploads\/2012\/08\/balao2-150x68.jpg 150w, https:\/\/colinahomolog.com.br\/dev\/just-real-moms\/wp-content\/uploads\/2012\/08\/balao2-300x137.jpg 300w\" sizes=\"(max-width: 618px) 100vw, 618px\" \/><\/p>\n<p style=\"text-align: center;\"><img decoding=\"async\" class=\"aligncenter wp-image-4984\" title=\"balao3\" src=\"https:\/\/colinahomolog.com.br\/dev\/just-real-moms\/wp-content\/uploads\/2012\/08\/balao3.jpg\" alt=\"\" width=\"594\" height=\"221\" srcset=\"https:\/\/colinahomolog.com.br\/dev\/just-real-moms\/wp-content\/uploads\/2012\/08\/balao3.jpg 1072w, https:\/\/colinahomolog.com.br\/dev\/just-real-moms\/wp-content\/uploads\/2012\/08\/balao3-150x55.jpg 150w, https:\/\/colinahomolog.com.br\/dev\/just-real-moms\/wp-content\/uploads\/2012\/08\/balao3-300x111.jpg 300w, https:\/\/colinahomolog.com.br\/dev\/just-real-moms\/wp-content\/uploads\/2012\/08\/balao3-630x234.jpg 630w\" sizes=\"(max-width: 594px) 100vw, 594px\" \/><\/p>\n<p style=\"text-align: center;\"><img decoding=\"async\" class=\"aligncenter wp-image-4985\" title=\"balao4\" src=\"https:\/\/colinahomolog.com.br\/dev\/just-real-moms\/wp-content\/uploads\/2012\/08\/balao4.jpg\" alt=\"\" width=\"604\" height=\"207\" srcset=\"https:\/\/colinahomolog.com.br\/dev\/just-real-moms\/wp-content\/uploads\/2012\/08\/balao4.jpg 1497w, https:\/\/colinahomolog.com.br\/dev\/just-real-moms\/wp-content\/uploads\/2012\/08\/balao4-150x51.jpg 150w, https:\/\/colinahomolog.com.br\/dev\/just-real-moms\/wp-content\/uploads\/2012\/08\/balao4-300x102.jpg 300w, https:\/\/colinahomolog.com.br\/dev\/just-real-moms\/wp-content\/uploads\/2012\/08\/balao4-630x215.jpg 630w\" sizes=\"(max-width: 604px) 100vw, 604px\" \/><\/p>\n<p style=\"text-align: center;\"><img loading=\"lazy\" decoding=\"async\" class=\"aligncenter wp-image-4990\" title=\"balao5\" src=\"https:\/\/colinahomolog.com.br\/dev\/just-real-moms\/wp-content\/uploads\/2012\/08\/balao51.jpg\" alt=\"\" width=\"558\" height=\"446\" srcset=\"https:\/\/colinahomolog.com.br\/dev\/just-real-moms\/wp-content\/uploads\/2012\/08\/balao51.jpg 871w, https:\/\/colinahomolog.com.br\/dev\/just-real-moms\/wp-content\/uploads\/2012\/08\/balao51-150x120.jpg 150w, https:\/\/colinahomolog.com.br\/dev\/just-real-moms\/wp-content\/uploads\/2012\/08\/balao51-300x240.jpg 300w, https:\/\/colinahomolog.com.br\/dev\/just-real-moms\/wp-content\/uploads\/2012\/08\/balao51-630x504.jpg 630w, https:\/\/colinahomolog.com.br\/dev\/just-real-moms\/wp-content\/uploads\/2012\/08\/balao51-85x69.jpg 85w\" sizes=\"(max-width: 558px) 100vw, 558px\" \/><\/p>\n<p style=\"text-align: center;\"><img loading=\"lazy\" decoding=\"async\" class=\"aligncenter wp-image-4991\" title=\"balao6\" src=\"https:\/\/colinahomolog.com.br\/dev\/just-real-moms\/wp-content\/uploads\/2012\/08\/balao61.jpg\" alt=\"\" width=\"618\" height=\"317\" srcset=\"https:\/\/colinahomolog.com.br\/dev\/just-real-moms\/wp-content\/uploads\/2012\/08\/balao61.jpg 859w, https:\/\/colinahomolog.com.br\/dev\/just-real-moms\/wp-content\/uploads\/2012\/08\/balao61-150x76.jpg 150w, https:\/\/colinahomolog.com.br\/dev\/just-real-moms\/wp-content\/uploads\/2012\/08\/balao61-300x153.jpg 300w, https:\/\/colinahomolog.com.br\/dev\/just-real-moms\/wp-content\/uploads\/2012\/08\/balao61-630x322.jpg 630w\" sizes=\"(max-width: 618px) 100vw, 618px\" \/><\/p>\n<p style=\"text-align: center;\"><img loading=\"lazy\" decoding=\"async\" class=\"aligncenter wp-image-4992\" title=\"balao7\" src=\"https:\/\/colinahomolog.com.br\/dev\/just-real-moms\/wp-content\/uploads\/2012\/08\/balao71.jpg\" alt=\"\" width=\"643\" height=\"454\" srcset=\"https:\/\/colinahomolog.com.br\/dev\/just-real-moms\/wp-content\/uploads\/2012\/08\/balao71-150x105.jpg 150w, https:\/\/colinahomolog.com.br\/dev\/just-real-moms\/wp-content\/uploads\/2012\/08\/balao71-300x211.jpg 300w\" sizes=\"(max-width: 643px) 100vw, 643px\" \/><\/p>\n<p style=\"text-align: center;\"><img loading=\"lazy\" decoding=\"async\" class=\"aligncenter wp-image-4989\" title=\"balao8\" src=\"https:\/\/colinahomolog.com.br\/dev\/just-real-moms\/wp-content\/uploads\/2012\/08\/balao8.jpg\" alt=\"\" width=\"598\" height=\"194\" srcset=\"https:\/\/colinahomolog.com.br\/dev\/just-real-moms\/wp-content\/uploads\/2012\/08\/balao8.jpg 1152w, https:\/\/colinahomolog.com.br\/dev\/just-real-moms\/wp-content\/uploads\/2012\/08\/balao8-150x48.jpg 150w, https:\/\/colinahomolog.com.br\/dev\/just-real-moms\/wp-content\/uploads\/2012\/08\/balao8-300x97.jpg 300w, https:\/\/colinahomolog.com.br\/dev\/just-real-moms\/wp-content\/uploads\/2012\/08\/balao8-630x204.jpg 630w\" sizes=\"(max-width: 598px) 100vw, 598px\" \/><\/p>\n<p style=\"text-align: center;\"><span style=\"color: #888888;\">Decora\u00e7\u00e3o, Doces e Bolo: Maria Pipoca\/ Fotografia: Borelli \/ Barracas: Jo\u00e3o Onofre \/ Atra\u00e7\u00e3o: Banda Trii<\/span><\/p>\n\n    <div class=\"xs_social_share_widget xs_share_url after_content \t\tmain_content  wslu-style-1 wslu-share-box-shaped wslu-fill-colored wslu-none wslu-share-horizontal wslu-theme-font-no wslu-main_content\">\n\n\t\t\n        <ul>\n\t\t\t        <\/ul>\n    <\/div> \n","protected":false},"excerpt":{"rendered":"<p>FavoriteOl\u00e1, mam\u00e3es e papais! Tudo bem? Para inaugurar os posts de festas de meninos, n\u00e3o podia escolher outra festa que n\u00e3o a do meu filho Olavinho, n\u00e9? Escolhemos o tema Urso Baloeiro! Na festinha de 1 ano dele, eu estava muito feliz e fiz quest\u00e3o de comemorar! Pensei em todos os detalhes, estava muito empolgada [&hellip;]<\/p>\n","protected":false},"author":6,"featured_media":4983,"comment_status":"open","ping_status":"closed","sticky":false,"template":"","format":"standard","meta":{"_acf_changed":false,"footnotes":""},"categories":[31],"tags":[103,40,71,104],"class_list":{"0":"post-4981","1":"post","2":"type-post","3":"status-publish","4":"format-standard","5":"has-post-thumbnail","7":"category-festa","8":"tag-balao","9":"tag-festa-meninos","10":"tag-meninos","11":"tag-urso"},"acf":[],"yoast_head":"<!-- This site is optimized with the Yoast SEO Premium plugin v26.6 (Yoast SEO v26.6) - https:\/\/yoast.com\/wordpress\/plugins\/seo\/ -->\n<title>Festa &quot;Urso Baloeiro&quot;!<\/title>\n<meta name=\"description\" content=\"Para inaugurar os posts de festas de meninos n\u00e3o podia escolher outra festa que n\u00e3o a do meu filho Olavinho e escolhemos o tema Urso Baloeiro!\" \/>\n<meta name=\"robots\" content=\"index, follow, max-snippet:-1, max-image-preview:large, max-video-preview:-1\" \/>\n<link rel=\"canonical\" href=\"https:\/\/colinahomolog.com.br\/dev\/just-real-moms\/urso-baloeiro\/\" \/>\n<meta property=\"og:locale\" content=\"pt_BR\" \/>\n<meta property=\"og:type\" content=\"article\" \/>\n<meta property=\"og:title\" content=\"Festa &quot;Urso Baloeiro&quot;!\" \/>\n<meta property=\"og:description\" content=\"Para inaugurar os posts de festas de meninos n\u00e3o podia escolher outra festa que n\u00e3o a do meu filho Olavinho e escolhemos o tema Urso Baloeiro!\" \/>\n<meta property=\"og:url\" content=\"https:\/\/colinahomolog.com.br\/dev\/just-real-moms\/urso-baloeiro\/\" \/>\n<meta property=\"og:site_name\" content=\"Just Real Moms - Blog para M\u00e3es\" \/>\n<meta property=\"article:publisher\" content=\"https:\/\/www.facebook.com\/JustRealMoms\" \/>\n<meta property=\"article:published_time\" content=\"2012-08-06T14:06:18+00:00\" \/>\n<meta property=\"article:modified_time\" content=\"2022-01-09T17:03:20+00:00\" \/>\n<meta property=\"og:image\" content=\"https:\/\/colinahomolog.com.br\/dev\/just-real-moms\/wp-content\/uploads\/2012\/08\/balao2.jpg\" \/>\n\t<meta property=\"og:image:width\" content=\"1190\" \/>\n\t<meta property=\"og:image:height\" content=\"547\" \/>\n\t<meta property=\"og:image:type\" content=\"image\/jpeg\" \/>\n<meta name=\"author\" content=\"Juliana\" \/>\n<meta name=\"twitter:label1\" content=\"Escrito por\" \/>\n\t<meta name=\"twitter:data1\" content=\"Juliana\" \/>\n\t<meta name=\"twitter:label2\" content=\"Est. tempo de leitura\" \/>\n\t<meta name=\"twitter:data2\" content=\"3 minutos\" \/>\n<script type=\"application\/ld+json\" class=\"yoast-schema-graph\">{\"@context\":\"https:\/\/schema.org\",\"@graph\":[{\"@type\":\"WebPage\",\"@id\":\"https:\/\/colinahomolog.com.br\/dev\/just-real-moms\/urso-baloeiro\/\",\"url\":\"https:\/\/colinahomolog.com.br\/dev\/just-real-moms\/urso-baloeiro\/\",\"name\":\"Festa \\\"Urso Baloeiro\\\"!\",\"isPartOf\":{\"@id\":\"https:\/\/colinahomolog.com.br\/dev\/just-real-moms\/#website\"},\"primaryImageOfPage\":{\"@id\":\"https:\/\/colinahomolog.com.br\/dev\/just-real-moms\/urso-baloeiro\/#primaryimage\"},\"image\":{\"@id\":\"https:\/\/colinahomolog.com.br\/dev\/just-real-moms\/urso-baloeiro\/#primaryimage\"},\"thumbnailUrl\":\"https:\/\/colinahomolog.com.br\/dev\/just-real-moms\/wp-content\/uploads\/2012\/08\/balao2.jpg\",\"datePublished\":\"2012-08-06T14:06:18+00:00\",\"dateModified\":\"2022-01-09T17:03:20+00:00\",\"author\":{\"@id\":\"https:\/\/colinahomolog.com.br\/dev\/just-real-moms\/#\/schema\/person\/8218aa957ba5a31e5f531f3b6561916a\"},\"description\":\"Para inaugurar os posts de festas de meninos n\u00e3o podia escolher outra festa que n\u00e3o a do meu filho Olavinho e escolhemos o tema Urso Baloeiro!\",\"breadcrumb\":{\"@id\":\"https:\/\/colinahomolog.com.br\/dev\/just-real-moms\/urso-baloeiro\/#breadcrumb\"},\"inLanguage\":\"pt-BR\",\"potentialAction\":[{\"@type\":\"ReadAction\",\"target\":[\"https:\/\/colinahomolog.com.br\/dev\/just-real-moms\/urso-baloeiro\/\"]}]},{\"@type\":\"ImageObject\",\"inLanguage\":\"pt-BR\",\"@id\":\"https:\/\/colinahomolog.com.br\/dev\/just-real-moms\/urso-baloeiro\/#primaryimage\",\"url\":\"https:\/\/colinahomolog.com.br\/dev\/just-real-moms\/wp-content\/uploads\/2012\/08\/balao2.jpg\",\"contentUrl\":\"https:\/\/colinahomolog.com.br\/dev\/just-real-moms\/wp-content\/uploads\/2012\/08\/balao2.jpg\",\"width\":\"1190\",\"height\":\"547\",\"caption\":\"festa infantil de menino urso baloeiro\"},{\"@type\":\"BreadcrumbList\",\"@id\":\"https:\/\/colinahomolog.com.br\/dev\/just-real-moms\/urso-baloeiro\/#breadcrumb\",\"itemListElement\":[{\"@type\":\"ListItem\",\"position\":1,\"name\":\"In\u00edcio\",\"item\":\"https:\/\/colinahomolog.com.br\/dev\/just-real-moms\/\"},{\"@type\":\"ListItem\",\"position\":2,\"name\":\"Festa &#8220;Urso Baloeiro&#8221;!\"}]},{\"@type\":\"WebSite\",\"@id\":\"https:\/\/colinahomolog.com.br\/dev\/just-real-moms\/#website\",\"url\":\"https:\/\/colinahomolog.com.br\/dev\/just-real-moms\/\",\"name\":\"Just Real Moms - Blog para M\u00e3es\",\"description\":\"O melhor e mais completo portal para m\u00e3es, pais e futuros pais!\",\"potentialAction\":[{\"@type\":\"SearchAction\",\"target\":{\"@type\":\"EntryPoint\",\"urlTemplate\":\"https:\/\/colinahomolog.com.br\/dev\/just-real-moms\/?s={search_term_string}\"},\"query-input\":{\"@type\":\"PropertyValueSpecification\",\"valueRequired\":true,\"valueName\":\"search_term_string\"}}],\"inLanguage\":\"pt-BR\"},{\"@type\":\"Person\",\"@id\":\"https:\/\/colinahomolog.com.br\/dev\/just-real-moms\/#\/schema\/person\/8218aa957ba5a31e5f531f3b6561916a\",\"name\":\"Juliana\",\"url\":\"https:\/\/colinahomolog.com.br\/dev\/just-real-moms\/author\/juliana\/\"}]}<\/script>\n<!-- \/ Yoast SEO Premium plugin. -->","yoast_head_json":{"title":"Festa \"Urso Baloeiro\"!","description":"Para inaugurar os posts de festas de meninos n\u00e3o podia escolher outra festa que n\u00e3o a do meu filho Olavinho e escolhemos o tema Urso Baloeiro!","robots":{"index":"index","follow":"follow","max-snippet":"max-snippet:-1","max-image-preview":"max-image-preview:large","max-video-preview":"max-video-preview:-1"},"canonical":"https:\/\/colinahomolog.com.br\/dev\/just-real-moms\/urso-baloeiro\/","og_locale":"pt_BR","og_type":"article","og_title":"Festa \"Urso Baloeiro\"!","og_description":"Para inaugurar os posts de festas de meninos n\u00e3o podia escolher outra festa que n\u00e3o a do meu filho Olavinho e escolhemos o tema Urso Baloeiro!","og_url":"https:\/\/colinahomolog.com.br\/dev\/just-real-moms\/urso-baloeiro\/","og_site_name":"Just Real Moms - Blog para M\u00e3es","article_publisher":"https:\/\/www.facebook.com\/JustRealMoms","article_published_time":"2012-08-06T14:06:18+00:00","article_modified_time":"2022-01-09T17:03:20+00:00","og_image":[{"width":1190,"height":547,"url":"https:\/\/colinahomolog.com.br\/dev\/just-real-moms\/wp-content\/uploads\/2012\/08\/balao2.jpg","type":"image\/jpeg"}],"author":"Juliana","twitter_misc":{"Escrito por":"Juliana","Est. tempo de leitura":"3 minutos"},"schema":{"@context":"https:\/\/schema.org","@graph":[{"@type":"WebPage","@id":"https:\/\/colinahomolog.com.br\/dev\/just-real-moms\/urso-baloeiro\/","url":"https:\/\/colinahomolog.com.br\/dev\/just-real-moms\/urso-baloeiro\/","name":"Festa \"Urso Baloeiro\"!","isPartOf":{"@id":"https:\/\/colinahomolog.com.br\/dev\/just-real-moms\/#website"},"primaryImageOfPage":{"@id":"https:\/\/colinahomolog.com.br\/dev\/just-real-moms\/urso-baloeiro\/#primaryimage"},"image":{"@id":"https:\/\/colinahomolog.com.br\/dev\/just-real-moms\/urso-baloeiro\/#primaryimage"},"thumbnailUrl":"https:\/\/colinahomolog.com.br\/dev\/just-real-moms\/wp-content\/uploads\/2012\/08\/balao2.jpg","datePublished":"2012-08-06T14:06:18+00:00","dateModified":"2022-01-09T17:03:20+00:00","author":{"@id":"https:\/\/colinahomolog.com.br\/dev\/just-real-moms\/#\/schema\/person\/8218aa957ba5a31e5f531f3b6561916a"},"description":"Para inaugurar os posts de festas de meninos n\u00e3o podia escolher outra festa que n\u00e3o a do meu filho Olavinho e escolhemos o tema Urso Baloeiro!","breadcrumb":{"@id":"https:\/\/colinahomolog.com.br\/dev\/just-real-moms\/urso-baloeiro\/#breadcrumb"},"inLanguage":"pt-BR","potentialAction":[{"@type":"ReadAction","target":["https:\/\/colinahomolog.com.br\/dev\/just-real-moms\/urso-baloeiro\/"]}]},{"@type":"ImageObject","inLanguage":"pt-BR","@id":"https:\/\/colinahomolog.com.br\/dev\/just-real-moms\/urso-baloeiro\/#primaryimage","url":"https:\/\/colinahomolog.com.br\/dev\/just-real-moms\/wp-content\/uploads\/2012\/08\/balao2.jpg","contentUrl":"https:\/\/colinahomolog.com.br\/dev\/just-real-moms\/wp-content\/uploads\/2012\/08\/balao2.jpg","width":"1190","height":"547","caption":"festa infantil de menino urso baloeiro"},{"@type":"BreadcrumbList","@id":"https:\/\/colinahomolog.com.br\/dev\/just-real-moms\/urso-baloeiro\/#breadcrumb","itemListElement":[{"@type":"ListItem","position":1,"name":"In\u00edcio","item":"https:\/\/colinahomolog.com.br\/dev\/just-real-moms\/"},{"@type":"ListItem","position":2,"name":"Festa &#8220;Urso Baloeiro&#8221;!"}]},{"@type":"WebSite","@id":"https:\/\/colinahomolog.com.br\/dev\/just-real-moms\/#website","url":"https:\/\/colinahomolog.com.br\/dev\/just-real-moms\/","name":"Just Real Moms - Blog para M\u00e3es","description":"O melhor e mais completo portal para m\u00e3es, pais e futuros pais!","potentialAction":[{"@type":"SearchAction","target":{"@type":"EntryPoint","urlTemplate":"https:\/\/colinahomolog.com.br\/dev\/just-real-moms\/?s={search_term_string}"},"query-input":{"@type":"PropertyValueSpecification","valueRequired":true,"valueName":"search_term_string"}}],"inLanguage":"pt-BR"},{"@type":"Person","@id":"https:\/\/colinahomolog.com.br\/dev\/just-real-moms\/#\/schema\/person\/8218aa957ba5a31e5f531f3b6561916a","name":"Juliana","url":"https:\/\/colinahomolog.com.br\/dev\/just-real-moms\/author\/juliana\/"}]}},"_links":{"self":[{"href":"https:\/\/colinahomolog.com.br\/dev\/just-real-moms\/wp-json\/wp\/v2\/posts\/4981","targetHints":{"allow":["GET"]}}],"collection":[{"href":"https:\/\/colinahomolog.com.br\/dev\/just-real-moms\/wp-json\/wp\/v2\/posts"}],"about":[{"href":"https:\/\/colinahomolog.com.br\/dev\/just-real-moms\/wp-json\/wp\/v2\/types\/post"}],"author":[{"embeddable":true,"href":"https:\/\/colinahomolog.com.br\/dev\/just-real-moms\/wp-json\/wp\/v2\/users\/6"}],"replies":[{"embeddable":true,"href":"https:\/\/colinahomolog.com.br\/dev\/just-real-moms\/wp-json\/wp\/v2\/comments?post=4981"}],"version-history":[{"count":0,"href":"https:\/\/colinahomolog.com.br\/dev\/just-real-moms\/wp-json\/wp\/v2\/posts\/4981\/revisions"}],"wp:featuredmedia":[{"embeddable":true,"href":"https:\/\/colinahomolog.com.br\/dev\/just-real-moms\/wp-json\/wp\/v2\/media\/4983"}],"wp:attachment":[{"href":"https:\/\/colinahomolog.com.br\/dev\/just-real-moms\/wp-json\/wp\/v2\/media?parent=4981"}],"wp:term":[{"taxonomy":"category","embeddable":true,"href":"https:\/\/colinahomolog.com.br\/dev\/just-real-moms\/wp-json\/wp\/v2\/categories?post=4981"},{"taxonomy":"post_tag","embeddable":true,"href":"https:\/\/colinahomolog.com.br\/dev\/just-real-moms\/wp-json\/wp\/v2\/tags?post=4981"}],"curies":[{"name":"wp","href":"https:\/\/api.w.org\/{rel}","templated":true}]}}