{"id":49855,"date":"2021-02-16T09:00:56","date_gmt":"2021-02-16T12:00:56","guid":{"rendered":"https:\/\/colinahomolog.com.br\/dev\/just-real-moms\/?p=49855"},"modified":"2022-12-12T10:19:21","modified_gmt":"2022-12-12T13:19:21","slug":"da-para-viajar-na-pandemia","status":"publish","type":"post","link":"https:\/\/colinahomolog.com.br\/dev\/just-real-moms\/da-para-viajar-na-pandemia\/","title":{"rendered":"E ai, d\u00e1 para viajar na pandemia?"},"content":{"rendered":"<button class=\"simplefavorite-button preset\" data-postid=\"49855\" data-siteid=\"1\" data-groupid=\"1\" data-favoritecount=\"0\" style=\"box-shadow:none;-webkit-box-shadow:none;-moz-box-shadow:none;background-color:#68ccb4;border-color:#68ccb4;color:#ffffff;\"><i class=\"sf-icon-favorite\" style=\"\"><\/i>Favorite<\/button><h2>A pergunta que n\u00e3o quer calar! E ai, d\u00e1 para viajar na Pandemia &#8211; seja para o exterior ou dentro do Brasil? Vejam o que a Aninha, expert em viagens sugere e divirtam-se!<\/h2>\n<p><img fetchpriority=\"high\" decoding=\"async\" class=\"alignnone size-full wp-image-49857\" src=\"https:\/\/colinahomolog.com.br\/dev\/just-real-moms\/wp-content\/uploads\/2021\/02\/just-real-moms-viajar-na-pandemia-magari-blu.jpg\" alt=\"Just Real Moms Viajar Na Pandemia Magari Blu\" width=\"2185\" height=\"1489\" srcset=\"https:\/\/colinahomolog.com.br\/dev\/just-real-moms\/wp-content\/uploads\/2021\/02\/just-real-moms-viajar-na-pandemia-magari-blu.jpg 2185w, https:\/\/colinahomolog.com.br\/dev\/just-real-moms\/wp-content\/uploads\/2021\/02\/just-real-moms-viajar-na-pandemia-magari-blu-400x273.jpg 400w, https:\/\/colinahomolog.com.br\/dev\/just-real-moms\/wp-content\/uploads\/2021\/02\/just-real-moms-viajar-na-pandemia-magari-blu-820x559.jpg 820w, https:\/\/colinahomolog.com.br\/dev\/just-real-moms\/wp-content\/uploads\/2021\/02\/just-real-moms-viajar-na-pandemia-magari-blu-768x523.jpg 768w, https:\/\/colinahomolog.com.br\/dev\/just-real-moms\/wp-content\/uploads\/2021\/02\/just-real-moms-viajar-na-pandemia-magari-blu-1536x1047.jpg 1536w, https:\/\/colinahomolog.com.br\/dev\/just-real-moms\/wp-content\/uploads\/2021\/02\/just-real-moms-viajar-na-pandemia-magari-blu-2048x1396.jpg 2048w\" sizes=\"(max-width: 2185px) 100vw, 2185px\" \/><\/p>\n<p>Oi Meninas! Hoje nossa super colunista e expert em viagens, Ana Maria Junqueira, fundadora da Magari Blu e mam\u00e3e do Binho, vai contar se d\u00e1 para viajar na Pandemia!<\/p>\n<p>Seja para o exterior, seja dentro do Brasil, vale a leitura! Divirtam-se e preparem as malas!<\/p>\n<hr \/>\n<p>Viajar na pandemia \u00e9 poss\u00edvel SIM, inclusive com crian\u00e7as, desde que voc\u00ea se sinta confiante em aventurar-se pelo Brasil ou pelo mundo.<\/p>\n<p>A maioria das fam\u00edlias que adiou seus planos de f\u00e9rias em 2020, est\u00e3o com bastante vontade de viajar. Mas, muitas t\u00eam d\u00favidas sobre as possibilidades e os cuidados que devem ser tomados em viagens p\u00f3s (ou durante) essa fase que custa tanto a passar.<\/p>\n<p>O papel do consultor de viagens \u00e9 muito importante para sugerir os destinos mais adequados, auxiliar e cuidar de todos os detalhes. E ainda, prestar assist\u00eancia em caso de cancelamentos ou altera\u00e7\u00f5es de voos \u2013 que t\u00eam sido frequentes neste per\u00edodo sem precedentes que ainda estamos atravessando.<\/p>\n<p><img decoding=\"async\" class=\"alignnone size-full wp-image-49856\" src=\"https:\/\/colinahomolog.com.br\/dev\/just-real-moms\/wp-content\/uploads\/2021\/02\/just-real-moms-viajar-na-pandemia-magari-blu-familia.jpg\" alt=\"Just Real Moms Viajar Na Pandemia Magari Blu Fam\u00edlia\" width=\"1280\" height=\"853\" srcset=\"https:\/\/colinahomolog.com.br\/dev\/just-real-moms\/wp-content\/uploads\/2021\/02\/just-real-moms-viajar-na-pandemia-magari-blu-familia.jpg 1280w, https:\/\/colinahomolog.com.br\/dev\/just-real-moms\/wp-content\/uploads\/2021\/02\/just-real-moms-viajar-na-pandemia-magari-blu-familia-400x267.jpg 400w, https:\/\/colinahomolog.com.br\/dev\/just-real-moms\/wp-content\/uploads\/2021\/02\/just-real-moms-viajar-na-pandemia-magari-blu-familia-820x546.jpg 820w, https:\/\/colinahomolog.com.br\/dev\/just-real-moms\/wp-content\/uploads\/2021\/02\/just-real-moms-viajar-na-pandemia-magari-blu-familia-768x512.jpg 768w, https:\/\/colinahomolog.com.br\/dev\/just-real-moms\/wp-content\/uploads\/2021\/02\/just-real-moms-viajar-na-pandemia-magari-blu-familia-225x150.jpg 225w\" sizes=\"(max-width: 1280px) 100vw, 1280px\" \/><\/p>\n<h3>Confira alguns pontos de aten\u00e7\u00e3o para viajar atualmente:<\/h3>\n<hr \/>\n<h3>#1 Confira os requisitos para entrada no pa\u00eds<\/h3>\n<p>Os requisitos variam conforme o destino e, ainda assim, est\u00e3o sempre sendo atualizados. Portanto, \u00e9 importante ficar de olho se o pa\u00eds para o qual voc\u00ea est\u00e1 planejando uma viagem t\u00eam solicita\u00e7\u00f5es especiais para ingresso em tempos de Pandemia.<\/p>\n<p>Naqueles que est\u00e3o com fronteiras abertas para brasileiros, o requisito mais comum \u00e9 o exame negativo PCR para Covid-19. Aqui, os pontos de aten\u00e7\u00e3o s\u00e3o:<\/p>\n<ul>\n<li>o prazo (at\u00e9 quantas horas antes do embarque ou da chegada este exame precisa ser realizad0)<\/li>\n<li>o laborat\u00f3rio deve ser credenciado na ANVISA<\/li>\n<li>o resultado deve estar dispon\u00edvel tamb\u00e9m em ingl\u00eas<\/li>\n<\/ul>\n<p>Outro requisito frequente \u00e9 o preenchimento online de um formul\u00e1rio de sa\u00fade, no qual o passageiro insere seus dados pessoais, da viagem, e suas condi\u00e7\u00f5es de sa\u00fade antes de viajar.<\/p>\n<p>Alguns destinos pedem, ainda, a contrata\u00e7\u00e3o de seguro-viagem que cubra gastos decorrentes de Covid-19. E muitos outros permitem a entrada de viajantes brasileiros, por\u00e9m mediante quarentena.<\/p>\n<p>Assim, voc\u00ea pode ingressar no pa\u00eds, mas tem que ficar isolado em hot\u00e9is pr\u00e9-designados por um n\u00famero determinado de dias antes de poder seguir e curtir, o que acaba n\u00e3o compensando dependendo da dura\u00e7\u00e3o e do prop\u00f3sito da viagem.<\/p>\n<h3>#2 Confira os requisitos para circula\u00e7\u00e3o no destino<\/h3>\n<p>Alguns destinos est\u00e3o em lockdown, outros est\u00e3o com algumas restri\u00e7\u00f5es e outros, ainda, j\u00e1 est\u00e3o com \u201cvida normal\u201d.<\/p>\n<p>Alguns exigem uso de m\u00e1scara o tempo todo, outros apenas em determinadas situa\u00e7\u00f5es ou locais.<\/p>\n<p>Portanto, \u00e9 importante ter conhecimento do que esperar para n\u00e3o se frustrar quando chegar l\u00e1!<\/p>\n<h3>#3 Contrate um bom seguro-viagem<\/h3>\n<p>Alguns produtos dispon\u00edveis no mercado t\u00eam cobertura para gastos decorrentes de Covid-19, al\u00e9m de outras coberturas importantes para viajar tranquilo.<\/p>\n<p>Viajar com seguro sempre foi recomend\u00e1vel e hoje \u00e9 mandat\u00f3rio.<\/p>\n<h3>#4 Confira os requisitos para retornar ao Brasil<\/h3>\n<p>Atualmente, \u00e9 obrigat\u00f3rio apresentar teste PCR negativo para Covid-19 realizado at\u00e9 72h antes do embarque de retorno para casa. Isso acontece independentemente da sua nacionalidade.<\/p>\n<p>Portanto, \u00e9 imprescind\u00edvel incluir na programa\u00e7\u00e3o da viagem a realiza\u00e7\u00e3o do exame e que seja feito dentro do prazo exigido pelo nosso governo.<\/p>\n<p>Alguns hot\u00e9is, principalmente em destinos remotos, oferecem a possibilidade de coleta do PCR nas suas depend\u00eancias.<\/p>\n<p>Em outros casos, \u00e9 necess\u00e1rio agendar em laborat\u00f3rios ou hospitais locais.<\/p>\n<p>\u00c9 importante estar atento, ainda, ao prazo para entrega do exame, principalmente se for final de semana. Dependendo, pode n\u00e3o ter tempo h\u00e1bil de t\u00ea-lo em m\u00e3os para o embarque de volta.<\/p>\n<h3>#5 Relaxe, mas n\u00e3o se esque\u00e7a de que a pandemia n\u00e3o terminou<\/h3>\n<p>As f\u00e9rias s\u00e3o para serem curtidas, mas Pandemia ainda n\u00e3o acabou.<\/p>\n<p>Ent\u00e3o, mantenha os cuidados que voc\u00ea tem em casa, com uso de m\u00e1scaras em aeroportos, avi\u00f5es e locais p\u00fablicos e a higieniza\u00e7\u00e3o das m\u00e3os.<\/p>\n<p>E, quando estiver sem ningu\u00e9m por perto, aproveite para libertar-se deles com responsabilidade e respeito com o pr\u00f3ximo!<\/p>\n<hr \/>\n<p>Agora, vale muito ler <a href=\"https:\/\/colinahomolog.com.br\/dev\/just-real-moms\/5-truques-que-toda-mae-de-primeira-viagem-precisa-conhecer\/\" target=\"_blank\" rel=\"noopener noreferrer\">5 truques que toda m\u00e3e de primeira viagem precisa conhecer<\/a> para ajudar na pr\u00f3xima viagem!!<\/p>\n<hr \/>\n<h3>Sobre a Autora:<\/h3>\n<p>Ana Maria Junqueira &#8211; Fundadora da Magari Blu Viagens<br \/>\nInstagram: @magariblu<br \/>\n<a href=\"http:\/\/www.magariblu.com\" target=\"_blank\" rel=\"noopener noreferrer\">www.magariblu.com<\/a><\/p>\n<hr \/>\n<h6>Cr\u00e9dito: Cortesia de Juan Cruz Mountford<\/h6>\n\n    <div class=\"xs_social_share_widget xs_share_url after_content \t\tmain_content  wslu-style-1 wslu-share-box-shaped wslu-fill-colored wslu-none wslu-share-horizontal wslu-theme-font-no wslu-main_content\">\n\n\t\t\n        <ul>\n\t\t\t        <\/ul>\n    <\/div> \n","protected":false},"excerpt":{"rendered":"<p>FavoriteA pergunta que n\u00e3o quer calar! E ai, d\u00e1 para viajar na Pandemia &#8211; seja para o exterior ou dentro do Brasil? Vejam o que a Aninha, expert em viagens sugere e divirtam-se! Oi Meninas! Hoje nossa super colunista e expert em viagens, Ana Maria Junqueira, fundadora da Magari Blu e mam\u00e3e do Binho, vai [&hellip;]<\/p>\n","protected":false},"author":1042,"featured_media":49857,"comment_status":"open","ping_status":"closed","sticky":false,"template":"","format":"standard","meta":{"_acf_changed":false,"footnotes":""},"categories":[1822,33],"tags":[1983,2244,1886,43,1236],"class_list":{"0":"post-49855","1":"post","2":"type-post","3":"status-publish","4":"format-standard","5":"has-post-thumbnail","7":"category-dicas-para-viajar","8":"category-have-fun","9":"tag-diversao-infantil","10":"tag-diversao-nas-ferias","11":"tag-programacao-familia","12":"tag-viagem","13":"tag-viagem-com-criancas"},"acf":[],"yoast_head":"<!-- This site is optimized with the Yoast SEO Premium plugin v26.6 (Yoast SEO v26.6) - https:\/\/yoast.com\/wordpress\/plugins\/seo\/ -->\n<title>E ai, d\u00e1 para viajar na pandemia?<\/title>\n<meta name=\"description\" content=\"E ai, d\u00e1 para viajar na Pandemia - seja para o exterior ou dentro do Brasil? Vejam o que a Ana Maria, expert em viagens, sugere e divirtam-se!\" \/>\n<meta name=\"robots\" content=\"index, follow, max-snippet:-1, max-image-preview:large, max-video-preview:-1\" \/>\n<link rel=\"canonical\" href=\"https:\/\/colinahomolog.com.br\/dev\/just-real-moms\/da-para-viajar-na-pandemia\/\" \/>\n<meta property=\"og:locale\" content=\"pt_BR\" \/>\n<meta property=\"og:type\" content=\"article\" \/>\n<meta property=\"og:title\" content=\"E ai, d\u00e1 para viajar na pandemia?\" \/>\n<meta property=\"og:description\" content=\"E ai, d\u00e1 para viajar na Pandemia - seja para o exterior ou dentro do Brasil? Vejam o que a Ana Maria, expert em viagens, sugere e divirtam-se!\" \/>\n<meta property=\"og:url\" content=\"https:\/\/colinahomolog.com.br\/dev\/just-real-moms\/da-para-viajar-na-pandemia\/\" \/>\n<meta property=\"og:site_name\" content=\"Just Real Moms - Blog para M\u00e3es\" \/>\n<meta property=\"article:publisher\" content=\"https:\/\/www.facebook.com\/JustRealMoms\" \/>\n<meta property=\"article:published_time\" content=\"2021-02-16T12:00:56+00:00\" \/>\n<meta property=\"article:modified_time\" content=\"2022-12-12T13:19:21+00:00\" \/>\n<meta property=\"og:image\" content=\"https:\/\/colinahomolog.com.br\/dev\/just-real-moms\/wp-content\/uploads\/2021\/02\/just-real-moms-viajar-na-pandemia-magari-blu.jpg\" \/>\n\t<meta property=\"og:image:width\" content=\"2185\" \/>\n\t<meta property=\"og:image:height\" content=\"1489\" \/>\n\t<meta property=\"og:image:type\" content=\"image\/jpeg\" \/>\n<meta name=\"author\" content=\"Reda\u00e7\u00e3o\" \/>\n<meta name=\"twitter:label1\" content=\"Escrito por\" \/>\n\t<meta name=\"twitter:data1\" content=\"Reda\u00e7\u00e3o\" \/>\n\t<meta name=\"twitter:label2\" content=\"Est. tempo de leitura\" \/>\n\t<meta name=\"twitter:data2\" content=\"5 minutos\" \/>\n<script type=\"application\/ld+json\" class=\"yoast-schema-graph\">{\"@context\":\"https:\/\/schema.org\",\"@graph\":[{\"@type\":\"WebPage\",\"@id\":\"https:\/\/colinahomolog.com.br\/dev\/just-real-moms\/da-para-viajar-na-pandemia\/\",\"url\":\"https:\/\/colinahomolog.com.br\/dev\/just-real-moms\/da-para-viajar-na-pandemia\/\",\"name\":\"E ai, d\u00e1 para viajar na pandemia?\",\"isPartOf\":{\"@id\":\"https:\/\/colinahomolog.com.br\/dev\/just-real-moms\/#website\"},\"primaryImageOfPage\":{\"@id\":\"https:\/\/colinahomolog.com.br\/dev\/just-real-moms\/da-para-viajar-na-pandemia\/#primaryimage\"},\"image\":{\"@id\":\"https:\/\/colinahomolog.com.br\/dev\/just-real-moms\/da-para-viajar-na-pandemia\/#primaryimage\"},\"thumbnailUrl\":\"https:\/\/colinahomolog.com.br\/dev\/just-real-moms\/wp-content\/uploads\/2021\/02\/just-real-moms-viajar-na-pandemia-magari-blu.jpg\",\"datePublished\":\"2021-02-16T12:00:56+00:00\",\"dateModified\":\"2022-12-12T13:19:21+00:00\",\"author\":{\"@id\":\"https:\/\/colinahomolog.com.br\/dev\/just-real-moms\/#\/schema\/person\/bd7507fb1f5172997adec35527bd8d1b\"},\"description\":\"E ai, d\u00e1 para viajar na Pandemia - seja para o exterior ou dentro do Brasil? Vejam o que a Ana Maria, expert em viagens, sugere e divirtam-se!\",\"breadcrumb\":{\"@id\":\"https:\/\/colinahomolog.com.br\/dev\/just-real-moms\/da-para-viajar-na-pandemia\/#breadcrumb\"},\"inLanguage\":\"pt-BR\",\"potentialAction\":[{\"@type\":\"ReadAction\",\"target\":[\"https:\/\/colinahomolog.com.br\/dev\/just-real-moms\/da-para-viajar-na-pandemia\/\"]}]},{\"@type\":\"ImageObject\",\"inLanguage\":\"pt-BR\",\"@id\":\"https:\/\/colinahomolog.com.br\/dev\/just-real-moms\/da-para-viajar-na-pandemia\/#primaryimage\",\"url\":\"https:\/\/colinahomolog.com.br\/dev\/just-real-moms\/wp-content\/uploads\/2021\/02\/just-real-moms-viajar-na-pandemia-magari-blu.jpg\",\"contentUrl\":\"https:\/\/colinahomolog.com.br\/dev\/just-real-moms\/wp-content\/uploads\/2021\/02\/just-real-moms-viajar-na-pandemia-magari-blu.jpg\",\"width\":2185,\"height\":1489,\"caption\":\"Just Real Moms Viajar Na Pandemia Magari Blu\"},{\"@type\":\"BreadcrumbList\",\"@id\":\"https:\/\/colinahomolog.com.br\/dev\/just-real-moms\/da-para-viajar-na-pandemia\/#breadcrumb\",\"itemListElement\":[{\"@type\":\"ListItem\",\"position\":1,\"name\":\"In\u00edcio\",\"item\":\"https:\/\/colinahomolog.com.br\/dev\/just-real-moms\/\"},{\"@type\":\"ListItem\",\"position\":2,\"name\":\"E ai, d\u00e1 para viajar na pandemia?\"}]},{\"@type\":\"WebSite\",\"@id\":\"https:\/\/colinahomolog.com.br\/dev\/just-real-moms\/#website\",\"url\":\"https:\/\/colinahomolog.com.br\/dev\/just-real-moms\/\",\"name\":\"Just Real Moms - Blog para M\u00e3es\",\"description\":\"O melhor e mais completo portal para m\u00e3es, pais e futuros pais!\",\"potentialAction\":[{\"@type\":\"SearchAction\",\"target\":{\"@type\":\"EntryPoint\",\"urlTemplate\":\"https:\/\/colinahomolog.com.br\/dev\/just-real-moms\/?s={search_term_string}\"},\"query-input\":{\"@type\":\"PropertyValueSpecification\",\"valueRequired\":true,\"valueName\":\"search_term_string\"}}],\"inLanguage\":\"pt-BR\"},{\"@type\":\"Person\",\"@id\":\"https:\/\/colinahomolog.com.br\/dev\/just-real-moms\/#\/schema\/person\/bd7507fb1f5172997adec35527bd8d1b\",\"name\":\"Reda\u00e7\u00e3o\",\"url\":\"https:\/\/colinahomolog.com.br\/dev\/just-real-moms\/author\/adminjrm\/\"}]}<\/script>\n<!-- \/ Yoast SEO Premium plugin. -->","yoast_head_json":{"title":"E ai, d\u00e1 para viajar na pandemia?","description":"E ai, d\u00e1 para viajar na Pandemia - seja para o exterior ou dentro do Brasil? Vejam o que a Ana Maria, expert em viagens, sugere e divirtam-se!","robots":{"index":"index","follow":"follow","max-snippet":"max-snippet:-1","max-image-preview":"max-image-preview:large","max-video-preview":"max-video-preview:-1"},"canonical":"https:\/\/colinahomolog.com.br\/dev\/just-real-moms\/da-para-viajar-na-pandemia\/","og_locale":"pt_BR","og_type":"article","og_title":"E ai, d\u00e1 para viajar na pandemia?","og_description":"E ai, d\u00e1 para viajar na Pandemia - seja para o exterior ou dentro do Brasil? Vejam o que a Ana Maria, expert em viagens, sugere e divirtam-se!","og_url":"https:\/\/colinahomolog.com.br\/dev\/just-real-moms\/da-para-viajar-na-pandemia\/","og_site_name":"Just Real Moms - Blog para M\u00e3es","article_publisher":"https:\/\/www.facebook.com\/JustRealMoms","article_published_time":"2021-02-16T12:00:56+00:00","article_modified_time":"2022-12-12T13:19:21+00:00","og_image":[{"width":2185,"height":1489,"url":"https:\/\/colinahomolog.com.br\/dev\/just-real-moms\/wp-content\/uploads\/2021\/02\/just-real-moms-viajar-na-pandemia-magari-blu.jpg","type":"image\/jpeg"}],"author":"Reda\u00e7\u00e3o","twitter_misc":{"Escrito por":"Reda\u00e7\u00e3o","Est. tempo de leitura":"5 minutos"},"schema":{"@context":"https:\/\/schema.org","@graph":[{"@type":"WebPage","@id":"https:\/\/colinahomolog.com.br\/dev\/just-real-moms\/da-para-viajar-na-pandemia\/","url":"https:\/\/colinahomolog.com.br\/dev\/just-real-moms\/da-para-viajar-na-pandemia\/","name":"E ai, d\u00e1 para viajar na pandemia?","isPartOf":{"@id":"https:\/\/colinahomolog.com.br\/dev\/just-real-moms\/#website"},"primaryImageOfPage":{"@id":"https:\/\/colinahomolog.com.br\/dev\/just-real-moms\/da-para-viajar-na-pandemia\/#primaryimage"},"image":{"@id":"https:\/\/colinahomolog.com.br\/dev\/just-real-moms\/da-para-viajar-na-pandemia\/#primaryimage"},"thumbnailUrl":"https:\/\/colinahomolog.com.br\/dev\/just-real-moms\/wp-content\/uploads\/2021\/02\/just-real-moms-viajar-na-pandemia-magari-blu.jpg","datePublished":"2021-02-16T12:00:56+00:00","dateModified":"2022-12-12T13:19:21+00:00","author":{"@id":"https:\/\/colinahomolog.com.br\/dev\/just-real-moms\/#\/schema\/person\/bd7507fb1f5172997adec35527bd8d1b"},"description":"E ai, d\u00e1 para viajar na Pandemia - seja para o exterior ou dentro do Brasil? Vejam o que a Ana Maria, expert em viagens, sugere e divirtam-se!","breadcrumb":{"@id":"https:\/\/colinahomolog.com.br\/dev\/just-real-moms\/da-para-viajar-na-pandemia\/#breadcrumb"},"inLanguage":"pt-BR","potentialAction":[{"@type":"ReadAction","target":["https:\/\/colinahomolog.com.br\/dev\/just-real-moms\/da-para-viajar-na-pandemia\/"]}]},{"@type":"ImageObject","inLanguage":"pt-BR","@id":"https:\/\/colinahomolog.com.br\/dev\/just-real-moms\/da-para-viajar-na-pandemia\/#primaryimage","url":"https:\/\/colinahomolog.com.br\/dev\/just-real-moms\/wp-content\/uploads\/2021\/02\/just-real-moms-viajar-na-pandemia-magari-blu.jpg","contentUrl":"https:\/\/colinahomolog.com.br\/dev\/just-real-moms\/wp-content\/uploads\/2021\/02\/just-real-moms-viajar-na-pandemia-magari-blu.jpg","width":2185,"height":1489,"caption":"Just Real Moms Viajar Na Pandemia Magari Blu"},{"@type":"BreadcrumbList","@id":"https:\/\/colinahomolog.com.br\/dev\/just-real-moms\/da-para-viajar-na-pandemia\/#breadcrumb","itemListElement":[{"@type":"ListItem","position":1,"name":"In\u00edcio","item":"https:\/\/colinahomolog.com.br\/dev\/just-real-moms\/"},{"@type":"ListItem","position":2,"name":"E ai, d\u00e1 para viajar na pandemia?"}]},{"@type":"WebSite","@id":"https:\/\/colinahomolog.com.br\/dev\/just-real-moms\/#website","url":"https:\/\/colinahomolog.com.br\/dev\/just-real-moms\/","name":"Just Real Moms - Blog para M\u00e3es","description":"O melhor e mais completo portal para m\u00e3es, pais e futuros pais!","potentialAction":[{"@type":"SearchAction","target":{"@type":"EntryPoint","urlTemplate":"https:\/\/colinahomolog.com.br\/dev\/just-real-moms\/?s={search_term_string}"},"query-input":{"@type":"PropertyValueSpecification","valueRequired":true,"valueName":"search_term_string"}}],"inLanguage":"pt-BR"},{"@type":"Person","@id":"https:\/\/colinahomolog.com.br\/dev\/just-real-moms\/#\/schema\/person\/bd7507fb1f5172997adec35527bd8d1b","name":"Reda\u00e7\u00e3o","url":"https:\/\/colinahomolog.com.br\/dev\/just-real-moms\/author\/adminjrm\/"}]}},"_links":{"self":[{"href":"https:\/\/colinahomolog.com.br\/dev\/just-real-moms\/wp-json\/wp\/v2\/posts\/49855","targetHints":{"allow":["GET"]}}],"collection":[{"href":"https:\/\/colinahomolog.com.br\/dev\/just-real-moms\/wp-json\/wp\/v2\/posts"}],"about":[{"href":"https:\/\/colinahomolog.com.br\/dev\/just-real-moms\/wp-json\/wp\/v2\/types\/post"}],"author":[{"embeddable":true,"href":"https:\/\/colinahomolog.com.br\/dev\/just-real-moms\/wp-json\/wp\/v2\/users\/1042"}],"replies":[{"embeddable":true,"href":"https:\/\/colinahomolog.com.br\/dev\/just-real-moms\/wp-json\/wp\/v2\/comments?post=49855"}],"version-history":[{"count":0,"href":"https:\/\/colinahomolog.com.br\/dev\/just-real-moms\/wp-json\/wp\/v2\/posts\/49855\/revisions"}],"wp:featuredmedia":[{"embeddable":true,"href":"https:\/\/colinahomolog.com.br\/dev\/just-real-moms\/wp-json\/wp\/v2\/media\/49857"}],"wp:attachment":[{"href":"https:\/\/colinahomolog.com.br\/dev\/just-real-moms\/wp-json\/wp\/v2\/media?parent=49855"}],"wp:term":[{"taxonomy":"category","embeddable":true,"href":"https:\/\/colinahomolog.com.br\/dev\/just-real-moms\/wp-json\/wp\/v2\/categories?post=49855"},{"taxonomy":"post_tag","embeddable":true,"href":"https:\/\/colinahomolog.com.br\/dev\/just-real-moms\/wp-json\/wp\/v2\/tags?post=49855"}],"curies":[{"name":"wp","href":"https:\/\/api.w.org\/{rel}","templated":true}]}}