{"id":50874,"date":"2021-06-23T09:00:30","date_gmt":"2021-06-23T12:00:30","guid":{"rendered":"https:\/\/colinahomolog.com.br\/dev\/just-real-moms\/?p=50874"},"modified":"2025-01-08T23:36:09","modified_gmt":"2025-01-09T02:36:09","slug":"luisa-mell-e-seu-1o-livro-infantil-se-os-bichos-falassem-australia","status":"publish","type":"post","link":"https:\/\/colinahomolog.com.br\/dev\/just-real-moms\/luisa-mell-e-seu-1o-livro-infantil-se-os-bichos-falassem-australia\/","title":{"rendered":"Luisa Mell e seu 1\u00ba livro infantil \u201cSe Os Bichos Falassem: Austr\u00e1lia\u201d"},"content":{"rendered":"<button class=\"simplefavorite-button preset\" data-postid=\"50874\" data-siteid=\"1\" data-groupid=\"1\" data-favoritecount=\"0\" style=\"box-shadow:none;-webkit-box-shadow:none;-moz-box-shadow:none;background-color:#68ccb4;border-color:#68ccb4;color:#ffffff;\"><i class=\"sf-icon-favorite\" style=\"\"><\/i>Favorite<\/button><h2>A mam\u00e3e, Luisa Mell, lan\u00e7ou o 1\u00ba\u00a0livro de sua s\u00e9rie de livros infantis chamado \u201cSe os bichos falassem: Austr\u00e1lia\u201d! Venha conferir!<\/h2>\n<p><a href=\"https:\/\/colinahomolog.com.br\/dev\/just-real-moms\/wp-content\/uploads\/2021\/06\/just-real-moms-luisa-mell-se-os-bichos-falassem-livro-infantil-enzo.jpg\"><img fetchpriority=\"high\" decoding=\"async\" class=\"alignnone size-full wp-image-50877\" src=\"https:\/\/colinahomolog.com.br\/dev\/just-real-moms\/wp-content\/uploads\/2021\/06\/just-real-moms-luisa-mell-se-os-bichos-falassem-livro-infantil-enzo.jpg\" alt=\"Just Real Moms Luisa Mell Se Os Bichos Falassem Livro Infantil Enzo\" width=\"2102\" height=\"1204\" srcset=\"https:\/\/colinahomolog.com.br\/dev\/just-real-moms\/wp-content\/uploads\/2021\/06\/just-real-moms-luisa-mell-se-os-bichos-falassem-livro-infantil-enzo.jpg 2102w, https:\/\/colinahomolog.com.br\/dev\/just-real-moms\/wp-content\/uploads\/2021\/06\/just-real-moms-luisa-mell-se-os-bichos-falassem-livro-infantil-enzo-400x229.jpg 400w, https:\/\/colinahomolog.com.br\/dev\/just-real-moms\/wp-content\/uploads\/2021\/06\/just-real-moms-luisa-mell-se-os-bichos-falassem-livro-infantil-enzo-820x470.jpg 820w, https:\/\/colinahomolog.com.br\/dev\/just-real-moms\/wp-content\/uploads\/2021\/06\/just-real-moms-luisa-mell-se-os-bichos-falassem-livro-infantil-enzo-768x440.jpg 768w, https:\/\/colinahomolog.com.br\/dev\/just-real-moms\/wp-content\/uploads\/2021\/06\/just-real-moms-luisa-mell-se-os-bichos-falassem-livro-infantil-enzo-1536x880.jpg 1536w, https:\/\/colinahomolog.com.br\/dev\/just-real-moms\/wp-content\/uploads\/2021\/06\/just-real-moms-luisa-mell-se-os-bichos-falassem-livro-infantil-enzo-2048x1173.jpg 2048w\" sizes=\"(max-width: 2102px) 100vw, 2102px\" \/><\/a><\/p>\n<p>Oi Mam\u00e3e e papais! O post de hoje vem com uma super dica, o novo livro da Luisa Mell, \u201cSe os bichos falassem: Austr\u00e1lia\u201d!<\/p>\n<p>No livro, Luisa, que resgata animais, recebe um pedido de ajuda de um pequeno coala.<\/p>\n<p>O livro \u00e9 o 1\u00ba de sua s\u00e9rie de livros infantis, tem uma personagem hom\u00f4nima e o seu filho Enzo. E ainda, conta com ilustra\u00e7\u00f5es lind\u00edssimas de Guilherme Francini.<\/p>\n<p><strong><a href=\"https:\/\/www.amazon.com.br\/gp\/product\/6586047021\/ref=as_li_qf_asin_il_tl?ie=UTF8&amp;tag=justrealmoms-20&amp;creative=9325&amp;linkCode=as2&amp;creativeASIN=6586047021&amp;linkId=402612847b80185aff9ce7671bcbbd65\" target=\"_blank\" rel=\"noopener\">Compre aqui.<\/a><\/strong><\/p>\n<p>Ele \u00e9 lind\u00edssimo e ensina n\u00e3o apenas sobre respeito aos animais, mas tamb\u00e9m o sobre o respeito com o nosso planeta \u00e0s nossas crian\u00e7as.<\/p>\n<p>Para quem n\u00e3o conhece o livro ainda, teremos uma <strong><a href=\"https:\/\/www.instagram.com\/justrealmoms\/\" target=\"_blank\" rel=\"noopener\">Live no nosso Instagram<\/a><\/strong> hoje \u00e0 noite com a Luisa, onde ela contar\u00e1 tudo para n\u00f3s! N\u00e3o percam!<\/p>\n<hr \/>\n<h3>O Livro:<\/h3>\n<p>O menino Enzo se divertia muito com os bichos do Instituto Luisa Mell, mas tamb\u00e9m queria ter amiguinhos humanos para apresentar a todos os seus amigos bichos!<\/p>\n<p>Um dia ele e sua amiga Zoe acham um Coala Beb\u00ea. Um coala no Brasil?! Isso mesmo!<\/p>\n<p>Luisa parte em uma aventura na Austr\u00e1lia, com bichos que falam e pedem ajuda para quem entende os animais.<\/p>\n<p><strong><a href=\"https:\/\/www.amazon.com.br\/gp\/product\/6586047021\/ref=as_li_qf_asin_il_tl?ie=UTF8&amp;tag=justrealmoms-20&amp;creative=9325&amp;linkCode=as2&amp;creativeASIN=6586047021&amp;linkId=402612847b80185aff9ce7671bcbbd65\" target=\"_blank\" rel=\"noopener\">Compre aqui.<\/a><\/strong><\/p>\n<p><a href=\"https:\/\/colinahomolog.com.br\/dev\/just-real-moms\/wp-content\/uploads\/2021\/06\/just-real-moms-luisa-mell-se-os-bichos-falassem-livro-infantil.jpg\"><img decoding=\"async\" class=\"alignnone size-full wp-image-50878\" src=\"https:\/\/colinahomolog.com.br\/dev\/just-real-moms\/wp-content\/uploads\/2021\/06\/just-real-moms-luisa-mell-se-os-bichos-falassem-livro-infantil.jpg\" alt=\"Just Real Moms Luisa Mell Se Os Bichos Falassem Livro Infantil\" width=\"1980\" height=\"826\" srcset=\"https:\/\/colinahomolog.com.br\/dev\/just-real-moms\/wp-content\/uploads\/2021\/06\/just-real-moms-luisa-mell-se-os-bichos-falassem-livro-infantil.jpg 1980w, https:\/\/colinahomolog.com.br\/dev\/just-real-moms\/wp-content\/uploads\/2021\/06\/just-real-moms-luisa-mell-se-os-bichos-falassem-livro-infantil-400x167.jpg 400w, https:\/\/colinahomolog.com.br\/dev\/just-real-moms\/wp-content\/uploads\/2021\/06\/just-real-moms-luisa-mell-se-os-bichos-falassem-livro-infantil-820x342.jpg 820w, https:\/\/colinahomolog.com.br\/dev\/just-real-moms\/wp-content\/uploads\/2021\/06\/just-real-moms-luisa-mell-se-os-bichos-falassem-livro-infantil-768x320.jpg 768w, https:\/\/colinahomolog.com.br\/dev\/just-real-moms\/wp-content\/uploads\/2021\/06\/just-real-moms-luisa-mell-se-os-bichos-falassem-livro-infantil-1536x641.jpg 1536w\" sizes=\"(max-width: 1980px) 100vw, 1980px\" \/><\/a><\/p>\n<hr \/>\n<h3>E ainda, decidimos publicar sobre sua biografia: \u201cComo os animais salvaram minha vida\u201d.<\/h3>\n<p><a href=\"https:\/\/colinahomolog.com.br\/dev\/just-real-moms\/wp-content\/uploads\/2021\/06\/just-real-moms-livro-luisa-mell-como-os-animais-salvaram-minha-vida.jpg\"><img decoding=\"async\" class=\" wp-image-50875 alignleft\" src=\"https:\/\/colinahomolog.com.br\/dev\/just-real-moms\/wp-content\/uploads\/2021\/06\/just-real-moms-livro-luisa-mell-como-os-animais-salvaram-minha-vida.jpg\" alt=\"Just Real Moms Livro Luisa Mell Como Os Animais Salvaram Minha Vida\" width=\"255\" height=\"366\" \/><\/a>Com um instituto que leva seu nome, trabalho reconhecido at\u00e9 internacionalmente e a admira\u00e7\u00e3o de milhares de pessoas, Luisa Mell passou por um longo e turbulento caminho para chegar at\u00e9 aqui.<\/p>\n<p><strong><a href=\"https:\/\/www.amazon.com.br\/gp\/product\/8525065889\/ref=as_li_qf_asin_il_tl?ie=UTF8&amp;tag=justrealmoms-20&amp;creative=9325&amp;linkCode=as2&amp;creativeASIN=8525065889&amp;linkId=247c2a1e054d74a1435c88340212b27a\" target=\"_blank\" rel=\"noopener\">Compre aqui.<\/a><\/strong><\/p>\n<p>Nestas mem\u00f3rias, Luisa conta que levou sua milit\u00e2ncia \u00e0 flor da pele, sem se importar com as piadas que faziam quando aparecia chorando na televis\u00e3o.<\/p>\n<p>Afirma tamb\u00e9m que conheceu o inferno quando ficou desempregada, sem seu programa na TV, sozinha, e caiu em uma depress\u00e3o profunda. Com honestidade e sem meias palavras, ela escancara passagens pol\u00eamicas de sua luta pelos animais ao se envolver em brigas com famosos e poderosos.<\/p>\n<p>Ganhou tamb\u00e9m muito respeito e aliados ao encontrar, nos animais, a miss\u00e3o de sua vida.<\/p>\n<p>Luisa fala da luta contra rodeios, vaquejadas, testes em animais, maus-tratos e abandono de bichos. Conta tudo sobre o veganismo e como foram sua gravidez e o in\u00edcio da cria\u00e7\u00e3o de seu filho, Enzo.<\/p>\n<p>Tamb\u00e9m detalha como, ao ajudar os animais, se curou, se salvou e revela toda a sua verdade nesta obra &#8211; escrita por ela durante cerca de um ano e com todo o seu cora\u00e7\u00e3o, como tudo o que faz.<\/p>\n<blockquote><p>\u201cEscrevo este livro como um grito de socorro. Um grito dos animais que sofrem, que s\u00e3o massacrados diariamente pela humanidade. Um grito do planeta que adoece e est\u00e1 \u00e0 beira de um colapso por conta da gan\u00e2ncia humana. E ainda, um grito de alerta e uma convoca\u00e7\u00e3o para um ex\u00e9rcito da salva\u00e7\u00e3o, um ex\u00e9rcito da paz.\u201d<\/p><\/blockquote>\n<hr \/>\n<h3>Sobre:<\/h3>\n<p>Luisa Mell \u00e9 protetora e defensora dos animais e do meio ambiente.<\/p>\n<p>Na TV, durante anos atuou como apresentadora de programas em defesa da causa animal, realizando in\u00fameros resgates de bichos em situa\u00e7\u00e3o de maus-tratos e abandono.<\/p>\n<p>Fundadora do Instituto Luisa Mell, ONG que ajuda centenas de animais e estimula a ado\u00e7\u00e3o, defende e divulga o veganismo como modo de viver. Pela Globo Livros, \u00e9 autora tamb\u00e9m de &#8220;Como os animais salvaram minha vida&#8221;, sua autobiografia.<\/p>\n<p>*<\/p>\n<p>O ilustrador Guilherme Francini se formou em design. Mas, desde crian\u00e7a, vivia desenhando a fam\u00edlia como personagens e j\u00e1 levou bronca por rabiscar paredes.<\/p>\n<p>Entre as obras ilustradas por ele est\u00e1 &#8220;Dr. Alex&#8221;, &#8220;Dr. Alex e o Phantom&#8221; e &#8220;Amiga Ursa&#8221;, de Rita Lee.<\/p>\n<p>*<\/p>\n<p>Para mais dicas de livro, veja: &#8220;<strong><a href=\"https:\/\/colinahomolog.com.br\/dev\/just-real-moms\/11-livros-sobre-a-maternidade\/\" target=\"_blank\" rel=\"noopener\">11 Livros sobre a Maternidade<\/a><\/strong>&#8220;, &#8220;<strong><a href=\"https:\/\/colinahomolog.com.br\/dev\/just-real-moms\/5-livros-infantis-por-faixa-etaria\/\" target=\"_blank\" rel=\"noopener\">5 Livros Infantis Por Faixa Et\u00e1ria<\/a><\/strong>&#8221; e &#8220;<strong><a href=\"https:\/\/colinahomolog.com.br\/dev\/just-real-moms\/incriveis-livros-infantis-pelo-talentoso-caca-gontijo\/\" target=\"_blank\" rel=\"noopener\">Os Incr\u00edveis Livros Infantis pelo Talentoso Cac\u00e1 Gontijo<\/a><\/strong>&#8220;.<\/p>\n<hr \/>\n<h6>Cr\u00e9dito de fotos: Rodrigo Agrinelli\/Divulga\u00e7\u00e3o<\/h6>\n\n    <div class=\"xs_social_share_widget xs_share_url after_content \t\tmain_content  wslu-style-1 wslu-share-box-shaped wslu-fill-colored wslu-none wslu-share-horizontal wslu-theme-font-no wslu-main_content\">\n\n\t\t\n        <ul>\n\t\t\t        <\/ul>\n    <\/div> \n","protected":false},"excerpt":{"rendered":"<p>FavoriteA mam\u00e3e, Luisa Mell, lan\u00e7ou o 1\u00ba\u00a0livro de sua s\u00e9rie de livros infantis chamado \u201cSe os bichos falassem: Austr\u00e1lia\u201d! Venha conferir! Oi Mam\u00e3e e papais! O post de hoje vem com uma super dica, o novo livro da Luisa Mell, \u201cSe os bichos falassem: Austr\u00e1lia\u201d! No livro, Luisa, que resgata animais, recebe um pedido de [&hellip;]<\/p>\n","protected":false},"author":1042,"featured_media":50877,"comment_status":"open","ping_status":"closed","sticky":false,"template":"","format":"standard","meta":{"_acf_changed":false,"footnotes":""},"categories":[1798,1800,30,29,1780,1768,2304,1772,1777],"tags":[778,2005,2301,682,605,2326],"class_list":{"0":"post-50874","1":"post","2":"type-post","3":"status-publish","4":"format-standard","5":"has-post-thumbnail","7":"category-3-anos","8":"category-acima-de-4-anos","9":"category-de-mae-para-mae","10":"category-real-tips","11":"category-educacao","12":"category-livros","13":"category-maes-empreendedoras","14":"category-presentes","15":"category-somos-todas-iguais","16":"tag-dicas-de-livros","17":"tag-educacao-infantil","18":"tag-empreendedora","19":"tag-livros","20":"tag-livros-infantis","21":"tag-responsabilidade-social"},"acf":[],"yoast_head":"<!-- This site is optimized with the Yoast SEO Premium plugin v26.6 (Yoast SEO v26.6) - https:\/\/yoast.com\/wordpress\/plugins\/seo\/ -->\n<title>Luisa Mell e seu 1\u00ba livro infantil \u201cSe Os Bichos Falassem: Austr\u00e1lia\u201d<\/title>\n<meta name=\"description\" content=\"A mam\u00e3e, Luisa Mell, lan\u00e7ou o 1\u00ba\u00a0livro de sua s\u00e9rie de livros infantis chamado \u201cSe os bichos falassem: Austr\u00e1lia\u201d! Venha conferir!\" \/>\n<meta name=\"robots\" content=\"index, follow, max-snippet:-1, max-image-preview:large, max-video-preview:-1\" \/>\n<link rel=\"canonical\" href=\"https:\/\/colinahomolog.com.br\/dev\/just-real-moms\/luisa-mell-e-seu-1o-livro-infantil-se-os-bichos-falassem-australia\/\" \/>\n<meta property=\"og:locale\" content=\"pt_BR\" \/>\n<meta property=\"og:type\" content=\"article\" \/>\n<meta property=\"og:title\" content=\"Luisa Mell e seu 1\u00ba livro infantil \u201cSe Os Bichos Falassem: Austr\u00e1lia\u201d\" \/>\n<meta property=\"og:description\" content=\"A mam\u00e3e, Luisa Mell, lan\u00e7ou o 1\u00ba\u00a0livro de sua s\u00e9rie de livros infantis chamado \u201cSe os bichos falassem: Austr\u00e1lia\u201d! Venha conferir!\" \/>\n<meta property=\"og:url\" content=\"https:\/\/colinahomolog.com.br\/dev\/just-real-moms\/luisa-mell-e-seu-1o-livro-infantil-se-os-bichos-falassem-australia\/\" \/>\n<meta property=\"og:site_name\" content=\"Just Real Moms - Blog para M\u00e3es\" \/>\n<meta property=\"article:publisher\" content=\"https:\/\/www.facebook.com\/JustRealMoms\" \/>\n<meta property=\"article:published_time\" content=\"2021-06-23T12:00:30+00:00\" \/>\n<meta property=\"article:modified_time\" content=\"2025-01-09T02:36:09+00:00\" \/>\n<meta property=\"og:image\" content=\"https:\/\/colinahomolog.com.br\/dev\/just-real-moms\/wp-content\/uploads\/2021\/06\/just-real-moms-luisa-mell-se-os-bichos-falassem-livro-infantil-enzo.jpg\" \/>\n\t<meta property=\"og:image:width\" content=\"2102\" \/>\n\t<meta property=\"og:image:height\" content=\"1204\" \/>\n\t<meta property=\"og:image:type\" content=\"image\/jpeg\" \/>\n<meta name=\"author\" content=\"Reda\u00e7\u00e3o\" \/>\n<meta name=\"twitter:label1\" content=\"Escrito por\" \/>\n\t<meta name=\"twitter:data1\" content=\"Reda\u00e7\u00e3o\" \/>\n\t<meta name=\"twitter:label2\" content=\"Est. tempo de leitura\" \/>\n\t<meta name=\"twitter:data2\" content=\"4 minutos\" \/>\n<script type=\"application\/ld+json\" class=\"yoast-schema-graph\">{\"@context\":\"https:\/\/schema.org\",\"@graph\":[{\"@type\":\"WebPage\",\"@id\":\"https:\/\/colinahomolog.com.br\/dev\/just-real-moms\/luisa-mell-e-seu-1o-livro-infantil-se-os-bichos-falassem-australia\/\",\"url\":\"https:\/\/colinahomolog.com.br\/dev\/just-real-moms\/luisa-mell-e-seu-1o-livro-infantil-se-os-bichos-falassem-australia\/\",\"name\":\"Luisa Mell e seu 1\u00ba livro infantil \u201cSe Os Bichos Falassem: Austr\u00e1lia\u201d\",\"isPartOf\":{\"@id\":\"https:\/\/colinahomolog.com.br\/dev\/just-real-moms\/#website\"},\"primaryImageOfPage\":{\"@id\":\"https:\/\/colinahomolog.com.br\/dev\/just-real-moms\/luisa-mell-e-seu-1o-livro-infantil-se-os-bichos-falassem-australia\/#primaryimage\"},\"image\":{\"@id\":\"https:\/\/colinahomolog.com.br\/dev\/just-real-moms\/luisa-mell-e-seu-1o-livro-infantil-se-os-bichos-falassem-australia\/#primaryimage\"},\"thumbnailUrl\":\"https:\/\/colinahomolog.com.br\/dev\/just-real-moms\/wp-content\/uploads\/2021\/06\/just-real-moms-luisa-mell-se-os-bichos-falassem-livro-infantil-enzo.jpg\",\"datePublished\":\"2021-06-23T12:00:30+00:00\",\"dateModified\":\"2025-01-09T02:36:09+00:00\",\"author\":{\"@id\":\"https:\/\/colinahomolog.com.br\/dev\/just-real-moms\/#\/schema\/person\/bd7507fb1f5172997adec35527bd8d1b\"},\"description\":\"A mam\u00e3e, Luisa Mell, lan\u00e7ou o 1\u00ba\u00a0livro de sua s\u00e9rie de livros infantis chamado \u201cSe os bichos falassem: Austr\u00e1lia\u201d! Venha conferir!\",\"breadcrumb\":{\"@id\":\"https:\/\/colinahomolog.com.br\/dev\/just-real-moms\/luisa-mell-e-seu-1o-livro-infantil-se-os-bichos-falassem-australia\/#breadcrumb\"},\"inLanguage\":\"pt-BR\",\"potentialAction\":[{\"@type\":\"ReadAction\",\"target\":[\"https:\/\/colinahomolog.com.br\/dev\/just-real-moms\/luisa-mell-e-seu-1o-livro-infantil-se-os-bichos-falassem-australia\/\"]}]},{\"@type\":\"ImageObject\",\"inLanguage\":\"pt-BR\",\"@id\":\"https:\/\/colinahomolog.com.br\/dev\/just-real-moms\/luisa-mell-e-seu-1o-livro-infantil-se-os-bichos-falassem-australia\/#primaryimage\",\"url\":\"https:\/\/colinahomolog.com.br\/dev\/just-real-moms\/wp-content\/uploads\/2021\/06\/just-real-moms-luisa-mell-se-os-bichos-falassem-livro-infantil-enzo.jpg\",\"contentUrl\":\"https:\/\/colinahomolog.com.br\/dev\/just-real-moms\/wp-content\/uploads\/2021\/06\/just-real-moms-luisa-mell-se-os-bichos-falassem-livro-infantil-enzo.jpg\",\"width\":2102,\"height\":1204,\"caption\":\"Just Real Moms Luisa Mell Se Os Bichos Falassem Livro Infantil Enzo\"},{\"@type\":\"BreadcrumbList\",\"@id\":\"https:\/\/colinahomolog.com.br\/dev\/just-real-moms\/luisa-mell-e-seu-1o-livro-infantil-se-os-bichos-falassem-australia\/#breadcrumb\",\"itemListElement\":[{\"@type\":\"ListItem\",\"position\":1,\"name\":\"In\u00edcio\",\"item\":\"https:\/\/colinahomolog.com.br\/dev\/just-real-moms\/\"},{\"@type\":\"ListItem\",\"position\":2,\"name\":\"Luisa Mell e seu 1\u00ba livro infantil \u201cSe Os Bichos Falassem: Austr\u00e1lia\u201d\"}]},{\"@type\":\"WebSite\",\"@id\":\"https:\/\/colinahomolog.com.br\/dev\/just-real-moms\/#website\",\"url\":\"https:\/\/colinahomolog.com.br\/dev\/just-real-moms\/\",\"name\":\"Just Real Moms - Blog para M\u00e3es\",\"description\":\"O melhor e mais completo portal para m\u00e3es, pais e futuros pais!\",\"potentialAction\":[{\"@type\":\"SearchAction\",\"target\":{\"@type\":\"EntryPoint\",\"urlTemplate\":\"https:\/\/colinahomolog.com.br\/dev\/just-real-moms\/?s={search_term_string}\"},\"query-input\":{\"@type\":\"PropertyValueSpecification\",\"valueRequired\":true,\"valueName\":\"search_term_string\"}}],\"inLanguage\":\"pt-BR\"},{\"@type\":\"Person\",\"@id\":\"https:\/\/colinahomolog.com.br\/dev\/just-real-moms\/#\/schema\/person\/bd7507fb1f5172997adec35527bd8d1b\",\"name\":\"Reda\u00e7\u00e3o\",\"url\":\"https:\/\/colinahomolog.com.br\/dev\/just-real-moms\/author\/adminjrm\/\"}]}<\/script>\n<!-- \/ Yoast SEO Premium plugin. -->","yoast_head_json":{"title":"Luisa Mell e seu 1\u00ba livro infantil \u201cSe Os Bichos Falassem: Austr\u00e1lia\u201d","description":"A mam\u00e3e, Luisa Mell, lan\u00e7ou o 1\u00ba\u00a0livro de sua s\u00e9rie de livros infantis chamado \u201cSe os bichos falassem: Austr\u00e1lia\u201d! Venha conferir!","robots":{"index":"index","follow":"follow","max-snippet":"max-snippet:-1","max-image-preview":"max-image-preview:large","max-video-preview":"max-video-preview:-1"},"canonical":"https:\/\/colinahomolog.com.br\/dev\/just-real-moms\/luisa-mell-e-seu-1o-livro-infantil-se-os-bichos-falassem-australia\/","og_locale":"pt_BR","og_type":"article","og_title":"Luisa Mell e seu 1\u00ba livro infantil \u201cSe Os Bichos Falassem: Austr\u00e1lia\u201d","og_description":"A mam\u00e3e, Luisa Mell, lan\u00e7ou o 1\u00ba\u00a0livro de sua s\u00e9rie de livros infantis chamado \u201cSe os bichos falassem: Austr\u00e1lia\u201d! Venha conferir!","og_url":"https:\/\/colinahomolog.com.br\/dev\/just-real-moms\/luisa-mell-e-seu-1o-livro-infantil-se-os-bichos-falassem-australia\/","og_site_name":"Just Real Moms - Blog para M\u00e3es","article_publisher":"https:\/\/www.facebook.com\/JustRealMoms","article_published_time":"2021-06-23T12:00:30+00:00","article_modified_time":"2025-01-09T02:36:09+00:00","og_image":[{"width":2102,"height":1204,"url":"https:\/\/colinahomolog.com.br\/dev\/just-real-moms\/wp-content\/uploads\/2021\/06\/just-real-moms-luisa-mell-se-os-bichos-falassem-livro-infantil-enzo.jpg","type":"image\/jpeg"}],"author":"Reda\u00e7\u00e3o","twitter_misc":{"Escrito por":"Reda\u00e7\u00e3o","Est. tempo de leitura":"4 minutos"},"schema":{"@context":"https:\/\/schema.org","@graph":[{"@type":"WebPage","@id":"https:\/\/colinahomolog.com.br\/dev\/just-real-moms\/luisa-mell-e-seu-1o-livro-infantil-se-os-bichos-falassem-australia\/","url":"https:\/\/colinahomolog.com.br\/dev\/just-real-moms\/luisa-mell-e-seu-1o-livro-infantil-se-os-bichos-falassem-australia\/","name":"Luisa Mell e seu 1\u00ba livro infantil \u201cSe Os Bichos Falassem: Austr\u00e1lia\u201d","isPartOf":{"@id":"https:\/\/colinahomolog.com.br\/dev\/just-real-moms\/#website"},"primaryImageOfPage":{"@id":"https:\/\/colinahomolog.com.br\/dev\/just-real-moms\/luisa-mell-e-seu-1o-livro-infantil-se-os-bichos-falassem-australia\/#primaryimage"},"image":{"@id":"https:\/\/colinahomolog.com.br\/dev\/just-real-moms\/luisa-mell-e-seu-1o-livro-infantil-se-os-bichos-falassem-australia\/#primaryimage"},"thumbnailUrl":"https:\/\/colinahomolog.com.br\/dev\/just-real-moms\/wp-content\/uploads\/2021\/06\/just-real-moms-luisa-mell-se-os-bichos-falassem-livro-infantil-enzo.jpg","datePublished":"2021-06-23T12:00:30+00:00","dateModified":"2025-01-09T02:36:09+00:00","author":{"@id":"https:\/\/colinahomolog.com.br\/dev\/just-real-moms\/#\/schema\/person\/bd7507fb1f5172997adec35527bd8d1b"},"description":"A mam\u00e3e, Luisa Mell, lan\u00e7ou o 1\u00ba\u00a0livro de sua s\u00e9rie de livros infantis chamado \u201cSe os bichos falassem: Austr\u00e1lia\u201d! Venha conferir!","breadcrumb":{"@id":"https:\/\/colinahomolog.com.br\/dev\/just-real-moms\/luisa-mell-e-seu-1o-livro-infantil-se-os-bichos-falassem-australia\/#breadcrumb"},"inLanguage":"pt-BR","potentialAction":[{"@type":"ReadAction","target":["https:\/\/colinahomolog.com.br\/dev\/just-real-moms\/luisa-mell-e-seu-1o-livro-infantil-se-os-bichos-falassem-australia\/"]}]},{"@type":"ImageObject","inLanguage":"pt-BR","@id":"https:\/\/colinahomolog.com.br\/dev\/just-real-moms\/luisa-mell-e-seu-1o-livro-infantil-se-os-bichos-falassem-australia\/#primaryimage","url":"https:\/\/colinahomolog.com.br\/dev\/just-real-moms\/wp-content\/uploads\/2021\/06\/just-real-moms-luisa-mell-se-os-bichos-falassem-livro-infantil-enzo.jpg","contentUrl":"https:\/\/colinahomolog.com.br\/dev\/just-real-moms\/wp-content\/uploads\/2021\/06\/just-real-moms-luisa-mell-se-os-bichos-falassem-livro-infantil-enzo.jpg","width":2102,"height":1204,"caption":"Just Real Moms Luisa Mell Se Os Bichos Falassem Livro Infantil Enzo"},{"@type":"BreadcrumbList","@id":"https:\/\/colinahomolog.com.br\/dev\/just-real-moms\/luisa-mell-e-seu-1o-livro-infantil-se-os-bichos-falassem-australia\/#breadcrumb","itemListElement":[{"@type":"ListItem","position":1,"name":"In\u00edcio","item":"https:\/\/colinahomolog.com.br\/dev\/just-real-moms\/"},{"@type":"ListItem","position":2,"name":"Luisa Mell e seu 1\u00ba livro infantil \u201cSe Os Bichos Falassem: Austr\u00e1lia\u201d"}]},{"@type":"WebSite","@id":"https:\/\/colinahomolog.com.br\/dev\/just-real-moms\/#website","url":"https:\/\/colinahomolog.com.br\/dev\/just-real-moms\/","name":"Just Real Moms - Blog para M\u00e3es","description":"O melhor e mais completo portal para m\u00e3es, pais e futuros pais!","potentialAction":[{"@type":"SearchAction","target":{"@type":"EntryPoint","urlTemplate":"https:\/\/colinahomolog.com.br\/dev\/just-real-moms\/?s={search_term_string}"},"query-input":{"@type":"PropertyValueSpecification","valueRequired":true,"valueName":"search_term_string"}}],"inLanguage":"pt-BR"},{"@type":"Person","@id":"https:\/\/colinahomolog.com.br\/dev\/just-real-moms\/#\/schema\/person\/bd7507fb1f5172997adec35527bd8d1b","name":"Reda\u00e7\u00e3o","url":"https:\/\/colinahomolog.com.br\/dev\/just-real-moms\/author\/adminjrm\/"}]}},"_links":{"self":[{"href":"https:\/\/colinahomolog.com.br\/dev\/just-real-moms\/wp-json\/wp\/v2\/posts\/50874","targetHints":{"allow":["GET"]}}],"collection":[{"href":"https:\/\/colinahomolog.com.br\/dev\/just-real-moms\/wp-json\/wp\/v2\/posts"}],"about":[{"href":"https:\/\/colinahomolog.com.br\/dev\/just-real-moms\/wp-json\/wp\/v2\/types\/post"}],"author":[{"embeddable":true,"href":"https:\/\/colinahomolog.com.br\/dev\/just-real-moms\/wp-json\/wp\/v2\/users\/1042"}],"replies":[{"embeddable":true,"href":"https:\/\/colinahomolog.com.br\/dev\/just-real-moms\/wp-json\/wp\/v2\/comments?post=50874"}],"version-history":[{"count":2,"href":"https:\/\/colinahomolog.com.br\/dev\/just-real-moms\/wp-json\/wp\/v2\/posts\/50874\/revisions"}],"predecessor-version":[{"id":236326,"href":"https:\/\/colinahomolog.com.br\/dev\/just-real-moms\/wp-json\/wp\/v2\/posts\/50874\/revisions\/236326"}],"wp:featuredmedia":[{"embeddable":true,"href":"https:\/\/colinahomolog.com.br\/dev\/just-real-moms\/wp-json\/wp\/v2\/media\/50877"}],"wp:attachment":[{"href":"https:\/\/colinahomolog.com.br\/dev\/just-real-moms\/wp-json\/wp\/v2\/media?parent=50874"}],"wp:term":[{"taxonomy":"category","embeddable":true,"href":"https:\/\/colinahomolog.com.br\/dev\/just-real-moms\/wp-json\/wp\/v2\/categories?post=50874"},{"taxonomy":"post_tag","embeddable":true,"href":"https:\/\/colinahomolog.com.br\/dev\/just-real-moms\/wp-json\/wp\/v2\/tags?post=50874"}],"curies":[{"name":"wp","href":"https:\/\/api.w.org\/{rel}","templated":true}]}}