{"id":50893,"date":"2021-06-30T09:00:47","date_gmt":"2021-06-30T12:00:47","guid":{"rendered":"https:\/\/colinahomolog.com.br\/dev\/just-real-moms\/?p=50893"},"modified":"2021-06-28T10:12:58","modified_gmt":"2021-06-28T13:12:58","slug":"maternidade-na-quarentena-tenho-saudades-de-ser-a-mae-que-eu-era","status":"publish","type":"post","link":"https:\/\/colinahomolog.com.br\/dev\/just-real-moms\/maternidade-na-quarentena-tenho-saudades-de-ser-a-mae-que-eu-era\/","title":{"rendered":"Maternidade na Quarentena: Tenho saudades de ser a m\u00e3e que eu era&#8230;."},"content":{"rendered":"<button class=\"simplefavorite-button preset\" data-postid=\"50893\" data-siteid=\"1\" data-groupid=\"1\" data-favoritecount=\"0\" style=\"box-shadow:none;-webkit-box-shadow:none;-moz-box-shadow:none;background-color:#68ccb4;border-color:#68ccb4;color:#ffffff;\"><i class=\"sf-icon-favorite\" style=\"\"><\/i>Favorite<\/button><h2>Hoje trouxemos um relato sobre a Maternidade na Quarentena de uma super mam\u00e3e, a Gabi Neves! \u201cEu n\u00e3o consigo mais ser que eu era. Eu tenho saudade de ser a m\u00e3e que eu era\u2026\u201d<\/h2>\n<p><img fetchpriority=\"high\" decoding=\"async\" class=\"alignnone size-full wp-image-50894\" src=\"https:\/\/cdn.justrealmoms.com.br\/wp-content\/uploads\/2021\/06\/just-real-moms-maternidade-na-quarentena-gabi-neves-pausa-pro-espumante-filhas.jpg\" alt=\"Just Real Moms Maternidade na Quarentena Gabi Neves Pausa Pro Espumante Filhas\" width=\"2000\" height=\"1500\" srcset=\"https:\/\/colinahomolog.com.br\/dev\/just-real-moms\/wp-content\/uploads\/2021\/06\/just-real-moms-maternidade-na-quarentena-gabi-neves-pausa-pro-espumante-filhas.jpg 2000w, https:\/\/colinahomolog.com.br\/dev\/just-real-moms\/wp-content\/uploads\/2021\/06\/just-real-moms-maternidade-na-quarentena-gabi-neves-pausa-pro-espumante-filhas-400x300.jpg 400w, https:\/\/colinahomolog.com.br\/dev\/just-real-moms\/wp-content\/uploads\/2021\/06\/just-real-moms-maternidade-na-quarentena-gabi-neves-pausa-pro-espumante-filhas-820x615.jpg 820w, https:\/\/colinahomolog.com.br\/dev\/just-real-moms\/wp-content\/uploads\/2021\/06\/just-real-moms-maternidade-na-quarentena-gabi-neves-pausa-pro-espumante-filhas-768x576.jpg 768w, https:\/\/colinahomolog.com.br\/dev\/just-real-moms\/wp-content\/uploads\/2021\/06\/just-real-moms-maternidade-na-quarentena-gabi-neves-pausa-pro-espumante-filhas-1536x1152.jpg 1536w\" sizes=\"(max-width: 2000px) 100vw, 2000px\" \/><\/p>\n<p>Oi Mam\u00e3es, hoje a nossa mais nova mam\u00e3e colaboradora, Gabi Neves, estreia aqui no site dando seu relato sobre a Maternidade na Quarentena!<\/p>\n<p>Gabi \u00e9 carioca apaulistada de mudan\u00e7a para o Chile, 35 anos, engenheira de forma\u00e7\u00e3o, mas \u201cestrategista marketeira\u201d por pura paix\u00e3o e atua\u00e7\u00e3o! \u00c9 tamb\u00e9m fundadora do <a href=\"http:\/\/pausaproespumante.com.br\/\" target=\"_blank\" rel=\"noopener\">Pausa pro Espumante<\/a>.<\/p>\n<p>\u00c9 m\u00e3e da Nat\u00e1lia 7 anos e da Manuela 5 anos!<\/p>\n<p>Aqui no JRM trar\u00e1 temas relacionados a Maternidade &amp; Carreira!<\/p>\n<p>Medos, ansiedades, ang\u00fastias e incertezas\u2026 sua miss\u00e3o aqui ser\u00e1 trocar com voc\u00eas e tornar mais leve a jornada! Simbora!<\/p>\n<h3>Confirma seu relato sobre a Maternidade na Quarentena, abaixo:<\/h3>\n<hr \/>\n<p>Escrevo aqui para eternizar e para que toda a vez que eu precise escolher, eu escolha o certo!<\/p>\n<p>Estava levando numa boa\u2026 juro que estava!<\/p>\n<p>Eu como uma \u201ccriadora de momentos\u201d que se preze transformava os problemas em coisas boas!<\/p>\n<p>Estava mais presente com as crian\u00e7as, fam\u00edlia mais unida, vinhos e jantares todos os dias. Seguindo a risca o meu lema de \u201cse a vida te deu lim\u00f5es, fa\u00e7a caipirinhas\u201d.<\/p>\n<p>Dado que temos o Covid-19 l\u00e1 fora, como fazer aqui dentro o melhor poss\u00edvel para se viver!<\/p>\n<p>E assim foi! Na verdade, est\u00e1 sendo\u2026 exceto pela parte das crian\u00e7as!<\/p>\n<p>Sempre me julguei uma \u00f3tima m\u00e3e. N\u00e3o falei perfeita\u2026 falei \u00f3tima!<\/p>\n<p>Entre erros e acertos \u00e9 obvio, mas sempre fui a melhor vers\u00e3o poss\u00edvel de m\u00e3e que eu poderia ser\u2026<\/p>\n<p>Com o passar dos dias, semanas e meses (d\u00f3i ouvir \u201cmeses\u201d, n\u00e9) fui focando muito no meu trabalho\u2026 MEUS trabalhos.<\/p>\n<p>Fui querer abra\u00e7ar um mundo sentadinha na cadeira do meu home-office. Afinal, agora a gente tem tempo n\u00e9?<\/p>\n<p>NUNCA FIZ TANTA COISA NA VIDA! Continuo com a minha empresa a mil, comecei uma nova sociedade, 2 na verdade, mas uma est\u00e1 na gaveta ainda, aceitei novas fun\u00e7\u00f5es em uma empresa que eu amo demais, ajudo os amigos que me gritam.<\/p>\n<p>Fora os cursos que eu compro e n\u00e3o consigo terminar!<\/p>\n<p>Resultado: fico na ativa das 08 \u00e0s 20:30 (isso porque me obrigo a parar de trabalhar \u201ccedo\u201d) e a sensa\u00e7\u00e3o de estar sempre devendo. Come\u00e7ar e n\u00e3o terminar nada me assombra! Nunca fui assim! Ser virginiana nunca havia me permitido isso, rs.<\/p>\n<h3>Me irrito com a minha sombra, in\u00fameros fios de cabelo pelo ch\u00e3o, 435 gritos com as crian\u00e7as e incont\u00e1veis N\u00c3Os que falo para elas ao longo do dia\u2026<\/h3>\n<p>Isso foi uma breve constata\u00e7\u00e3o do meu estado atual para contar para voc\u00eas que hoje eu me resgatei! De uma forma t\u00e3o forte e de um jeito que estava longe de realizar que estava precisando ser resgatada!<\/p>\n<p>Observem\u2026<\/p>\n<p>Foi as 09:30 da manh\u00e3 em uma reuni\u00e3o sobre AMOR\u2026<\/p>\n<p>Mulheres maravilhosas unidas por valores, prop\u00f3sitos, carinho, amizade em uma tela de zoom cheia de compet\u00eancia e de profissionais FODAS. Cada uma com seu jeitinho, tem o seu lugar exclusivo no meu cora\u00e7\u00e3o e li\u00e7\u00f5es para dar. Cada uma com suas dores, amores, skills que se complementam.<\/p>\n<p>Uma reuni\u00e3o sobre AMOR, que transbordava AMOR.<\/p>\n<p>Eis que surge uma palavra: SAUDADE e uma das meninas fala: \u201cEu n\u00e3o consigo mais ser que eu era. Eu tenho saudade de ser a m\u00e3e que eu era\u2026\u201d<\/p>\n<p>PAFFF bem no meio da minha cara! Sabe quando a carapu\u00e7a serve de um jeito que voc\u00ea tem um ataque de choro, emo\u00e7\u00f5es vem \u00e0 tona?<\/p>\n<p>Voc\u00ea encaixa aquele sentimento de irrita\u00e7\u00e3o que tem sido constante e o turbilh\u00e3o de sentimentos que estavam todos emaranhados come\u00e7am a desembara\u00e7ar e voc\u00ea come\u00e7a a ter clareza?<\/p>\n<p>Como se estivesse realizando coisas que estavam gritando diante do seu nariz, mas voc\u00ea sempre estava muito \u201cocupada\u201d para perceber.<\/p>\n<h3>\u201cEu n\u00e3o consigo mais rir das palha\u00e7adas, gracinhas e at\u00e9 mesmo \u201cmini birras\u201d que meus filhos fazem\u2026 eu s\u00f3 brigo o tempo todo.\u201d<\/h3>\n<p>\u201cQuando eles chamam M\u00c3E, eu at\u00e9 arrepio. Mas caceta\u2026 eles est\u00e3o chamando a M\u00c3E! Se n\u00e3o puderem chamar pela m\u00e3e sem medo de uma grosseria, quem mais eles v\u00e3o chamar?\u201d<\/p>\n<p>Nessa hora os solu\u00e7os vieram junto com l\u00e1grimas que, como uma tempestade dentro de mim, literalmente lavaram a minha alma!<\/p>\n<p>Eu n\u00e3o estou mais conseguindo ver todo o brilho que eu sempre vi nas coisas.<\/p>\n<p>Qualquer gesto das crian\u00e7as que \u201catrapalhem\u201d alguma das atividades de uma das 456 fun\u00e7\u00f5es que estou \u00e9 motivo para uma cara feia, uma bufada. Um \u201cestou em reuni\u00e3o\u201d, \u201cpreciso fazer isso e voc\u00eas n\u00e3o deixam\u201d, \u201cvoc\u00ea n\u00e3o est\u00e1 vendo que eu n\u00e3o posso agora?\u201d.<\/p>\n<p>S\u00f3 que acaba que \u201cvoc\u00ea n\u00e3o pode NUNCA\u201d, elas falam. E, \u00e9 verdade porque chega \u00e0 noite eu preciso respirar e recarregar para o dia seguinte.<\/p>\n<p>Comecei a ver que minhas filhas, AS COISAS QUE MAIS AMO NESSE MUNDO, eram as \u00daNICAS que n\u00e3o estavam na minha agenda. E pior, estavam sendo como para raios para as minhas irrita\u00e7\u00f5es!<\/p>\n<h3>Como assim? E aquela m\u00e3e que eu sempre amei ser? Cad\u00ea?<\/h3>\n<p>Nunca trabalhei tanto como nessa quarentena.<\/p>\n<p>Nunca me cobrei tanto e ao mesmo tempo nunca falhei tanto e tive tantas frustra\u00e7\u00f5es. N\u00e3o de \u201cn\u00e3o entregas\u201d, mas de insatisfa\u00e7\u00f5es, pois sei que poderia estar sendo muito melhor!<\/p>\n<p>Na tentativa de n\u00e3o deixar ningu\u00e9m na m\u00e3o, quem ficou \u00e0 ver navios e num v\u00e1cuo absurdo foram as minhas filhas.<\/p>\n<p>Um par\u00eantese: Eu AMO trabalhar, alimenta a minha alma!<\/p>\n<p>Sempre gostei e desde que eu tinha 18 anos que eu n\u00e3o parei mais.<\/p>\n<p>Sempre orgulhosa do que eu fazia! Dando ou n\u00e3o dinheiro, muito ou pouco, mas quem me conhece a mais tempo sabe que sempre tive um brilho nos olhos em qualquer fun\u00e7\u00e3o que estivesse exercendo.<\/p>\n<p>Trabalhei com meu pai (m\u00e9dico) como recepcionista em uma das cl\u00ednicas dele. Eu era a primeira a chegar e a \u00faltima a sair.<\/p>\n<p>Trabalhei como vendedora para pagar a batida do meu carro (que meus pais se recusaram a pagar e agrade\u00e7o at\u00e9 hoje, pois pude aprender muito sobre dinheiro nessa fase t\u00e3o importante). Fazia desde venda at\u00e9 limpar prateleira, fazer caf\u00e9, o que fosse preciso\u2026<\/p>\n<p>Mais tarde como estagi\u00e1ria em uma grande empresa era mais comprometida do que muita gente \u201cefetivada\u201d e por a\u00ed foi.<\/p>\n<p>Sempre agradecendo muito a todas as oportunidades que a vida dava.<\/p>\n<h3>E fui tendo sucesso na minha carreira corporativa! (Esse \u201cresgate\u201d est\u00e1 indo muito mais fundo do que imaginava, mas simbora, rs).<\/h3>\n<p>Sempre falei \u201ceu nunca vou ser aquela m\u00e3e que abandona a carreira para cuidar de filho\u201d \u201ceu vou tirar 3 meses de licen\u00e7a e j\u00e1 t\u00f4 de volta\u201d.<\/p>\n<p>Eis que: eu virei m\u00e3e! E descobri que minha Nati era o melhor projeto que eu poderia tocar naquele momento!<\/p>\n<p>Nada me dava mais alegria do que cuidar daquele serzinho que dependia 100% de mim!<\/p>\n<p>Com todo o prazer do mundo! Aquilo me satisfazia e me bastava! (\u00c9 claro que eu podia escolher\u2026e muitas pessoas n\u00e3o podem! Mas, justamente pelo fato de poder escolher, que eu escolhi o que julguei ser o melhor!)<\/p>\n<p>Ela mais velha um pouco comecei a empreender, coisas deram errado, pensei em voltar para o corporativo e fiquei gravida de novo, do meu segundo projetinho mais amado desse mundo, minha Manu.<\/p>\n<p>Agora com duas em casa, resolvi insistir em empreender e de novo, coisas deram errado, mas tamb\u00e9m deram certo!<\/p>\n<h3>Nem sempre \u00e9 sobre sucessos ou insucessos, e sim sobre a certeza de que SEMPRE eu tinha feito e sido o MEU melhor.<\/h3>\n<p><img decoding=\"async\" class=\"alignnone size-full wp-image-50887\" src=\"https:\/\/cdn.justrealmoms.com.br\/wp-content\/uploads\/2021\/06\/just-real-moms-gabi-neves-pausa-pro-espumante-colunista.jpeg\" alt=\"Just Real Moms Gabi Neves Pausa Pro Espumante Colunista\" width=\"640\" height=\"427\" srcset=\"https:\/\/colinahomolog.com.br\/dev\/just-real-moms\/wp-content\/uploads\/2021\/06\/just-real-moms-gabi-neves-pausa-pro-espumante-colunista.jpeg 640w, https:\/\/colinahomolog.com.br\/dev\/just-real-moms\/wp-content\/uploads\/2021\/06\/just-real-moms-gabi-neves-pausa-pro-espumante-colunista-400x267.jpeg 400w, https:\/\/colinahomolog.com.br\/dev\/just-real-moms\/wp-content\/uploads\/2021\/06\/just-real-moms-gabi-neves-pausa-pro-espumante-colunista-225x150.jpeg 225w\" sizes=\"(max-width: 640px) 100vw, 640px\" \/><\/p>\n<p>Assim como m\u00e3e, voc\u00ea erra querendo acertar e se importa com o resultado e sempre busca dar o seu melhor.<\/p>\n<p>Voltando aos tempos atuais depois desse \u201csenta que l\u00e1 vem hist\u00f3ria\u201d, me encontro num lugar onde tenho a consci\u00eancia de n\u00e3o estar sendo uma boa m\u00e3e, irritada, mal-humorada, bem sem gra\u00e7a e por muitas vezes at\u00e9 grossa mas eu n\u00e3o fa\u00e7o nada!<\/p>\n<p>Sempre amarrada com as 456 mil coisas que tamb\u00e9m n\u00e3o est\u00e3o saindo do jeito que eu quero. Simplesmente porque n\u00e3o d\u00e1!<\/p>\n<p>O dia tem 24 horas e a semana tem 7 dias. E, no ritmo que eu estava\/estou (estou porque parei pra escrever essa reflex\u00e3o e j\u00e1 estou com p\u00e2nico dos e-mails caindo na minha caixa) eu estava com culpa de se sentar no sof\u00e1 final de semana.<\/p>\n<p>Sempre aquela voz falando: Porque voc\u00ea n\u00e3o aproveita pra fazer seus cursos, montar aquele PPT, responder os e-mails que deixou como \u201cfavoritos\u201d, mas n\u00e3o respondeu?<\/p>\n<p>E as coisas est\u00e3o como gremlins, que se reproduzem me apavorando e me atacando!<\/p>\n<p>Uma coisa \u00e9 voc\u00ea passar pontualmente por isso, outra coisa \u00e9 virar estilo de vida!<\/p>\n<p>E isso n\u00e3o pode mesmo! A casa precisa ser arrumada!<\/p>\n<h3>Agora, n\u00e3o vou, n\u00e3o posso e n\u00e3o quero parar. Vou apenas me respeitar e desacelerar!<\/h3>\n<p>Minhas pequenas precisam de mim e eu preciso delas! \u00c9 hora de dizer sim!<\/p>\n<p>Esse momento \u00e9 muito delicado. Elas est\u00e3o com emo\u00e7\u00f5es a flor da pele, brigando uma com a outra, disputando aten\u00e7\u00e3o, problema para dormir, pesadelos\u2026.<\/p>\n<p>Coisas da idade, coisas do confinamento, n\u00e3o importa o culpado, o que importa \u00e9 a realidade!<\/p>\n<p>Essa \u00e9 a gera\u00e7\u00e3o COVID-19 e elas ter\u00e3o a m\u00e3e que precisam!<\/p>\n<p>A m\u00e3e que tem as responsabilidades, que luta, que trabalha, mas que \u00e9 presente e tem todo o carinho do mundo para ajud\u00e1-las a passar por esse momento. E assim, tornar isso na lembran\u00e7a uma BOA hist\u00f3ria quarentenal para contar!<\/p>\n<p>Nunca \u00e9 tarde para escolher!<\/p>\n<hr \/>\n<p>Se gostou desse relato da Gabi Neves sobre Maternidade na Quarentena, aproveite para ler: &#8220;<a href=\"https:\/\/colinahomolog.com.br\/dev\/just-real-moms\/relato-de-uma-mae-vegetarianismo-na-infancia\/\" target=\"_blank\" rel=\"noopener\">Relato de uma M\u00e3e: Vegetarianismo na inf\u00e2ncia<\/a>&#8221; e &#8220;<a href=\"https:\/\/colinahomolog.com.br\/dev\/just-real-moms\/acredite-a-esclerose-multipla-nao-foi-a-maior-dor-que-eu-enfrentei\/\" target=\"_blank\" rel=\"noopener\">Acredite, a Esclerose M\u00faltipla n\u00e3o foi a maior dor que eu enfrentei!<\/a>&#8220;.<\/p>\n\n    <div class=\"xs_social_share_widget xs_share_url after_content \t\tmain_content  wslu-style-1 wslu-share-box-shaped wslu-fill-colored wslu-none wslu-share-horizontal wslu-theme-font-no wslu-main_content\">\n\n\t\t\n        <ul>\n\t\t\t        <\/ul>\n    <\/div> \n","protected":false},"excerpt":{"rendered":"<p>FavoriteHoje trouxemos um relato sobre a Maternidade na Quarentena de uma super mam\u00e3e, a Gabi Neves! \u201cEu n\u00e3o consigo mais ser que eu era. Eu tenho saudade de ser a m\u00e3e que eu era\u2026\u201d Oi Mam\u00e3es, hoje a nossa mais nova mam\u00e3e colaboradora, Gabi Neves, estreia aqui no site dando seu relato sobre a Maternidade [&hellip;]<\/p>\n","protected":false},"author":1067,"featured_media":50894,"comment_status":"open","ping_status":"closed","sticky":false,"template":"","format":"standard","meta":{"_acf_changed":false,"footnotes":""},"categories":[1800,30,1760,2304,1777],"tags":[2320,2362,2341,1901],"class_list":{"0":"post-50893","1":"post","2":"type-post","3":"status-publish","4":"format-standard","5":"has-post-thumbnail","7":"category-acima-de-4-anos","8":"category-de-mae-para-mae","9":"category-fases","10":"category-maes-empreendedoras","11":"category-somos-todas-iguais","12":"tag-covid-19","13":"tag-quarentena","14":"tag-relato","15":"tag-vida-de-mae"},"acf":[],"yoast_head":"<!-- This site is optimized with the Yoast SEO Premium plugin v26.6 (Yoast SEO v26.6) - https:\/\/yoast.com\/wordpress\/plugins\/seo\/ -->\n<title>Maternidade na Quarentena: Tenho saudades de ser a m\u00e3e que eu era....<\/title>\n<meta name=\"description\" content=\"Hoje trouxemos um relato sobre a Maternidade na Quarentena. \u201cEu n\u00e3o consigo mais ser que eu era. Eu tenho saudade de ser a m\u00e3e que eu era\u2026\u201d\" \/>\n<meta name=\"robots\" content=\"index, follow, max-snippet:-1, max-image-preview:large, max-video-preview:-1\" \/>\n<link rel=\"canonical\" href=\"https:\/\/colinahomolog.com.br\/dev\/just-real-moms\/maternidade-na-quarentena-tenho-saudades-de-ser-a-mae-que-eu-era\/\" \/>\n<meta property=\"og:locale\" content=\"pt_BR\" \/>\n<meta property=\"og:type\" content=\"article\" \/>\n<meta property=\"og:title\" content=\"Maternidade na Quarentena: Tenho saudades de ser a m\u00e3e que eu era....\" \/>\n<meta property=\"og:description\" content=\"Hoje trouxemos um relato sobre a Maternidade na Quarentena. \u201cEu n\u00e3o consigo mais ser que eu era. Eu tenho saudade de ser a m\u00e3e que eu era\u2026\u201d\" \/>\n<meta property=\"og:url\" content=\"https:\/\/colinahomolog.com.br\/dev\/just-real-moms\/maternidade-na-quarentena-tenho-saudades-de-ser-a-mae-que-eu-era\/\" \/>\n<meta property=\"og:site_name\" content=\"Just Real Moms - Blog para M\u00e3es\" \/>\n<meta property=\"article:publisher\" content=\"https:\/\/www.facebook.com\/JustRealMoms\" \/>\n<meta property=\"article:published_time\" content=\"2021-06-30T12:00:47+00:00\" \/>\n<meta property=\"og:image\" content=\"https:\/\/colinahomolog.com.br\/dev\/just-real-moms\/wp-content\/uploads\/2021\/06\/just-real-moms-maternidade-na-quarentena-gabi-neves-pausa-pro-espumante-filhas.jpg\" \/>\n\t<meta property=\"og:image:width\" content=\"2000\" \/>\n\t<meta property=\"og:image:height\" content=\"1500\" \/>\n\t<meta property=\"og:image:type\" content=\"image\/jpeg\" \/>\n<meta name=\"author\" content=\"Gabi Neves, do Pausa pro Espumante\" \/>\n<meta name=\"twitter:label1\" content=\"Escrito por\" \/>\n\t<meta name=\"twitter:data1\" content=\"Gabi Neves, do Pausa pro Espumante\" \/>\n\t<meta name=\"twitter:label2\" content=\"Est. tempo de leitura\" \/>\n\t<meta name=\"twitter:data2\" content=\"8 minutos\" \/>\n<script type=\"application\/ld+json\" class=\"yoast-schema-graph\">{\"@context\":\"https:\/\/schema.org\",\"@graph\":[{\"@type\":\"WebPage\",\"@id\":\"https:\/\/colinahomolog.com.br\/dev\/just-real-moms\/maternidade-na-quarentena-tenho-saudades-de-ser-a-mae-que-eu-era\/\",\"url\":\"https:\/\/colinahomolog.com.br\/dev\/just-real-moms\/maternidade-na-quarentena-tenho-saudades-de-ser-a-mae-que-eu-era\/\",\"name\":\"Maternidade na Quarentena: Tenho saudades de ser a m\u00e3e que eu era....\",\"isPartOf\":{\"@id\":\"https:\/\/colinahomolog.com.br\/dev\/just-real-moms\/#website\"},\"primaryImageOfPage\":{\"@id\":\"https:\/\/colinahomolog.com.br\/dev\/just-real-moms\/maternidade-na-quarentena-tenho-saudades-de-ser-a-mae-que-eu-era\/#primaryimage\"},\"image\":{\"@id\":\"https:\/\/colinahomolog.com.br\/dev\/just-real-moms\/maternidade-na-quarentena-tenho-saudades-de-ser-a-mae-que-eu-era\/#primaryimage\"},\"thumbnailUrl\":\"https:\/\/colinahomolog.com.br\/dev\/just-real-moms\/wp-content\/uploads\/2021\/06\/just-real-moms-maternidade-na-quarentena-gabi-neves-pausa-pro-espumante-filhas.jpg\",\"datePublished\":\"2021-06-30T12:00:47+00:00\",\"author\":{\"@id\":\"https:\/\/colinahomolog.com.br\/dev\/just-real-moms\/#\/schema\/person\/0ce9b70aefd9a9c1cf6f68518ffa323e\"},\"description\":\"Hoje trouxemos um relato sobre a Maternidade na Quarentena. \u201cEu n\u00e3o consigo mais ser que eu era. Eu tenho saudade de ser a m\u00e3e que eu era\u2026\u201d\",\"breadcrumb\":{\"@id\":\"https:\/\/colinahomolog.com.br\/dev\/just-real-moms\/maternidade-na-quarentena-tenho-saudades-de-ser-a-mae-que-eu-era\/#breadcrumb\"},\"inLanguage\":\"pt-BR\",\"potentialAction\":[{\"@type\":\"ReadAction\",\"target\":[\"https:\/\/colinahomolog.com.br\/dev\/just-real-moms\/maternidade-na-quarentena-tenho-saudades-de-ser-a-mae-que-eu-era\/\"]}]},{\"@type\":\"ImageObject\",\"inLanguage\":\"pt-BR\",\"@id\":\"https:\/\/colinahomolog.com.br\/dev\/just-real-moms\/maternidade-na-quarentena-tenho-saudades-de-ser-a-mae-que-eu-era\/#primaryimage\",\"url\":\"https:\/\/colinahomolog.com.br\/dev\/just-real-moms\/wp-content\/uploads\/2021\/06\/just-real-moms-maternidade-na-quarentena-gabi-neves-pausa-pro-espumante-filhas.jpg\",\"contentUrl\":\"https:\/\/colinahomolog.com.br\/dev\/just-real-moms\/wp-content\/uploads\/2021\/06\/just-real-moms-maternidade-na-quarentena-gabi-neves-pausa-pro-espumante-filhas.jpg\",\"width\":2000,\"height\":1500,\"caption\":\"Just Real Moms Maternidade na Quarentena Gabi Neves Pausa Pro Espumante Filhas\"},{\"@type\":\"BreadcrumbList\",\"@id\":\"https:\/\/colinahomolog.com.br\/dev\/just-real-moms\/maternidade-na-quarentena-tenho-saudades-de-ser-a-mae-que-eu-era\/#breadcrumb\",\"itemListElement\":[{\"@type\":\"ListItem\",\"position\":1,\"name\":\"In\u00edcio\",\"item\":\"https:\/\/colinahomolog.com.br\/dev\/just-real-moms\/\"},{\"@type\":\"ListItem\",\"position\":2,\"name\":\"Maternidade na Quarentena: Tenho saudades de ser a m\u00e3e que eu era&#8230;.\"}]},{\"@type\":\"WebSite\",\"@id\":\"https:\/\/colinahomolog.com.br\/dev\/just-real-moms\/#website\",\"url\":\"https:\/\/colinahomolog.com.br\/dev\/just-real-moms\/\",\"name\":\"Just Real Moms - Blog para M\u00e3es\",\"description\":\"O melhor e mais completo portal para m\u00e3es, pais e futuros pais!\",\"potentialAction\":[{\"@type\":\"SearchAction\",\"target\":{\"@type\":\"EntryPoint\",\"urlTemplate\":\"https:\/\/colinahomolog.com.br\/dev\/just-real-moms\/?s={search_term_string}\"},\"query-input\":{\"@type\":\"PropertyValueSpecification\",\"valueRequired\":true,\"valueName\":\"search_term_string\"}}],\"inLanguage\":\"pt-BR\"},{\"@type\":\"Person\",\"@id\":\"https:\/\/colinahomolog.com.br\/dev\/just-real-moms\/#\/schema\/person\/0ce9b70aefd9a9c1cf6f68518ffa323e\",\"name\":\"Gabi Neves, do Pausa pro Espumante\",\"url\":\"https:\/\/colinahomolog.com.br\/dev\/just-real-moms\/author\/gabi-neves\/\"}]}<\/script>\n<!-- \/ Yoast SEO Premium plugin. -->","yoast_head_json":{"title":"Maternidade na Quarentena: Tenho saudades de ser a m\u00e3e que eu era....","description":"Hoje trouxemos um relato sobre a Maternidade na Quarentena. \u201cEu n\u00e3o consigo mais ser que eu era. Eu tenho saudade de ser a m\u00e3e que eu era\u2026\u201d","robots":{"index":"index","follow":"follow","max-snippet":"max-snippet:-1","max-image-preview":"max-image-preview:large","max-video-preview":"max-video-preview:-1"},"canonical":"https:\/\/colinahomolog.com.br\/dev\/just-real-moms\/maternidade-na-quarentena-tenho-saudades-de-ser-a-mae-que-eu-era\/","og_locale":"pt_BR","og_type":"article","og_title":"Maternidade na Quarentena: Tenho saudades de ser a m\u00e3e que eu era....","og_description":"Hoje trouxemos um relato sobre a Maternidade na Quarentena. \u201cEu n\u00e3o consigo mais ser que eu era. Eu tenho saudade de ser a m\u00e3e que eu era\u2026\u201d","og_url":"https:\/\/colinahomolog.com.br\/dev\/just-real-moms\/maternidade-na-quarentena-tenho-saudades-de-ser-a-mae-que-eu-era\/","og_site_name":"Just Real Moms - Blog para M\u00e3es","article_publisher":"https:\/\/www.facebook.com\/JustRealMoms","article_published_time":"2021-06-30T12:00:47+00:00","og_image":[{"width":2000,"height":1500,"url":"https:\/\/colinahomolog.com.br\/dev\/just-real-moms\/wp-content\/uploads\/2021\/06\/just-real-moms-maternidade-na-quarentena-gabi-neves-pausa-pro-espumante-filhas.jpg","type":"image\/jpeg"}],"author":"Gabi Neves, do Pausa pro Espumante","twitter_misc":{"Escrito por":"Gabi Neves, do Pausa pro Espumante","Est. tempo de leitura":"8 minutos"},"schema":{"@context":"https:\/\/schema.org","@graph":[{"@type":"WebPage","@id":"https:\/\/colinahomolog.com.br\/dev\/just-real-moms\/maternidade-na-quarentena-tenho-saudades-de-ser-a-mae-que-eu-era\/","url":"https:\/\/colinahomolog.com.br\/dev\/just-real-moms\/maternidade-na-quarentena-tenho-saudades-de-ser-a-mae-que-eu-era\/","name":"Maternidade na Quarentena: Tenho saudades de ser a m\u00e3e que eu era....","isPartOf":{"@id":"https:\/\/colinahomolog.com.br\/dev\/just-real-moms\/#website"},"primaryImageOfPage":{"@id":"https:\/\/colinahomolog.com.br\/dev\/just-real-moms\/maternidade-na-quarentena-tenho-saudades-de-ser-a-mae-que-eu-era\/#primaryimage"},"image":{"@id":"https:\/\/colinahomolog.com.br\/dev\/just-real-moms\/maternidade-na-quarentena-tenho-saudades-de-ser-a-mae-que-eu-era\/#primaryimage"},"thumbnailUrl":"https:\/\/colinahomolog.com.br\/dev\/just-real-moms\/wp-content\/uploads\/2021\/06\/just-real-moms-maternidade-na-quarentena-gabi-neves-pausa-pro-espumante-filhas.jpg","datePublished":"2021-06-30T12:00:47+00:00","author":{"@id":"https:\/\/colinahomolog.com.br\/dev\/just-real-moms\/#\/schema\/person\/0ce9b70aefd9a9c1cf6f68518ffa323e"},"description":"Hoje trouxemos um relato sobre a Maternidade na Quarentena. \u201cEu n\u00e3o consigo mais ser que eu era. Eu tenho saudade de ser a m\u00e3e que eu era\u2026\u201d","breadcrumb":{"@id":"https:\/\/colinahomolog.com.br\/dev\/just-real-moms\/maternidade-na-quarentena-tenho-saudades-de-ser-a-mae-que-eu-era\/#breadcrumb"},"inLanguage":"pt-BR","potentialAction":[{"@type":"ReadAction","target":["https:\/\/colinahomolog.com.br\/dev\/just-real-moms\/maternidade-na-quarentena-tenho-saudades-de-ser-a-mae-que-eu-era\/"]}]},{"@type":"ImageObject","inLanguage":"pt-BR","@id":"https:\/\/colinahomolog.com.br\/dev\/just-real-moms\/maternidade-na-quarentena-tenho-saudades-de-ser-a-mae-que-eu-era\/#primaryimage","url":"https:\/\/colinahomolog.com.br\/dev\/just-real-moms\/wp-content\/uploads\/2021\/06\/just-real-moms-maternidade-na-quarentena-gabi-neves-pausa-pro-espumante-filhas.jpg","contentUrl":"https:\/\/colinahomolog.com.br\/dev\/just-real-moms\/wp-content\/uploads\/2021\/06\/just-real-moms-maternidade-na-quarentena-gabi-neves-pausa-pro-espumante-filhas.jpg","width":2000,"height":1500,"caption":"Just Real Moms Maternidade na Quarentena Gabi Neves Pausa Pro Espumante Filhas"},{"@type":"BreadcrumbList","@id":"https:\/\/colinahomolog.com.br\/dev\/just-real-moms\/maternidade-na-quarentena-tenho-saudades-de-ser-a-mae-que-eu-era\/#breadcrumb","itemListElement":[{"@type":"ListItem","position":1,"name":"In\u00edcio","item":"https:\/\/colinahomolog.com.br\/dev\/just-real-moms\/"},{"@type":"ListItem","position":2,"name":"Maternidade na Quarentena: Tenho saudades de ser a m\u00e3e que eu era&#8230;."}]},{"@type":"WebSite","@id":"https:\/\/colinahomolog.com.br\/dev\/just-real-moms\/#website","url":"https:\/\/colinahomolog.com.br\/dev\/just-real-moms\/","name":"Just Real Moms - Blog para M\u00e3es","description":"O melhor e mais completo portal para m\u00e3es, pais e futuros pais!","potentialAction":[{"@type":"SearchAction","target":{"@type":"EntryPoint","urlTemplate":"https:\/\/colinahomolog.com.br\/dev\/just-real-moms\/?s={search_term_string}"},"query-input":{"@type":"PropertyValueSpecification","valueRequired":true,"valueName":"search_term_string"}}],"inLanguage":"pt-BR"},{"@type":"Person","@id":"https:\/\/colinahomolog.com.br\/dev\/just-real-moms\/#\/schema\/person\/0ce9b70aefd9a9c1cf6f68518ffa323e","name":"Gabi Neves, do Pausa pro Espumante","url":"https:\/\/colinahomolog.com.br\/dev\/just-real-moms\/author\/gabi-neves\/"}]}},"_links":{"self":[{"href":"https:\/\/colinahomolog.com.br\/dev\/just-real-moms\/wp-json\/wp\/v2\/posts\/50893","targetHints":{"allow":["GET"]}}],"collection":[{"href":"https:\/\/colinahomolog.com.br\/dev\/just-real-moms\/wp-json\/wp\/v2\/posts"}],"about":[{"href":"https:\/\/colinahomolog.com.br\/dev\/just-real-moms\/wp-json\/wp\/v2\/types\/post"}],"author":[{"embeddable":true,"href":"https:\/\/colinahomolog.com.br\/dev\/just-real-moms\/wp-json\/wp\/v2\/users\/1067"}],"replies":[{"embeddable":true,"href":"https:\/\/colinahomolog.com.br\/dev\/just-real-moms\/wp-json\/wp\/v2\/comments?post=50893"}],"version-history":[{"count":0,"href":"https:\/\/colinahomolog.com.br\/dev\/just-real-moms\/wp-json\/wp\/v2\/posts\/50893\/revisions"}],"wp:featuredmedia":[{"embeddable":true,"href":"https:\/\/colinahomolog.com.br\/dev\/just-real-moms\/wp-json\/wp\/v2\/media\/50894"}],"wp:attachment":[{"href":"https:\/\/colinahomolog.com.br\/dev\/just-real-moms\/wp-json\/wp\/v2\/media?parent=50893"}],"wp:term":[{"taxonomy":"category","embeddable":true,"href":"https:\/\/colinahomolog.com.br\/dev\/just-real-moms\/wp-json\/wp\/v2\/categories?post=50893"},{"taxonomy":"post_tag","embeddable":true,"href":"https:\/\/colinahomolog.com.br\/dev\/just-real-moms\/wp-json\/wp\/v2\/tags?post=50893"}],"curies":[{"name":"wp","href":"https:\/\/api.w.org\/{rel}","templated":true}]}}