{"id":52195,"date":"2022-04-04T05:00:37","date_gmt":"2022-04-04T08:00:37","guid":{"rendered":"https:\/\/colinahomolog.com.br\/dev\/just-real-moms\/?p=52195"},"modified":"2022-04-28T00:08:31","modified_gmt":"2022-04-28T03:08:31","slug":"grupos-de-whatsapp-de-pais-o-outro-lado-do-whatsapp","status":"publish","type":"post","link":"https:\/\/colinahomolog.com.br\/dev\/just-real-moms\/grupos-de-whatsapp-de-pais-o-outro-lado-do-whatsapp\/","title":{"rendered":"Grupos de Whatsapp de Pais: O outro lado do Whatsapp"},"content":{"rendered":"<button class=\"simplefavorite-button preset\" data-postid=\"52195\" data-siteid=\"1\" data-groupid=\"1\" data-favoritecount=\"0\" style=\"box-shadow:none;-webkit-box-shadow:none;-moz-box-shadow:none;background-color:#68ccb4;border-color:#68ccb4;color:#ffffff;\"><i class=\"sf-icon-favorite\" style=\"\"><\/i>Favorite<\/button><h2>M\u00eas passado, postamos sobre o que acontece dentro dos grupos de Whatsapp de Pais. Hoje voc\u00ea ver\u00e1 o outro lado do Whatsapp e para que servem os dias de luta!<\/h2>\n<p><img fetchpriority=\"high\" decoding=\"async\" class=\"alignnone size-full wp-image-52198\" src=\"https:\/\/colinahomolog.com.br\/dev\/just-real-moms\/wp-content\/uploads\/2022\/04\/grupos-de-whatsapp-de-pais-o-outro-lado-do-whatsapp-carola-videira-turma-do-jilo-inclusao-just-real-moms.jpg\" alt=\"Grupos de Whatsapp de Pais O outro lado do Whatsapp Carol aVideira Turma do Jil\u00f3 Inclus\u00e3o Just Real Moms\" width=\"2000\" height=\"1335\" srcset=\"https:\/\/colinahomolog.com.br\/dev\/just-real-moms\/wp-content\/uploads\/2022\/04\/grupos-de-whatsapp-de-pais-o-outro-lado-do-whatsapp-carola-videira-turma-do-jilo-inclusao-just-real-moms.jpg 2000w, https:\/\/colinahomolog.com.br\/dev\/just-real-moms\/wp-content\/uploads\/2022\/04\/grupos-de-whatsapp-de-pais-o-outro-lado-do-whatsapp-carola-videira-turma-do-jilo-inclusao-just-real-moms-400x267.jpg 400w, https:\/\/colinahomolog.com.br\/dev\/just-real-moms\/wp-content\/uploads\/2022\/04\/grupos-de-whatsapp-de-pais-o-outro-lado-do-whatsapp-carola-videira-turma-do-jilo-inclusao-just-real-moms-820x547.jpg 820w, https:\/\/colinahomolog.com.br\/dev\/just-real-moms\/wp-content\/uploads\/2022\/04\/grupos-de-whatsapp-de-pais-o-outro-lado-do-whatsapp-carola-videira-turma-do-jilo-inclusao-just-real-moms-768x513.jpg 768w, https:\/\/colinahomolog.com.br\/dev\/just-real-moms\/wp-content\/uploads\/2022\/04\/grupos-de-whatsapp-de-pais-o-outro-lado-do-whatsapp-carola-videira-turma-do-jilo-inclusao-just-real-moms-1536x1025.jpg 1536w, https:\/\/colinahomolog.com.br\/dev\/just-real-moms\/wp-content\/uploads\/2022\/04\/grupos-de-whatsapp-de-pais-o-outro-lado-do-whatsapp-carola-videira-turma-do-jilo-inclusao-just-real-moms-225x150.jpg 225w\" sizes=\"(max-width: 2000px) 100vw, 2000px\" \/><\/p>\n<p>Oi Mam\u00e3es e Papais! Voltamos hoje com o tema relacionado ao Grupos de Whatsapp de Pais.<\/p>\n<p>No m\u00eas passado, compartilhamos um post incr\u00edvel da nossa Colunista a Carola Videira \u2013 Fundadora da Turma do Jil\u00f3 que tem um trabalho lindo demais de inclus\u00e3o!<\/p>\n<p>O texto foi impressionante, o engajamento, os coment\u00e1rios, centenas de pessoas compartilharam o post no Instagram! Foi maravilhoso e ficamos muito felizes pois este \u00e9 um assunto que devemos mesmo falar e circular!<\/p>\n<p>Bom, neste m\u00eas, a Carola voltou com uma outra perspectiva, falando do \u201coutro lado\u201d dos grupos de Whatsapp e o que acontece tamb\u00e9m de positivo e saud\u00e1vel!<\/p>\n<p>Ent\u00e3o, confira abaixo e deixe seu coment\u00e1rio ou experi\u00eancia no final para conversar com a gente!<\/p>\n<p>Bj\u00e3o!<\/p>\n<hr \/>\n<p>Desde que me tornei colunista do Just Real Moms, tenho uma rotina bem-organizada para entregar os artigos mensais.<\/p>\n<p>Entretanto, esse m\u00eas, quando j\u00e1 estava com o texto pronto, fui atravessada por uma hist\u00f3ria que preciso contar.<\/p>\n<p>Em um <a href=\"https:\/\/colinahomolog.com.br\/dev\/just-real-moms\/violencia-nada-discreta-nos-grupos-whatsapp-dos-pais-da-escola\/\">post<\/a> anterior, falamos sobre como muitos grupos de Whatsapp de escolas refletem comportamentos negativos que seguem enraizados na nossa sociedade, como o machismo, individualismo e o preconceito.<\/p>\n<h3>O artigo gerou muitos coment\u00e1rios e relatos de pessoas que encontram enormes obst\u00e1culos para serem ouvidas e acolhidas nesses espa\u00e7os digitais.<\/h3>\n<p>Essa semana fui surpreendida ao receber na sede da Turma do Jil\u00f3 um arranjo de flores lind\u00edssimo, acompanhado de uma mensagem que me emocionou profundamente, pois era um agradecimento de algu\u00e9m que nunca me viu pessoalmente, mas que consegui ajudar a dist\u00e2ncia por meio de um grupo de Whatsapp, o que me fez voltar ao tema com outra perspectiva.<\/p>\n<p>Quem me presenteou foi a Brisa, uma m\u00e3e como eu e muitas aqui que move mundos para garantir a qualidade de vida e sa\u00fade de seu filho.<\/p>\n<p>S\u00f3 quem viveu a rotina de um hospital com crian\u00e7as sabe o qu\u00e3o amedrontador \u00e9 o processo e ela precisava de apoio nesse momento dif\u00edcil.<\/p>\n<p>Em uma das nossas intera\u00e7\u00f5es do grupo, consegui colocar a minha experi\u00eancia, em fun\u00e7\u00e3o de ajudar outra m\u00e3e em uma situa\u00e7\u00e3o delicada. Ent\u00e3o percebi que a mesma tecnologia que pode excluir, tamb\u00e9m pode aproximar pessoas.<\/p>\n<h3>As redes sociais como um todo tem fatores positivos, um deles \u00e9 a possibilidade de unir gente com diferentes expertises e experiencias.<\/h3>\n<p>Fa\u00e7o parte de algumas redes digitais de mulheres bastante ativas, em especial uma com mais de 250 mulheres que est\u00e3o fazendo trabalhos incr\u00edveis por a\u00ed. Veja que curioso, de todo o grupo, conhe\u00e7o apenas 7 ou 8 delas pessoalmente.<\/p>\n<p>Nosso relacionamento \u00e9 quase totalmente online e muito sadio e positivo assim mesmo.<\/p>\n<p>Esse grupo me permite uma grande quantidade de troca de experi\u00eancias enriquecedoras e \u00e9 minha inspira\u00e7\u00e3o em diversos momentos pessoais e profissionais. E fico muito feliz por poder participar de grupos de mulheres que est\u00e3o mudando a sociedade a sua maneira.<\/p>\n<p>Nossas rela\u00e7\u00f5es s\u00e3o reais, apesar de digitai \u2013 com amor, respeito e boa vontade, a tecnologia \u00e9 uma grande aliada.<\/p>\n<hr \/>\n<h3>Datas comemorativas marcam a luta pela inclus\u00e3o para diversidade<\/h3>\n<p>N\u00e3o posso deixar de falar de duas datas muito importantes na luta da pessoa com defici\u00eancia.<\/p>\n<p>O \u00faltimo dia 23 de mar\u00e7o marcou o Dia da Pessoa com S\u00edndrome de Down. E, no dia 2 de abril temos o Dia da Pessoa com Autismo.<\/p>\n<p>Muitas pessoas questionam a necessidade de uma data especial para determinados grupos, usando o argumento de que como defendemos a diversidade e inclus\u00e3o de todos, n\u00e3o podemos ter recortes especiais.<\/p>\n<p>Esse tipo de argumento nasce de uma vis\u00e3o equivocada das lutas de grupos marginalizados ou menorizados.<\/p>\n<p>Assim como, o Dia da Consci\u00eancia Negra e o Dia do Orgulho LGBTQIA+, o dia desses grupos de pessoas com defici\u00eancia s\u00e3o marcos da luta por visibilidade e direitos.<\/p>\n<p>\u00c9 uma forma de chamar aten\u00e7\u00e3o para o tema, conscientizar a sociedade para tirar milhares de pessoas da invisibilidade e da viol\u00eancia da exclus\u00e3o.<\/p>\n<h3>Atualmente, a principal pauta discutida nesses dias \u00e9 a necessidade de avan\u00e7armos no entendimento da singularidade humana.<\/h3>\n<p>A S\u00edndrome de Down e o Autismo s\u00e3o condi\u00e7\u00f5es que geram algumas caracter\u00edsticas espec\u00edficas, assim como qualquer outra como a sua cor de cabelo, olhos, estatura, personalidade etc.<\/p>\n<p>Todos os seres humanos naturalmente s\u00e3o diferentes e possuem caracter\u00edsticas pr\u00f3prias. Por isso, n\u00e3o dever\u00edamos segregar pessoas em grupos e sim ajustarmos nossas cren\u00e7as e atitudes para incluir todas as pessoas dentro da sociedade tamb\u00e9m de forma natural, independente das suas caracter\u00edsticas serem menos ou mais comuns comparados a maioria.<\/p>\n<p>A idealiza\u00e7\u00e3o de um modelo de perfei\u00e7\u00e3o gera uma esmagadora roda de viol\u00eancia que precisamos parar.<\/p>\n<p>Ent\u00e3o, minha esperan\u00e7a \u00e9 que um dia essas datas sejam uma celebra\u00e7\u00e3o da diversidade humana na nossa sociedade e n\u00e3o um mais um espa\u00e7o de luta.<\/p>\n<p>Juntos, podemos transformar essa realidade, desconstruindo nosso ide\u00e1rio de perfei\u00e7\u00e3o, substituindo por um olhar inclusivo para todas as diferen\u00e7as.<\/p>\n<p>Vamos nessa?<\/p>\n<hr \/>\n<p>Se voc\u00ea gostou desse post da Carola, aproveite para ler tamb\u00e9m: \u201c<a href=\"https:\/\/colinahomolog.com.br\/dev\/just-real-moms\/ter-coragem-para-viver-e-morrer\" target=\"_blank\" rel=\"noopener\">\u00c9 preciso ter coragem para viver (e morrer)<\/a>\u201d um relato pessoal emocionante onde Carola se abre para contar a jornada com seu filho Jo\u00e3o, e \u201c<a href=\"https:\/\/colinahomolog.com.br\/dev\/just-real-moms\/por-que-devemos-chamar-uma-crianca-com-deficiencia-pelo-nome\" target=\"_blank\" rel=\"noopener\">Por que devemos chamar uma crian\u00e7a com defici\u00eancia pelo nome<\/a>\u201d.<\/p>\n<p>Por fim, se voc\u00ea tem interesse nesse tema de grupos memorizados para aprender e ajudar o seu filho(a) a crescer e serem de uma nova gera\u00e7\u00e3o que apoiam e lutam pela inclus\u00e3o, aproveite para conhecer um curso maravilhoso no nosso <a href=\"https:\/\/guia.justrealmoms.com.br\/curso-ser-crianca-antirracista\" target=\"_blank\" rel=\"noopener\">Guia de Fornecedores: \u201cSer Crian\u00e7a Antirracista\u201d<\/a>.<\/p>\n<p>Neste curso incr\u00edvel, voc\u00ea vai aprender como criar filhos antirracistas que crescem livres de preconceitos e que combatem o racismo na sociedade.<\/p>\n<hr \/>\n<h6>Cr\u00e9dito: Cortesia de Cliff Booth<\/h6>\n\n    <div class=\"xs_social_share_widget xs_share_url after_content \t\tmain_content  wslu-style-1 wslu-share-box-shaped wslu-fill-colored wslu-none wslu-share-horizontal wslu-theme-font-no wslu-main_content\">\n\n\t\t\n        <ul>\n\t\t\t        <\/ul>\n    <\/div> \n","protected":false},"excerpt":{"rendered":"<p>FavoriteM\u00eas passado, postamos sobre o que acontece dentro dos grupos de Whatsapp de Pais. Hoje voc\u00ea ver\u00e1 o outro lado do Whatsapp e para que servem os dias de luta! Oi Mam\u00e3es e Papais! Voltamos hoje com o tema relacionado ao Grupos de Whatsapp de Pais. No m\u00eas passado, compartilhamos um post incr\u00edvel da nossa [&hellip;]<\/p>\n","protected":false},"author":1073,"featured_media":52198,"comment_status":"open","ping_status":"closed","sticky":false,"template":"","format":"standard","meta":{"_acf_changed":false,"footnotes":""},"categories":[1800,30,453,1760,1787,1777],"tags":[2358,2311,1349,2452],"class_list":{"0":"post-52195","1":"post","2":"type-post","3":"status-publish","4":"format-standard","5":"has-post-thumbnail","7":"category-acima-de-4-anos","8":"category-de-mae-para-mae","9":"category-dicas-dos-especialistas","10":"category-fases","11":"category-perspectiva-do-pai","12":"category-somos-todas-iguais","13":"tag-inclusao","14":"tag-inclusao-social","15":"tag-sindrome-de-down","16":"tag-whatsapp-de-pais"},"acf":[],"yoast_head":"<!-- This site is optimized with the Yoast SEO Premium plugin v26.6 (Yoast SEO v26.6) - https:\/\/yoast.com\/wordpress\/plugins\/seo\/ -->\n<title>Grupos de Whatsapp de Pais: O outro lado do Whatsapp<\/title>\n<meta name=\"description\" content=\"M\u00eas passado, postamos sobre o que acontece dentro dos grupos de Whatsapp de Pais. Hoje veja o outro lado e para que servem os dias de luta!\" \/>\n<meta name=\"robots\" content=\"index, follow, max-snippet:-1, max-image-preview:large, max-video-preview:-1\" \/>\n<link rel=\"canonical\" href=\"https:\/\/colinahomolog.com.br\/dev\/just-real-moms\/grupos-de-whatsapp-de-pais-o-outro-lado-do-whatsapp\/\" \/>\n<meta property=\"og:locale\" content=\"pt_BR\" \/>\n<meta property=\"og:type\" content=\"article\" \/>\n<meta property=\"og:title\" content=\"Grupos de Whatsapp de Pais: O outro lado do Whatsapp\" \/>\n<meta property=\"og:description\" content=\"M\u00eas passado, postamos sobre o que acontece dentro dos grupos de Whatsapp de Pais. Hoje veja o outro lado e para que servem os dias de luta!\" \/>\n<meta property=\"og:url\" content=\"https:\/\/colinahomolog.com.br\/dev\/just-real-moms\/grupos-de-whatsapp-de-pais-o-outro-lado-do-whatsapp\/\" \/>\n<meta property=\"og:site_name\" content=\"Just Real Moms - Blog para M\u00e3es\" \/>\n<meta property=\"article:publisher\" content=\"https:\/\/www.facebook.com\/JustRealMoms\" \/>\n<meta property=\"article:published_time\" content=\"2022-04-04T08:00:37+00:00\" \/>\n<meta property=\"article:modified_time\" content=\"2022-04-28T03:08:31+00:00\" \/>\n<meta property=\"og:image\" content=\"https:\/\/colinahomolog.com.br\/dev\/just-real-moms\/wp-content\/uploads\/2022\/04\/grupos-de-whatsapp-de-pais-o-outro-lado-do-whatsapp-carola-videira-turma-do-jilo-inclusao-just-real-moms.jpg\" \/>\n\t<meta property=\"og:image:width\" content=\"2000\" \/>\n\t<meta property=\"og:image:height\" content=\"1335\" \/>\n\t<meta property=\"og:image:type\" content=\"image\/jpeg\" \/>\n<meta name=\"author\" content=\"Carola Videira - Turma do Jil\u00f3 - Especialista em Pr\u00e1ticas Inclusivas\" \/>\n<meta name=\"twitter:label1\" content=\"Escrito por\" \/>\n\t<meta name=\"twitter:data1\" content=\"Carola Videira - Turma do Jil\u00f3 - Especialista em Pr\u00e1ticas Inclusivas\" \/>\n\t<meta name=\"twitter:label2\" content=\"Est. tempo de leitura\" \/>\n\t<meta name=\"twitter:data2\" content=\"6 minutos\" \/>\n<script type=\"application\/ld+json\" class=\"yoast-schema-graph\">{\"@context\":\"https:\/\/schema.org\",\"@graph\":[{\"@type\":\"WebPage\",\"@id\":\"https:\/\/colinahomolog.com.br\/dev\/just-real-moms\/grupos-de-whatsapp-de-pais-o-outro-lado-do-whatsapp\/\",\"url\":\"https:\/\/colinahomolog.com.br\/dev\/just-real-moms\/grupos-de-whatsapp-de-pais-o-outro-lado-do-whatsapp\/\",\"name\":\"Grupos de Whatsapp de Pais: O outro lado do Whatsapp\",\"isPartOf\":{\"@id\":\"https:\/\/colinahomolog.com.br\/dev\/just-real-moms\/#website\"},\"primaryImageOfPage\":{\"@id\":\"https:\/\/colinahomolog.com.br\/dev\/just-real-moms\/grupos-de-whatsapp-de-pais-o-outro-lado-do-whatsapp\/#primaryimage\"},\"image\":{\"@id\":\"https:\/\/colinahomolog.com.br\/dev\/just-real-moms\/grupos-de-whatsapp-de-pais-o-outro-lado-do-whatsapp\/#primaryimage\"},\"thumbnailUrl\":\"https:\/\/colinahomolog.com.br\/dev\/just-real-moms\/wp-content\/uploads\/2022\/04\/grupos-de-whatsapp-de-pais-o-outro-lado-do-whatsapp-carola-videira-turma-do-jilo-inclusao-just-real-moms.jpg\",\"datePublished\":\"2022-04-04T08:00:37+00:00\",\"dateModified\":\"2022-04-28T03:08:31+00:00\",\"author\":{\"@id\":\"https:\/\/colinahomolog.com.br\/dev\/just-real-moms\/#\/schema\/person\/0b56cc5b55e55e60e48247c4cb5c91ea\"},\"description\":\"M\u00eas passado, postamos sobre o que acontece dentro dos grupos de Whatsapp de Pais. Hoje veja o outro lado e para que servem os dias de luta!\",\"breadcrumb\":{\"@id\":\"https:\/\/colinahomolog.com.br\/dev\/just-real-moms\/grupos-de-whatsapp-de-pais-o-outro-lado-do-whatsapp\/#breadcrumb\"},\"inLanguage\":\"pt-BR\",\"potentialAction\":[{\"@type\":\"ReadAction\",\"target\":[\"https:\/\/colinahomolog.com.br\/dev\/just-real-moms\/grupos-de-whatsapp-de-pais-o-outro-lado-do-whatsapp\/\"]}]},{\"@type\":\"ImageObject\",\"inLanguage\":\"pt-BR\",\"@id\":\"https:\/\/colinahomolog.com.br\/dev\/just-real-moms\/grupos-de-whatsapp-de-pais-o-outro-lado-do-whatsapp\/#primaryimage\",\"url\":\"https:\/\/colinahomolog.com.br\/dev\/just-real-moms\/wp-content\/uploads\/2022\/04\/grupos-de-whatsapp-de-pais-o-outro-lado-do-whatsapp-carola-videira-turma-do-jilo-inclusao-just-real-moms.jpg\",\"contentUrl\":\"https:\/\/colinahomolog.com.br\/dev\/just-real-moms\/wp-content\/uploads\/2022\/04\/grupos-de-whatsapp-de-pais-o-outro-lado-do-whatsapp-carola-videira-turma-do-jilo-inclusao-just-real-moms.jpg\",\"width\":2000,\"height\":1335,\"caption\":\"Grupos de Whatsapp de Pais O outro lado do Whatsapp Carol aVideira Turma do Jil\u00f3 Inclus\u00e3o Just Real Moms\"},{\"@type\":\"BreadcrumbList\",\"@id\":\"https:\/\/colinahomolog.com.br\/dev\/just-real-moms\/grupos-de-whatsapp-de-pais-o-outro-lado-do-whatsapp\/#breadcrumb\",\"itemListElement\":[{\"@type\":\"ListItem\",\"position\":1,\"name\":\"In\u00edcio\",\"item\":\"https:\/\/colinahomolog.com.br\/dev\/just-real-moms\/\"},{\"@type\":\"ListItem\",\"position\":2,\"name\":\"Grupos de Whatsapp de Pais: O outro lado do Whatsapp\"}]},{\"@type\":\"WebSite\",\"@id\":\"https:\/\/colinahomolog.com.br\/dev\/just-real-moms\/#website\",\"url\":\"https:\/\/colinahomolog.com.br\/dev\/just-real-moms\/\",\"name\":\"Just Real Moms - Blog para M\u00e3es\",\"description\":\"O melhor e mais completo portal para m\u00e3es, pais e futuros pais!\",\"potentialAction\":[{\"@type\":\"SearchAction\",\"target\":{\"@type\":\"EntryPoint\",\"urlTemplate\":\"https:\/\/colinahomolog.com.br\/dev\/just-real-moms\/?s={search_term_string}\"},\"query-input\":{\"@type\":\"PropertyValueSpecification\",\"valueRequired\":true,\"valueName\":\"search_term_string\"}}],\"inLanguage\":\"pt-BR\"},{\"@type\":\"Person\",\"@id\":\"https:\/\/colinahomolog.com.br\/dev\/just-real-moms\/#\/schema\/person\/0b56cc5b55e55e60e48247c4cb5c91ea\",\"name\":\"Carola Videira - Turma do Jil\u00f3 - Especialista em Pr\u00e1ticas Inclusivas\",\"url\":\"https:\/\/colinahomolog.com.br\/dev\/just-real-moms\/author\/carola-videira\/\"}]}<\/script>\n<!-- \/ Yoast SEO Premium plugin. -->","yoast_head_json":{"title":"Grupos de Whatsapp de Pais: O outro lado do Whatsapp","description":"M\u00eas passado, postamos sobre o que acontece dentro dos grupos de Whatsapp de Pais. Hoje veja o outro lado e para que servem os dias de luta!","robots":{"index":"index","follow":"follow","max-snippet":"max-snippet:-1","max-image-preview":"max-image-preview:large","max-video-preview":"max-video-preview:-1"},"canonical":"https:\/\/colinahomolog.com.br\/dev\/just-real-moms\/grupos-de-whatsapp-de-pais-o-outro-lado-do-whatsapp\/","og_locale":"pt_BR","og_type":"article","og_title":"Grupos de Whatsapp de Pais: O outro lado do Whatsapp","og_description":"M\u00eas passado, postamos sobre o que acontece dentro dos grupos de Whatsapp de Pais. Hoje veja o outro lado e para que servem os dias de luta!","og_url":"https:\/\/colinahomolog.com.br\/dev\/just-real-moms\/grupos-de-whatsapp-de-pais-o-outro-lado-do-whatsapp\/","og_site_name":"Just Real Moms - Blog para M\u00e3es","article_publisher":"https:\/\/www.facebook.com\/JustRealMoms","article_published_time":"2022-04-04T08:00:37+00:00","article_modified_time":"2022-04-28T03:08:31+00:00","og_image":[{"width":2000,"height":1335,"url":"https:\/\/colinahomolog.com.br\/dev\/just-real-moms\/wp-content\/uploads\/2022\/04\/grupos-de-whatsapp-de-pais-o-outro-lado-do-whatsapp-carola-videira-turma-do-jilo-inclusao-just-real-moms.jpg","type":"image\/jpeg"}],"author":"Carola Videira - Turma do Jil\u00f3 - Especialista em Pr\u00e1ticas Inclusivas","twitter_misc":{"Escrito por":"Carola Videira - Turma do Jil\u00f3 - Especialista em Pr\u00e1ticas Inclusivas","Est. tempo de leitura":"6 minutos"},"schema":{"@context":"https:\/\/schema.org","@graph":[{"@type":"WebPage","@id":"https:\/\/colinahomolog.com.br\/dev\/just-real-moms\/grupos-de-whatsapp-de-pais-o-outro-lado-do-whatsapp\/","url":"https:\/\/colinahomolog.com.br\/dev\/just-real-moms\/grupos-de-whatsapp-de-pais-o-outro-lado-do-whatsapp\/","name":"Grupos de Whatsapp de Pais: O outro lado do Whatsapp","isPartOf":{"@id":"https:\/\/colinahomolog.com.br\/dev\/just-real-moms\/#website"},"primaryImageOfPage":{"@id":"https:\/\/colinahomolog.com.br\/dev\/just-real-moms\/grupos-de-whatsapp-de-pais-o-outro-lado-do-whatsapp\/#primaryimage"},"image":{"@id":"https:\/\/colinahomolog.com.br\/dev\/just-real-moms\/grupos-de-whatsapp-de-pais-o-outro-lado-do-whatsapp\/#primaryimage"},"thumbnailUrl":"https:\/\/colinahomolog.com.br\/dev\/just-real-moms\/wp-content\/uploads\/2022\/04\/grupos-de-whatsapp-de-pais-o-outro-lado-do-whatsapp-carola-videira-turma-do-jilo-inclusao-just-real-moms.jpg","datePublished":"2022-04-04T08:00:37+00:00","dateModified":"2022-04-28T03:08:31+00:00","author":{"@id":"https:\/\/colinahomolog.com.br\/dev\/just-real-moms\/#\/schema\/person\/0b56cc5b55e55e60e48247c4cb5c91ea"},"description":"M\u00eas passado, postamos sobre o que acontece dentro dos grupos de Whatsapp de Pais. Hoje veja o outro lado e para que servem os dias de luta!","breadcrumb":{"@id":"https:\/\/colinahomolog.com.br\/dev\/just-real-moms\/grupos-de-whatsapp-de-pais-o-outro-lado-do-whatsapp\/#breadcrumb"},"inLanguage":"pt-BR","potentialAction":[{"@type":"ReadAction","target":["https:\/\/colinahomolog.com.br\/dev\/just-real-moms\/grupos-de-whatsapp-de-pais-o-outro-lado-do-whatsapp\/"]}]},{"@type":"ImageObject","inLanguage":"pt-BR","@id":"https:\/\/colinahomolog.com.br\/dev\/just-real-moms\/grupos-de-whatsapp-de-pais-o-outro-lado-do-whatsapp\/#primaryimage","url":"https:\/\/colinahomolog.com.br\/dev\/just-real-moms\/wp-content\/uploads\/2022\/04\/grupos-de-whatsapp-de-pais-o-outro-lado-do-whatsapp-carola-videira-turma-do-jilo-inclusao-just-real-moms.jpg","contentUrl":"https:\/\/colinahomolog.com.br\/dev\/just-real-moms\/wp-content\/uploads\/2022\/04\/grupos-de-whatsapp-de-pais-o-outro-lado-do-whatsapp-carola-videira-turma-do-jilo-inclusao-just-real-moms.jpg","width":2000,"height":1335,"caption":"Grupos de Whatsapp de Pais O outro lado do Whatsapp Carol aVideira Turma do Jil\u00f3 Inclus\u00e3o Just Real Moms"},{"@type":"BreadcrumbList","@id":"https:\/\/colinahomolog.com.br\/dev\/just-real-moms\/grupos-de-whatsapp-de-pais-o-outro-lado-do-whatsapp\/#breadcrumb","itemListElement":[{"@type":"ListItem","position":1,"name":"In\u00edcio","item":"https:\/\/colinahomolog.com.br\/dev\/just-real-moms\/"},{"@type":"ListItem","position":2,"name":"Grupos de Whatsapp de Pais: O outro lado do Whatsapp"}]},{"@type":"WebSite","@id":"https:\/\/colinahomolog.com.br\/dev\/just-real-moms\/#website","url":"https:\/\/colinahomolog.com.br\/dev\/just-real-moms\/","name":"Just Real Moms - Blog para M\u00e3es","description":"O melhor e mais completo portal para m\u00e3es, pais e futuros pais!","potentialAction":[{"@type":"SearchAction","target":{"@type":"EntryPoint","urlTemplate":"https:\/\/colinahomolog.com.br\/dev\/just-real-moms\/?s={search_term_string}"},"query-input":{"@type":"PropertyValueSpecification","valueRequired":true,"valueName":"search_term_string"}}],"inLanguage":"pt-BR"},{"@type":"Person","@id":"https:\/\/colinahomolog.com.br\/dev\/just-real-moms\/#\/schema\/person\/0b56cc5b55e55e60e48247c4cb5c91ea","name":"Carola Videira - Turma do Jil\u00f3 - Especialista em Pr\u00e1ticas Inclusivas","url":"https:\/\/colinahomolog.com.br\/dev\/just-real-moms\/author\/carola-videira\/"}]}},"_links":{"self":[{"href":"https:\/\/colinahomolog.com.br\/dev\/just-real-moms\/wp-json\/wp\/v2\/posts\/52195","targetHints":{"allow":["GET"]}}],"collection":[{"href":"https:\/\/colinahomolog.com.br\/dev\/just-real-moms\/wp-json\/wp\/v2\/posts"}],"about":[{"href":"https:\/\/colinahomolog.com.br\/dev\/just-real-moms\/wp-json\/wp\/v2\/types\/post"}],"author":[{"embeddable":true,"href":"https:\/\/colinahomolog.com.br\/dev\/just-real-moms\/wp-json\/wp\/v2\/users\/1073"}],"replies":[{"embeddable":true,"href":"https:\/\/colinahomolog.com.br\/dev\/just-real-moms\/wp-json\/wp\/v2\/comments?post=52195"}],"version-history":[{"count":0,"href":"https:\/\/colinahomolog.com.br\/dev\/just-real-moms\/wp-json\/wp\/v2\/posts\/52195\/revisions"}],"wp:featuredmedia":[{"embeddable":true,"href":"https:\/\/colinahomolog.com.br\/dev\/just-real-moms\/wp-json\/wp\/v2\/media\/52198"}],"wp:attachment":[{"href":"https:\/\/colinahomolog.com.br\/dev\/just-real-moms\/wp-json\/wp\/v2\/media?parent=52195"}],"wp:term":[{"taxonomy":"category","embeddable":true,"href":"https:\/\/colinahomolog.com.br\/dev\/just-real-moms\/wp-json\/wp\/v2\/categories?post=52195"},{"taxonomy":"post_tag","embeddable":true,"href":"https:\/\/colinahomolog.com.br\/dev\/just-real-moms\/wp-json\/wp\/v2\/tags?post=52195"}],"curies":[{"name":"wp","href":"https:\/\/api.w.org\/{rel}","templated":true}]}}