{"id":52459,"date":"2022-06-02T19:23:27","date_gmt":"2022-06-02T22:23:27","guid":{"rendered":"https:\/\/colinahomolog.com.br\/dev\/just-real-moms\/?p=52459"},"modified":"2023-03-07T13:37:10","modified_gmt":"2023-03-07T16:37:10","slug":"alergias-respiratorias-em-criancas","status":"publish","type":"post","link":"https:\/\/colinahomolog.com.br\/dev\/just-real-moms\/alergias-respiratorias-em-criancas\/","title":{"rendered":"Alergias respirat\u00f3rias em crian\u00e7as"},"content":{"rendered":"<button class=\"simplefavorite-button preset\" data-postid=\"52459\" data-siteid=\"1\" data-groupid=\"1\" data-favoritecount=\"0\" style=\"box-shadow:none;-webkit-box-shadow:none;-moz-box-shadow:none;background-color:#68ccb4;border-color:#68ccb4;color:#ffffff;\"><i class=\"sf-icon-favorite\" style=\"\"><\/i>Favorite<\/button><h2>Essa \u00e9poca do ano \u00e9 super normal os filhos ficam com alergias e por aqui \u00e9 uma loucura com as nossas mam\u00e3es! Ent\u00e3o, hoje viemos compartilhar sobre alergias respirat\u00f3rias em crian\u00e7as!<\/h2>\n<p><img fetchpriority=\"high\" decoding=\"async\" class=\"alignnone size-full wp-image-52461\" src=\"https:\/\/colinahomolog.com.br\/dev\/just-real-moms\/wp-content\/uploads\/2022\/06\/alergias-respiratorias-em-criancas-dra-brianna-nicoletti-alergista-just-real-moms.webp\" alt=\"Alergias Respirat\u00f3rias em Crian\u00e7as Dra Brianna Nicoletti Alergista Just Real Moms\" width=\"2000\" height=\"1597\" srcset=\"https:\/\/colinahomolog.com.br\/dev\/just-real-moms\/wp-content\/uploads\/2022\/06\/alergias-respiratorias-em-criancas-dra-brianna-nicoletti-alergista-just-real-moms.webp 2000w, https:\/\/colinahomolog.com.br\/dev\/just-real-moms\/wp-content\/uploads\/2022\/06\/alergias-respiratorias-em-criancas-dra-brianna-nicoletti-alergista-just-real-moms-400x319.webp 400w, https:\/\/colinahomolog.com.br\/dev\/just-real-moms\/wp-content\/uploads\/2022\/06\/alergias-respiratorias-em-criancas-dra-brianna-nicoletti-alergista-just-real-moms-820x655.webp 820w, https:\/\/colinahomolog.com.br\/dev\/just-real-moms\/wp-content\/uploads\/2022\/06\/alergias-respiratorias-em-criancas-dra-brianna-nicoletti-alergista-just-real-moms-768x613.webp 768w, https:\/\/colinahomolog.com.br\/dev\/just-real-moms\/wp-content\/uploads\/2022\/06\/alergias-respiratorias-em-criancas-dra-brianna-nicoletti-alergista-just-real-moms-1536x1226.webp 1536w\" sizes=\"(max-width: 2000px) 100vw, 2000px\" \/>Oi Mam\u00e3e e Papais! Quem ai est\u00e1 com os filhos em casa sofrendo com as alergias respirat\u00f3rias? Aqui j\u00e1 falamos \u00e9 uma loucura e temos at\u00e9 falado bastante do uso de nebulizadores (ou inaladores) para ajudar, n\u00e9!?<\/p>\n<p>Bom, aproveitamos para compartilhar um post da nossa colunista <a href=\"https:\/\/briannanicoletti.com.br\/\" target=\"_blank\" rel=\"noopener\">Dra. Brianna Nicoletti<\/a> \u2013 com especializa\u00e7\u00e3o em Alergia e Imunologia pela USP \u2013 que vai falar um pouco sobre este assunto.<\/p>\n<p>Ela conta um pouco dos sintomas, alguns passos com o que fazer, brevemente falou de medicamentos (por\u00e9m SEMPRE consulte o seu Pediatra\/M\u00e9dico!) e um pouquinho sobre imunoterapia.<\/p>\n<p>Confira e aproveite para mandar para outras amigas mam\u00e3es que possam precisar dessas informa\u00e7\u00f5es!<\/p>\n<hr \/>\n<p>A esta\u00e7\u00e3o do outono e inverno, \u00e9 comumente relacionada com a piora dos sintomas das alergias.<\/p>\n<p>Isso porque \u00e9 neste per\u00edodo do ano que ocorre uma diminui\u00e7\u00e3o na umidade do ar, altera\u00e7\u00f5es bruscas de temperatura e o aumento da polui\u00e7\u00e3o atmosf\u00e9rica.<\/p>\n<h3>Ent\u00e3o, vamos falar um pouquinho das alergias respirat\u00f3rias nas crian\u00e7as?<\/h3>\n<p>A rinite al\u00e9rgica pode come\u00e7ar em qualquer per\u00edodo da vida, por\u00e9m, \u00e9 pouco frequente antes dos 12 meses de idade.<\/p>\n<p>Os sintomas cl\u00e1ssicos da rinite al\u00e9rgica s\u00e3o: crises de espirros, coriza (secre\u00e7\u00e3o clarinha), coceira no nariz (podendo atingir tamb\u00e9m os olhos, ouvidos e a garganta) e entupimento nasal.<\/p>\n<p>Uma crian\u00e7a com pais al\u00e9rgicos ter\u00e1 aumentada de 50% a 70% a chance de desenvolver uma doen\u00e7a respirat\u00f3ria, inclusive rinite al\u00e9rgica.<\/p>\n<p>No Brasil, segundo dados do International Study of Asthma and Allergies in Childhood (ISAAC), mostrou frequ\u00eancia m\u00e9dia de cerca de 26% das crian\u00e7as com rinite al\u00e9rgica. Nos adolescentes\/adultos esse percentual vai a 30%.<\/p>\n<p>O primeiro passo, diante de uma alergia respirat\u00f3ria, \u00e9 fazer o controle ambiental, retirando poss\u00edveis objetos que podem acumular \u00e1caros, como cortinas e tapetes, encapar colch\u00e3o e travesseiro com capa imperme\u00e1vel.<\/p>\n<p>Para ajudar nessa limpeza, sempre recomendamos o <a href=\"https:\/\/colinahomolog.com.br\/dev\/just-real-moms\/guia\/grupo-rainbow\/\" target=\"_blank\" rel=\"noopener\"><strong>aspirador do Grupo Rainbow<\/strong><\/a>. Ele utiliza a \u00e1gua como filtro e \u00e9 o \u00fanico que possui o FILTRO HEPA H13 (HEPA: High Efficiency Particulate Arrestance), o mesmo utilizado em hospitais, que ret\u00e9m 99,97% das impurezas e agentes al\u00e9rgicos presentes no ar.<\/p>\n<h3>E ainda, deixar o ambiente iluminado e bem arejado, evitar animais no quarto e na cama da crian\u00e7a.<\/h3>\n<p>Uso de medica\u00e7\u00f5es PARA CONTROLE DAS ALERGIAS RESPIRAT\u00d3RIAS (jatinhos nasais, antial\u00e9rgicos etc) e o que chamamos de IMUNOTERAPIA (tratamento de dessensibiliza\u00e7\u00e3o) conhecidas como \u201cvacinas para alergias\u201d, s\u00e3o outras formas de tratamento que podem ser definidas pelo especialista de acordo com o tipo de rinite e perfil al\u00e9rgico do paciente.<\/p>\n<p>Nas crian\u00e7as o tratamento de imunoterapia est\u00e1 autorizado a partir de 2 anos de idade e se bem indicada e bem feita, muda a hist\u00f3ria al\u00e9rgica desta crian\u00e7a e suas repercuss\u00f5es a longo prazo.<\/p>\n<p>A imunoterapia foi reconhecida pela <strong><a href=\"https:\/\/www.who.int\/pt\" target=\"_blank\" rel=\"noopener\">Organiza\u00e7\u00e3o Mundial de Sa\u00fade (OMS)<\/a><\/strong>, em 1998, como a \u00fanica modalidade terap\u00eautica capaz de alterar a evolu\u00e7\u00e3o de algumas alergias (como as respirat\u00f3rias, alergias de pele, alergias a insetos, alergias alimentares etc).<\/p>\n<p>E tamb\u00e9m, de fato \u201ctrat\u00e1-las\u201d e n\u00e3o apenas realizar o controle destas doen\u00e7as, assim como prevenir novas sensibiliza\u00e7\u00f5es.<\/p>\n<p>A Imunoterapia age modificando a resposta do sistema imunol\u00f3gico. Assim, a crian\u00e7a (ou adulto) em tratamento passa a tolerar melhor o al\u00e9rgeno que antes provocava uma s\u00e9rie de rea\u00e7\u00f5es inflamat\u00f3rias al\u00e9rgicas.<\/p>\n<p>Atualmente a imunoterapia pode ser feita de forma injet\u00e1vel subcut\u00e2nea e sublingual.<\/p>\n<p>A efic\u00e1cia das 2 modalidades \u00e9 a mesma!<\/p>\n<p>Cada uma tem suas vantagens e desvantagens. Ent\u00e3o, vale a pena considerar esta forma de tratamento, sim.<\/p>\n<hr \/>\n<p>Por fim, se gostou desse post sobre alergias respirat\u00f3rias em crian\u00e7as, aproveite para ler tamb\u00e9m: \u201c<strong><a href=\"https:\/\/colinahomolog.com.br\/dev\/just-real-moms\/atencao-seu-bebe-esta-fazendo-barulhos-estranhos-quando-respira-ao-dormir\" target=\"_blank\" rel=\"noopener\">Aten\u00e7\u00e3o! Seu beb\u00ea est\u00e1 fazendo barulhos estranhos quando respira ao dormir?<\/a><\/strong>\u201d, \u201c<strong><a href=\"https:\/\/colinahomolog.com.br\/dev\/just-real-moms\/alergia-em-criancas-como-cuidar-do-quarto-de-nossos-filhos\" target=\"_blank\" rel=\"noopener\">Alergia em Crian\u00e7as: Como cuidar do quarto de nossos filhos?<\/a><\/strong>\u201d e \u201c<strong><a href=\"https:\/\/colinahomolog.com.br\/dev\/just-real-moms\/respirar-pela-boca-e-normal\" target=\"_blank\" rel=\"noopener\">Respirar pela boca \u00e9 normal?<\/a><\/strong>\u201d.<\/p>\n<hr \/>\n<h6>Cr\u00e9dito: Cortesia<\/h6>\n\n    <div class=\"xs_social_share_widget xs_share_url after_content \t\tmain_content  wslu-style-1 wslu-share-box-shaped wslu-fill-colored wslu-none wslu-share-horizontal wslu-theme-font-no wslu-main_content\">\n\n\t\t\n        <ul>\n\t\t\t        <\/ul>\n    <\/div> \n","protected":false},"excerpt":{"rendered":"<p>FavoriteEssa \u00e9poca do ano \u00e9 super normal os filhos ficam com alergias e por aqui \u00e9 uma loucura com as nossas mam\u00e3es! Ent\u00e3o, hoje viemos compartilhar sobre alergias respirat\u00f3rias em crian\u00e7as! Oi Mam\u00e3e e Papais! Quem ai est\u00e1 com os filhos em casa sofrendo com as alergias respirat\u00f3rias? Aqui j\u00e1 falamos \u00e9 uma loucura e [&hellip;]<\/p>\n","protected":false},"author":1075,"featured_media":52461,"comment_status":"open","ping_status":"closed","sticky":false,"template":"","format":"standard","meta":{"_acf_changed":false,"footnotes":""},"categories":[1797,1800,1786,30,453,1801,2306,1778],"tags":[2476,2537,2538,2478,2536,2535,2534],"class_list":{"0":"post-52459","1":"post","2":"type-post","3":"status-publish","4":"format-standard","5":"has-post-thumbnail","7":"category-2-anos","8":"category-acima-de-4-anos","9":"category-cuidados-especiais","10":"category-de-mae-para-mae","11":"category-dicas-dos-especialistas","12":"category-gemeos","13":"category-para-os-papais","14":"category-saude-da-crianca","15":"tag-alergias","16":"tag-alergias-respiratorias","17":"tag-alergias-respiratorias-em-criancas","18":"tag-alergista","19":"tag-antialergicos","20":"tag-imunoterapia","21":"tag-medicos"},"acf":[],"yoast_head":"<!-- This site is optimized with the Yoast SEO Premium plugin v26.6 (Yoast SEO v26.6) - https:\/\/yoast.com\/wordpress\/plugins\/seo\/ -->\n<title>Alergias respirat\u00f3rias em crian\u00e7as<\/title>\n<meta name=\"description\" content=\"Essa \u00e9poca do ano \u00e9 super normal os filhos ficam com alergias. Ent\u00e3o, hoje viemos compartilhar sobre alergias respirat\u00f3rias em crian\u00e7as!\" \/>\n<meta name=\"robots\" content=\"index, follow, max-snippet:-1, max-image-preview:large, max-video-preview:-1\" \/>\n<link rel=\"canonical\" href=\"https:\/\/colinahomolog.com.br\/dev\/just-real-moms\/alergias-respiratorias-em-criancas\/\" \/>\n<meta property=\"og:locale\" content=\"pt_BR\" \/>\n<meta property=\"og:type\" content=\"article\" \/>\n<meta property=\"og:title\" content=\"Alergias respirat\u00f3rias em crian\u00e7as\" \/>\n<meta property=\"og:description\" content=\"Essa \u00e9poca do ano \u00e9 super normal os filhos ficam com alergias. Ent\u00e3o, hoje viemos compartilhar sobre alergias respirat\u00f3rias em crian\u00e7as!\" \/>\n<meta property=\"og:url\" content=\"https:\/\/colinahomolog.com.br\/dev\/just-real-moms\/alergias-respiratorias-em-criancas\/\" \/>\n<meta property=\"og:site_name\" content=\"Just Real Moms - Blog para M\u00e3es\" \/>\n<meta property=\"article:publisher\" content=\"https:\/\/www.facebook.com\/JustRealMoms\" \/>\n<meta property=\"article:published_time\" content=\"2022-06-02T22:23:27+00:00\" \/>\n<meta property=\"article:modified_time\" content=\"2023-03-07T16:37:10+00:00\" \/>\n<meta property=\"og:image\" content=\"https:\/\/colinahomolog.com.br\/dev\/just-real-moms\/wp-content\/uploads\/2022\/06\/alergias-respiratorias-em-criancas-dra-brianna-nicoletti-alergista-just-real-moms.webp\" \/>\n\t<meta property=\"og:image:width\" content=\"2000\" \/>\n\t<meta property=\"og:image:height\" content=\"1597\" \/>\n\t<meta property=\"og:image:type\" content=\"image\/webp\" \/>\n<meta name=\"author\" content=\"Dra. Brianna Nicoletti - Alergista e Imunologista\" \/>\n<meta name=\"twitter:label1\" content=\"Escrito por\" \/>\n\t<meta name=\"twitter:data1\" content=\"Dra. Brianna Nicoletti - Alergista e Imunologista\" \/>\n\t<meta name=\"twitter:label2\" content=\"Est. tempo de leitura\" \/>\n\t<meta name=\"twitter:data2\" content=\"4 minutos\" \/>\n<script type=\"application\/ld+json\" class=\"yoast-schema-graph\">{\"@context\":\"https:\/\/schema.org\",\"@graph\":[{\"@type\":\"WebPage\",\"@id\":\"https:\/\/colinahomolog.com.br\/dev\/just-real-moms\/alergias-respiratorias-em-criancas\/\",\"url\":\"https:\/\/colinahomolog.com.br\/dev\/just-real-moms\/alergias-respiratorias-em-criancas\/\",\"name\":\"Alergias respirat\u00f3rias em crian\u00e7as\",\"isPartOf\":{\"@id\":\"https:\/\/colinahomolog.com.br\/dev\/just-real-moms\/#website\"},\"primaryImageOfPage\":{\"@id\":\"https:\/\/colinahomolog.com.br\/dev\/just-real-moms\/alergias-respiratorias-em-criancas\/#primaryimage\"},\"image\":{\"@id\":\"https:\/\/colinahomolog.com.br\/dev\/just-real-moms\/alergias-respiratorias-em-criancas\/#primaryimage\"},\"thumbnailUrl\":\"https:\/\/colinahomolog.com.br\/dev\/just-real-moms\/wp-content\/uploads\/2022\/06\/alergias-respiratorias-em-criancas-dra-brianna-nicoletti-alergista-just-real-moms.webp\",\"datePublished\":\"2022-06-02T22:23:27+00:00\",\"dateModified\":\"2023-03-07T16:37:10+00:00\",\"author\":{\"@id\":\"https:\/\/colinahomolog.com.br\/dev\/just-real-moms\/#\/schema\/person\/c95fa3e6dfcacb2a19610a9095621308\"},\"description\":\"Essa \u00e9poca do ano \u00e9 super normal os filhos ficam com alergias. Ent\u00e3o, hoje viemos compartilhar sobre alergias respirat\u00f3rias em crian\u00e7as!\",\"breadcrumb\":{\"@id\":\"https:\/\/colinahomolog.com.br\/dev\/just-real-moms\/alergias-respiratorias-em-criancas\/#breadcrumb\"},\"inLanguage\":\"pt-BR\",\"potentialAction\":[{\"@type\":\"ReadAction\",\"target\":[\"https:\/\/colinahomolog.com.br\/dev\/just-real-moms\/alergias-respiratorias-em-criancas\/\"]}]},{\"@type\":\"ImageObject\",\"inLanguage\":\"pt-BR\",\"@id\":\"https:\/\/colinahomolog.com.br\/dev\/just-real-moms\/alergias-respiratorias-em-criancas\/#primaryimage\",\"url\":\"https:\/\/colinahomolog.com.br\/dev\/just-real-moms\/wp-content\/uploads\/2022\/06\/alergias-respiratorias-em-criancas-dra-brianna-nicoletti-alergista-just-real-moms.webp\",\"contentUrl\":\"https:\/\/colinahomolog.com.br\/dev\/just-real-moms\/wp-content\/uploads\/2022\/06\/alergias-respiratorias-em-criancas-dra-brianna-nicoletti-alergista-just-real-moms.webp\",\"width\":2000,\"height\":1597,\"caption\":\"Alergias Respirat\u00f3rias em Crian\u00e7as Dra Brianna Nicoletti Alergista Just Real Moms\"},{\"@type\":\"BreadcrumbList\",\"@id\":\"https:\/\/colinahomolog.com.br\/dev\/just-real-moms\/alergias-respiratorias-em-criancas\/#breadcrumb\",\"itemListElement\":[{\"@type\":\"ListItem\",\"position\":1,\"name\":\"In\u00edcio\",\"item\":\"https:\/\/colinahomolog.com.br\/dev\/just-real-moms\/\"},{\"@type\":\"ListItem\",\"position\":2,\"name\":\"Alergias respirat\u00f3rias em crian\u00e7as\"}]},{\"@type\":\"WebSite\",\"@id\":\"https:\/\/colinahomolog.com.br\/dev\/just-real-moms\/#website\",\"url\":\"https:\/\/colinahomolog.com.br\/dev\/just-real-moms\/\",\"name\":\"Just Real Moms - Blog para M\u00e3es\",\"description\":\"O melhor e mais completo portal para m\u00e3es, pais e futuros pais!\",\"potentialAction\":[{\"@type\":\"SearchAction\",\"target\":{\"@type\":\"EntryPoint\",\"urlTemplate\":\"https:\/\/colinahomolog.com.br\/dev\/just-real-moms\/?s={search_term_string}\"},\"query-input\":{\"@type\":\"PropertyValueSpecification\",\"valueRequired\":true,\"valueName\":\"search_term_string\"}}],\"inLanguage\":\"pt-BR\"},{\"@type\":\"Person\",\"@id\":\"https:\/\/colinahomolog.com.br\/dev\/just-real-moms\/#\/schema\/person\/c95fa3e6dfcacb2a19610a9095621308\",\"name\":\"Dra. Brianna Nicoletti - Alergista e Imunologista\",\"url\":\"https:\/\/colinahomolog.com.br\/dev\/just-real-moms\/author\/dra-brianna-nicoletti\/\"}]}<\/script>\n<!-- \/ Yoast SEO Premium plugin. -->","yoast_head_json":{"title":"Alergias respirat\u00f3rias em crian\u00e7as","description":"Essa \u00e9poca do ano \u00e9 super normal os filhos ficam com alergias. Ent\u00e3o, hoje viemos compartilhar sobre alergias respirat\u00f3rias em crian\u00e7as!","robots":{"index":"index","follow":"follow","max-snippet":"max-snippet:-1","max-image-preview":"max-image-preview:large","max-video-preview":"max-video-preview:-1"},"canonical":"https:\/\/colinahomolog.com.br\/dev\/just-real-moms\/alergias-respiratorias-em-criancas\/","og_locale":"pt_BR","og_type":"article","og_title":"Alergias respirat\u00f3rias em crian\u00e7as","og_description":"Essa \u00e9poca do ano \u00e9 super normal os filhos ficam com alergias. Ent\u00e3o, hoje viemos compartilhar sobre alergias respirat\u00f3rias em crian\u00e7as!","og_url":"https:\/\/colinahomolog.com.br\/dev\/just-real-moms\/alergias-respiratorias-em-criancas\/","og_site_name":"Just Real Moms - Blog para M\u00e3es","article_publisher":"https:\/\/www.facebook.com\/JustRealMoms","article_published_time":"2022-06-02T22:23:27+00:00","article_modified_time":"2023-03-07T16:37:10+00:00","og_image":[{"width":2000,"height":1597,"url":"https:\/\/colinahomolog.com.br\/dev\/just-real-moms\/wp-content\/uploads\/2022\/06\/alergias-respiratorias-em-criancas-dra-brianna-nicoletti-alergista-just-real-moms.webp","type":"image\/webp"}],"author":"Dra. Brianna Nicoletti - Alergista e Imunologista","twitter_misc":{"Escrito por":"Dra. Brianna Nicoletti - Alergista e Imunologista","Est. tempo de leitura":"4 minutos"},"schema":{"@context":"https:\/\/schema.org","@graph":[{"@type":"WebPage","@id":"https:\/\/colinahomolog.com.br\/dev\/just-real-moms\/alergias-respiratorias-em-criancas\/","url":"https:\/\/colinahomolog.com.br\/dev\/just-real-moms\/alergias-respiratorias-em-criancas\/","name":"Alergias respirat\u00f3rias em crian\u00e7as","isPartOf":{"@id":"https:\/\/colinahomolog.com.br\/dev\/just-real-moms\/#website"},"primaryImageOfPage":{"@id":"https:\/\/colinahomolog.com.br\/dev\/just-real-moms\/alergias-respiratorias-em-criancas\/#primaryimage"},"image":{"@id":"https:\/\/colinahomolog.com.br\/dev\/just-real-moms\/alergias-respiratorias-em-criancas\/#primaryimage"},"thumbnailUrl":"https:\/\/colinahomolog.com.br\/dev\/just-real-moms\/wp-content\/uploads\/2022\/06\/alergias-respiratorias-em-criancas-dra-brianna-nicoletti-alergista-just-real-moms.webp","datePublished":"2022-06-02T22:23:27+00:00","dateModified":"2023-03-07T16:37:10+00:00","author":{"@id":"https:\/\/colinahomolog.com.br\/dev\/just-real-moms\/#\/schema\/person\/c95fa3e6dfcacb2a19610a9095621308"},"description":"Essa \u00e9poca do ano \u00e9 super normal os filhos ficam com alergias. Ent\u00e3o, hoje viemos compartilhar sobre alergias respirat\u00f3rias em crian\u00e7as!","breadcrumb":{"@id":"https:\/\/colinahomolog.com.br\/dev\/just-real-moms\/alergias-respiratorias-em-criancas\/#breadcrumb"},"inLanguage":"pt-BR","potentialAction":[{"@type":"ReadAction","target":["https:\/\/colinahomolog.com.br\/dev\/just-real-moms\/alergias-respiratorias-em-criancas\/"]}]},{"@type":"ImageObject","inLanguage":"pt-BR","@id":"https:\/\/colinahomolog.com.br\/dev\/just-real-moms\/alergias-respiratorias-em-criancas\/#primaryimage","url":"https:\/\/colinahomolog.com.br\/dev\/just-real-moms\/wp-content\/uploads\/2022\/06\/alergias-respiratorias-em-criancas-dra-brianna-nicoletti-alergista-just-real-moms.webp","contentUrl":"https:\/\/colinahomolog.com.br\/dev\/just-real-moms\/wp-content\/uploads\/2022\/06\/alergias-respiratorias-em-criancas-dra-brianna-nicoletti-alergista-just-real-moms.webp","width":2000,"height":1597,"caption":"Alergias Respirat\u00f3rias em Crian\u00e7as Dra Brianna Nicoletti Alergista Just Real Moms"},{"@type":"BreadcrumbList","@id":"https:\/\/colinahomolog.com.br\/dev\/just-real-moms\/alergias-respiratorias-em-criancas\/#breadcrumb","itemListElement":[{"@type":"ListItem","position":1,"name":"In\u00edcio","item":"https:\/\/colinahomolog.com.br\/dev\/just-real-moms\/"},{"@type":"ListItem","position":2,"name":"Alergias respirat\u00f3rias em crian\u00e7as"}]},{"@type":"WebSite","@id":"https:\/\/colinahomolog.com.br\/dev\/just-real-moms\/#website","url":"https:\/\/colinahomolog.com.br\/dev\/just-real-moms\/","name":"Just Real Moms - Blog para M\u00e3es","description":"O melhor e mais completo portal para m\u00e3es, pais e futuros pais!","potentialAction":[{"@type":"SearchAction","target":{"@type":"EntryPoint","urlTemplate":"https:\/\/colinahomolog.com.br\/dev\/just-real-moms\/?s={search_term_string}"},"query-input":{"@type":"PropertyValueSpecification","valueRequired":true,"valueName":"search_term_string"}}],"inLanguage":"pt-BR"},{"@type":"Person","@id":"https:\/\/colinahomolog.com.br\/dev\/just-real-moms\/#\/schema\/person\/c95fa3e6dfcacb2a19610a9095621308","name":"Dra. Brianna Nicoletti - Alergista e Imunologista","url":"https:\/\/colinahomolog.com.br\/dev\/just-real-moms\/author\/dra-brianna-nicoletti\/"}]}},"_links":{"self":[{"href":"https:\/\/colinahomolog.com.br\/dev\/just-real-moms\/wp-json\/wp\/v2\/posts\/52459","targetHints":{"allow":["GET"]}}],"collection":[{"href":"https:\/\/colinahomolog.com.br\/dev\/just-real-moms\/wp-json\/wp\/v2\/posts"}],"about":[{"href":"https:\/\/colinahomolog.com.br\/dev\/just-real-moms\/wp-json\/wp\/v2\/types\/post"}],"author":[{"embeddable":true,"href":"https:\/\/colinahomolog.com.br\/dev\/just-real-moms\/wp-json\/wp\/v2\/users\/1075"}],"replies":[{"embeddable":true,"href":"https:\/\/colinahomolog.com.br\/dev\/just-real-moms\/wp-json\/wp\/v2\/comments?post=52459"}],"version-history":[{"count":0,"href":"https:\/\/colinahomolog.com.br\/dev\/just-real-moms\/wp-json\/wp\/v2\/posts\/52459\/revisions"}],"wp:featuredmedia":[{"embeddable":true,"href":"https:\/\/colinahomolog.com.br\/dev\/just-real-moms\/wp-json\/wp\/v2\/media\/52461"}],"wp:attachment":[{"href":"https:\/\/colinahomolog.com.br\/dev\/just-real-moms\/wp-json\/wp\/v2\/media?parent=52459"}],"wp:term":[{"taxonomy":"category","embeddable":true,"href":"https:\/\/colinahomolog.com.br\/dev\/just-real-moms\/wp-json\/wp\/v2\/categories?post=52459"},{"taxonomy":"post_tag","embeddable":true,"href":"https:\/\/colinahomolog.com.br\/dev\/just-real-moms\/wp-json\/wp\/v2\/tags?post=52459"}],"curies":[{"name":"wp","href":"https:\/\/api.w.org\/{rel}","templated":true}]}}