{"id":56161,"date":"2023-02-07T12:58:05","date_gmt":"2023-02-07T15:58:05","guid":{"rendered":"https:\/\/colinahomolog.com.br\/dev\/just-real-moms\/?p=56161"},"modified":"2023-03-29T08:40:55","modified_gmt":"2023-03-29T11:40:55","slug":"volta-as-aulas-papel-dos-pais-evolucao-da-crianca","status":"publish","type":"post","link":"https:\/\/colinahomolog.com.br\/dev\/just-real-moms\/volta-as-aulas-papel-dos-pais-evolucao-da-crianca\/","title":{"rendered":"A volta \u00e0s aulas e o papel dos Pais na evolu\u00e7\u00e3o da crian\u00e7a"},"content":{"rendered":"<button class=\"simplefavorite-button preset\" data-postid=\"56161\" data-siteid=\"1\" data-groupid=\"1\" data-favoritecount=\"0\" style=\"box-shadow:none;-webkit-box-shadow:none;-moz-box-shadow:none;background-color:#68ccb4;border-color:#68ccb4;color:#ffffff;\"><i class=\"sf-icon-favorite\" style=\"\"><\/i>Favorite<\/button><h2>Hoje vamos falar do nosso papel como Pais, como impactamos a evolu\u00e7\u00e3o das crian\u00e7as e como podemos contribuir para o momento da volta \u00e0s aulas.<\/h2>\n<p><a href=\"https:\/\/colinahomolog.com.br\/dev\/just-real-moms\/wp-content\/uploads\/2023\/02\/Volta-as-aulas-papel-dos-pais-evolucao-da-crianca-Carola-Videira-Turma-Do-Jilo-Just-Real-Moms.jpg\"><img fetchpriority=\"high\" decoding=\"async\" class=\"alignnone size-full wp-image-56164\" src=\"https:\/\/colinahomolog.com.br\/dev\/just-real-moms\/wp-content\/uploads\/2023\/02\/Volta-as-aulas-papel-dos-pais-evolucao-da-crianca-Carola-Videira-Turma-Do-Jilo-Just-Real-Moms.jpg\" alt=\"Volta \u00e0s aulas papel dos Pais na evolu\u00e7\u00e3o da crian\u00e7a Carola Videira Turma do Jil\u00f3 Just Real Moms\" width=\"2000\" height=\"1335\" srcset=\"https:\/\/colinahomolog.com.br\/dev\/just-real-moms\/wp-content\/uploads\/2023\/02\/Volta-as-aulas-papel-dos-pais-evolucao-da-crianca-Carola-Videira-Turma-Do-Jilo-Just-Real-Moms.jpg 2000w, https:\/\/colinahomolog.com.br\/dev\/just-real-moms\/wp-content\/uploads\/2023\/02\/Volta-as-aulas-papel-dos-pais-evolucao-da-crianca-Carola-Videira-Turma-Do-Jilo-Just-Real-Moms-400x267.jpg 400w, https:\/\/colinahomolog.com.br\/dev\/just-real-moms\/wp-content\/uploads\/2023\/02\/Volta-as-aulas-papel-dos-pais-evolucao-da-crianca-Carola-Videira-Turma-Do-Jilo-Just-Real-Moms-820x547.jpg 820w, https:\/\/colinahomolog.com.br\/dev\/just-real-moms\/wp-content\/uploads\/2023\/02\/Volta-as-aulas-papel-dos-pais-evolucao-da-crianca-Carola-Videira-Turma-Do-Jilo-Just-Real-Moms-300x200.jpg 300w, https:\/\/colinahomolog.com.br\/dev\/just-real-moms\/wp-content\/uploads\/2023\/02\/Volta-as-aulas-papel-dos-pais-evolucao-da-crianca-Carola-Videira-Turma-Do-Jilo-Just-Real-Moms-768x513.jpg 768w, https:\/\/colinahomolog.com.br\/dev\/just-real-moms\/wp-content\/uploads\/2023\/02\/Volta-as-aulas-papel-dos-pais-evolucao-da-crianca-Carola-Videira-Turma-Do-Jilo-Just-Real-Moms-1536x1025.jpg 1536w, https:\/\/colinahomolog.com.br\/dev\/just-real-moms\/wp-content\/uploads\/2023\/02\/Volta-as-aulas-papel-dos-pais-evolucao-da-crianca-Carola-Videira-Turma-Do-Jilo-Just-Real-Moms-150x100.jpg 150w, https:\/\/colinahomolog.com.br\/dev\/just-real-moms\/wp-content\/uploads\/2023\/02\/Volta-as-aulas-papel-dos-pais-evolucao-da-crianca-Carola-Videira-Turma-Do-Jilo-Just-Real-Moms-696x465.jpg 696w, https:\/\/colinahomolog.com.br\/dev\/just-real-moms\/wp-content\/uploads\/2023\/02\/Volta-as-aulas-papel-dos-pais-evolucao-da-crianca-Carola-Videira-Turma-Do-Jilo-Just-Real-Moms-1068x713.jpg 1068w, https:\/\/colinahomolog.com.br\/dev\/just-real-moms\/wp-content\/uploads\/2023\/02\/Volta-as-aulas-papel-dos-pais-evolucao-da-crianca-Carola-Videira-Turma-Do-Jilo-Just-Real-Moms-1920x1282.jpg 1920w\" sizes=\"(max-width: 2000px) 100vw, 2000px\" \/><\/a><\/p>\n<p>Oi Mam\u00e3es e Papais! Quem n\u00e3o adora o momento da volta \u00e0s aulas, rs?<\/p>\n<p>Ent\u00e3o, aproveitando que a crian\u00e7ada voltou para a rotina, trouxemos um post incr\u00edvel falando do papel dos Pais na evolu\u00e7\u00e3o das crian\u00e7as!<\/p>\n<p>Veja o post da nossa colunista, <a href=\"https:\/\/colinahomolog.com.br\/dev\/just-real-moms\/?s=carola+videira\" target=\"_blank\" rel=\"noopener\"><strong>Carola Videira<\/strong><\/a> \u2013 fundadora da Turma do Jil\u00f3!<\/p>\n<hr \/>\n<p>Com a chegada do ano letivo, os pais devem estar preparados para encorajar seus filhos a desenvolverem habilidades como respeito, diversidade e cidadania no ambiente escolar.<\/p>\n<p>Existem pais que enxergam a escola, basicamente, como um ambiente onde a crian\u00e7a possa se transformar em um pequeno g\u00eanio e, assim, brilhar futuramente nas melhores faculdades e alcan\u00e7ar o sucesso pessoal e profissional.<\/p>\n<h3>Obviamente que todos n\u00f3s queremos o melhor para a nossa crian\u00e7a.<\/h3>\n<p>Mas, esse direcionamento exagerado no que se refere \u00e0 \u201cperformance\u201d do aluno pode afastar o interesse em outros ensinamentos valiosos que est\u00e3o ao seu redor, como o aperfei\u00e7oamento da empatia e sociabiliza\u00e7\u00e3o, por exemplo.<\/p>\n<p>Veja que interessante: Uma das virtudes atuais mais cobi\u00e7adas por recrutadores no mercado de trabalho em todo mundo s\u00e3o as <em>softs skills<\/em>, ou as habilidades socioemocionais.<\/p>\n<p>A <em>soft skill<\/em> \u00e9 a <strong>capacidade de trabalhar em equipe<\/strong>, de liderar e, ao mesmo tempo, inspirar pessoas, de compreender as diferentes opini\u00f5es. \u00c9 a capacidade de dialogar de forma respeitosa e resolver conflitos de maneira harmoniosa e pac\u00edfica.<\/p>\n<p>Em um mundo t\u00e3o acelerado e com alto n\u00edvel de estresse, a intelig\u00eancia emocional possibilita decis\u00f5es admir\u00e1veis e assertivas, irradiando essa energia positiva.<\/p>\n<p>Mais de 20% dos profissionais de RH consideram as soft skills mais importantes que a hard skill, que s\u00e3o as habilidades t\u00e9cnicas, revelou uma <a href=\"https:\/\/www.segs.com.br\/seguros\/358802-saiba-quais-sao-as-soft-skills-que-mais-atraem-os-recrutadores\"><strong>pesquisa<\/strong><\/a> do Infojobs, empresa de tecnologia para recursos humanos.<\/p>\n<p>Outros 77,2% acreditam que hard e soft skills possuem a mesma import\u00e2ncia nos processos seletivos.<\/p>\n<p>Nesta miss\u00e3o de buscar educar as crian\u00e7as para que sejam boas de notas e, principalmente, boas pessoas, a educa\u00e7\u00e3o inclusiva tem uma import\u00e2ncia significativa, porque ela <strong>desperta nas pessoas o olhar para as diferen\u00e7as<\/strong>.<\/p>\n<p>A presen\u00e7a de crian\u00e7as que fazem parte de grupos da diversidade na sala de aula mostra que todos n\u00f3s, sem exce\u00e7\u00e3o, temos limita\u00e7\u00f5es, e que ouvir, se comunicar e aprender com o pr\u00f3ximo geram conhecimentos que certamente virar\u00e3o um grande \u201cativo\u201d para o futuro.<\/p>\n<p>Afinal, estamos em uma sociedade complexa, com diferentes perfis e culturas, e estar\u00e1 mais preparado aquele que conseguir absorver toda essa diversidade.<\/p>\n<p>A troca de experi\u00eancias \u00e9 m\u00fatua, pois a crian\u00e7a com defici\u00eancia tamb\u00e9m desenvolve sua autonomia em uma sala de aula com os demais alunos.<\/p>\n<h3>Os pais, portanto, t\u00eam um papel fundamental nesse processo.<\/h3>\n<p>O primeiro passo para garantir que seu filho tenha sucesso na volta \u00e0s aulas \u00e9 ensin\u00e1-lo a ter respeito pelos ensinamentos que toda a comunidade escolar oferece.<\/p>\n<p>\u00c9 importante incentiv\u00e1-los a serem respons\u00e1veis, colaborativos e educados com os colegas de sala de aula, professores e funcion\u00e1rios. Pais que mostram esses valores s\u00e3o exemplo para seus filhos e podem contribuir para a evolu\u00e7\u00e3o acad\u00eamica.<\/p>\n<p>A diversidade tamb\u00e9m \u00e9 uma<strong> parte fundamental da vida escolar<\/strong>.<\/p>\n<p>Os pais devem incentivar seus filhos a aceitar as diferen\u00e7as entre as pessoas e a apreciar o que cada um tem para oferecer. Isso n\u00e3o s\u00f3 melhora a habilidade deles em trabalhar em equipe, como contribui para uma atmosfera mais saud\u00e1vel na escola.<\/p>\n<p>\u00c9 importante ensin\u00e1-los sobre responsabilidades, como respeitar as regras da escola e ser solid\u00e1rio com os colegas de classe.<\/p>\n<p>Em suma, os pais devem ensinar seus filhos sobre respeito, diversidade e cidadania, trazendo assuntos do cotidiano escolar sempre que poss\u00edvel para as discuss\u00f5es em fam\u00edlia.<\/p>\n<p>O ambiente escolar \u00e9 tamb\u00e9m um espa\u00e7o para formar bons cidad\u00e3os.<\/p>\n<hr \/>\n<h6>Cr\u00e9dito: Cortesia de Pavel Danilyuk<\/h6>\n\n    <div class=\"xs_social_share_widget xs_share_url after_content \t\tmain_content  wslu-style-1 wslu-share-box-shaped wslu-fill-colored wslu-none wslu-share-horizontal wslu-theme-font-no wslu-main_content\">\n\n\t\t\n        <ul>\n\t\t\t        <\/ul>\n    <\/div> \n","protected":false},"excerpt":{"rendered":"<p>FavoriteHoje vamos falar do nosso papel como Pais, como impactamos a evolu\u00e7\u00e3o das crian\u00e7as e como podemos contribuir para o momento da volta \u00e0s aulas. Oi Mam\u00e3es e Papais! Quem n\u00e3o adora o momento da volta \u00e0s aulas, rs? Ent\u00e3o, aproveitando que a crian\u00e7ada voltou para a rotina, trouxemos um post incr\u00edvel falando do papel [&hellip;]<\/p>\n","protected":false},"author":1073,"featured_media":56164,"comment_status":"open","ping_status":"closed","sticky":false,"template":"","format":"standard","meta":{"_acf_changed":false,"footnotes":""},"categories":[1800,30,453,1780,1789,1760,2824,2304,2306],"tags":[2251,3306,1986,2357,363,364,2358,2311,566],"class_list":{"0":"post-56161","1":"post","2":"type-post","3":"status-publish","4":"format-standard","5":"has-post-thumbnail","7":"category-acima-de-4-anos","8":"category-de-mae-para-mae","9":"category-dicas-dos-especialistas","10":"category-educacao","11":"category-escola","12":"category-fases","13":"category-featured","14":"category-maes-empreendedoras","15":"category-para-os-papais","16":"tag-adaptacao-na-escola","17":"tag-cidadania","18":"tag-desenvolvimento-infantil","19":"tag-diversidade","20":"tag-escola","21":"tag-escolha-da-escola","22":"tag-inclusao","23":"tag-inclusao-social","24":"tag-volta-as-aulas"},"acf":[],"yoast_head":"<!-- This site is optimized with the Yoast SEO Premium plugin v26.6 (Yoast SEO v26.6) - https:\/\/yoast.com\/wordpress\/plugins\/seo\/ -->\n<title>A volta \u00e0s aulas e o papel dos Pais na evolu\u00e7\u00e3o da crian\u00e7a<\/title>\n<meta name=\"description\" content=\"Hoje vamos falar do nosso papel como Pais, como impactamos a evolu\u00e7\u00e3o das crian\u00e7as e como podemos contribuir para o momento da volta \u00e0s aulas.\" \/>\n<meta name=\"robots\" content=\"index, follow, max-snippet:-1, max-image-preview:large, max-video-preview:-1\" \/>\n<link rel=\"canonical\" href=\"https:\/\/colinahomolog.com.br\/dev\/just-real-moms\/volta-as-aulas-papel-dos-pais-evolucao-da-crianca\/\" \/>\n<meta property=\"og:locale\" content=\"pt_BR\" \/>\n<meta property=\"og:type\" content=\"article\" \/>\n<meta property=\"og:title\" content=\"A volta \u00e0s aulas e o papel dos Pais na evolu\u00e7\u00e3o da crian\u00e7a\" \/>\n<meta property=\"og:description\" content=\"Hoje vamos falar do nosso papel como Pais, como impactamos a evolu\u00e7\u00e3o das crian\u00e7as e como podemos contribuir para o momento da volta \u00e0s aulas.\" \/>\n<meta property=\"og:url\" content=\"https:\/\/colinahomolog.com.br\/dev\/just-real-moms\/volta-as-aulas-papel-dos-pais-evolucao-da-crianca\/\" \/>\n<meta property=\"og:site_name\" content=\"Just Real Moms - Blog para M\u00e3es\" \/>\n<meta property=\"article:publisher\" content=\"https:\/\/www.facebook.com\/JustRealMoms\" \/>\n<meta property=\"article:published_time\" content=\"2023-02-07T15:58:05+00:00\" \/>\n<meta property=\"article:modified_time\" content=\"2023-03-29T11:40:55+00:00\" \/>\n<meta property=\"og:image\" content=\"https:\/\/colinahomolog.com.br\/dev\/just-real-moms\/wp-content\/uploads\/2023\/02\/Volta-as-aulas-papel-dos-pais-evolucao-da-crianca-Carola-Videira-Turma-Do-Jilo-Just-Real-Moms.jpg\" \/>\n\t<meta property=\"og:image:width\" content=\"2000\" \/>\n\t<meta property=\"og:image:height\" content=\"1335\" \/>\n\t<meta property=\"og:image:type\" content=\"image\/jpeg\" \/>\n<meta name=\"author\" content=\"Carola Videira - Turma do Jil\u00f3 - Especialista em Pr\u00e1ticas Inclusivas\" \/>\n<meta name=\"twitter:label1\" content=\"Escrito por\" \/>\n\t<meta name=\"twitter:data1\" content=\"Carola Videira - Turma do Jil\u00f3 - Especialista em Pr\u00e1ticas Inclusivas\" \/>\n\t<meta name=\"twitter:label2\" content=\"Est. tempo de leitura\" \/>\n\t<meta name=\"twitter:data2\" content=\"4 minutos\" \/>\n<script type=\"application\/ld+json\" class=\"yoast-schema-graph\">{\"@context\":\"https:\/\/schema.org\",\"@graph\":[{\"@type\":\"WebPage\",\"@id\":\"https:\/\/colinahomolog.com.br\/dev\/just-real-moms\/volta-as-aulas-papel-dos-pais-evolucao-da-crianca\/\",\"url\":\"https:\/\/colinahomolog.com.br\/dev\/just-real-moms\/volta-as-aulas-papel-dos-pais-evolucao-da-crianca\/\",\"name\":\"A volta \u00e0s aulas e o papel dos Pais na evolu\u00e7\u00e3o da crian\u00e7a\",\"isPartOf\":{\"@id\":\"https:\/\/colinahomolog.com.br\/dev\/just-real-moms\/#website\"},\"primaryImageOfPage\":{\"@id\":\"https:\/\/colinahomolog.com.br\/dev\/just-real-moms\/volta-as-aulas-papel-dos-pais-evolucao-da-crianca\/#primaryimage\"},\"image\":{\"@id\":\"https:\/\/colinahomolog.com.br\/dev\/just-real-moms\/volta-as-aulas-papel-dos-pais-evolucao-da-crianca\/#primaryimage\"},\"thumbnailUrl\":\"https:\/\/colinahomolog.com.br\/dev\/just-real-moms\/wp-content\/uploads\/2023\/02\/Volta-as-aulas-papel-dos-pais-evolucao-da-crianca-Carola-Videira-Turma-Do-Jilo-Just-Real-Moms.jpg\",\"datePublished\":\"2023-02-07T15:58:05+00:00\",\"dateModified\":\"2023-03-29T11:40:55+00:00\",\"author\":{\"@id\":\"https:\/\/colinahomolog.com.br\/dev\/just-real-moms\/#\/schema\/person\/0b56cc5b55e55e60e48247c4cb5c91ea\"},\"description\":\"Hoje vamos falar do nosso papel como Pais, como impactamos a evolu\u00e7\u00e3o das crian\u00e7as e como podemos contribuir para o momento da volta \u00e0s aulas.\",\"breadcrumb\":{\"@id\":\"https:\/\/colinahomolog.com.br\/dev\/just-real-moms\/volta-as-aulas-papel-dos-pais-evolucao-da-crianca\/#breadcrumb\"},\"inLanguage\":\"pt-BR\",\"potentialAction\":[{\"@type\":\"ReadAction\",\"target\":[\"https:\/\/colinahomolog.com.br\/dev\/just-real-moms\/volta-as-aulas-papel-dos-pais-evolucao-da-crianca\/\"]}]},{\"@type\":\"ImageObject\",\"inLanguage\":\"pt-BR\",\"@id\":\"https:\/\/colinahomolog.com.br\/dev\/just-real-moms\/volta-as-aulas-papel-dos-pais-evolucao-da-crianca\/#primaryimage\",\"url\":\"https:\/\/colinahomolog.com.br\/dev\/just-real-moms\/wp-content\/uploads\/2023\/02\/Volta-as-aulas-papel-dos-pais-evolucao-da-crianca-Carola-Videira-Turma-Do-Jilo-Just-Real-Moms.jpg\",\"contentUrl\":\"https:\/\/colinahomolog.com.br\/dev\/just-real-moms\/wp-content\/uploads\/2023\/02\/Volta-as-aulas-papel-dos-pais-evolucao-da-crianca-Carola-Videira-Turma-Do-Jilo-Just-Real-Moms.jpg\",\"width\":2000,\"height\":1335,\"caption\":\"Volta \u00e0s aulas papel dos Pais na evolu\u00e7\u00e3o da crian\u00e7a Carola Videira Turma do Jil\u00f3 Just Real Moms\"},{\"@type\":\"BreadcrumbList\",\"@id\":\"https:\/\/colinahomolog.com.br\/dev\/just-real-moms\/volta-as-aulas-papel-dos-pais-evolucao-da-crianca\/#breadcrumb\",\"itemListElement\":[{\"@type\":\"ListItem\",\"position\":1,\"name\":\"In\u00edcio\",\"item\":\"https:\/\/colinahomolog.com.br\/dev\/just-real-moms\/\"},{\"@type\":\"ListItem\",\"position\":2,\"name\":\"A volta \u00e0s aulas e o papel dos Pais na evolu\u00e7\u00e3o da crian\u00e7a\"}]},{\"@type\":\"WebSite\",\"@id\":\"https:\/\/colinahomolog.com.br\/dev\/just-real-moms\/#website\",\"url\":\"https:\/\/colinahomolog.com.br\/dev\/just-real-moms\/\",\"name\":\"Just Real Moms - Blog para M\u00e3es\",\"description\":\"O melhor e mais completo portal para m\u00e3es, pais e futuros pais!\",\"potentialAction\":[{\"@type\":\"SearchAction\",\"target\":{\"@type\":\"EntryPoint\",\"urlTemplate\":\"https:\/\/colinahomolog.com.br\/dev\/just-real-moms\/?s={search_term_string}\"},\"query-input\":{\"@type\":\"PropertyValueSpecification\",\"valueRequired\":true,\"valueName\":\"search_term_string\"}}],\"inLanguage\":\"pt-BR\"},{\"@type\":\"Person\",\"@id\":\"https:\/\/colinahomolog.com.br\/dev\/just-real-moms\/#\/schema\/person\/0b56cc5b55e55e60e48247c4cb5c91ea\",\"name\":\"Carola Videira - Turma do Jil\u00f3 - Especialista em Pr\u00e1ticas Inclusivas\",\"url\":\"https:\/\/colinahomolog.com.br\/dev\/just-real-moms\/author\/carola-videira\/\"}]}<\/script>\n<!-- \/ Yoast SEO Premium plugin. -->","yoast_head_json":{"title":"A volta \u00e0s aulas e o papel dos Pais na evolu\u00e7\u00e3o da crian\u00e7a","description":"Hoje vamos falar do nosso papel como Pais, como impactamos a evolu\u00e7\u00e3o das crian\u00e7as e como podemos contribuir para o momento da volta \u00e0s aulas.","robots":{"index":"index","follow":"follow","max-snippet":"max-snippet:-1","max-image-preview":"max-image-preview:large","max-video-preview":"max-video-preview:-1"},"canonical":"https:\/\/colinahomolog.com.br\/dev\/just-real-moms\/volta-as-aulas-papel-dos-pais-evolucao-da-crianca\/","og_locale":"pt_BR","og_type":"article","og_title":"A volta \u00e0s aulas e o papel dos Pais na evolu\u00e7\u00e3o da crian\u00e7a","og_description":"Hoje vamos falar do nosso papel como Pais, como impactamos a evolu\u00e7\u00e3o das crian\u00e7as e como podemos contribuir para o momento da volta \u00e0s aulas.","og_url":"https:\/\/colinahomolog.com.br\/dev\/just-real-moms\/volta-as-aulas-papel-dos-pais-evolucao-da-crianca\/","og_site_name":"Just Real Moms - Blog para M\u00e3es","article_publisher":"https:\/\/www.facebook.com\/JustRealMoms","article_published_time":"2023-02-07T15:58:05+00:00","article_modified_time":"2023-03-29T11:40:55+00:00","og_image":[{"width":2000,"height":1335,"url":"https:\/\/colinahomolog.com.br\/dev\/just-real-moms\/wp-content\/uploads\/2023\/02\/Volta-as-aulas-papel-dos-pais-evolucao-da-crianca-Carola-Videira-Turma-Do-Jilo-Just-Real-Moms.jpg","type":"image\/jpeg"}],"author":"Carola Videira - Turma do Jil\u00f3 - Especialista em Pr\u00e1ticas Inclusivas","twitter_misc":{"Escrito por":"Carola Videira - Turma do Jil\u00f3 - Especialista em Pr\u00e1ticas Inclusivas","Est. tempo de leitura":"4 minutos"},"schema":{"@context":"https:\/\/schema.org","@graph":[{"@type":"WebPage","@id":"https:\/\/colinahomolog.com.br\/dev\/just-real-moms\/volta-as-aulas-papel-dos-pais-evolucao-da-crianca\/","url":"https:\/\/colinahomolog.com.br\/dev\/just-real-moms\/volta-as-aulas-papel-dos-pais-evolucao-da-crianca\/","name":"A volta \u00e0s aulas e o papel dos Pais na evolu\u00e7\u00e3o da crian\u00e7a","isPartOf":{"@id":"https:\/\/colinahomolog.com.br\/dev\/just-real-moms\/#website"},"primaryImageOfPage":{"@id":"https:\/\/colinahomolog.com.br\/dev\/just-real-moms\/volta-as-aulas-papel-dos-pais-evolucao-da-crianca\/#primaryimage"},"image":{"@id":"https:\/\/colinahomolog.com.br\/dev\/just-real-moms\/volta-as-aulas-papel-dos-pais-evolucao-da-crianca\/#primaryimage"},"thumbnailUrl":"https:\/\/colinahomolog.com.br\/dev\/just-real-moms\/wp-content\/uploads\/2023\/02\/Volta-as-aulas-papel-dos-pais-evolucao-da-crianca-Carola-Videira-Turma-Do-Jilo-Just-Real-Moms.jpg","datePublished":"2023-02-07T15:58:05+00:00","dateModified":"2023-03-29T11:40:55+00:00","author":{"@id":"https:\/\/colinahomolog.com.br\/dev\/just-real-moms\/#\/schema\/person\/0b56cc5b55e55e60e48247c4cb5c91ea"},"description":"Hoje vamos falar do nosso papel como Pais, como impactamos a evolu\u00e7\u00e3o das crian\u00e7as e como podemos contribuir para o momento da volta \u00e0s aulas.","breadcrumb":{"@id":"https:\/\/colinahomolog.com.br\/dev\/just-real-moms\/volta-as-aulas-papel-dos-pais-evolucao-da-crianca\/#breadcrumb"},"inLanguage":"pt-BR","potentialAction":[{"@type":"ReadAction","target":["https:\/\/colinahomolog.com.br\/dev\/just-real-moms\/volta-as-aulas-papel-dos-pais-evolucao-da-crianca\/"]}]},{"@type":"ImageObject","inLanguage":"pt-BR","@id":"https:\/\/colinahomolog.com.br\/dev\/just-real-moms\/volta-as-aulas-papel-dos-pais-evolucao-da-crianca\/#primaryimage","url":"https:\/\/colinahomolog.com.br\/dev\/just-real-moms\/wp-content\/uploads\/2023\/02\/Volta-as-aulas-papel-dos-pais-evolucao-da-crianca-Carola-Videira-Turma-Do-Jilo-Just-Real-Moms.jpg","contentUrl":"https:\/\/colinahomolog.com.br\/dev\/just-real-moms\/wp-content\/uploads\/2023\/02\/Volta-as-aulas-papel-dos-pais-evolucao-da-crianca-Carola-Videira-Turma-Do-Jilo-Just-Real-Moms.jpg","width":2000,"height":1335,"caption":"Volta \u00e0s aulas papel dos Pais na evolu\u00e7\u00e3o da crian\u00e7a Carola Videira Turma do Jil\u00f3 Just Real Moms"},{"@type":"BreadcrumbList","@id":"https:\/\/colinahomolog.com.br\/dev\/just-real-moms\/volta-as-aulas-papel-dos-pais-evolucao-da-crianca\/#breadcrumb","itemListElement":[{"@type":"ListItem","position":1,"name":"In\u00edcio","item":"https:\/\/colinahomolog.com.br\/dev\/just-real-moms\/"},{"@type":"ListItem","position":2,"name":"A volta \u00e0s aulas e o papel dos Pais na evolu\u00e7\u00e3o da crian\u00e7a"}]},{"@type":"WebSite","@id":"https:\/\/colinahomolog.com.br\/dev\/just-real-moms\/#website","url":"https:\/\/colinahomolog.com.br\/dev\/just-real-moms\/","name":"Just Real Moms - Blog para M\u00e3es","description":"O melhor e mais completo portal para m\u00e3es, pais e futuros pais!","potentialAction":[{"@type":"SearchAction","target":{"@type":"EntryPoint","urlTemplate":"https:\/\/colinahomolog.com.br\/dev\/just-real-moms\/?s={search_term_string}"},"query-input":{"@type":"PropertyValueSpecification","valueRequired":true,"valueName":"search_term_string"}}],"inLanguage":"pt-BR"},{"@type":"Person","@id":"https:\/\/colinahomolog.com.br\/dev\/just-real-moms\/#\/schema\/person\/0b56cc5b55e55e60e48247c4cb5c91ea","name":"Carola Videira - Turma do Jil\u00f3 - Especialista em Pr\u00e1ticas Inclusivas","url":"https:\/\/colinahomolog.com.br\/dev\/just-real-moms\/author\/carola-videira\/"}]}},"_links":{"self":[{"href":"https:\/\/colinahomolog.com.br\/dev\/just-real-moms\/wp-json\/wp\/v2\/posts\/56161","targetHints":{"allow":["GET"]}}],"collection":[{"href":"https:\/\/colinahomolog.com.br\/dev\/just-real-moms\/wp-json\/wp\/v2\/posts"}],"about":[{"href":"https:\/\/colinahomolog.com.br\/dev\/just-real-moms\/wp-json\/wp\/v2\/types\/post"}],"author":[{"embeddable":true,"href":"https:\/\/colinahomolog.com.br\/dev\/just-real-moms\/wp-json\/wp\/v2\/users\/1073"}],"replies":[{"embeddable":true,"href":"https:\/\/colinahomolog.com.br\/dev\/just-real-moms\/wp-json\/wp\/v2\/comments?post=56161"}],"version-history":[{"count":0,"href":"https:\/\/colinahomolog.com.br\/dev\/just-real-moms\/wp-json\/wp\/v2\/posts\/56161\/revisions"}],"wp:featuredmedia":[{"embeddable":true,"href":"https:\/\/colinahomolog.com.br\/dev\/just-real-moms\/wp-json\/wp\/v2\/media\/56164"}],"wp:attachment":[{"href":"https:\/\/colinahomolog.com.br\/dev\/just-real-moms\/wp-json\/wp\/v2\/media?parent=56161"}],"wp:term":[{"taxonomy":"category","embeddable":true,"href":"https:\/\/colinahomolog.com.br\/dev\/just-real-moms\/wp-json\/wp\/v2\/categories?post=56161"},{"taxonomy":"post_tag","embeddable":true,"href":"https:\/\/colinahomolog.com.br\/dev\/just-real-moms\/wp-json\/wp\/v2\/tags?post=56161"}],"curies":[{"name":"wp","href":"https:\/\/api.w.org\/{rel}","templated":true}]}}