{"id":5914,"date":"2014-10-26T08:30:00","date_gmt":"2014-10-26T10:30:00","guid":{"rendered":"https:\/\/colinahomolog.com.br\/dev\/just-real-moms\/?p=5914"},"modified":"2016-05-05T19:06:39","modified_gmt":"2016-05-05T22:06:39","slug":"voce-sabe-cuidar-dos-dentes-do-seu-filho1","status":"publish","type":"post","link":"https:\/\/colinahomolog.com.br\/dev\/just-real-moms\/voce-sabe-cuidar-dos-dentes-do-seu-filho1\/","title":{"rendered":"Voc\u00ea sabe cuidar dos dentes do seu filho?"},"content":{"rendered":"<button class=\"simplefavorite-button preset\" data-postid=\"5914\" data-siteid=\"1\" data-groupid=\"1\" data-favoritecount=\"0\" style=\"box-shadow:none;-webkit-box-shadow:none;-moz-box-shadow:none;background-color:#68ccb4;border-color:#68ccb4;color:#ffffff;\"><i class=\"sf-icon-favorite\" style=\"\"><\/i>Favorite<\/button><p>&nbsp;<\/p>\n<p style=\"text-align: center;\"><img fetchpriority=\"high\" decoding=\"async\" class=\"aligncenter  wp-image-5924\" title=\"dentes1\" src=\"https:\/\/colinahomolog.com.br\/dev\/just-real-moms\/wp-content\/uploads\/2012\/08\/dentes11.jpg\" alt=\"\" width=\"197\" height=\"296\" \/><\/p>\n<p>&nbsp;<\/p>\n<p>Ol\u00e1 meninas!!!<\/p>\n<p>Hoje, vamos falar dos dentes! Eu tinha muitas d\u00favidas com rela\u00e7\u00e3o \u00e0 sa\u00fade bucal dos meus filhos, mas depois dessas informa\u00e7\u00f5es, n\u00e3o tenho mais!!!<\/p>\n<p>A Paola, uma querid\u00edssima amiga, excelente dentista e m\u00e3e da fof\u00e9rrima Catarina, escreveu para n\u00f3s v\u00e1rias dicas de como cuidar dos dentinhos dos nossos pequenos!<\/p>\n<p>Espero que ajude!!! Confiram!!!<\/p>\n<p>Mil Bjsss<\/p>\n<p>&nbsp;<\/p>\n<p>&#8230;&#8230;&#8230;&#8230;&#8230;&#8230;&#8230;&#8230;&#8230;&#8230;&#8230;&#8230;&#8230;&#8230;&#8230;&#8230;&#8230;&#8230;&#8230;&#8230;&#8230;&#8230;&#8230;&#8230;&#8230;&#8230;&#8230;&#8230;&#8230;&#8230;&#8230;&#8230;&#8230;&#8230;&#8230;&#8230;&#8230;&#8230;&#8230;&#8230;&#8230;&#8230;&#8230;&#8230;&#8230;&#8230;&#8230;&#8230;&#8230;&#8230;&#8230;&#8230;&#8230;<\/p>\n<p>&nbsp;<\/p>\n<p style=\"text-align: center;\"><strong>Paola e sua filha Catarina<\/strong><\/p>\n<p style=\"text-align: center;\"><img decoding=\"async\" class=\"aligncenter  wp-image-5917\" title=\"paolaracy\" src=\"https:\/\/colinahomolog.com.br\/dev\/just-real-moms\/wp-content\/uploads\/2012\/08\/paolaracy.jpg\" alt=\"\" width=\"308\" height=\"461\" srcset=\"https:\/\/colinahomolog.com.br\/dev\/just-real-moms\/wp-content\/uploads\/2012\/08\/paolaracy.jpg 427w, https:\/\/colinahomolog.com.br\/dev\/just-real-moms\/wp-content\/uploads\/2012\/08\/paolaracy-100x150.jpg 100w, https:\/\/colinahomolog.com.br\/dev\/just-real-moms\/wp-content\/uploads\/2012\/08\/paolaracy-200x300.jpg 200w\" sizes=\"(max-width: 308px) 100vw, 308px\" \/><\/p>\n<p style=\"text-align: left;\"><span style=\"text-decoration: underline;\"><strong><br \/>\n<\/strong><\/span><\/p>\n<p style=\"text-align: left;\"><span style=\"text-decoration: underline;\"><strong>Palavras da dentista:<\/strong><\/span><\/p>\n<p>A sa\u00fade bucal \u00e9 muito importante para o desenvolvimento das crian\u00e7as e aqui v\u00e3o algumas dicas para as super-mam\u00e3es!!<\/p>\n<p>Os beb\u00eas podem, sim, apresentar c\u00e1ries em idade muito precoce, at\u00e9 mesmo antes do primeiro ano. Para que isto n\u00e3o aconte\u00e7a com seu filhote, s\u00e3o necess\u00e1rios alguns cuidados especiais, principalmente ap\u00f3s o aparecimento do primeiro dentinho, que ocorre por volta do sexto ou s\u00e9timo m\u00eas:<\/p>\n<p><strong>1-<\/strong> Limpar com gaze ou fralda limpa e umedecida em \u00e1gua filtrada as gengivas e dentinhos do beb\u00ea. Isso deve ser feito pelo menos 1 vez ao dia, de prefer\u00eancia ap\u00f3s a ultima refei\u00e7\u00e3o. Os dentinhos podem ser higienizados tamb\u00e9m com o aux\u00edlio de dedeiras especiais, sem a necessidade de creme dental ou com creme dental sem fl\u00faor, at\u00e9 que a crian\u00e7a aprenda a cuspir a pasta. Isto porque a \u00e1gua de S\u00e3o Paulo j\u00e1 cont\u00e9m fl\u00faor na sua composi\u00e7\u00e3o e o excesso tamb\u00e9m pode ser prejudicial para a forma\u00e7\u00e3o dos dentes. Essa higiene desde os primeiros meses de vida da crian\u00e7a \u00e9 muito importante para ela j\u00e1 ir se acostumando com o h\u00e1bito da higiene bucal, lembrando que tudo deve ser feito sempre com muito cuidado, amor e paci\u00eancia. Assim, ser\u00e1 um momento do dia muito prazeroso tanto para mam\u00e3e quanto para o beb\u00ea!!!<\/p>\n<p><strong>2-<\/strong> Evitar a mamadeira noturna. Esse h\u00e1bito de mamar de madrugada deve ser removido ate o sexto m\u00eas, quando aparece o primeiro dentinho! Pois os res\u00edduos de leite que ficam grudados podem causar a chamada &#8220;c\u00e1rie de mamadeira&#8221;, que \u00e9 muito agressiva, de tratamento dif\u00edcil e desagrad\u00e1vel para a crian\u00e7a.<\/p>\n<p><strong>3-<\/strong> Sempre que ingerir alimentos contendo a\u00e7\u00facar, carboidratos ou farinha, escovar os dentes da crian\u00e7a o mais r\u00e1pido poss\u00edvel. Priorizar sempre uma alimenta\u00e7\u00e3o saud\u00e1vel durante a semana, com peixes, carnes, frango, verduras, saladas e frutas, deixando doces, frituras, bolachas e refrigerantes APENAS para ocasi\u00f5es especiais, como festas ou finais de semana.<\/p>\n<p><strong>4-<\/strong> A crian\u00e7a com at\u00e9 9 anos de idade N\u00c3O \u00e9 capaz de fazer uma boa escova\u00e7\u00e3o sozinha!!! Portanto, a m\u00e3e ou bab\u00e1 devem sempre repassar a escova\u00e7\u00e3o feita pela crian\u00e7a at\u00e9 essa idade.<\/p>\n<p><strong>5-<\/strong> O uso do fio dental deve ser inserido assim que 2 dentes tenham contato entre eles e deve ser passado DIARIAMENTE!!!<\/p>\n<p><strong>6-<\/strong> Consultar um Odontopediatra! Essa consulta deve ser feita quando a crian\u00e7a tem de 1 ano a no M\u00c1XIMO 2 anos de idade. \u00c9 muito importante para avaliar a cronologia de erup\u00e7\u00e3o dos dentes, presen\u00e7a de c\u00e1ries, receber orienta\u00e7\u00e3o de higiene, aplica\u00e7\u00e3o t\u00f3pica de fl\u00faor, al\u00e9m de orienta\u00e7\u00e3o para a remo\u00e7\u00e3o de h\u00e1bitos como chupar dedo ou chupeta na hora certa!! \u00c0s vezes s\u00e3o necess\u00e1rias mais de uma sess\u00e3o para a crian\u00e7a se condicionar ao ambiente! Quando ela perceber que ir ao dentista pode ser muito divertido, vai adorar o consult\u00f3rio!<\/p>\n<p><strong>7-<\/strong> Consultar um Ortodontista a partir dos 5 a 6 anos de idade: alguns tipos de m\u00e1-oclus\u00f5es podem ser tratadas com muito mais rapidez e facilidade quando diagnosticadas precocemente.<\/p>\n<p>Seguindo esses 7 passos, juntas, continuaremos nossa luta para que essa nova gera\u00e7\u00e3o seja C\u00c1RIE ZERO, com muita sa\u00fade e beleza!!!<\/p>\n<p>Espero ter ajudado todas as mam\u00e3es!!!!<\/p>\n<p>&nbsp;<\/p>\n\n    <div class=\"xs_social_share_widget xs_share_url after_content \t\tmain_content  wslu-style-1 wslu-share-box-shaped wslu-fill-colored wslu-none wslu-share-horizontal wslu-theme-font-no wslu-main_content\">\n\n\t\t\n        <ul>\n\t\t\t        <\/ul>\n    <\/div> \n","protected":false},"excerpt":{"rendered":"<p>Favorite&nbsp; &nbsp; Ol\u00e1 meninas!!! Hoje, vamos falar dos dentes! Eu tinha muitas d\u00favidas com rela\u00e7\u00e3o \u00e0 sa\u00fade bucal dos meus filhos, mas depois dessas informa\u00e7\u00f5es, n\u00e3o tenho mais!!! A Paola, uma querid\u00edssima amiga, excelente dentista e m\u00e3e da fof\u00e9rrima Catarina, escreveu para n\u00f3s v\u00e1rias dicas de como cuidar dos dentinhos dos nossos pequenos! Espero que [&hellip;]<\/p>\n","protected":false},"author":4,"featured_media":5924,"comment_status":"open","ping_status":"closed","sticky":false,"template":"","format":"standard","meta":{"_acf_changed":false,"footnotes":""},"categories":[30],"tags":[153,154],"class_list":{"0":"post-5914","1":"post","2":"type-post","3":"status-publish","4":"format-standard","5":"has-post-thumbnail","7":"category-de-mae-para-mae","8":"tag-dentista-para-bebes","9":"tag-saude-bucal"},"acf":[],"yoast_head":"<!-- This site is optimized with the Yoast SEO Premium plugin v26.6 (Yoast SEO v26.6) - https:\/\/yoast.com\/wordpress\/plugins\/seo\/ -->\n<title>Voc\u00ea sabe cuidar dos dentes do seu filho?<\/title>\n<meta name=\"robots\" content=\"index, follow, max-snippet:-1, max-image-preview:large, max-video-preview:-1\" \/>\n<link rel=\"canonical\" href=\"https:\/\/colinahomolog.com.br\/dev\/just-real-moms\/voce-sabe-cuidar-dos-dentes-do-seu-filho1\/\" \/>\n<meta property=\"og:locale\" content=\"pt_BR\" \/>\n<meta property=\"og:type\" content=\"article\" \/>\n<meta property=\"og:title\" content=\"Voc\u00ea sabe cuidar dos dentes do seu filho?\" \/>\n<meta property=\"og:description\" content=\"Favorite&nbsp; &nbsp; Ol\u00e1 meninas!!! Hoje, vamos falar dos dentes! Eu tinha muitas d\u00favidas com rela\u00e7\u00e3o \u00e0 sa\u00fade bucal dos meus filhos, mas depois dessas informa\u00e7\u00f5es, n\u00e3o tenho mais!!! A Paola, uma querid\u00edssima amiga, excelente dentista e m\u00e3e da fof\u00e9rrima Catarina, escreveu para n\u00f3s v\u00e1rias dicas de como cuidar dos dentinhos dos nossos pequenos! Espero que [&hellip;]\" \/>\n<meta property=\"og:url\" content=\"https:\/\/colinahomolog.com.br\/dev\/just-real-moms\/voce-sabe-cuidar-dos-dentes-do-seu-filho1\/\" \/>\n<meta property=\"og:site_name\" content=\"Just Real Moms - Blog para M\u00e3es\" \/>\n<meta property=\"article:publisher\" content=\"https:\/\/www.facebook.com\/JustRealMoms\" \/>\n<meta property=\"article:published_time\" content=\"2014-10-26T10:30:00+00:00\" \/>\n<meta property=\"article:modified_time\" content=\"2016-05-05T22:06:39+00:00\" \/>\n<meta property=\"og:image\" content=\"https:\/\/colinahomolog.com.br\/dev\/just-real-moms\/wp-content\/uploads\/2012\/08\/dentes11.jpg\" \/>\n\t<meta property=\"og:image:width\" content=\"1\" \/>\n\t<meta property=\"og:image:height\" content=\"1\" \/>\n\t<meta property=\"og:image:type\" content=\"image\/jpeg\" \/>\n<meta name=\"author\" content=\"Renata\" \/>\n<meta name=\"twitter:label1\" content=\"Escrito por\" \/>\n\t<meta name=\"twitter:data1\" content=\"Renata\" \/>\n\t<meta name=\"twitter:label2\" content=\"Est. tempo de leitura\" \/>\n\t<meta name=\"twitter:data2\" content=\"3 minutos\" \/>\n<script type=\"application\/ld+json\" class=\"yoast-schema-graph\">{\"@context\":\"https:\/\/schema.org\",\"@graph\":[{\"@type\":\"WebPage\",\"@id\":\"https:\/\/colinahomolog.com.br\/dev\/just-real-moms\/voce-sabe-cuidar-dos-dentes-do-seu-filho1\/\",\"url\":\"https:\/\/colinahomolog.com.br\/dev\/just-real-moms\/voce-sabe-cuidar-dos-dentes-do-seu-filho1\/\",\"name\":\"Voc\u00ea sabe cuidar dos dentes do seu filho?\",\"isPartOf\":{\"@id\":\"https:\/\/colinahomolog.com.br\/dev\/just-real-moms\/#website\"},\"primaryImageOfPage\":{\"@id\":\"https:\/\/colinahomolog.com.br\/dev\/just-real-moms\/voce-sabe-cuidar-dos-dentes-do-seu-filho1\/#primaryimage\"},\"image\":{\"@id\":\"https:\/\/colinahomolog.com.br\/dev\/just-real-moms\/voce-sabe-cuidar-dos-dentes-do-seu-filho1\/#primaryimage\"},\"thumbnailUrl\":\"https:\/\/colinahomolog.com.br\/dev\/just-real-moms\/wp-content\/uploads\/2012\/08\/dentes11.jpg\",\"datePublished\":\"2014-10-26T10:30:00+00:00\",\"dateModified\":\"2016-05-05T22:06:39+00:00\",\"author\":{\"@id\":\"https:\/\/colinahomolog.com.br\/dev\/just-real-moms\/#\/schema\/person\/2f9d85c04a6847c0f366e0a40924a2fa\"},\"breadcrumb\":{\"@id\":\"https:\/\/colinahomolog.com.br\/dev\/just-real-moms\/voce-sabe-cuidar-dos-dentes-do-seu-filho1\/#breadcrumb\"},\"inLanguage\":\"pt-BR\",\"potentialAction\":[{\"@type\":\"ReadAction\",\"target\":[\"https:\/\/colinahomolog.com.br\/dev\/just-real-moms\/voce-sabe-cuidar-dos-dentes-do-seu-filho1\/\"]}]},{\"@type\":\"ImageObject\",\"inLanguage\":\"pt-BR\",\"@id\":\"https:\/\/colinahomolog.com.br\/dev\/just-real-moms\/voce-sabe-cuidar-dos-dentes-do-seu-filho1\/#primaryimage\",\"url\":\"https:\/\/colinahomolog.com.br\/dev\/just-real-moms\/wp-content\/uploads\/2012\/08\/dentes11.jpg\",\"contentUrl\":\"https:\/\/colinahomolog.com.br\/dev\/just-real-moms\/wp-content\/uploads\/2012\/08\/dentes11.jpg\"},{\"@type\":\"BreadcrumbList\",\"@id\":\"https:\/\/colinahomolog.com.br\/dev\/just-real-moms\/voce-sabe-cuidar-dos-dentes-do-seu-filho1\/#breadcrumb\",\"itemListElement\":[{\"@type\":\"ListItem\",\"position\":1,\"name\":\"In\u00edcio\",\"item\":\"https:\/\/colinahomolog.com.br\/dev\/just-real-moms\/\"},{\"@type\":\"ListItem\",\"position\":2,\"name\":\"Voc\u00ea sabe cuidar dos dentes do seu filho?\"}]},{\"@type\":\"WebSite\",\"@id\":\"https:\/\/colinahomolog.com.br\/dev\/just-real-moms\/#website\",\"url\":\"https:\/\/colinahomolog.com.br\/dev\/just-real-moms\/\",\"name\":\"Just Real Moms - Blog para M\u00e3es\",\"description\":\"O melhor e mais completo portal para m\u00e3es, pais e futuros pais!\",\"potentialAction\":[{\"@type\":\"SearchAction\",\"target\":{\"@type\":\"EntryPoint\",\"urlTemplate\":\"https:\/\/colinahomolog.com.br\/dev\/just-real-moms\/?s={search_term_string}\"},\"query-input\":{\"@type\":\"PropertyValueSpecification\",\"valueRequired\":true,\"valueName\":\"search_term_string\"}}],\"inLanguage\":\"pt-BR\"},{\"@type\":\"Person\",\"@id\":\"https:\/\/colinahomolog.com.br\/dev\/just-real-moms\/#\/schema\/person\/2f9d85c04a6847c0f366e0a40924a2fa\",\"name\":\"Renata\",\"url\":\"https:\/\/colinahomolog.com.br\/dev\/just-real-moms\/author\/renata\/\"}]}<\/script>\n<!-- \/ Yoast SEO Premium plugin. -->","yoast_head_json":{"title":"Voc\u00ea sabe cuidar dos dentes do seu filho?","robots":{"index":"index","follow":"follow","max-snippet":"max-snippet:-1","max-image-preview":"max-image-preview:large","max-video-preview":"max-video-preview:-1"},"canonical":"https:\/\/colinahomolog.com.br\/dev\/just-real-moms\/voce-sabe-cuidar-dos-dentes-do-seu-filho1\/","og_locale":"pt_BR","og_type":"article","og_title":"Voc\u00ea sabe cuidar dos dentes do seu filho?","og_description":"Favorite&nbsp; &nbsp; Ol\u00e1 meninas!!! Hoje, vamos falar dos dentes! Eu tinha muitas d\u00favidas com rela\u00e7\u00e3o \u00e0 sa\u00fade bucal dos meus filhos, mas depois dessas informa\u00e7\u00f5es, n\u00e3o tenho mais!!! A Paola, uma querid\u00edssima amiga, excelente dentista e m\u00e3e da fof\u00e9rrima Catarina, escreveu para n\u00f3s v\u00e1rias dicas de como cuidar dos dentinhos dos nossos pequenos! Espero que [&hellip;]","og_url":"https:\/\/colinahomolog.com.br\/dev\/just-real-moms\/voce-sabe-cuidar-dos-dentes-do-seu-filho1\/","og_site_name":"Just Real Moms - Blog para M\u00e3es","article_publisher":"https:\/\/www.facebook.com\/JustRealMoms","article_published_time":"2014-10-26T10:30:00+00:00","article_modified_time":"2016-05-05T22:06:39+00:00","og_image":[{"url":"https:\/\/colinahomolog.com.br\/dev\/just-real-moms\/wp-content\/uploads\/2012\/08\/dentes11.jpg","width":1,"height":1,"type":"image\/jpeg"}],"author":"Renata","twitter_misc":{"Escrito por":"Renata","Est. tempo de leitura":"3 minutos"},"schema":{"@context":"https:\/\/schema.org","@graph":[{"@type":"WebPage","@id":"https:\/\/colinahomolog.com.br\/dev\/just-real-moms\/voce-sabe-cuidar-dos-dentes-do-seu-filho1\/","url":"https:\/\/colinahomolog.com.br\/dev\/just-real-moms\/voce-sabe-cuidar-dos-dentes-do-seu-filho1\/","name":"Voc\u00ea sabe cuidar dos dentes do seu filho?","isPartOf":{"@id":"https:\/\/colinahomolog.com.br\/dev\/just-real-moms\/#website"},"primaryImageOfPage":{"@id":"https:\/\/colinahomolog.com.br\/dev\/just-real-moms\/voce-sabe-cuidar-dos-dentes-do-seu-filho1\/#primaryimage"},"image":{"@id":"https:\/\/colinahomolog.com.br\/dev\/just-real-moms\/voce-sabe-cuidar-dos-dentes-do-seu-filho1\/#primaryimage"},"thumbnailUrl":"https:\/\/colinahomolog.com.br\/dev\/just-real-moms\/wp-content\/uploads\/2012\/08\/dentes11.jpg","datePublished":"2014-10-26T10:30:00+00:00","dateModified":"2016-05-05T22:06:39+00:00","author":{"@id":"https:\/\/colinahomolog.com.br\/dev\/just-real-moms\/#\/schema\/person\/2f9d85c04a6847c0f366e0a40924a2fa"},"breadcrumb":{"@id":"https:\/\/colinahomolog.com.br\/dev\/just-real-moms\/voce-sabe-cuidar-dos-dentes-do-seu-filho1\/#breadcrumb"},"inLanguage":"pt-BR","potentialAction":[{"@type":"ReadAction","target":["https:\/\/colinahomolog.com.br\/dev\/just-real-moms\/voce-sabe-cuidar-dos-dentes-do-seu-filho1\/"]}]},{"@type":"ImageObject","inLanguage":"pt-BR","@id":"https:\/\/colinahomolog.com.br\/dev\/just-real-moms\/voce-sabe-cuidar-dos-dentes-do-seu-filho1\/#primaryimage","url":"https:\/\/colinahomolog.com.br\/dev\/just-real-moms\/wp-content\/uploads\/2012\/08\/dentes11.jpg","contentUrl":"https:\/\/colinahomolog.com.br\/dev\/just-real-moms\/wp-content\/uploads\/2012\/08\/dentes11.jpg"},{"@type":"BreadcrumbList","@id":"https:\/\/colinahomolog.com.br\/dev\/just-real-moms\/voce-sabe-cuidar-dos-dentes-do-seu-filho1\/#breadcrumb","itemListElement":[{"@type":"ListItem","position":1,"name":"In\u00edcio","item":"https:\/\/colinahomolog.com.br\/dev\/just-real-moms\/"},{"@type":"ListItem","position":2,"name":"Voc\u00ea sabe cuidar dos dentes do seu filho?"}]},{"@type":"WebSite","@id":"https:\/\/colinahomolog.com.br\/dev\/just-real-moms\/#website","url":"https:\/\/colinahomolog.com.br\/dev\/just-real-moms\/","name":"Just Real Moms - Blog para M\u00e3es","description":"O melhor e mais completo portal para m\u00e3es, pais e futuros pais!","potentialAction":[{"@type":"SearchAction","target":{"@type":"EntryPoint","urlTemplate":"https:\/\/colinahomolog.com.br\/dev\/just-real-moms\/?s={search_term_string}"},"query-input":{"@type":"PropertyValueSpecification","valueRequired":true,"valueName":"search_term_string"}}],"inLanguage":"pt-BR"},{"@type":"Person","@id":"https:\/\/colinahomolog.com.br\/dev\/just-real-moms\/#\/schema\/person\/2f9d85c04a6847c0f366e0a40924a2fa","name":"Renata","url":"https:\/\/colinahomolog.com.br\/dev\/just-real-moms\/author\/renata\/"}]}},"_links":{"self":[{"href":"https:\/\/colinahomolog.com.br\/dev\/just-real-moms\/wp-json\/wp\/v2\/posts\/5914","targetHints":{"allow":["GET"]}}],"collection":[{"href":"https:\/\/colinahomolog.com.br\/dev\/just-real-moms\/wp-json\/wp\/v2\/posts"}],"about":[{"href":"https:\/\/colinahomolog.com.br\/dev\/just-real-moms\/wp-json\/wp\/v2\/types\/post"}],"author":[{"embeddable":true,"href":"https:\/\/colinahomolog.com.br\/dev\/just-real-moms\/wp-json\/wp\/v2\/users\/4"}],"replies":[{"embeddable":true,"href":"https:\/\/colinahomolog.com.br\/dev\/just-real-moms\/wp-json\/wp\/v2\/comments?post=5914"}],"version-history":[{"count":0,"href":"https:\/\/colinahomolog.com.br\/dev\/just-real-moms\/wp-json\/wp\/v2\/posts\/5914\/revisions"}],"wp:featuredmedia":[{"embeddable":true,"href":"https:\/\/colinahomolog.com.br\/dev\/just-real-moms\/wp-json\/wp\/v2\/media\/5924"}],"wp:attachment":[{"href":"https:\/\/colinahomolog.com.br\/dev\/just-real-moms\/wp-json\/wp\/v2\/media?parent=5914"}],"wp:term":[{"taxonomy":"category","embeddable":true,"href":"https:\/\/colinahomolog.com.br\/dev\/just-real-moms\/wp-json\/wp\/v2\/categories?post=5914"},{"taxonomy":"post_tag","embeddable":true,"href":"https:\/\/colinahomolog.com.br\/dev\/just-real-moms\/wp-json\/wp\/v2\/tags?post=5914"}],"curies":[{"name":"wp","href":"https:\/\/api.w.org\/{rel}","templated":true}]}}