{"id":8177,"date":"2018-05-09T08:40:20","date_gmt":"2018-05-09T11:40:20","guid":{"rendered":"https:\/\/colinahomolog.com.br\/dev\/just-real-moms\/?p=8177"},"modified":"2018-05-08T22:35:56","modified_gmt":"2018-05-09T01:35:56","slug":"5-dicas-para-a-transicao-do-berco-a-cama","status":"publish","type":"post","link":"https:\/\/colinahomolog.com.br\/dev\/just-real-moms\/5-dicas-para-a-transicao-do-berco-a-cama\/","title":{"rendered":"5 dicas para a transi\u00e7\u00e3o do ber\u00e7o \u00e0 cama!"},"content":{"rendered":"<button class=\"simplefavorite-button preset\" data-postid=\"8177\" data-siteid=\"1\" data-groupid=\"1\" data-favoritecount=\"0\" style=\"box-shadow:none;-webkit-box-shadow:none;-moz-box-shadow:none;background-color:#68ccb4;border-color:#68ccb4;color:#ffffff;\"><i class=\"sf-icon-favorite\" style=\"\"><\/i>Favorite<\/button><p>&nbsp;<\/p>\n<p>Oi, meninas!<\/p>\n<p>Estava lendo alguns posts antigos aqui do blog e encontrei este que me ajudou bastante quando fui tirar o Olavinho do ber\u00e7o e coloc\u00e1-lo na cama&#8230;<\/p>\n<p>Vale a pena ler novamente!<\/p>\n<p>&nbsp;<\/p>\n<p style=\"text-align: left;\">\u2026\u2026\u2026\u2026\u2026\u2026\u2026\u2026\u2026\u2026\u2026\u2026\u2026\u2026\u2026\u2026\u2026\u2026\u2026\u2026\u2026\u2026\u2026\u2026\u2026\u2026\u2026\u2026\u2026\u2026\u2026\u2026\u2026\u2026\u2026\u2026\u2026\u2026\u2026\u2026\u2026\u2026\u2026\u2026\u2026\u2026\u2026\u2026\u2026\u2026\u2026\u2026\u2026\u2026\u2026\u2026<\/p>\n<p>&nbsp;<\/p>\n<p>Hoje vou dividir com voc\u00eas outro momento que estou vivendo com o meu filho. A irm\u00e3zinha dele vai chegar em breve e eu quero aproveitar o mesmo ber\u00e7o&#8230; Desta forma, terei que colocar o Olavinho para dormir na cama.<\/p>\n<p>Fui buscar informa\u00e7\u00f5es e descobri que a idade ideal para fazer essa transi\u00e7\u00e3o \u00e9 entre 2 e 3 anos e meio, ou seja, ele est\u00e1 no tempo certo para isso!<\/p>\n<p>&nbsp;<\/p>\n<p><img fetchpriority=\"high\" decoding=\"async\" class=\"aligncenter size-full wp-image-8178\" title=\"20\" src=\"https:\/\/colinahomolog.com.br\/dev\/just-real-moms\/wp-content\/uploads\/2012\/10\/20.jpg\" alt=\"\" width=\"228\" height=\"228\" srcset=\"https:\/\/colinahomolog.com.br\/dev\/just-real-moms\/wp-content\/uploads\/2012\/10\/20.jpg 228w, https:\/\/colinahomolog.com.br\/dev\/just-real-moms\/wp-content\/uploads\/2012\/10\/20-150x150.jpg 150w\" sizes=\"(max-width: 228px) 100vw, 228px\" \/><\/p>\n<p>&nbsp;<\/p>\n<p>Quero tornar esse momento especial e que ele veja isso como uma conquista.\u00a0Li alguns artigos de como fazer essa transi\u00e7\u00e3o e montei uma lista com as 5 melhores dicas. Depois conto para voc\u00eas se funcionou mesmo!<\/p>\n<p><strong>1)<span style=\"text-decoration: underline;\"> Fa\u00e7a da mudan\u00e7a uma grande conquista, algo a ser comemorado!<\/span><\/strong><\/p>\n<p>Mostre para a crian\u00e7a a cama nova e o quanto de espa\u00e7o ela tem agora para dormir. Diga, tamb\u00e9m, o motivo da troca: ela est\u00e1 crescendo e daqui a pouco n\u00e3o haveria mais espa\u00e7o dentro do ber\u00e7o! Voc\u00ea pode levar seu filho para escolher len\u00e7\u00f3is novos ou incentiv\u00e1-lo a contar para todo mundo que tem uma cama nova, de &#8220;menino ou menina grande&#8221;!<\/p>\n<p>&nbsp;<\/p>\n<p><strong>\u00a02) <\/strong><span style=\"text-decoration: underline;\"><strong>Coloque grades!<\/strong><\/span><\/p>\n<p>Caso a cama de solteiro que voc\u00ea j\u00e1 tem em casa seja muito alta, voc\u00ea pode colocar grades (existem grades facilmente acopl\u00e1veis, fixadas sob o colch\u00e3o) e deixar almofadas, edredom ou um colch\u00e3o no ch\u00e3o, durante algum per\u00edodo.<\/p>\n<p>&nbsp;<\/p>\n<p><strong>\u00a03) <\/strong><span style=\"text-decoration: underline;\"><strong>Mantenha o ber\u00e7o no quarto por mais algum tempo!<\/strong> <\/span><\/p>\n<p>Os papais devem tomar cuidado com rela\u00e7\u00e3o ao sumi\u00e7o do ber\u00e7o. Ele simplesmente n\u00e3o pode sumir de uma hora para outra! A crian\u00e7a tem que saber para onde levar\u00e3o seu velho bercinho.<\/p>\n<p>&nbsp;<\/p>\n<p><strong>4)<span style=\"text-decoration: underline;\"> Planeje um dia especial para a retirada do ber\u00e7o!<\/span><\/strong><\/p>\n<p>Programe um passeio ou at\u00e9 uma festinha com os av\u00f3s. Se o ber\u00e7o tiver que sair do quarto, planeje um passeio interessante enquanto outra pessoa faz a mudan\u00e7a&#8230; Tudo em clima de anima\u00e7\u00e3o!<\/p>\n<p>&nbsp;<\/p>\n<p><strong>5)<span style=\"text-decoration: underline;\"> Tenha paci\u00eancia!<br \/>\n<\/span><\/strong><\/p>\n<p>Se voc\u00ea n\u00e3o chamar a aten\u00e7\u00e3o da crian\u00e7a para o fato de que ela pode sair da cama sozinha, \u00e9 bem capaz que ainda chame quando acordar, em vez de simplesmente se levantar. \u00c0s vezes, demora para &#8220;cair a ficha&#8221; da liberdade que a cama representa. E quando essa ficha cai, voc\u00ea vai ter que ter bastante paci\u00eancia para lev\u00e1-la de volta v\u00e1rias e v\u00e1rias vezes para a cama durante a noite&#8230; At\u00e9 que seu filho perceba que n\u00e3o adianta se levantar na hora de dormir, porque hora de dormir \u00e9 hora de dormir!!<\/p>\n<p>&nbsp;<\/p>\n<p><strong>Importante:<\/strong> Existem caminhas especiais para crian\u00e7as pequenas (alguns ber\u00e7os se transformam nessas caminhas, informem-se com o fabricante da sua mob\u00edlia). A vantagem da minicama \u00e9 que ela costuma ser mais baixa, evitando quedas, al\u00e9m de ser mais aconchegante. Mas em compensa\u00e7\u00e3o, o tempo de utiliza\u00e7\u00e3o dela \u00e9 menor, por isso n\u00e3o a consideramos um item essencial.<\/p>\n<p>&nbsp;<\/p>\n<p>Fonte:<\/p>\n<p><span style=\"color: #0000ff;\"><strong><a href=\"http:\/\/www.babycenterbrasil.com\/\"><span style=\"color: #0000ff;\">www.babycenterbrasil.com<\/span><\/a><\/strong><\/span><\/p>\n<p><span style=\"color: #0000ff;\"><strong><a href=\"http:\/\/www.guiadobebe.uol.com.br\"><span style=\"color: #0000ff;\">www.guiadobebe.uol.com.br<\/span><\/a><\/strong><\/span><\/p>\n<p>&nbsp;<\/p>\n\n    <div class=\"xs_social_share_widget xs_share_url after_content \t\tmain_content  wslu-style-1 wslu-share-box-shaped wslu-fill-colored wslu-none wslu-share-horizontal wslu-theme-font-no wslu-main_content\">\n\n\t\t\n        <ul>\n\t\t\t        <\/ul>\n    <\/div> \n","protected":false},"excerpt":{"rendered":"<p>Favorite&nbsp; Oi, meninas! Estava lendo alguns posts antigos aqui do blog e encontrei este que me ajudou bastante quando fui tirar o Olavinho do ber\u00e7o e coloc\u00e1-lo na cama&#8230; Vale a pena ler novamente! &nbsp; \u2026\u2026\u2026\u2026\u2026\u2026\u2026\u2026\u2026\u2026\u2026\u2026\u2026\u2026\u2026\u2026\u2026\u2026\u2026\u2026\u2026\u2026\u2026\u2026\u2026\u2026\u2026\u2026\u2026\u2026\u2026\u2026\u2026\u2026\u2026\u2026\u2026\u2026\u2026\u2026\u2026\u2026\u2026\u2026\u2026\u2026\u2026\u2026\u2026\u2026\u2026\u2026\u2026\u2026\u2026\u2026 &nbsp; Hoje vou dividir com voc\u00eas outro momento que estou vivendo com o meu filho. A irm\u00e3zinha dele vai [&hellip;]<\/p>\n","protected":false},"author":6,"featured_media":8198,"comment_status":"open","ping_status":"closed","sticky":false,"template":"","format":"standard","meta":{"_acf_changed":false,"footnotes":""},"categories":[29],"tags":[302,211,301],"class_list":{"0":"post-8177","1":"post","2":"type-post","3":"status-publish","4":"format-standard","5":"has-post-thumbnail","7":"category-real-tips","8":"tag-berco","9":"tag-cama","10":"tag-transicao-berco-para-cama"},"acf":[],"yoast_head":"<!-- This site is optimized with the Yoast SEO Premium plugin v26.6 (Yoast SEO v26.6) - https:\/\/yoast.com\/wordpress\/plugins\/seo\/ -->\n<title>Conhe\u00e7a as 5 dicas para a transi\u00e7\u00e3o do ber\u00e7o \u00e0 cama!<\/title>\n<meta name=\"description\" content=\"Tranforme a transi\u00e7\u00e3o do ber\u00e7o \u00e0 cama em um momento especial. Preparamos um post para voc\u00ea conhecer as 5 dicas para a transi\u00e7\u00e3o do ber\u00e7o \u00e0 cama.\" \/>\n<meta name=\"robots\" content=\"index, follow, max-snippet:-1, max-image-preview:large, max-video-preview:-1\" \/>\n<link rel=\"canonical\" href=\"https:\/\/colinahomolog.com.br\/dev\/just-real-moms\/5-dicas-para-a-transicao-do-berco-a-cama\/\" \/>\n<meta property=\"og:locale\" content=\"pt_BR\" \/>\n<meta property=\"og:type\" content=\"article\" \/>\n<meta property=\"og:title\" content=\"5 dicas para a transi\u00e7\u00e3o do ber\u00e7o \u00e0 cama!\" \/>\n<meta property=\"og:description\" content=\"Tranforme a transi\u00e7\u00e3o do ber\u00e7o \u00e0 cama em um momento especial. Preparamos um post para voc\u00ea conhecer as 5 dicas para a transi\u00e7\u00e3o do ber\u00e7o \u00e0 cama.\" \/>\n<meta property=\"og:url\" content=\"https:\/\/colinahomolog.com.br\/dev\/just-real-moms\/5-dicas-para-a-transicao-do-berco-a-cama\/\" \/>\n<meta property=\"og:site_name\" content=\"Just Real Moms - Blog para M\u00e3es\" \/>\n<meta property=\"article:publisher\" content=\"https:\/\/www.facebook.com\/JustRealMoms\" \/>\n<meta property=\"article:published_time\" content=\"2018-05-09T11:40:20+00:00\" \/>\n<meta property=\"og:image\" content=\"https:\/\/colinahomolog.com.br\/dev\/just-real-moms\/wp-content\/uploads\/2017\/04\/image-3.jpeg\" \/>\n\t<meta property=\"og:image:width\" content=\"228\" \/>\n\t<meta property=\"og:image:height\" content=\"228\" \/>\n\t<meta property=\"og:image:type\" content=\"image\/jpeg\" \/>\n<meta name=\"author\" content=\"Juliana\" \/>\n<meta name=\"twitter:label1\" content=\"Escrito por\" \/>\n\t<meta name=\"twitter:data1\" content=\"Juliana\" \/>\n\t<meta name=\"twitter:label2\" content=\"Est. tempo de leitura\" \/>\n\t<meta name=\"twitter:data2\" content=\"3 minutos\" \/>\n<script type=\"application\/ld+json\" class=\"yoast-schema-graph\">{\"@context\":\"https:\/\/schema.org\",\"@graph\":[{\"@type\":\"WebPage\",\"@id\":\"https:\/\/colinahomolog.com.br\/dev\/just-real-moms\/5-dicas-para-a-transicao-do-berco-a-cama\/\",\"url\":\"https:\/\/colinahomolog.com.br\/dev\/just-real-moms\/5-dicas-para-a-transicao-do-berco-a-cama\/\",\"name\":\"Conhe\u00e7a as 5 dicas para a transi\u00e7\u00e3o do ber\u00e7o \u00e0 cama!\",\"isPartOf\":{\"@id\":\"https:\/\/colinahomolog.com.br\/dev\/just-real-moms\/#website\"},\"primaryImageOfPage\":{\"@id\":\"https:\/\/colinahomolog.com.br\/dev\/just-real-moms\/5-dicas-para-a-transicao-do-berco-a-cama\/#primaryimage\"},\"image\":{\"@id\":\"https:\/\/colinahomolog.com.br\/dev\/just-real-moms\/5-dicas-para-a-transicao-do-berco-a-cama\/#primaryimage\"},\"thumbnailUrl\":\"https:\/\/colinahomolog.com.br\/dev\/just-real-moms\/wp-content\/uploads\/2012\/10\/bigstock_Sleeping_Child_5249717.jpg\",\"datePublished\":\"2018-05-09T11:40:20+00:00\",\"author\":{\"@id\":\"https:\/\/colinahomolog.com.br\/dev\/just-real-moms\/#\/schema\/person\/8218aa957ba5a31e5f531f3b6561916a\"},\"description\":\"Tranforme a transi\u00e7\u00e3o do ber\u00e7o \u00e0 cama em um momento especial. Preparamos um post para voc\u00ea conhecer as 5 dicas para a transi\u00e7\u00e3o do ber\u00e7o \u00e0 cama.\",\"breadcrumb\":{\"@id\":\"https:\/\/colinahomolog.com.br\/dev\/just-real-moms\/5-dicas-para-a-transicao-do-berco-a-cama\/#breadcrumb\"},\"inLanguage\":\"pt-BR\",\"potentialAction\":[{\"@type\":\"ReadAction\",\"target\":[\"https:\/\/colinahomolog.com.br\/dev\/just-real-moms\/5-dicas-para-a-transicao-do-berco-a-cama\/\"]}]},{\"@type\":\"ImageObject\",\"inLanguage\":\"pt-BR\",\"@id\":\"https:\/\/colinahomolog.com.br\/dev\/just-real-moms\/5-dicas-para-a-transicao-do-berco-a-cama\/#primaryimage\",\"url\":\"https:\/\/colinahomolog.com.br\/dev\/just-real-moms\/wp-content\/uploads\/2012\/10\/bigstock_Sleeping_Child_5249717.jpg\",\"contentUrl\":\"https:\/\/colinahomolog.com.br\/dev\/just-real-moms\/wp-content\/uploads\/2012\/10\/bigstock_Sleeping_Child_5249717.jpg\"},{\"@type\":\"BreadcrumbList\",\"@id\":\"https:\/\/colinahomolog.com.br\/dev\/just-real-moms\/5-dicas-para-a-transicao-do-berco-a-cama\/#breadcrumb\",\"itemListElement\":[{\"@type\":\"ListItem\",\"position\":1,\"name\":\"In\u00edcio\",\"item\":\"https:\/\/colinahomolog.com.br\/dev\/just-real-moms\/\"},{\"@type\":\"ListItem\",\"position\":2,\"name\":\"5 dicas para a transi\u00e7\u00e3o do ber\u00e7o \u00e0 cama!\"}]},{\"@type\":\"WebSite\",\"@id\":\"https:\/\/colinahomolog.com.br\/dev\/just-real-moms\/#website\",\"url\":\"https:\/\/colinahomolog.com.br\/dev\/just-real-moms\/\",\"name\":\"Just Real Moms - Blog para M\u00e3es\",\"description\":\"O melhor e mais completo portal para m\u00e3es, pais e futuros pais!\",\"potentialAction\":[{\"@type\":\"SearchAction\",\"target\":{\"@type\":\"EntryPoint\",\"urlTemplate\":\"https:\/\/colinahomolog.com.br\/dev\/just-real-moms\/?s={search_term_string}\"},\"query-input\":{\"@type\":\"PropertyValueSpecification\",\"valueRequired\":true,\"valueName\":\"search_term_string\"}}],\"inLanguage\":\"pt-BR\"},{\"@type\":\"Person\",\"@id\":\"https:\/\/colinahomolog.com.br\/dev\/just-real-moms\/#\/schema\/person\/8218aa957ba5a31e5f531f3b6561916a\",\"name\":\"Juliana\",\"url\":\"https:\/\/colinahomolog.com.br\/dev\/just-real-moms\/author\/juliana\/\"}]}<\/script>\n<!-- \/ Yoast SEO Premium plugin. -->","yoast_head_json":{"title":"Conhe\u00e7a as 5 dicas para a transi\u00e7\u00e3o do ber\u00e7o \u00e0 cama!","description":"Tranforme a transi\u00e7\u00e3o do ber\u00e7o \u00e0 cama em um momento especial. Preparamos um post para voc\u00ea conhecer as 5 dicas para a transi\u00e7\u00e3o do ber\u00e7o \u00e0 cama.","robots":{"index":"index","follow":"follow","max-snippet":"max-snippet:-1","max-image-preview":"max-image-preview:large","max-video-preview":"max-video-preview:-1"},"canonical":"https:\/\/colinahomolog.com.br\/dev\/just-real-moms\/5-dicas-para-a-transicao-do-berco-a-cama\/","og_locale":"pt_BR","og_type":"article","og_title":"5 dicas para a transi\u00e7\u00e3o do ber\u00e7o \u00e0 cama!","og_description":"Tranforme a transi\u00e7\u00e3o do ber\u00e7o \u00e0 cama em um momento especial. Preparamos um post para voc\u00ea conhecer as 5 dicas para a transi\u00e7\u00e3o do ber\u00e7o \u00e0 cama.","og_url":"https:\/\/colinahomolog.com.br\/dev\/just-real-moms\/5-dicas-para-a-transicao-do-berco-a-cama\/","og_site_name":"Just Real Moms - Blog para M\u00e3es","article_publisher":"https:\/\/www.facebook.com\/JustRealMoms","article_published_time":"2018-05-09T11:40:20+00:00","og_image":[{"width":228,"height":228,"url":"https:\/\/colinahomolog.com.br\/dev\/just-real-moms\/wp-content\/uploads\/2017\/04\/image-3.jpeg","type":"image\/jpeg"}],"author":"Juliana","twitter_misc":{"Escrito por":"Juliana","Est. tempo de leitura":"3 minutos"},"schema":{"@context":"https:\/\/schema.org","@graph":[{"@type":"WebPage","@id":"https:\/\/colinahomolog.com.br\/dev\/just-real-moms\/5-dicas-para-a-transicao-do-berco-a-cama\/","url":"https:\/\/colinahomolog.com.br\/dev\/just-real-moms\/5-dicas-para-a-transicao-do-berco-a-cama\/","name":"Conhe\u00e7a as 5 dicas para a transi\u00e7\u00e3o do ber\u00e7o \u00e0 cama!","isPartOf":{"@id":"https:\/\/colinahomolog.com.br\/dev\/just-real-moms\/#website"},"primaryImageOfPage":{"@id":"https:\/\/colinahomolog.com.br\/dev\/just-real-moms\/5-dicas-para-a-transicao-do-berco-a-cama\/#primaryimage"},"image":{"@id":"https:\/\/colinahomolog.com.br\/dev\/just-real-moms\/5-dicas-para-a-transicao-do-berco-a-cama\/#primaryimage"},"thumbnailUrl":"https:\/\/colinahomolog.com.br\/dev\/just-real-moms\/wp-content\/uploads\/2012\/10\/bigstock_Sleeping_Child_5249717.jpg","datePublished":"2018-05-09T11:40:20+00:00","author":{"@id":"https:\/\/colinahomolog.com.br\/dev\/just-real-moms\/#\/schema\/person\/8218aa957ba5a31e5f531f3b6561916a"},"description":"Tranforme a transi\u00e7\u00e3o do ber\u00e7o \u00e0 cama em um momento especial. Preparamos um post para voc\u00ea conhecer as 5 dicas para a transi\u00e7\u00e3o do ber\u00e7o \u00e0 cama.","breadcrumb":{"@id":"https:\/\/colinahomolog.com.br\/dev\/just-real-moms\/5-dicas-para-a-transicao-do-berco-a-cama\/#breadcrumb"},"inLanguage":"pt-BR","potentialAction":[{"@type":"ReadAction","target":["https:\/\/colinahomolog.com.br\/dev\/just-real-moms\/5-dicas-para-a-transicao-do-berco-a-cama\/"]}]},{"@type":"ImageObject","inLanguage":"pt-BR","@id":"https:\/\/colinahomolog.com.br\/dev\/just-real-moms\/5-dicas-para-a-transicao-do-berco-a-cama\/#primaryimage","url":"https:\/\/colinahomolog.com.br\/dev\/just-real-moms\/wp-content\/uploads\/2012\/10\/bigstock_Sleeping_Child_5249717.jpg","contentUrl":"https:\/\/colinahomolog.com.br\/dev\/just-real-moms\/wp-content\/uploads\/2012\/10\/bigstock_Sleeping_Child_5249717.jpg"},{"@type":"BreadcrumbList","@id":"https:\/\/colinahomolog.com.br\/dev\/just-real-moms\/5-dicas-para-a-transicao-do-berco-a-cama\/#breadcrumb","itemListElement":[{"@type":"ListItem","position":1,"name":"In\u00edcio","item":"https:\/\/colinahomolog.com.br\/dev\/just-real-moms\/"},{"@type":"ListItem","position":2,"name":"5 dicas para a transi\u00e7\u00e3o do ber\u00e7o \u00e0 cama!"}]},{"@type":"WebSite","@id":"https:\/\/colinahomolog.com.br\/dev\/just-real-moms\/#website","url":"https:\/\/colinahomolog.com.br\/dev\/just-real-moms\/","name":"Just Real Moms - Blog para M\u00e3es","description":"O melhor e mais completo portal para m\u00e3es, pais e futuros pais!","potentialAction":[{"@type":"SearchAction","target":{"@type":"EntryPoint","urlTemplate":"https:\/\/colinahomolog.com.br\/dev\/just-real-moms\/?s={search_term_string}"},"query-input":{"@type":"PropertyValueSpecification","valueRequired":true,"valueName":"search_term_string"}}],"inLanguage":"pt-BR"},{"@type":"Person","@id":"https:\/\/colinahomolog.com.br\/dev\/just-real-moms\/#\/schema\/person\/8218aa957ba5a31e5f531f3b6561916a","name":"Juliana","url":"https:\/\/colinahomolog.com.br\/dev\/just-real-moms\/author\/juliana\/"}]}},"_links":{"self":[{"href":"https:\/\/colinahomolog.com.br\/dev\/just-real-moms\/wp-json\/wp\/v2\/posts\/8177","targetHints":{"allow":["GET"]}}],"collection":[{"href":"https:\/\/colinahomolog.com.br\/dev\/just-real-moms\/wp-json\/wp\/v2\/posts"}],"about":[{"href":"https:\/\/colinahomolog.com.br\/dev\/just-real-moms\/wp-json\/wp\/v2\/types\/post"}],"author":[{"embeddable":true,"href":"https:\/\/colinahomolog.com.br\/dev\/just-real-moms\/wp-json\/wp\/v2\/users\/6"}],"replies":[{"embeddable":true,"href":"https:\/\/colinahomolog.com.br\/dev\/just-real-moms\/wp-json\/wp\/v2\/comments?post=8177"}],"version-history":[{"count":0,"href":"https:\/\/colinahomolog.com.br\/dev\/just-real-moms\/wp-json\/wp\/v2\/posts\/8177\/revisions"}],"wp:featuredmedia":[{"embeddable":true,"href":"https:\/\/colinahomolog.com.br\/dev\/just-real-moms\/wp-json\/wp\/v2\/media\/8198"}],"wp:attachment":[{"href":"https:\/\/colinahomolog.com.br\/dev\/just-real-moms\/wp-json\/wp\/v2\/media?parent=8177"}],"wp:term":[{"taxonomy":"category","embeddable":true,"href":"https:\/\/colinahomolog.com.br\/dev\/just-real-moms\/wp-json\/wp\/v2\/categories?post=8177"},{"taxonomy":"post_tag","embeddable":true,"href":"https:\/\/colinahomolog.com.br\/dev\/just-real-moms\/wp-json\/wp\/v2\/tags?post=8177"}],"curies":[{"name":"wp","href":"https:\/\/api.w.org\/{rel}","templated":true}]}}